{"id":9900,"date":"2021-08-01T23:44:42","date_gmt":"2021-08-02T06:44:42","guid":{"rendered":"https:\/\/soledaddurazo.com\/?p=9900"},"modified":"2021-08-01T23:44:42","modified_gmt":"2021-08-02T06:44:42","slug":"necesario-agilizar-vacunacion-de-jovenes-ante-aumento-de-contagios","status":"publish","type":"post","link":"https:\/\/soledaddurazo.com\/blog\/2021\/08\/01\/necesario-agilizar-vacunacion-de-jovenes-ante-aumento-de-contagios\/","title":{"rendered":"Necesario agilizar vacunaci\u00f3n de j\u00f3venes ante aumento de contagios"},"content":{"rendered":"<p align=\"left\">\u00a0La tercera ola de COVID-19 y la presencia de las variantes m\u00e1s contagiosas del virus est\u00e1 impactando fuertemente a Sonora y tienen al estado a punto de pasar a riesgo alto, por lo que es necesario acelerar el proceso de vacunaci\u00f3n de la poblaci\u00f3n joven del estado y que a su vez esta reduzca su movilidad social, enfatiz\u00f3 la gobernadora Claudia Pavlovich Arellano.<\/p>\n<p align=\"left\">La mandataria sonorense precis\u00f3 que, al cierre del mes de julio, 1 mill\u00f3n 109 mil 646 sonorenses han recibido su esquema completo de vacunaci\u00f3n y de acuerdo al Plan Nacional de Vacunaci\u00f3n que se aplica en el estado, durante el mes de agosto se dar\u00e1 seguimiento para completar las segundas dosis a los grupos de edad de 50 a 59 a\u00f1os que no hayan acudido a\u00fan, de 40 a 49 a\u00f1os, y se estar\u00e1 iniciando el esquema al grupo de 18 a 30 a\u00f1os de edad.<\/p>\n<p align=\"left\">De acuerdo con este calendario, se ha establecido que este grupo poblacional de 18 a\u00f1os en adelante estar\u00eda cubierto a m\u00e1s tardar el 31 de octubre.<\/p>\n<p align=\"left\">Sin embargo, dijo, dada las condiciones que est\u00e1 imponiendo esta tercera ola de contagios en el estado y la necesidad de mantener la actividad productiva en la entidad, es necesario agilizar este proceso. Asimismo, insisti\u00f3, es indispensable que la poblaci\u00f3n reduzca su movilidad social para no reducir la movilidad laboral y productiva que es indispensable para el estado.<\/p>\n<p align=\"left\">\u201cDe acuerdo con las estimaciones de la Secretar\u00eda de Salud, los indicadores de riesgo ante COVID-19 se han incrementado sustancialmente, muestra de ello es la \u00faltima semana de julio en la que el n\u00famero de casos positivos nuevos diariamente alcanza los 400 y 500, eso nos pone en un escenario ya pr\u00e1cticamente de riesgo alto y con posibilidades serias de pasar a color naranja\u201d, advirti\u00f3.<\/p>\n<p align=\"left\">La gobernadora Pavlovich destac\u00f3 que en el reporte de la Secretar\u00eda de Salud, al 31 de julio se tiene un estimado de que un 5% de la poblaci\u00f3n que ya recibi\u00f3 su primera dosis de vacuna contra COVID-19, no ha acudido a recibir la segunda y cerca de 20% no ha iniciado su esquema a pesar de que ya se aplic\u00f3 el biol\u00f3gico a su grupo de edad.<\/p>\n<p align=\"left\">\u201cHago un llamado a que todos acudamos a vacunarnos, porque si bien a\u00fan con la vacuna podemos enfermarnos, esta nos protege de las formas graves de la enfermedad. Es importante que recordemos que la vacuna no genera anticuerpos en el mismo momento en que se recibe, es un proceso que lleva semanas, as\u00ed que debemos mantener los protocolos como h\u00e1bitos permanentes\u201d, apunt\u00f3.<\/p>\n<p align=\"left\">Por ello, dijo, es muy importante acelerar el proceso de vacunaci\u00f3n en poblaci\u00f3n joven y retomar con mayor compromiso las medidas sanitarias de prevenci\u00f3n en todas las actividades diarias y acudir puntualmente a la vacunaci\u00f3n, como un acto de responsabilidad social.<\/p>\n","protected":false},"excerpt":{"rendered":"<p>\u00a0La tercera ola de COVID-19 y la presencia de las variantes m\u00e1s contagiosas del virus est\u00e1 impactando fuertemente a Sonora y tienen al estado a punto de pasar a riesgo alto, por lo que es necesario acelerar el proceso de vacunaci\u00f3n de la poblaci\u00f3n joven del estado y que a su vez esta reduzca su [&hellip;]<\/p>\n","protected":false},"author":1,"featured_media":9901,"comment_status":"open","ping_status":"open","sticky":false,"template":"","format":"standard","meta":{"footnotes":""},"categories":[159],"tags":[],"class_list":["post"],"yoast_head":" \n<title>Necesario agilizar vacunaci\u00f3n de j\u00f3venes ante aumento de contagios - Periodista SoledadDurazo.com<\/title>\n<meta name=\"robots\" content=\"index, follow, max-snippet:-1, max-image-preview:large, max-video-preview:-1\" \/>\n<link rel=\"canonical\" href=\"https:\/\/soledaddurazo.com\/blog\/2021\/08\/01\/necesario-agilizar-vacunacion-de-jovenes-ante-aumento-de-contagios\/\" \/>\n<meta property=\"og:locale\" content=\"es_MX\" \/>\n<meta property=\"og:type\" content=\"article\" \/>\n<meta property=\"og:title\" content=\"Necesario agilizar vacunaci\u00f3n de j\u00f3venes ante aumento de contagios\" \/>\n<meta property=\"og:description\" content=\"\u00a0La tercera ola de COVID-19 y la presencia de las variantes m\u00e1s contagiosas del virus est\u00e1 impactando fuertemente a Sonora y tienen al estado a punto de pasar a riesgo alto, por lo que es necesario acelerar el proceso de vacunaci\u00f3n de la poblaci\u00f3n joven del estado y que a su vez esta reduzca su [&hellip;]\" \/>\n<meta property=\"og:url\" content=\"https:\/\/soledaddurazo.com\/blog\/2021\/08\/01\/necesario-agilizar-vacunacion-de-jovenes-ante-aumento-de-contagios\/\" \/>\n<meta property=\"og:site_name\" content=\"Periodista SoledadDurazo.com\" \/>\n<meta property=\"article:publisher\" content=\"https:\/\/www.facebook.com\/soledad.durazo.9\/\" \/>\n<meta property=\"article:published_time\" content=\"2021-08-02T06:44:42+00:00\" \/>\n<meta property=\"og:image\" content=\"https:\/\/soledaddurazo.com\/storage\/2021\/08\/unnamed-96.jpg\" \/>\n\t<meta property=\"og:image:width\" content=\"1200\" \/>\n\t<meta property=\"og:image:height\" content=\"1121\" \/>\n<meta name=\"twitter:card\" content=\"summary_large_image\" \/>\n<meta name=\"twitter:creator\" content=\"@SoledadDurazo\" \/>\n<meta name=\"twitter:site\" content=\"@SoledadDurazo\" \/>\n<meta name=\"twitter:label1\" content=\"Escrito por\" \/>\n\t<meta name=\"twitter:data1\" content=\"Redacci\u00f3n\" \/>\n\t<meta name=\"twitter:label2\" content=\"Tiempo de lectura\" \/>\n\t<meta name=\"twitter:data2\" content=\"2 minutos\" \/>\n<script type=\"application\/ld+json\" class=\"yoast-schema-graph\">{\"@context\":\"https:\/\/schema.org\",\"@graph\":[{\"@type\":\"Organization\",\"@id\":\"https:\/\/soledaddurazo.com\/#organization\",\"name\":\"Soledad Durazo\",\"url\":\"https:\/\/soledaddurazo.com\/\",\"sameAs\":[\"https:\/\/www.facebook.com\/soledad.durazo.9\/\",\"https:\/\/www.instagram.com\/soledaddurazo\",\"https:\/\/www.youtube.com\/channel\/UC9yGPw8-Vbl_B2XNkRwPS-w\",\"https:\/\/twitter.com\/SoledadDurazo\"],\"logo\":{\"@type\":\"ImageObject\",\"@id\":\"https:\/\/soledaddurazo.com\/#logo\",\"inLanguage\":\"es\",\"url\":\"https:\/\/soledaddurazo.com\/storage\/2021\/11\/nllp-720x375-1-2.png\",\"contentUrl\":\"https:\/\/soledaddurazo.com\/storage\/2021\/11\/nllp-720x375-1-2.png\",\"width\":720,\"height\":375,\"caption\":\"Soledad Durazo\"},\"image\":{\"@id\":\"https:\/\/soledaddurazo.com\/#logo\"}},{\"@type\":\"WebSite\",\"@id\":\"https:\/\/soledaddurazo.com\/#website\",\"url\":\"https:\/\/soledaddurazo.com\/\",\"name\":\"Periodista SoledadDurazo.com\",\"description\":\"Periodista sonorense. Directora de www.SoledadDurazo.com Columnista, conductora de radio y Tv. Catedr\\u00e1tica en la UNISON\",\"publisher\":{\"@id\":\"https:\/\/soledaddurazo.com\/#organization\"},\"potentialAction\":[{\"@type\":\"SearchAction\",\"target\":{\"@type\":\"EntryPoint\",\"urlTemplate\":\"https:\/\/soledaddurazo.com\/?s={search_term_string}\"},\"query-input\":\"required name=search_term_string\"}],\"inLanguage\":\"es\"},{\"@type\":\"ImageObject\",\"@id\":\"https:\/\/soledaddurazo.com\/blog\/2021\/08\/01\/necesario-agilizar-vacunacion-de-jovenes-ante-aumento-de-contagios\/#primaryimage\",\"inLanguage\":\"es\",\"url\":\"https:\/\/soledaddurazo.com\/storage\/2021\/08\/unnamed-96.jpg\",\"contentUrl\":\"https:\/\/soledaddurazo.com\/storage\/2021\/08\/unnamed-96.jpg\",\"width\":1200,\"height\":1121},{\"@type\":\"WebPage\",\"@id\":\"https:\/\/soledaddurazo.com\/blog\/2021\/08\/01\/necesario-agilizar-vacunacion-de-jovenes-ante-aumento-de-contagios\/#webpage\",\"url\":\"https:\/\/soledaddurazo.com\/blog\/2021\/08\/01\/necesario-agilizar-vacunacion-de-jovenes-ante-aumento-de-contagios\/\",\"name\":\"Necesario agilizar vacunaci\\u00f3n de j\\u00f3venes ante aumento de contagios - Periodista SoledadDurazo.com\",\"isPartOf\":{\"@id\":\"https:\/\/soledaddurazo.com\/#website\"},\"primaryImageOfPage\":{\"@id\":\"https:\/\/soledaddurazo.com\/blog\/2021\/08\/01\/necesario-agilizar-vacunacion-de-jovenes-ante-aumento-de-contagios\/#primaryimage\"},\"datePublished\":\"2021-08-02T06:44:42+00:00\",\"dateModified\":\"2021-08-02T06:44:42+00:00\",\"breadcrumb\":{\"@id\":\"https:\/\/soledaddurazo.com\/blog\/2021\/08\/01\/necesario-agilizar-vacunacion-de-jovenes-ante-aumento-de-contagios\/#breadcrumb\"},\"inLanguage\":\"es\",\"potentialAction\":[{\"@type\":\"ReadAction\",\"target\":[\"https:\/\/soledaddurazo.com\/blog\/2021\/08\/01\/necesario-agilizar-vacunacion-de-jovenes-ante-aumento-de-contagios\/\"]}]},{\"@type\":\"BreadcrumbList\",\"@id\":\"https:\/\/soledaddurazo.com\/blog\/2021\/08\/01\/necesario-agilizar-vacunacion-de-jovenes-ante-aumento-de-contagios\/#breadcrumb\",\"itemListElement\":[{\"@type\":\"ListItem\",\"position\":1,\"name\":\"Home\",\"item\":\"https:\/\/soledaddurazo.com\/\"},{\"@type\":\"ListItem\",\"position\":2,\"name\":\"Necesario agilizar vacunaci\\u00f3n de j\\u00f3venes ante aumento de contagios\"}]},{\"@type\":\"Article\",\"@id\":\"https:\/\/soledaddurazo.com\/blog\/2021\/08\/01\/necesario-agilizar-vacunacion-de-jovenes-ante-aumento-de-contagios\/#article\",\"isPartOf\":{\"@id\":\"https:\/\/soledaddurazo.com\/blog\/2021\/08\/01\/necesario-agilizar-vacunacion-de-jovenes-ante-aumento-de-contagios\/#webpage\"},\"author\":{\"@id\":\"https:\/\/soledaddurazo.com\/#\/schema\/person\/822d8e13aa288585e6546f179853758b\"},\"headline\":\"Necesario agilizar vacunaci\\u00f3n de j\\u00f3venes ante aumento de contagios\",\"datePublished\":\"2021-08-02T06:44:42+00:00\",\"dateModified\":\"2021-08-02T06:44:42+00:00\",\"mainEntityOfPage\":{\"@id\":\"https:\/\/soledaddurazo.com\/blog\/2021\/08\/01\/necesario-agilizar-vacunacion-de-jovenes-ante-aumento-de-contagios\/#webpage\"},\"wordCount\":490,\"commentCount\":0,\"publisher\":{\"@id\":\"https:\/\/soledaddurazo.com\/#organization\"},\"image\":{\"@id\":\"https:\/\/soledaddurazo.com\/blog\/2021\/08\/01\/necesario-agilizar-vacunacion-de-jovenes-ante-aumento-de-contagios\/#primaryimage\"},\"thumbnailUrl\":\"https:\/\/soledaddurazo.com\/storage\/2021\/08\/unnamed-96.jpg\",\"articleSection\":[\"Mi Sonora\"],\"inLanguage\":\"es\",\"potentialAction\":[{\"@type\":\"CommentAction\",\"name\":\"Comment\",\"target\":[\"https:\/\/soledaddurazo.com\/blog\/2021\/08\/01\/necesario-agilizar-vacunacion-de-jovenes-ante-aumento-de-contagios\/#respond\"]}]},{\"@type\":\"Person\",\"@id\":\"https:\/\/soledaddurazo.com\/#\/schema\/person\/822d8e13aa288585e6546f179853758b\",\"name\":\"Redacci\\u00f3n\",\"image\":{\"@type\":\"ImageObject\",\"@id\":\"https:\/\/soledaddurazo.com\/#personlogo\",\"inLanguage\":\"es\",\"url\":\"https:\/\/secure.gravatar.com\/avatar\/c4e193752f756fd61f04deebed3a3a20dc188d37edb53682d313ac57f2725d54?s=96&d=mm&r=g\",\"contentUrl\":\"https:\/\/secure.gravatar.com\/avatar\/c4e193752f756fd61f04deebed3a3a20dc188d37edb53682d313ac57f2725d54?s=96&d=mm&r=g\",\"caption\":\"Redacci\\u00f3n\"},\"sameAs\":[\"https:\/\/soledaddurazo.com\"]}]}<\/script>\n ","yoast_head_json":{"title":"Necesario agilizar vacunaci\u00f3n de j\u00f3venes ante aumento de contagios - Periodista SoledadDurazo.com","robots":{"index":"index","follow":"follow","max-snippet":"max-snippet:-1","max-image-preview":"max-image-preview:large","max-video-preview":"max-video-preview:-1"},"canonical":"https:\/\/soledaddurazo.com\/blog\/2021\/08\/01\/necesario-agilizar-vacunacion-de-jovenes-ante-aumento-de-contagios\/","og_locale":"es_MX","og_type":"article","og_title":"Necesario agilizar vacunaci\u00f3n de j\u00f3venes ante aumento de contagios","og_description":"\u00a0La tercera ola de COVID-19 y la presencia de las variantes m\u00e1s contagiosas del virus est\u00e1 impactando fuertemente a Sonora y tienen al estado a punto de pasar a riesgo alto, por lo que es necesario acelerar el proceso de vacunaci\u00f3n de la poblaci\u00f3n joven del estado y que a su vez esta reduzca su [&hellip;]","og_url":"https:\/\/soledaddurazo.com\/blog\/2021\/08\/01\/necesario-agilizar-vacunacion-de-jovenes-ante-aumento-de-contagios\/","og_site_name":"Periodista SoledadDurazo.com","article_publisher":"https:\/\/www.facebook.com\/soledad.durazo.9\/","article_published_time":"2021-08-02T06:44:42+00:00","og_image":[{"width":1200,"height":1121,"url":"https:\/\/soledaddurazo.com\/storage\/2021\/08\/unnamed-96.jpg","type":"image\/jpeg"}],"twitter_card":"summary_large_image","twitter_creator":"@SoledadDurazo","twitter_site":"@SoledadDurazo","twitter_misc":{"Escrito por":"Redacci\u00f3n","Tiempo de lectura":"2 minutos"},"schema":{"@context":"https:\/\/schema.org","@graph":[{"@type":"Organization","@id":"https:\/\/soledaddurazo.com\/#organization","name":"Soledad Durazo","url":"https:\/\/soledaddurazo.com\/","sameAs":["https:\/\/www.facebook.com\/soledad.durazo.9\/","https:\/\/www.instagram.com\/soledaddurazo","https:\/\/www.youtube.com\/channel\/UC9yGPw8-Vbl_B2XNkRwPS-w","https:\/\/twitter.com\/SoledadDurazo"],"logo":{"@type":"ImageObject","@id":"https:\/\/soledaddurazo.com\/#logo","inLanguage":"es","url":"https:\/\/soledaddurazo.com\/storage\/2021\/11\/nllp-720x375-1-2.png","contentUrl":"https:\/\/soledaddurazo.com\/storage\/2021\/11\/nllp-720x375-1-2.png","width":720,"height":375,"caption":"Soledad Durazo"},"image":{"@id":"https:\/\/soledaddurazo.com\/#logo"}},{"@type":"WebSite","@id":"https:\/\/soledaddurazo.com\/#website","url":"https:\/\/soledaddurazo.com\/","name":"Periodista SoledadDurazo.com","description":"Periodista sonorense. Directora de www.SoledadDurazo.com Columnista, conductora de radio y Tv. Catedr\u00e1tica en la UNISON","publisher":{"@id":"https:\/\/soledaddurazo.com\/#organization"},"potentialAction":[{"@type":"SearchAction","target":{"@type":"EntryPoint","urlTemplate":"https:\/\/soledaddurazo.com\/?s={search_term_string}"},"query-input":"required name=search_term_string"}],"inLanguage":"es"},{"@type":"ImageObject","@id":"https:\/\/soledaddurazo.com\/blog\/2021\/08\/01\/necesario-agilizar-vacunacion-de-jovenes-ante-aumento-de-contagios\/#primaryimage","inLanguage":"es","url":"https:\/\/soledaddurazo.com\/storage\/2021\/08\/unnamed-96.jpg","contentUrl":"https:\/\/soledaddurazo.com\/storage\/2021\/08\/unnamed-96.jpg","width":1200,"height":1121},{"@type":"WebPage","@id":"https:\/\/soledaddurazo.com\/blog\/2021\/08\/01\/necesario-agilizar-vacunacion-de-jovenes-ante-aumento-de-contagios\/#webpage","url":"https:\/\/soledaddurazo.com\/blog\/2021\/08\/01\/necesario-agilizar-vacunacion-de-jovenes-ante-aumento-de-contagios\/","name":"Necesario agilizar vacunaci\u00f3n de j\u00f3venes ante aumento de contagios - Periodista SoledadDurazo.com","isPartOf":{"@id":"https:\/\/soledaddurazo.com\/#website"},"primaryImageOfPage":{"@id":"https:\/\/soledaddurazo.com\/blog\/2021\/08\/01\/necesario-agilizar-vacunacion-de-jovenes-ante-aumento-de-contagios\/#primaryimage"},"datePublished":"2021-08-02T06:44:42+00:00","dateModified":"2021-08-02T06:44:42+00:00","breadcrumb":{"@id":"https:\/\/soledaddurazo.com\/blog\/2021\/08\/01\/necesario-agilizar-vacunacion-de-jovenes-ante-aumento-de-contagios\/#breadcrumb"},"inLanguage":"es","potentialAction":[{"@type":"ReadAction","target":["https:\/\/soledaddurazo.com\/blog\/2021\/08\/01\/necesario-agilizar-vacunacion-de-jovenes-ante-aumento-de-contagios\/"]}]},{"@type":"BreadcrumbList","@id":"https:\/\/soledaddurazo.com\/blog\/2021\/08\/01\/necesario-agilizar-vacunacion-de-jovenes-ante-aumento-de-contagios\/#breadcrumb","itemListElement":[{"@type":"ListItem","position":1,"name":"Home","item":"https:\/\/soledaddurazo.com\/"},{"@type":"ListItem","position":2,"name":"Necesario agilizar vacunaci\u00f3n de j\u00f3venes ante aumento de contagios"}]},{"@type":"Article","@id":"https:\/\/soledaddurazo.com\/blog\/2021\/08\/01\/necesario-agilizar-vacunacion-de-jovenes-ante-aumento-de-contagios\/#article","isPartOf":{"@id":"https:\/\/soledaddurazo.com\/blog\/2021\/08\/01\/necesario-agilizar-vacunacion-de-jovenes-ante-aumento-de-contagios\/#webpage"},"author":{"@id":"https:\/\/soledaddurazo.com\/#\/schema\/person\/822d8e13aa288585e6546f179853758b"},"headline":"Necesario agilizar vacunaci\u00f3n de j\u00f3venes ante aumento de contagios","datePublished":"2021-08-02T06:44:42+00:00","dateModified":"2021-08-02T06:44:42+00:00","mainEntityOfPage":{"@id":"https:\/\/soledaddurazo.com\/blog\/2021\/08\/01\/necesario-agilizar-vacunacion-de-jovenes-ante-aumento-de-contagios\/#webpage"},"wordCount":490,"commentCount":0,"publisher":{"@id":"https:\/\/soledaddurazo.com\/#organization"},"image":{"@id":"https:\/\/soledaddurazo.com\/blog\/2021\/08\/01\/necesario-agilizar-vacunacion-de-jovenes-ante-aumento-de-contagios\/#primaryimage"},"thumbnailUrl":"https:\/\/soledaddurazo.com\/storage\/2021\/08\/unnamed-96.jpg","articleSection":["Mi Sonora"],"inLanguage":"es","potentialAction":[{"@type":"CommentAction","name":"Comment","target":["https:\/\/soledaddurazo.com\/blog\/2021\/08\/01\/necesario-agilizar-vacunacion-de-jovenes-ante-aumento-de-contagios\/#respond"]}]},{"@type":"Person","@id":"https:\/\/soledaddurazo.com\/#\/schema\/person\/822d8e13aa288585e6546f179853758b","name":"Redacci\u00f3n","image":{"@type":"ImageObject","@id":"https:\/\/soledaddurazo.com\/#personlogo","inLanguage":"es","url":"https:\/\/secure.gravatar.com\/avatar\/c4e193752f756fd61f04deebed3a3a20dc188d37edb53682d313ac57f2725d54?s=96&d=mm&r=g","contentUrl":"https:\/\/secure.gravatar.com\/avatar\/c4e193752f756fd61f04deebed3a3a20dc188d37edb53682d313ac57f2725d54?s=96&d=mm&r=g","caption":"Redacci\u00f3n"},"sameAs":["https:\/\/soledaddurazo.com"]}]}},"_links":{"self":[{"href":"https:\/\/soledaddurazo.com\/api\/wp\/v2\/posts\/9900","targetHints":{"allow":["GET"]}}],"collection":[{"href":"https:\/\/soledaddurazo.com\/api\/wp\/v2\/posts"}],"about":[{"href":"https:\/\/soledaddurazo.com\/api\/wp\/v2\/types\/post"}],"author":[{"embeddable":true,"href":"https:\/\/soledaddurazo.com\/api\/wp\/v2\/users\/1"}],"replies":[{"embeddable":true,"href":"https:\/\/soledaddurazo.com\/api\/wp\/v2\/comments?post=9900"}],"version-history":[{"count":1,"href":"https:\/\/soledaddurazo.com\/api\/wp\/v2\/posts\/9900\/revisions"}],"predecessor-version":[{"id":9902,"href":"https:\/\/soledaddurazo.com\/api\/wp\/v2\/posts\/9900\/revisions\/9902"}],"wp:featuredmedia":[{"embeddable":true,"href":"https:\/\/soledaddurazo.com\/api\/wp\/v2\/media\/9901"}],"wp:attachment":[{"href":"https:\/\/soledaddurazo.com\/api\/wp\/v2\/media?parent=9900"}],"wp:term":[{"taxonomy":"category","embeddable":true,"href":"https:\/\/soledaddurazo.com\/api\/wp\/v2\/categories?post=9900"},{"taxonomy":"post_tag","embeddable":true,"href":"https:\/\/soledaddurazo.com\/api\/wp\/v2\/tags?post=9900"}],"curies":[{"name":"wp","href":"https:\/\/api.w.org\/{rel}","templated":true}]}}