{"id":9891,"date":"2021-08-01T23:10:05","date_gmt":"2021-08-02T06:10:05","guid":{"rendered":"https:\/\/soledaddurazo.com\/?p=9891"},"modified":"2021-08-01T23:10:05","modified_gmt":"2021-08-02T06:10:05","slug":"debemois-extremar-precauciones-ante-alza-de-contagios-covid-19","status":"publish","type":"post","link":"https:\/\/soledaddurazo.com\/blog\/2021\/08\/01\/debemois-extremar-precauciones-ante-alza-de-contagios-covid-19\/","title":{"rendered":"Debemois extremar precauciones ante alza de contagios COVID-19"},"content":{"rendered":"<p>Ante la alza de contagios de COVID-19 que atraviesa Sonora, promediando m\u00e1s de 500 casos nuevos por d\u00eda, el secretario de salud reiter\u00f3 el llamado a la poblaci\u00f3n a reducir su movilidad y realizar las acciones de higiene contra contagios del virus para contener su propagaci\u00f3n, a\u00fan cuando se est\u00e9 vacunado.<\/p>\n<p>Enrique Clausen Iberri comparti\u00f3 que en el Hospital General del Estado (HGE) se encuentran 17 pacientes con COVID-19 intubados, por lo que es de suma importancia que las personas que ya est\u00e1n vacunadas tambi\u00e9n lleven a cabo las medidas sanitarias, toda vez que en la entidad se ha confirmado la circulaci\u00f3n de variantes del virus.<\/p>\n<p>En cuanto a la ocupaci\u00f3n hospitalaria, el funcionario se\u00f1al\u00f3 que Sonora se encuentra al 53% de saturaci\u00f3n por Coronavirus, con 51% en hospitales p\u00fablicos y al 79% en hospitales del sector privado.<\/p>\n<p>\u201cHay personas vacunadas, que pueden no estar suficientemente protegidos contra la variante Delta. Y esta, ustedes lo saben muy bien, ya est\u00e1 en Sonora\u201d, declar\u00f3.<\/p>\n<p>Clausen Iberri apunt\u00f3 \u00a0que la variante Delta junto a las variantes confirmadas Alpha, Gamma y Epsilon, \u00a0han tra\u00eddo tasas muy elevadas de propagaci\u00f3n comunitaria, lo que aumenta el riesgo de contraer la enfermedad en cualquier lugar.<\/p>\n<p>Por tal motivo, el secretario de salud llam\u00f3 a la poblaci\u00f3n a que ejecuten las medidas para que el COVID-19 no siga propag\u00e1ndose, entre las m\u00e1s importantes, reiter\u00f3, el uso de cubrebocas, lavado de manos, sana distancia, evitar aglomeraciones y ventilar espacios.<\/p>\n<div>\u201cEs un compromiso de todos, es una obligaci\u00f3n que entre todos reduzcamos la movilidad. Que si tenemos pensado realizar \u00a0una actividad recreativa, mejor nos protejamos qued\u00e1ndonos en casa. Y ya sabes el cubre bocas. No te lo quites por ning\u00fan motivo\u201d, culmin\u00f3.<\/div>\n<div><\/div>\n","protected":false},"excerpt":{"rendered":"<p>Ante la alza de contagios de COVID-19 que atraviesa Sonora, promediando m\u00e1s de 500 casos nuevos por d\u00eda, el secretario de salud reiter\u00f3 el llamado a la poblaci\u00f3n a reducir su movilidad y realizar las acciones de higiene contra contagios del virus para contener su propagaci\u00f3n, a\u00fan cuando se est\u00e9 vacunado. Enrique Clausen Iberri comparti\u00f3 [&hellip;]<\/p>\n","protected":false},"author":1,"featured_media":9892,"comment_status":"open","ping_status":"open","sticky":false,"template":"","format":"standard","meta":{"footnotes":""},"categories":[159],"tags":[],"class_list":["post"],"yoast_head":" \n<title>Debemois extremar precauciones ante alza de contagios COVID-19 - Periodista SoledadDurazo.com<\/title>\n<meta name=\"robots\" content=\"index, follow, max-snippet:-1, max-image-preview:large, max-video-preview:-1\" \/>\n<link rel=\"canonical\" href=\"https:\/\/soledaddurazo.com\/blog\/2021\/08\/01\/debemois-extremar-precauciones-ante-alza-de-contagios-covid-19\/\" \/>\n<meta property=\"og:locale\" content=\"es_MX\" \/>\n<meta property=\"og:type\" content=\"article\" \/>\n<meta property=\"og:title\" content=\"Debemois extremar precauciones ante alza de contagios COVID-19\" \/>\n<meta property=\"og:description\" content=\"Ante la alza de contagios de COVID-19 que atraviesa Sonora, promediando m\u00e1s de 500 casos nuevos por d\u00eda, el secretario de salud reiter\u00f3 el llamado a la poblaci\u00f3n a reducir su movilidad y realizar las acciones de higiene contra contagios del virus para contener su propagaci\u00f3n, a\u00fan cuando se est\u00e9 vacunado. Enrique Clausen Iberri comparti\u00f3 [&hellip;]\" \/>\n<meta property=\"og:url\" content=\"https:\/\/soledaddurazo.com\/blog\/2021\/08\/01\/debemois-extremar-precauciones-ante-alza-de-contagios-covid-19\/\" \/>\n<meta property=\"og:site_name\" content=\"Periodista SoledadDurazo.com\" \/>\n<meta property=\"article:publisher\" content=\"https:\/\/www.facebook.com\/soledad.durazo.9\/\" \/>\n<meta property=\"article:published_time\" content=\"2021-08-02T06:10:05+00:00\" \/>\n<meta property=\"og:image\" content=\"https:\/\/soledaddurazo.com\/storage\/2021\/08\/16070381171715.jpg\" \/>\n\t<meta property=\"og:image:width\" content=\"1320\" \/>\n\t<meta property=\"og:image:height\" content=\"743\" \/>\n<meta name=\"twitter:card\" content=\"summary_large_image\" \/>\n<meta name=\"twitter:creator\" content=\"@SoledadDurazo\" \/>\n<meta name=\"twitter:site\" content=\"@SoledadDurazo\" \/>\n<meta name=\"twitter:label1\" content=\"Escrito por\" \/>\n\t<meta name=\"twitter:data1\" content=\"Redacci\u00f3n\" \/>\n\t<meta name=\"twitter:label2\" content=\"Tiempo de lectura\" \/>\n\t<meta name=\"twitter:data2\" content=\"1 minuto\" \/>\n<script type=\"application\/ld+json\" class=\"yoast-schema-graph\">{\"@context\":\"https:\/\/schema.org\",\"@graph\":[{\"@type\":\"Organization\",\"@id\":\"https:\/\/soledaddurazo.com\/#organization\",\"name\":\"Soledad Durazo\",\"url\":\"https:\/\/soledaddurazo.com\/\",\"sameAs\":[\"https:\/\/www.facebook.com\/soledad.durazo.9\/\",\"https:\/\/www.instagram.com\/soledaddurazo\",\"https:\/\/www.youtube.com\/channel\/UC9yGPw8-Vbl_B2XNkRwPS-w\",\"https:\/\/twitter.com\/SoledadDurazo\"],\"logo\":{\"@type\":\"ImageObject\",\"@id\":\"https:\/\/soledaddurazo.com\/#logo\",\"inLanguage\":\"es\",\"url\":\"https:\/\/soledaddurazo.com\/storage\/2021\/11\/nllp-720x375-1-2.png\",\"contentUrl\":\"https:\/\/soledaddurazo.com\/storage\/2021\/11\/nllp-720x375-1-2.png\",\"width\":720,\"height\":375,\"caption\":\"Soledad Durazo\"},\"image\":{\"@id\":\"https:\/\/soledaddurazo.com\/#logo\"}},{\"@type\":\"WebSite\",\"@id\":\"https:\/\/soledaddurazo.com\/#website\",\"url\":\"https:\/\/soledaddurazo.com\/\",\"name\":\"Periodista SoledadDurazo.com\",\"description\":\"Periodista sonorense. Directora de www.SoledadDurazo.com Columnista, conductora de radio y Tv. Catedr\\u00e1tica en la UNISON\",\"publisher\":{\"@id\":\"https:\/\/soledaddurazo.com\/#organization\"},\"potentialAction\":[{\"@type\":\"SearchAction\",\"target\":{\"@type\":\"EntryPoint\",\"urlTemplate\":\"https:\/\/soledaddurazo.com\/?s={search_term_string}\"},\"query-input\":\"required name=search_term_string\"}],\"inLanguage\":\"es\"},{\"@type\":\"ImageObject\",\"@id\":\"https:\/\/soledaddurazo.com\/blog\/2021\/08\/01\/debemois-extremar-precauciones-ante-alza-de-contagios-covid-19\/#primaryimage\",\"inLanguage\":\"es\",\"url\":\"https:\/\/soledaddurazo.com\/storage\/2021\/08\/16070381171715.jpg\",\"contentUrl\":\"https:\/\/soledaddurazo.com\/storage\/2021\/08\/16070381171715.jpg\",\"width\":1320,\"height\":743},{\"@type\":\"WebPage\",\"@id\":\"https:\/\/soledaddurazo.com\/blog\/2021\/08\/01\/debemois-extremar-precauciones-ante-alza-de-contagios-covid-19\/#webpage\",\"url\":\"https:\/\/soledaddurazo.com\/blog\/2021\/08\/01\/debemois-extremar-precauciones-ante-alza-de-contagios-covid-19\/\",\"name\":\"Debemois extremar precauciones ante alza de contagios COVID-19 - Periodista SoledadDurazo.com\",\"isPartOf\":{\"@id\":\"https:\/\/soledaddurazo.com\/#website\"},\"primaryImageOfPage\":{\"@id\":\"https:\/\/soledaddurazo.com\/blog\/2021\/08\/01\/debemois-extremar-precauciones-ante-alza-de-contagios-covid-19\/#primaryimage\"},\"datePublished\":\"2021-08-02T06:10:05+00:00\",\"dateModified\":\"2021-08-02T06:10:05+00:00\",\"breadcrumb\":{\"@id\":\"https:\/\/soledaddurazo.com\/blog\/2021\/08\/01\/debemois-extremar-precauciones-ante-alza-de-contagios-covid-19\/#breadcrumb\"},\"inLanguage\":\"es\",\"potentialAction\":[{\"@type\":\"ReadAction\",\"target\":[\"https:\/\/soledaddurazo.com\/blog\/2021\/08\/01\/debemois-extremar-precauciones-ante-alza-de-contagios-covid-19\/\"]}]},{\"@type\":\"BreadcrumbList\",\"@id\":\"https:\/\/soledaddurazo.com\/blog\/2021\/08\/01\/debemois-extremar-precauciones-ante-alza-de-contagios-covid-19\/#breadcrumb\",\"itemListElement\":[{\"@type\":\"ListItem\",\"position\":1,\"name\":\"Home\",\"item\":\"https:\/\/soledaddurazo.com\/\"},{\"@type\":\"ListItem\",\"position\":2,\"name\":\"Debemois extremar precauciones ante alza de contagios COVID-19\"}]},{\"@type\":\"Article\",\"@id\":\"https:\/\/soledaddurazo.com\/blog\/2021\/08\/01\/debemois-extremar-precauciones-ante-alza-de-contagios-covid-19\/#article\",\"isPartOf\":{\"@id\":\"https:\/\/soledaddurazo.com\/blog\/2021\/08\/01\/debemois-extremar-precauciones-ante-alza-de-contagios-covid-19\/#webpage\"},\"author\":{\"@id\":\"https:\/\/soledaddurazo.com\/#\/schema\/person\/822d8e13aa288585e6546f179853758b\"},\"headline\":\"Debemois extremar precauciones ante alza de contagios COVID-19\",\"datePublished\":\"2021-08-02T06:10:05+00:00\",\"dateModified\":\"2021-08-02T06:10:05+00:00\",\"mainEntityOfPage\":{\"@id\":\"https:\/\/soledaddurazo.com\/blog\/2021\/08\/01\/debemois-extremar-precauciones-ante-alza-de-contagios-covid-19\/#webpage\"},\"wordCount\":306,\"commentCount\":0,\"publisher\":{\"@id\":\"https:\/\/soledaddurazo.com\/#organization\"},\"image\":{\"@id\":\"https:\/\/soledaddurazo.com\/blog\/2021\/08\/01\/debemois-extremar-precauciones-ante-alza-de-contagios-covid-19\/#primaryimage\"},\"thumbnailUrl\":\"https:\/\/soledaddurazo.com\/storage\/2021\/08\/16070381171715.jpg\",\"articleSection\":[\"Mi Sonora\"],\"inLanguage\":\"es\",\"potentialAction\":[{\"@type\":\"CommentAction\",\"name\":\"Comment\",\"target\":[\"https:\/\/soledaddurazo.com\/blog\/2021\/08\/01\/debemois-extremar-precauciones-ante-alza-de-contagios-covid-19\/#respond\"]}]},{\"@type\":\"Person\",\"@id\":\"https:\/\/soledaddurazo.com\/#\/schema\/person\/822d8e13aa288585e6546f179853758b\",\"name\":\"Redacci\\u00f3n\",\"image\":{\"@type\":\"ImageObject\",\"@id\":\"https:\/\/soledaddurazo.com\/#personlogo\",\"inLanguage\":\"es\",\"url\":\"https:\/\/secure.gravatar.com\/avatar\/c4e193752f756fd61f04deebed3a3a20dc188d37edb53682d313ac57f2725d54?s=96&d=mm&r=g\",\"contentUrl\":\"https:\/\/secure.gravatar.com\/avatar\/c4e193752f756fd61f04deebed3a3a20dc188d37edb53682d313ac57f2725d54?s=96&d=mm&r=g\",\"caption\":\"Redacci\\u00f3n\"},\"sameAs\":[\"https:\/\/soledaddurazo.com\"]}]}<\/script>\n ","yoast_head_json":{"title":"Debemois extremar precauciones ante alza de contagios COVID-19 - Periodista SoledadDurazo.com","robots":{"index":"index","follow":"follow","max-snippet":"max-snippet:-1","max-image-preview":"max-image-preview:large","max-video-preview":"max-video-preview:-1"},"canonical":"https:\/\/soledaddurazo.com\/blog\/2021\/08\/01\/debemois-extremar-precauciones-ante-alza-de-contagios-covid-19\/","og_locale":"es_MX","og_type":"article","og_title":"Debemois extremar precauciones ante alza de contagios COVID-19","og_description":"Ante la alza de contagios de COVID-19 que atraviesa Sonora, promediando m\u00e1s de 500 casos nuevos por d\u00eda, el secretario de salud reiter\u00f3 el llamado a la poblaci\u00f3n a reducir su movilidad y realizar las acciones de higiene contra contagios del virus para contener su propagaci\u00f3n, a\u00fan cuando se est\u00e9 vacunado. Enrique Clausen Iberri comparti\u00f3 [&hellip;]","og_url":"https:\/\/soledaddurazo.com\/blog\/2021\/08\/01\/debemois-extremar-precauciones-ante-alza-de-contagios-covid-19\/","og_site_name":"Periodista SoledadDurazo.com","article_publisher":"https:\/\/www.facebook.com\/soledad.durazo.9\/","article_published_time":"2021-08-02T06:10:05+00:00","og_image":[{"width":1320,"height":743,"url":"https:\/\/soledaddurazo.com\/storage\/2021\/08\/16070381171715.jpg","type":"image\/jpeg"}],"twitter_card":"summary_large_image","twitter_creator":"@SoledadDurazo","twitter_site":"@SoledadDurazo","twitter_misc":{"Escrito por":"Redacci\u00f3n","Tiempo de lectura":"1 minuto"},"schema":{"@context":"https:\/\/schema.org","@graph":[{"@type":"Organization","@id":"https:\/\/soledaddurazo.com\/#organization","name":"Soledad Durazo","url":"https:\/\/soledaddurazo.com\/","sameAs":["https:\/\/www.facebook.com\/soledad.durazo.9\/","https:\/\/www.instagram.com\/soledaddurazo","https:\/\/www.youtube.com\/channel\/UC9yGPw8-Vbl_B2XNkRwPS-w","https:\/\/twitter.com\/SoledadDurazo"],"logo":{"@type":"ImageObject","@id":"https:\/\/soledaddurazo.com\/#logo","inLanguage":"es","url":"https:\/\/soledaddurazo.com\/storage\/2021\/11\/nllp-720x375-1-2.png","contentUrl":"https:\/\/soledaddurazo.com\/storage\/2021\/11\/nllp-720x375-1-2.png","width":720,"height":375,"caption":"Soledad Durazo"},"image":{"@id":"https:\/\/soledaddurazo.com\/#logo"}},{"@type":"WebSite","@id":"https:\/\/soledaddurazo.com\/#website","url":"https:\/\/soledaddurazo.com\/","name":"Periodista SoledadDurazo.com","description":"Periodista sonorense. Directora de www.SoledadDurazo.com Columnista, conductora de radio y Tv. Catedr\u00e1tica en la UNISON","publisher":{"@id":"https:\/\/soledaddurazo.com\/#organization"},"potentialAction":[{"@type":"SearchAction","target":{"@type":"EntryPoint","urlTemplate":"https:\/\/soledaddurazo.com\/?s={search_term_string}"},"query-input":"required name=search_term_string"}],"inLanguage":"es"},{"@type":"ImageObject","@id":"https:\/\/soledaddurazo.com\/blog\/2021\/08\/01\/debemois-extremar-precauciones-ante-alza-de-contagios-covid-19\/#primaryimage","inLanguage":"es","url":"https:\/\/soledaddurazo.com\/storage\/2021\/08\/16070381171715.jpg","contentUrl":"https:\/\/soledaddurazo.com\/storage\/2021\/08\/16070381171715.jpg","width":1320,"height":743},{"@type":"WebPage","@id":"https:\/\/soledaddurazo.com\/blog\/2021\/08\/01\/debemois-extremar-precauciones-ante-alza-de-contagios-covid-19\/#webpage","url":"https:\/\/soledaddurazo.com\/blog\/2021\/08\/01\/debemois-extremar-precauciones-ante-alza-de-contagios-covid-19\/","name":"Debemois extremar precauciones ante alza de contagios COVID-19 - Periodista SoledadDurazo.com","isPartOf":{"@id":"https:\/\/soledaddurazo.com\/#website"},"primaryImageOfPage":{"@id":"https:\/\/soledaddurazo.com\/blog\/2021\/08\/01\/debemois-extremar-precauciones-ante-alza-de-contagios-covid-19\/#primaryimage"},"datePublished":"2021-08-02T06:10:05+00:00","dateModified":"2021-08-02T06:10:05+00:00","breadcrumb":{"@id":"https:\/\/soledaddurazo.com\/blog\/2021\/08\/01\/debemois-extremar-precauciones-ante-alza-de-contagios-covid-19\/#breadcrumb"},"inLanguage":"es","potentialAction":[{"@type":"ReadAction","target":["https:\/\/soledaddurazo.com\/blog\/2021\/08\/01\/debemois-extremar-precauciones-ante-alza-de-contagios-covid-19\/"]}]},{"@type":"BreadcrumbList","@id":"https:\/\/soledaddurazo.com\/blog\/2021\/08\/01\/debemois-extremar-precauciones-ante-alza-de-contagios-covid-19\/#breadcrumb","itemListElement":[{"@type":"ListItem","position":1,"name":"Home","item":"https:\/\/soledaddurazo.com\/"},{"@type":"ListItem","position":2,"name":"Debemois extremar precauciones ante alza de contagios COVID-19"}]},{"@type":"Article","@id":"https:\/\/soledaddurazo.com\/blog\/2021\/08\/01\/debemois-extremar-precauciones-ante-alza-de-contagios-covid-19\/#article","isPartOf":{"@id":"https:\/\/soledaddurazo.com\/blog\/2021\/08\/01\/debemois-extremar-precauciones-ante-alza-de-contagios-covid-19\/#webpage"},"author":{"@id":"https:\/\/soledaddurazo.com\/#\/schema\/person\/822d8e13aa288585e6546f179853758b"},"headline":"Debemois extremar precauciones ante alza de contagios COVID-19","datePublished":"2021-08-02T06:10:05+00:00","dateModified":"2021-08-02T06:10:05+00:00","mainEntityOfPage":{"@id":"https:\/\/soledaddurazo.com\/blog\/2021\/08\/01\/debemois-extremar-precauciones-ante-alza-de-contagios-covid-19\/#webpage"},"wordCount":306,"commentCount":0,"publisher":{"@id":"https:\/\/soledaddurazo.com\/#organization"},"image":{"@id":"https:\/\/soledaddurazo.com\/blog\/2021\/08\/01\/debemois-extremar-precauciones-ante-alza-de-contagios-covid-19\/#primaryimage"},"thumbnailUrl":"https:\/\/soledaddurazo.com\/storage\/2021\/08\/16070381171715.jpg","articleSection":["Mi Sonora"],"inLanguage":"es","potentialAction":[{"@type":"CommentAction","name":"Comment","target":["https:\/\/soledaddurazo.com\/blog\/2021\/08\/01\/debemois-extremar-precauciones-ante-alza-de-contagios-covid-19\/#respond"]}]},{"@type":"Person","@id":"https:\/\/soledaddurazo.com\/#\/schema\/person\/822d8e13aa288585e6546f179853758b","name":"Redacci\u00f3n","image":{"@type":"ImageObject","@id":"https:\/\/soledaddurazo.com\/#personlogo","inLanguage":"es","url":"https:\/\/secure.gravatar.com\/avatar\/c4e193752f756fd61f04deebed3a3a20dc188d37edb53682d313ac57f2725d54?s=96&d=mm&r=g","contentUrl":"https:\/\/secure.gravatar.com\/avatar\/c4e193752f756fd61f04deebed3a3a20dc188d37edb53682d313ac57f2725d54?s=96&d=mm&r=g","caption":"Redacci\u00f3n"},"sameAs":["https:\/\/soledaddurazo.com"]}]}},"_links":{"self":[{"href":"https:\/\/soledaddurazo.com\/api\/wp\/v2\/posts\/9891","targetHints":{"allow":["GET"]}}],"collection":[{"href":"https:\/\/soledaddurazo.com\/api\/wp\/v2\/posts"}],"about":[{"href":"https:\/\/soledaddurazo.com\/api\/wp\/v2\/types\/post"}],"author":[{"embeddable":true,"href":"https:\/\/soledaddurazo.com\/api\/wp\/v2\/users\/1"}],"replies":[{"embeddable":true,"href":"https:\/\/soledaddurazo.com\/api\/wp\/v2\/comments?post=9891"}],"version-history":[{"count":1,"href":"https:\/\/soledaddurazo.com\/api\/wp\/v2\/posts\/9891\/revisions"}],"predecessor-version":[{"id":9893,"href":"https:\/\/soledaddurazo.com\/api\/wp\/v2\/posts\/9891\/revisions\/9893"}],"wp:featuredmedia":[{"embeddable":true,"href":"https:\/\/soledaddurazo.com\/api\/wp\/v2\/media\/9892"}],"wp:attachment":[{"href":"https:\/\/soledaddurazo.com\/api\/wp\/v2\/media?parent=9891"}],"wp:term":[{"taxonomy":"category","embeddable":true,"href":"https:\/\/soledaddurazo.com\/api\/wp\/v2\/categories?post=9891"},{"taxonomy":"post_tag","embeddable":true,"href":"https:\/\/soledaddurazo.com\/api\/wp\/v2\/tags?post=9891"}],"curies":[{"name":"wp","href":"https:\/\/api.w.org\/{rel}","templated":true}]}}