{"id":9586,"date":"2021-07-15T01:03:18","date_gmt":"2021-07-15T08:03:18","guid":{"rendered":"https:\/\/soledaddurazo.com\/?p=9586"},"modified":"2021-07-15T01:03:18","modified_gmt":"2021-07-15T08:03:18","slug":"anuncian-nueva-inversion-de-la-empresa-younger-optics-pitam-en-sonora","status":"publish","type":"post","link":"https:\/\/soledaddurazo.com\/blog\/2021\/07\/15\/anuncian-nueva-inversion-de-la-empresa-younger-optics-pitam-en-sonora\/","title":{"rendered":"Anuncian nueva inversi\u00f3n de la empresa Younger Optics Pitam en Sonora"},"content":{"rendered":"<p>Contar con las mejores condiciones para atraer empresas que vengan a invertir a Sonora y generen m\u00e1s empleos mejor remunerados, ha sido uno de los principales pilares de mi administraci\u00f3n, asegur\u00f3 la gobernadora Claudia Pavlovich Arellano, al visitar las empresa internacional Younger Optics Pitam en Ciudad Obreg\u00f3n, la cual duplicar\u00e1 su \u00e1rea de operatividad, la producci\u00f3n y sobre todo el n\u00famero de empleos.<\/p>\n<p>Durante su recorrido por esta empresa, acompa\u00f1ada del secretario de Econom\u00eda, Jorge Vidal Ahumada, la mandataria estatal destac\u00f3 que en Sonora, pese a la pandemia, siguen llegando empresas y siguen creciendo las ya establecidas, como es el caso de Younger Optics Pitam, especializada en la producci\u00f3n de micas para lentes, especialmente de prescripci\u00f3n y polarizado, con operaciones en Ciudad Obreg\u00f3n bajo el Shelter de Collectron y, en Empalme, bajo el Shelter de Maquilas Tetakawi.<\/p>\n<p>La gobernadora Pavlovich junto a Robert Mu\u00f1oz, VP de Operaciones de Younger Optics M\u00e9xico y de Roberto Moreno, director corporativo de Calidad Collectron, recorri\u00f3 la planta donde pudo constatar el trabajo meticuloso que realizan las y los sonorenses empleados en esta empresa, que genera m\u00e1s de dos mil 250 empleos, (400 en Ciudad Obreg\u00f3n y mil 850 en Empalme).<\/p>\n<p>En el recorrido se inform\u00f3 a la gobernadora Pavlovich que en Ciudad Obreg\u00f3n, esta planta duplicar\u00e1 el \u00e1rea de producci\u00f3n y el n\u00famero de empleos, para llegar a 800 trabajadores en los pr\u00f3ximos a\u00f1os en Cajeme.<\/p>\n<p>\u201cA pesar de la pandemia, Sonora sigue creciendo, a Sonora sigue llegando inversi\u00f3n; la gente le sigue apostando a Sonora y hay que seguir generando confianza, estoy segura que as\u00ed va a ser, que en los pr\u00f3ximos meses y a\u00f1os Sonora crecer\u00e1 much\u00edsimo\u201d, asegur\u00f3.<\/p>\n<p>Al continuar con su gira de trabajo por Cajeme, la mandataria estatal entreg\u00f3 16 proyectos productivos, parte del programa Soy Pilar de la Sedesson para mujeres madres de familia en su mayor\u00eda, para apoyarlas en su emprendimiento con esta herramienta de trabajo y con ello puedan sacar a sus hijos adelante.<\/p>\n<p>\u201cCreo mucho en el trabajo de la mujer, en el trabajo en conjunto de todos los niveles de gobierno, cuando todos trabajamos en equipo y este programa Soy Pilar significa mucho para m\u00ed porque yo soy mujer, s\u00e9 lo que significa ser pilar de una familia, ser madre, andar corriendo, las tareas, sacar adelante a nuestros hijos y, sobre todo, ser el pilar y el sost\u00e9n de una familia que necesita salir adelante\u201d, coment\u00f3.<\/p>\n<p>Los 16 proyectos productivos son: cuatro cocinas econ\u00f3micas, una tortiller\u00eda, cinco carretas de hot dogs, un taller de costura, tres taquizas, aplicaci\u00f3n de u\u00f1as y una est\u00e9tica.<\/p>\n<p>La gobernadora Claudia Pavlovich entreg\u00f3 tambi\u00e9n un cami\u00f3n escolar para los estudiantes de la Escuela Secundaria T\u00e9cnica 75, para que se trasladen de forma segura una vez que inicien las clases presenciales de nuevo.<\/p>\n<p>Arlen Margarita Mariscal, presidenta del DIF municipal, en representaci\u00f3n de Sergio Pablo Mariscal Alvarado, presidente municipal de Cajeme, agradeci\u00f3 a la gobernadora Claudia Pavlovich por siempre estar al pendiente y apoyar a las personas que m\u00e1s lo necesitan.<\/p>\n<p>\u201cAgradecemos las gestiones propias de la gobernadora y de todo su gabinete para que se lleguen a las personas que m\u00e1s lo necesitan los beneficios de todo el cat\u00e1logo de programas de Desarrollo Social de todo el estado, ser\u00e1n beneficiados ni\u00f1os, ni\u00f1as, j\u00f3venes con este transporte escolar de los Altos de Jecopaco en espec\u00edfico, tambi\u00e9n estar\u00e1n beneficiados muchas personas trabajadoras del municipio de Cajeme\u201d, destac\u00f3.<\/p>\n","protected":false},"excerpt":{"rendered":"<p>Contar con las mejores condiciones para atraer empresas que vengan a invertir a Sonora y generen m\u00e1s empleos mejor remunerados, ha sido uno de los principales pilares de mi administraci\u00f3n, asegur\u00f3 la gobernadora Claudia Pavlovich Arellano, al visitar las empresa internacional Younger Optics Pitam en Ciudad Obreg\u00f3n, la cual duplicar\u00e1 su \u00e1rea de operatividad, la [&hellip;]<\/p>\n","protected":false},"author":1,"featured_media":9587,"comment_status":"open","ping_status":"open","sticky":false,"template":"","format":"standard","meta":{"footnotes":""},"categories":[159],"tags":[],"class_list":["post"],"yoast_head":" \n<title>Anuncian nueva inversi\u00f3n de la empresa Younger Optics Pitam en Sonora - Periodista SoledadDurazo.com<\/title>\n<meta name=\"robots\" content=\"index, follow, max-snippet:-1, max-image-preview:large, max-video-preview:-1\" \/>\n<link rel=\"canonical\" href=\"https:\/\/soledaddurazo.com\/blog\/2021\/07\/15\/anuncian-nueva-inversion-de-la-empresa-younger-optics-pitam-en-sonora\/\" \/>\n<meta property=\"og:locale\" content=\"es_MX\" \/>\n<meta property=\"og:type\" content=\"article\" \/>\n<meta property=\"og:title\" content=\"Anuncian nueva inversi\u00f3n de la empresa Younger Optics Pitam en Sonora\" \/>\n<meta property=\"og:description\" content=\"Contar con las mejores condiciones para atraer empresas que vengan a invertir a Sonora y generen m\u00e1s empleos mejor remunerados, ha sido uno de los principales pilares de mi administraci\u00f3n, asegur\u00f3 la gobernadora Claudia Pavlovich Arellano, al visitar las empresa internacional Younger Optics Pitam en Ciudad Obreg\u00f3n, la cual duplicar\u00e1 su \u00e1rea de operatividad, la [&hellip;]\" \/>\n<meta property=\"og:url\" content=\"https:\/\/soledaddurazo.com\/blog\/2021\/07\/15\/anuncian-nueva-inversion-de-la-empresa-younger-optics-pitam-en-sonora\/\" \/>\n<meta property=\"og:site_name\" content=\"Periodista SoledadDurazo.com\" \/>\n<meta property=\"article:publisher\" content=\"https:\/\/www.facebook.com\/soledad.durazo.9\/\" \/>\n<meta property=\"article:published_time\" content=\"2021-07-15T08:03:18+00:00\" \/>\n<meta property=\"og:image\" content=\"https:\/\/soledaddurazo.com\/storage\/2021\/07\/image00003-9-scaled.jpeg\" \/>\n\t<meta property=\"og:image:width\" content=\"2560\" \/>\n\t<meta property=\"og:image:height\" content=\"1707\" \/>\n<meta name=\"twitter:card\" content=\"summary_large_image\" \/>\n<meta name=\"twitter:creator\" content=\"@SoledadDurazo\" \/>\n<meta name=\"twitter:site\" content=\"@SoledadDurazo\" \/>\n<meta name=\"twitter:label1\" content=\"Escrito por\" \/>\n\t<meta name=\"twitter:data1\" content=\"Redacci\u00f3n\" \/>\n\t<meta name=\"twitter:label2\" content=\"Tiempo de lectura\" \/>\n\t<meta name=\"twitter:data2\" content=\"3 minutos\" \/>\n<script type=\"application\/ld+json\" class=\"yoast-schema-graph\">{\"@context\":\"https:\/\/schema.org\",\"@graph\":[{\"@type\":\"Organization\",\"@id\":\"https:\/\/soledaddurazo.com\/#organization\",\"name\":\"Soledad Durazo\",\"url\":\"https:\/\/soledaddurazo.com\/\",\"sameAs\":[\"https:\/\/www.facebook.com\/soledad.durazo.9\/\",\"https:\/\/www.instagram.com\/soledaddurazo\",\"https:\/\/www.youtube.com\/channel\/UC9yGPw8-Vbl_B2XNkRwPS-w\",\"https:\/\/twitter.com\/SoledadDurazo\"],\"logo\":{\"@type\":\"ImageObject\",\"@id\":\"https:\/\/soledaddurazo.com\/#logo\",\"inLanguage\":\"es\",\"url\":\"https:\/\/soledaddurazo.com\/storage\/2021\/11\/nllp-720x375-1-2.png\",\"contentUrl\":\"https:\/\/soledaddurazo.com\/storage\/2021\/11\/nllp-720x375-1-2.png\",\"width\":720,\"height\":375,\"caption\":\"Soledad Durazo\"},\"image\":{\"@id\":\"https:\/\/soledaddurazo.com\/#logo\"}},{\"@type\":\"WebSite\",\"@id\":\"https:\/\/soledaddurazo.com\/#website\",\"url\":\"https:\/\/soledaddurazo.com\/\",\"name\":\"Periodista SoledadDurazo.com\",\"description\":\"Periodista sonorense. Directora de www.SoledadDurazo.com Columnista, conductora de radio y Tv. Catedr\\u00e1tica en la UNISON\",\"publisher\":{\"@id\":\"https:\/\/soledaddurazo.com\/#organization\"},\"potentialAction\":[{\"@type\":\"SearchAction\",\"target\":{\"@type\":\"EntryPoint\",\"urlTemplate\":\"https:\/\/soledaddurazo.com\/?s={search_term_string}\"},\"query-input\":\"required name=search_term_string\"}],\"inLanguage\":\"es\"},{\"@type\":\"ImageObject\",\"@id\":\"https:\/\/soledaddurazo.com\/blog\/2021\/07\/15\/anuncian-nueva-inversion-de-la-empresa-younger-optics-pitam-en-sonora\/#primaryimage\",\"inLanguage\":\"es\",\"url\":\"https:\/\/soledaddurazo.com\/storage\/2021\/07\/image00003-9-scaled.jpeg\",\"contentUrl\":\"https:\/\/soledaddurazo.com\/storage\/2021\/07\/image00003-9-scaled.jpeg\",\"width\":2560,\"height\":1707},{\"@type\":\"WebPage\",\"@id\":\"https:\/\/soledaddurazo.com\/blog\/2021\/07\/15\/anuncian-nueva-inversion-de-la-empresa-younger-optics-pitam-en-sonora\/#webpage\",\"url\":\"https:\/\/soledaddurazo.com\/blog\/2021\/07\/15\/anuncian-nueva-inversion-de-la-empresa-younger-optics-pitam-en-sonora\/\",\"name\":\"Anuncian nueva inversi\\u00f3n de la empresa Younger Optics Pitam en Sonora - Periodista SoledadDurazo.com\",\"isPartOf\":{\"@id\":\"https:\/\/soledaddurazo.com\/#website\"},\"primaryImageOfPage\":{\"@id\":\"https:\/\/soledaddurazo.com\/blog\/2021\/07\/15\/anuncian-nueva-inversion-de-la-empresa-younger-optics-pitam-en-sonora\/#primaryimage\"},\"datePublished\":\"2021-07-15T08:03:18+00:00\",\"dateModified\":\"2021-07-15T08:03:18+00:00\",\"breadcrumb\":{\"@id\":\"https:\/\/soledaddurazo.com\/blog\/2021\/07\/15\/anuncian-nueva-inversion-de-la-empresa-younger-optics-pitam-en-sonora\/#breadcrumb\"},\"inLanguage\":\"es\",\"potentialAction\":[{\"@type\":\"ReadAction\",\"target\":[\"https:\/\/soledaddurazo.com\/blog\/2021\/07\/15\/anuncian-nueva-inversion-de-la-empresa-younger-optics-pitam-en-sonora\/\"]}]},{\"@type\":\"BreadcrumbList\",\"@id\":\"https:\/\/soledaddurazo.com\/blog\/2021\/07\/15\/anuncian-nueva-inversion-de-la-empresa-younger-optics-pitam-en-sonora\/#breadcrumb\",\"itemListElement\":[{\"@type\":\"ListItem\",\"position\":1,\"name\":\"Home\",\"item\":\"https:\/\/soledaddurazo.com\/\"},{\"@type\":\"ListItem\",\"position\":2,\"name\":\"Anuncian nueva inversi\\u00f3n de la empresa Younger Optics Pitam en Sonora\"}]},{\"@type\":\"Article\",\"@id\":\"https:\/\/soledaddurazo.com\/blog\/2021\/07\/15\/anuncian-nueva-inversion-de-la-empresa-younger-optics-pitam-en-sonora\/#article\",\"isPartOf\":{\"@id\":\"https:\/\/soledaddurazo.com\/blog\/2021\/07\/15\/anuncian-nueva-inversion-de-la-empresa-younger-optics-pitam-en-sonora\/#webpage\"},\"author\":{\"@id\":\"https:\/\/soledaddurazo.com\/#\/schema\/person\/822d8e13aa288585e6546f179853758b\"},\"headline\":\"Anuncian nueva inversi\\u00f3n de la empresa Younger Optics Pitam en Sonora\",\"datePublished\":\"2021-07-15T08:03:18+00:00\",\"dateModified\":\"2021-07-15T08:03:18+00:00\",\"mainEntityOfPage\":{\"@id\":\"https:\/\/soledaddurazo.com\/blog\/2021\/07\/15\/anuncian-nueva-inversion-de-la-empresa-younger-optics-pitam-en-sonora\/#webpage\"},\"wordCount\":614,\"commentCount\":0,\"publisher\":{\"@id\":\"https:\/\/soledaddurazo.com\/#organization\"},\"image\":{\"@id\":\"https:\/\/soledaddurazo.com\/blog\/2021\/07\/15\/anuncian-nueva-inversion-de-la-empresa-younger-optics-pitam-en-sonora\/#primaryimage\"},\"thumbnailUrl\":\"https:\/\/soledaddurazo.com\/storage\/2021\/07\/image00003-9-scaled.jpeg\",\"articleSection\":[\"Mi Sonora\"],\"inLanguage\":\"es\",\"potentialAction\":[{\"@type\":\"CommentAction\",\"name\":\"Comment\",\"target\":[\"https:\/\/soledaddurazo.com\/blog\/2021\/07\/15\/anuncian-nueva-inversion-de-la-empresa-younger-optics-pitam-en-sonora\/#respond\"]}]},{\"@type\":\"Person\",\"@id\":\"https:\/\/soledaddurazo.com\/#\/schema\/person\/822d8e13aa288585e6546f179853758b\",\"name\":\"Redacci\\u00f3n\",\"image\":{\"@type\":\"ImageObject\",\"@id\":\"https:\/\/soledaddurazo.com\/#personlogo\",\"inLanguage\":\"es\",\"url\":\"https:\/\/secure.gravatar.com\/avatar\/c4e193752f756fd61f04deebed3a3a20dc188d37edb53682d313ac57f2725d54?s=96&d=mm&r=g\",\"contentUrl\":\"https:\/\/secure.gravatar.com\/avatar\/c4e193752f756fd61f04deebed3a3a20dc188d37edb53682d313ac57f2725d54?s=96&d=mm&r=g\",\"caption\":\"Redacci\\u00f3n\"},\"sameAs\":[\"https:\/\/soledaddurazo.com\"]}]}<\/script>\n ","yoast_head_json":{"title":"Anuncian nueva inversi\u00f3n de la empresa Younger Optics Pitam en Sonora - Periodista SoledadDurazo.com","robots":{"index":"index","follow":"follow","max-snippet":"max-snippet:-1","max-image-preview":"max-image-preview:large","max-video-preview":"max-video-preview:-1"},"canonical":"https:\/\/soledaddurazo.com\/blog\/2021\/07\/15\/anuncian-nueva-inversion-de-la-empresa-younger-optics-pitam-en-sonora\/","og_locale":"es_MX","og_type":"article","og_title":"Anuncian nueva inversi\u00f3n de la empresa Younger Optics Pitam en Sonora","og_description":"Contar con las mejores condiciones para atraer empresas que vengan a invertir a Sonora y generen m\u00e1s empleos mejor remunerados, ha sido uno de los principales pilares de mi administraci\u00f3n, asegur\u00f3 la gobernadora Claudia Pavlovich Arellano, al visitar las empresa internacional Younger Optics Pitam en Ciudad Obreg\u00f3n, la cual duplicar\u00e1 su \u00e1rea de operatividad, la [&hellip;]","og_url":"https:\/\/soledaddurazo.com\/blog\/2021\/07\/15\/anuncian-nueva-inversion-de-la-empresa-younger-optics-pitam-en-sonora\/","og_site_name":"Periodista SoledadDurazo.com","article_publisher":"https:\/\/www.facebook.com\/soledad.durazo.9\/","article_published_time":"2021-07-15T08:03:18+00:00","og_image":[{"width":2560,"height":1707,"url":"https:\/\/soledaddurazo.com\/storage\/2021\/07\/image00003-9-scaled.jpeg","type":"image\/jpeg"}],"twitter_card":"summary_large_image","twitter_creator":"@SoledadDurazo","twitter_site":"@SoledadDurazo","twitter_misc":{"Escrito por":"Redacci\u00f3n","Tiempo de lectura":"3 minutos"},"schema":{"@context":"https:\/\/schema.org","@graph":[{"@type":"Organization","@id":"https:\/\/soledaddurazo.com\/#organization","name":"Soledad Durazo","url":"https:\/\/soledaddurazo.com\/","sameAs":["https:\/\/www.facebook.com\/soledad.durazo.9\/","https:\/\/www.instagram.com\/soledaddurazo","https:\/\/www.youtube.com\/channel\/UC9yGPw8-Vbl_B2XNkRwPS-w","https:\/\/twitter.com\/SoledadDurazo"],"logo":{"@type":"ImageObject","@id":"https:\/\/soledaddurazo.com\/#logo","inLanguage":"es","url":"https:\/\/soledaddurazo.com\/storage\/2021\/11\/nllp-720x375-1-2.png","contentUrl":"https:\/\/soledaddurazo.com\/storage\/2021\/11\/nllp-720x375-1-2.png","width":720,"height":375,"caption":"Soledad Durazo"},"image":{"@id":"https:\/\/soledaddurazo.com\/#logo"}},{"@type":"WebSite","@id":"https:\/\/soledaddurazo.com\/#website","url":"https:\/\/soledaddurazo.com\/","name":"Periodista SoledadDurazo.com","description":"Periodista sonorense. Directora de www.SoledadDurazo.com Columnista, conductora de radio y Tv. Catedr\u00e1tica en la UNISON","publisher":{"@id":"https:\/\/soledaddurazo.com\/#organization"},"potentialAction":[{"@type":"SearchAction","target":{"@type":"EntryPoint","urlTemplate":"https:\/\/soledaddurazo.com\/?s={search_term_string}"},"query-input":"required name=search_term_string"}],"inLanguage":"es"},{"@type":"ImageObject","@id":"https:\/\/soledaddurazo.com\/blog\/2021\/07\/15\/anuncian-nueva-inversion-de-la-empresa-younger-optics-pitam-en-sonora\/#primaryimage","inLanguage":"es","url":"https:\/\/soledaddurazo.com\/storage\/2021\/07\/image00003-9-scaled.jpeg","contentUrl":"https:\/\/soledaddurazo.com\/storage\/2021\/07\/image00003-9-scaled.jpeg","width":2560,"height":1707},{"@type":"WebPage","@id":"https:\/\/soledaddurazo.com\/blog\/2021\/07\/15\/anuncian-nueva-inversion-de-la-empresa-younger-optics-pitam-en-sonora\/#webpage","url":"https:\/\/soledaddurazo.com\/blog\/2021\/07\/15\/anuncian-nueva-inversion-de-la-empresa-younger-optics-pitam-en-sonora\/","name":"Anuncian nueva inversi\u00f3n de la empresa Younger Optics Pitam en Sonora - Periodista SoledadDurazo.com","isPartOf":{"@id":"https:\/\/soledaddurazo.com\/#website"},"primaryImageOfPage":{"@id":"https:\/\/soledaddurazo.com\/blog\/2021\/07\/15\/anuncian-nueva-inversion-de-la-empresa-younger-optics-pitam-en-sonora\/#primaryimage"},"datePublished":"2021-07-15T08:03:18+00:00","dateModified":"2021-07-15T08:03:18+00:00","breadcrumb":{"@id":"https:\/\/soledaddurazo.com\/blog\/2021\/07\/15\/anuncian-nueva-inversion-de-la-empresa-younger-optics-pitam-en-sonora\/#breadcrumb"},"inLanguage":"es","potentialAction":[{"@type":"ReadAction","target":["https:\/\/soledaddurazo.com\/blog\/2021\/07\/15\/anuncian-nueva-inversion-de-la-empresa-younger-optics-pitam-en-sonora\/"]}]},{"@type":"BreadcrumbList","@id":"https:\/\/soledaddurazo.com\/blog\/2021\/07\/15\/anuncian-nueva-inversion-de-la-empresa-younger-optics-pitam-en-sonora\/#breadcrumb","itemListElement":[{"@type":"ListItem","position":1,"name":"Home","item":"https:\/\/soledaddurazo.com\/"},{"@type":"ListItem","position":2,"name":"Anuncian nueva inversi\u00f3n de la empresa Younger Optics Pitam en Sonora"}]},{"@type":"Article","@id":"https:\/\/soledaddurazo.com\/blog\/2021\/07\/15\/anuncian-nueva-inversion-de-la-empresa-younger-optics-pitam-en-sonora\/#article","isPartOf":{"@id":"https:\/\/soledaddurazo.com\/blog\/2021\/07\/15\/anuncian-nueva-inversion-de-la-empresa-younger-optics-pitam-en-sonora\/#webpage"},"author":{"@id":"https:\/\/soledaddurazo.com\/#\/schema\/person\/822d8e13aa288585e6546f179853758b"},"headline":"Anuncian nueva inversi\u00f3n de la empresa Younger Optics Pitam en Sonora","datePublished":"2021-07-15T08:03:18+00:00","dateModified":"2021-07-15T08:03:18+00:00","mainEntityOfPage":{"@id":"https:\/\/soledaddurazo.com\/blog\/2021\/07\/15\/anuncian-nueva-inversion-de-la-empresa-younger-optics-pitam-en-sonora\/#webpage"},"wordCount":614,"commentCount":0,"publisher":{"@id":"https:\/\/soledaddurazo.com\/#organization"},"image":{"@id":"https:\/\/soledaddurazo.com\/blog\/2021\/07\/15\/anuncian-nueva-inversion-de-la-empresa-younger-optics-pitam-en-sonora\/#primaryimage"},"thumbnailUrl":"https:\/\/soledaddurazo.com\/storage\/2021\/07\/image00003-9-scaled.jpeg","articleSection":["Mi Sonora"],"inLanguage":"es","potentialAction":[{"@type":"CommentAction","name":"Comment","target":["https:\/\/soledaddurazo.com\/blog\/2021\/07\/15\/anuncian-nueva-inversion-de-la-empresa-younger-optics-pitam-en-sonora\/#respond"]}]},{"@type":"Person","@id":"https:\/\/soledaddurazo.com\/#\/schema\/person\/822d8e13aa288585e6546f179853758b","name":"Redacci\u00f3n","image":{"@type":"ImageObject","@id":"https:\/\/soledaddurazo.com\/#personlogo","inLanguage":"es","url":"https:\/\/secure.gravatar.com\/avatar\/c4e193752f756fd61f04deebed3a3a20dc188d37edb53682d313ac57f2725d54?s=96&d=mm&r=g","contentUrl":"https:\/\/secure.gravatar.com\/avatar\/c4e193752f756fd61f04deebed3a3a20dc188d37edb53682d313ac57f2725d54?s=96&d=mm&r=g","caption":"Redacci\u00f3n"},"sameAs":["https:\/\/soledaddurazo.com"]}]}},"_links":{"self":[{"href":"https:\/\/soledaddurazo.com\/api\/wp\/v2\/posts\/9586","targetHints":{"allow":["GET"]}}],"collection":[{"href":"https:\/\/soledaddurazo.com\/api\/wp\/v2\/posts"}],"about":[{"href":"https:\/\/soledaddurazo.com\/api\/wp\/v2\/types\/post"}],"author":[{"embeddable":true,"href":"https:\/\/soledaddurazo.com\/api\/wp\/v2\/users\/1"}],"replies":[{"embeddable":true,"href":"https:\/\/soledaddurazo.com\/api\/wp\/v2\/comments?post=9586"}],"version-history":[{"count":1,"href":"https:\/\/soledaddurazo.com\/api\/wp\/v2\/posts\/9586\/revisions"}],"predecessor-version":[{"id":9588,"href":"https:\/\/soledaddurazo.com\/api\/wp\/v2\/posts\/9586\/revisions\/9588"}],"wp:featuredmedia":[{"embeddable":true,"href":"https:\/\/soledaddurazo.com\/api\/wp\/v2\/media\/9587"}],"wp:attachment":[{"href":"https:\/\/soledaddurazo.com\/api\/wp\/v2\/media?parent=9586"}],"wp:term":[{"taxonomy":"category","embeddable":true,"href":"https:\/\/soledaddurazo.com\/api\/wp\/v2\/categories?post=9586"},{"taxonomy":"post_tag","embeddable":true,"href":"https:\/\/soledaddurazo.com\/api\/wp\/v2\/tags?post=9586"}],"curies":[{"name":"wp","href":"https:\/\/api.w.org\/{rel}","templated":true}]}}