{"id":9573,"date":"2021-07-15T00:35:36","date_gmt":"2021-07-15T07:35:36","guid":{"rendered":"https:\/\/soledaddurazo.com\/?p=9573"},"modified":"2021-07-15T00:35:36","modified_gmt":"2021-07-15T07:35:36","slug":"que-es-la-canicula-y-donde-afecta-los-grados-celsius","status":"publish","type":"post","link":"https:\/\/soledaddurazo.com\/blog\/2021\/07\/15\/que-es-la-canicula-y-donde-afecta-los-grados-celsius\/","title":{"rendered":"Qu\u00e9 es \u201cLa Can\u00edcula\u201d y D\u00f3nde Afecta. Los Grados Celsius"},"content":{"rendered":"<p><strong>DISMINUYEN LOS DECESOS POR COVID 19, NO LOS CONTAGIOS<\/strong><\/p>\n<p>Desde que era ni\u00f1o y visitaba a mis t\u00edos abuelos en Santa Ursula Xitla, en Tlalpan, Distrito Federal, o\u00eda decir \u201c<strong>ya estamos en la can\u00edcula<\/strong>\u201d. Recuerdo que me explicaban, con sencillez, que comenzaba una temporada de mucho calor y a veces de pocas lluvias. En el campo para el mes de julio ya estaba germinando la milpa, los elotes en su proceso, y, al ras de la tierra, crec\u00edan las matas de habas, calabacitas o frijol, en reducida cantidad. En esos d\u00edas proced\u00eda deshierbar la milpa. Tradicionalmente a las 12 del d\u00eda, se deten\u00eda toda labor y el abuelo daba gracias a Dios, elevando su vista hacia al cielo.<\/p>\n<p>Espero que muchos de los visitantes a este diario digital, confirmen saber lo que es la can\u00edcula. S\u00ed es as\u00ed, tambi\u00e9n podr\u00e1n comentar sobre \u201c<strong>las caba\u00f1uelas<\/strong>\u201d, que se registran en los primeros doce d\u00edas del mes de enero.<\/p>\n<p>Bueno, me referir\u00e9 a la can\u00edcula, porque me enter\u00e9 que comenz\u00f3 el pasado s\u00e1bado 10 de este pand\u00e9mico julio. Su duraci\u00f3n se estima en 40 d\u00edas calendario o sea que concluir\u00e1 el 20 del entrante agosto. Seg\u00fan el Servicio Meteorol\u00f3gico Nacional las temperaturas entre las 11 de la ma\u00f1ana y las 5 de la tarde fluctuar\u00e1n entre los 34 y los 40 grados, en algunos lugares rurales y en ciudades norte\u00f1as alcanzan los 45 o m\u00e1s grados <strong>Celsius<\/strong>. La Comisi\u00f3n Nacional del Agua denomina a este per\u00edodo como \u201csequ\u00eda intraestival o veranillo\u201d. Ambos t\u00e9rmino tienen equivalencia a can\u00edcula.<\/p>\n<p>De acuerdo con los estudiosos del clima y del medio ambiente, en la actualidad el 71 % del territorio mexicano es afectado por las altas temperaturas y pocas lluvias. Se intensifican las enfermedades estomacales y bronquiales, las primeras por comer alimentos que entran en estado de descomposici\u00f3n y las segundas por lo que respiramos en las calles, en el campo o nuestros propios hogares, sobre todo en los grandes edificios. Tambi\u00e9n me dijeron que en la cuarentena canicular, lo que pueden disminuir son los contagios del COVID 19 por el intenso calor.<\/p>\n<p>Las entidades colindantes con el Golfo de M\u00e9xico son donde m\u00e1s fuerte ataca la can\u00edcula: Yucat\u00e1n, Quintana Roo, Campeche, Veracruz y Tabasco. En el Norte de la Rep\u00fablica solo es golpeadora en Coahuila y Nuevo Le\u00f3n, estados donde la temperatura media es mayor a los 35 grados.<\/p>\n<p>Por eso mismo, las autoridades han dictado seis medidas preventivas, obvio sin suspender las recomendaciones del uso de cubrebocas, lavado de manos con agua y jab\u00f3n, no acudir ni estar en aglomeraciones humanas. Las medidas en la etapa canicular son:<\/p>\n<p>No exponerse al sol mucho tiempo entre las 11 y las 17 horas.<\/p>\n<p>Consumir l\u00edquidos durante todo el d\u00eda, de preferencia agua natural o de frutas.<\/p>\n<p>Si anda en la calle o en campo abierto, usar sombrero, gorra o sombrilla.<\/p>\n<p>De preferencia vestir ropa de colores claros, ligera y holgada.<\/p>\n<p>Descansar 5 minutos a la sombra, despu\u00e9s largo recorrido.<\/p>\n<p>Se recomienda usar protector solar en la cara y los brazos.<\/p>\n<p>FAHRENHEIT<strong> Y CELSIUS<\/strong><\/p>\n<p>Para todos es muy com\u00fan o\u00edr \u201cgrados Celsius\u201d o \u201cgrados Fahrenheit\u201d. La primera denominaci\u00f3n rige en la Rep\u00fablica Mexicana y la segunda, en pa\u00edses del extranjero, por ejemplo con nuestros vecinos del Norte. Ocurre que en 1724 el f\u00edsico e ingeniero alem\u00e1n <strong>Gabriel Fahrenheit <\/strong>despu\u00e9s de realizar estudios del medio ambiente, de las corrientes de aire fr\u00edo y caliente, adem\u00e1s de trabajos cient\u00edficos en el laboratorio, formul\u00f3 la Escala de Temperatura Corporal, a la que agreg\u00f3 su apellido.<\/p>\n<p>Por su parte <strong>Anders Celsius<\/strong>, nacido en Upsala en el Imperio Sueco que abarcaba Finlandia, realiz\u00f3 sus estudios para establecer, en 1942, una nueva escala de medici\u00f3n de la temperatura corporal. Un a\u00f1o m\u00e1s tarde, Jean Pierre Christian la introdujo en Francia, desplazando pero no aboliendo a la Escala Fahrenheit. Celsius fue astr\u00f3nomo, meteor\u00f3logo, f\u00edsico,\u00a0 qu\u00edmico, matem\u00e1tico, inventor y catedr\u00e1tico universitario que vivi\u00f3 43 a\u00f1os.<\/p>\n<p>La temperatura corporal normal en los humanos es de 37 grados Celsius, en tanto que, en la Fahrenheit, es de 96. Esto como ejemplo de la diferencia en las escalas.<\/p>\n<p><strong>jherrerav@live.com.mx<\/strong><\/p>\n<p><strong>\u00a0<\/strong><\/p>\n","protected":false},"excerpt":{"rendered":"<p>DISMINUYEN LOS DECESOS POR COVID 19, NO LOS CONTAGIOS Desde que era ni\u00f1o y visitaba a mis t\u00edos abuelos en Santa Ursula Xitla, en Tlalpan, Distrito Federal, o\u00eda decir \u201cya estamos en la can\u00edcula\u201d. Recuerdo que me explicaban, con sencillez, que comenzaba una temporada de mucho calor y a veces de pocas lluvias. En el [&hellip;]<\/p>\n","protected":false},"author":1,"featured_media":8076,"comment_status":"open","ping_status":"open","sticky":false,"template":"","format":"standard","meta":{"footnotes":""},"categories":[172],"tags":[],"class_list":["post"],"yoast_head":" \n<title>Qu\u00e9 es \u201cLa Can\u00edcula\u201d y D\u00f3nde Afecta. Los Grados Celsius - Periodista SoledadDurazo.com<\/title>\n<meta name=\"robots\" content=\"index, follow, max-snippet:-1, max-image-preview:large, max-video-preview:-1\" \/>\n<link rel=\"canonical\" href=\"https:\/\/soledaddurazo.com\/blog\/2021\/07\/15\/que-es-la-canicula-y-donde-afecta-los-grados-celsius\/\" \/>\n<meta property=\"og:locale\" content=\"es_MX\" \/>\n<meta property=\"og:type\" content=\"article\" \/>\n<meta property=\"og:title\" content=\"Qu\u00e9 es \u201cLa Can\u00edcula\u201d y D\u00f3nde Afecta. Los Grados Celsius\" \/>\n<meta property=\"og:description\" content=\"DISMINUYEN LOS DECESOS POR COVID 19, NO LOS CONTAGIOS Desde que era ni\u00f1o y visitaba a mis t\u00edos abuelos en Santa Ursula Xitla, en Tlalpan, Distrito Federal, o\u00eda decir \u201cya estamos en la can\u00edcula\u201d. Recuerdo que me explicaban, con sencillez, que comenzaba una temporada de mucho calor y a veces de pocas lluvias. En el [&hellip;]\" \/>\n<meta property=\"og:url\" content=\"https:\/\/soledaddurazo.com\/blog\/2021\/07\/15\/que-es-la-canicula-y-donde-afecta-los-grados-celsius\/\" \/>\n<meta property=\"og:site_name\" content=\"Periodista SoledadDurazo.com\" \/>\n<meta property=\"article:publisher\" content=\"https:\/\/www.facebook.com\/soledad.durazo.9\/\" \/>\n<meta property=\"article:published_time\" content=\"2021-07-15T07:35:36+00:00\" \/>\n<meta property=\"og:image\" content=\"https:\/\/soledaddurazo.com\/storage\/2021\/05\/FOTO-JORGE-HERRERA.jpg\" \/>\n\t<meta property=\"og:image:width\" content=\"204\" \/>\n\t<meta property=\"og:image:height\" content=\"266\" \/>\n<meta name=\"twitter:card\" content=\"summary_large_image\" \/>\n<meta name=\"twitter:creator\" content=\"@SoledadDurazo\" \/>\n<meta name=\"twitter:site\" content=\"@SoledadDurazo\" \/>\n<meta name=\"twitter:label1\" content=\"Escrito por\" \/>\n\t<meta name=\"twitter:data1\" content=\"Redacci\u00f3n\" \/>\n\t<meta name=\"twitter:label2\" content=\"Tiempo de lectura\" \/>\n\t<meta name=\"twitter:data2\" content=\"4 minutos\" \/>\n<script type=\"application\/ld+json\" class=\"yoast-schema-graph\">{\"@context\":\"https:\/\/schema.org\",\"@graph\":[{\"@type\":\"Organization\",\"@id\":\"https:\/\/soledaddurazo.com\/#organization\",\"name\":\"Soledad Durazo\",\"url\":\"https:\/\/soledaddurazo.com\/\",\"sameAs\":[\"https:\/\/www.facebook.com\/soledad.durazo.9\/\",\"https:\/\/www.instagram.com\/soledaddurazo\",\"https:\/\/www.youtube.com\/channel\/UC9yGPw8-Vbl_B2XNkRwPS-w\",\"https:\/\/twitter.com\/SoledadDurazo\"],\"logo\":{\"@type\":\"ImageObject\",\"@id\":\"https:\/\/soledaddurazo.com\/#logo\",\"inLanguage\":\"es\",\"url\":\"https:\/\/soledaddurazo.com\/storage\/2021\/11\/nllp-720x375-1-2.png\",\"contentUrl\":\"https:\/\/soledaddurazo.com\/storage\/2021\/11\/nllp-720x375-1-2.png\",\"width\":720,\"height\":375,\"caption\":\"Soledad Durazo\"},\"image\":{\"@id\":\"https:\/\/soledaddurazo.com\/#logo\"}},{\"@type\":\"WebSite\",\"@id\":\"https:\/\/soledaddurazo.com\/#website\",\"url\":\"https:\/\/soledaddurazo.com\/\",\"name\":\"Periodista SoledadDurazo.com\",\"description\":\"Periodista sonorense. Directora de www.SoledadDurazo.com Columnista, conductora de radio y Tv. Catedr\\u00e1tica en la UNISON\",\"publisher\":{\"@id\":\"https:\/\/soledaddurazo.com\/#organization\"},\"potentialAction\":[{\"@type\":\"SearchAction\",\"target\":{\"@type\":\"EntryPoint\",\"urlTemplate\":\"https:\/\/soledaddurazo.com\/?s={search_term_string}\"},\"query-input\":\"required name=search_term_string\"}],\"inLanguage\":\"es\"},{\"@type\":\"ImageObject\",\"@id\":\"https:\/\/soledaddurazo.com\/blog\/2021\/07\/15\/que-es-la-canicula-y-donde-afecta-los-grados-celsius\/#primaryimage\",\"inLanguage\":\"es\",\"url\":\"https:\/\/soledaddurazo.com\/storage\/2021\/05\/FOTO-JORGE-HERRERA.jpg\",\"contentUrl\":\"https:\/\/soledaddurazo.com\/storage\/2021\/05\/FOTO-JORGE-HERRERA.jpg\",\"width\":204,\"height\":266},{\"@type\":\"WebPage\",\"@id\":\"https:\/\/soledaddurazo.com\/blog\/2021\/07\/15\/que-es-la-canicula-y-donde-afecta-los-grados-celsius\/#webpage\",\"url\":\"https:\/\/soledaddurazo.com\/blog\/2021\/07\/15\/que-es-la-canicula-y-donde-afecta-los-grados-celsius\/\",\"name\":\"Qu\\u00e9 es \\u201cLa Can\\u00edcula\\u201d y D\\u00f3nde Afecta. Los Grados Celsius - Periodista SoledadDurazo.com\",\"isPartOf\":{\"@id\":\"https:\/\/soledaddurazo.com\/#website\"},\"primaryImageOfPage\":{\"@id\":\"https:\/\/soledaddurazo.com\/blog\/2021\/07\/15\/que-es-la-canicula-y-donde-afecta-los-grados-celsius\/#primaryimage\"},\"datePublished\":\"2021-07-15T07:35:36+00:00\",\"dateModified\":\"2021-07-15T07:35:36+00:00\",\"breadcrumb\":{\"@id\":\"https:\/\/soledaddurazo.com\/blog\/2021\/07\/15\/que-es-la-canicula-y-donde-afecta-los-grados-celsius\/#breadcrumb\"},\"inLanguage\":\"es\",\"potentialAction\":[{\"@type\":\"ReadAction\",\"target\":[\"https:\/\/soledaddurazo.com\/blog\/2021\/07\/15\/que-es-la-canicula-y-donde-afecta-los-grados-celsius\/\"]}]},{\"@type\":\"BreadcrumbList\",\"@id\":\"https:\/\/soledaddurazo.com\/blog\/2021\/07\/15\/que-es-la-canicula-y-donde-afecta-los-grados-celsius\/#breadcrumb\",\"itemListElement\":[{\"@type\":\"ListItem\",\"position\":1,\"name\":\"Home\",\"item\":\"https:\/\/soledaddurazo.com\/\"},{\"@type\":\"ListItem\",\"position\":2,\"name\":\"Qu\\u00e9 es \\u201cLa Can\\u00edcula\\u201d y D\\u00f3nde Afecta. Los Grados Celsius\"}]},{\"@type\":\"Article\",\"@id\":\"https:\/\/soledaddurazo.com\/blog\/2021\/07\/15\/que-es-la-canicula-y-donde-afecta-los-grados-celsius\/#article\",\"isPartOf\":{\"@id\":\"https:\/\/soledaddurazo.com\/blog\/2021\/07\/15\/que-es-la-canicula-y-donde-afecta-los-grados-celsius\/#webpage\"},\"author\":{\"@id\":\"https:\/\/soledaddurazo.com\/#\/schema\/person\/822d8e13aa288585e6546f179853758b\"},\"headline\":\"Qu\\u00e9 es \\u201cLa Can\\u00edcula\\u201d y D\\u00f3nde Afecta. Los Grados Celsius\",\"datePublished\":\"2021-07-15T07:35:36+00:00\",\"dateModified\":\"2021-07-15T07:35:36+00:00\",\"mainEntityOfPage\":{\"@id\":\"https:\/\/soledaddurazo.com\/blog\/2021\/07\/15\/que-es-la-canicula-y-donde-afecta-los-grados-celsius\/#webpage\"},\"wordCount\":736,\"commentCount\":0,\"publisher\":{\"@id\":\"https:\/\/soledaddurazo.com\/#organization\"},\"image\":{\"@id\":\"https:\/\/soledaddurazo.com\/blog\/2021\/07\/15\/que-es-la-canicula-y-donde-afecta-los-grados-celsius\/#primaryimage\"},\"thumbnailUrl\":\"https:\/\/soledaddurazo.com\/storage\/2021\/05\/FOTO-JORGE-HERRERA.jpg\",\"articleSection\":[\"Jorge Herrera\"],\"inLanguage\":\"es\",\"potentialAction\":[{\"@type\":\"CommentAction\",\"name\":\"Comment\",\"target\":[\"https:\/\/soledaddurazo.com\/blog\/2021\/07\/15\/que-es-la-canicula-y-donde-afecta-los-grados-celsius\/#respond\"]}]},{\"@type\":\"Person\",\"@id\":\"https:\/\/soledaddurazo.com\/#\/schema\/person\/822d8e13aa288585e6546f179853758b\",\"name\":\"Redacci\\u00f3n\",\"image\":{\"@type\":\"ImageObject\",\"@id\":\"https:\/\/soledaddurazo.com\/#personlogo\",\"inLanguage\":\"es\",\"url\":\"https:\/\/secure.gravatar.com\/avatar\/c4e193752f756fd61f04deebed3a3a20dc188d37edb53682d313ac57f2725d54?s=96&d=mm&r=g\",\"contentUrl\":\"https:\/\/secure.gravatar.com\/avatar\/c4e193752f756fd61f04deebed3a3a20dc188d37edb53682d313ac57f2725d54?s=96&d=mm&r=g\",\"caption\":\"Redacci\\u00f3n\"},\"sameAs\":[\"https:\/\/soledaddurazo.com\"]}]}<\/script>\n ","yoast_head_json":{"title":"Qu\u00e9 es \u201cLa Can\u00edcula\u201d y D\u00f3nde Afecta. Los Grados Celsius - Periodista SoledadDurazo.com","robots":{"index":"index","follow":"follow","max-snippet":"max-snippet:-1","max-image-preview":"max-image-preview:large","max-video-preview":"max-video-preview:-1"},"canonical":"https:\/\/soledaddurazo.com\/blog\/2021\/07\/15\/que-es-la-canicula-y-donde-afecta-los-grados-celsius\/","og_locale":"es_MX","og_type":"article","og_title":"Qu\u00e9 es \u201cLa Can\u00edcula\u201d y D\u00f3nde Afecta. Los Grados Celsius","og_description":"DISMINUYEN LOS DECESOS POR COVID 19, NO LOS CONTAGIOS Desde que era ni\u00f1o y visitaba a mis t\u00edos abuelos en Santa Ursula Xitla, en Tlalpan, Distrito Federal, o\u00eda decir \u201cya estamos en la can\u00edcula\u201d. Recuerdo que me explicaban, con sencillez, que comenzaba una temporada de mucho calor y a veces de pocas lluvias. En el [&hellip;]","og_url":"https:\/\/soledaddurazo.com\/blog\/2021\/07\/15\/que-es-la-canicula-y-donde-afecta-los-grados-celsius\/","og_site_name":"Periodista SoledadDurazo.com","article_publisher":"https:\/\/www.facebook.com\/soledad.durazo.9\/","article_published_time":"2021-07-15T07:35:36+00:00","og_image":[{"width":204,"height":266,"url":"https:\/\/soledaddurazo.com\/storage\/2021\/05\/FOTO-JORGE-HERRERA.jpg","type":"image\/jpeg"}],"twitter_card":"summary_large_image","twitter_creator":"@SoledadDurazo","twitter_site":"@SoledadDurazo","twitter_misc":{"Escrito por":"Redacci\u00f3n","Tiempo de lectura":"4 minutos"},"schema":{"@context":"https:\/\/schema.org","@graph":[{"@type":"Organization","@id":"https:\/\/soledaddurazo.com\/#organization","name":"Soledad Durazo","url":"https:\/\/soledaddurazo.com\/","sameAs":["https:\/\/www.facebook.com\/soledad.durazo.9\/","https:\/\/www.instagram.com\/soledaddurazo","https:\/\/www.youtube.com\/channel\/UC9yGPw8-Vbl_B2XNkRwPS-w","https:\/\/twitter.com\/SoledadDurazo"],"logo":{"@type":"ImageObject","@id":"https:\/\/soledaddurazo.com\/#logo","inLanguage":"es","url":"https:\/\/soledaddurazo.com\/storage\/2021\/11\/nllp-720x375-1-2.png","contentUrl":"https:\/\/soledaddurazo.com\/storage\/2021\/11\/nllp-720x375-1-2.png","width":720,"height":375,"caption":"Soledad Durazo"},"image":{"@id":"https:\/\/soledaddurazo.com\/#logo"}},{"@type":"WebSite","@id":"https:\/\/soledaddurazo.com\/#website","url":"https:\/\/soledaddurazo.com\/","name":"Periodista SoledadDurazo.com","description":"Periodista sonorense. Directora de www.SoledadDurazo.com Columnista, conductora de radio y Tv. Catedr\u00e1tica en la UNISON","publisher":{"@id":"https:\/\/soledaddurazo.com\/#organization"},"potentialAction":[{"@type":"SearchAction","target":{"@type":"EntryPoint","urlTemplate":"https:\/\/soledaddurazo.com\/?s={search_term_string}"},"query-input":"required name=search_term_string"}],"inLanguage":"es"},{"@type":"ImageObject","@id":"https:\/\/soledaddurazo.com\/blog\/2021\/07\/15\/que-es-la-canicula-y-donde-afecta-los-grados-celsius\/#primaryimage","inLanguage":"es","url":"https:\/\/soledaddurazo.com\/storage\/2021\/05\/FOTO-JORGE-HERRERA.jpg","contentUrl":"https:\/\/soledaddurazo.com\/storage\/2021\/05\/FOTO-JORGE-HERRERA.jpg","width":204,"height":266},{"@type":"WebPage","@id":"https:\/\/soledaddurazo.com\/blog\/2021\/07\/15\/que-es-la-canicula-y-donde-afecta-los-grados-celsius\/#webpage","url":"https:\/\/soledaddurazo.com\/blog\/2021\/07\/15\/que-es-la-canicula-y-donde-afecta-los-grados-celsius\/","name":"Qu\u00e9 es \u201cLa Can\u00edcula\u201d y D\u00f3nde Afecta. Los Grados Celsius - Periodista SoledadDurazo.com","isPartOf":{"@id":"https:\/\/soledaddurazo.com\/#website"},"primaryImageOfPage":{"@id":"https:\/\/soledaddurazo.com\/blog\/2021\/07\/15\/que-es-la-canicula-y-donde-afecta-los-grados-celsius\/#primaryimage"},"datePublished":"2021-07-15T07:35:36+00:00","dateModified":"2021-07-15T07:35:36+00:00","breadcrumb":{"@id":"https:\/\/soledaddurazo.com\/blog\/2021\/07\/15\/que-es-la-canicula-y-donde-afecta-los-grados-celsius\/#breadcrumb"},"inLanguage":"es","potentialAction":[{"@type":"ReadAction","target":["https:\/\/soledaddurazo.com\/blog\/2021\/07\/15\/que-es-la-canicula-y-donde-afecta-los-grados-celsius\/"]}]},{"@type":"BreadcrumbList","@id":"https:\/\/soledaddurazo.com\/blog\/2021\/07\/15\/que-es-la-canicula-y-donde-afecta-los-grados-celsius\/#breadcrumb","itemListElement":[{"@type":"ListItem","position":1,"name":"Home","item":"https:\/\/soledaddurazo.com\/"},{"@type":"ListItem","position":2,"name":"Qu\u00e9 es \u201cLa Can\u00edcula\u201d y D\u00f3nde Afecta. Los Grados Celsius"}]},{"@type":"Article","@id":"https:\/\/soledaddurazo.com\/blog\/2021\/07\/15\/que-es-la-canicula-y-donde-afecta-los-grados-celsius\/#article","isPartOf":{"@id":"https:\/\/soledaddurazo.com\/blog\/2021\/07\/15\/que-es-la-canicula-y-donde-afecta-los-grados-celsius\/#webpage"},"author":{"@id":"https:\/\/soledaddurazo.com\/#\/schema\/person\/822d8e13aa288585e6546f179853758b"},"headline":"Qu\u00e9 es \u201cLa Can\u00edcula\u201d y D\u00f3nde Afecta. Los Grados Celsius","datePublished":"2021-07-15T07:35:36+00:00","dateModified":"2021-07-15T07:35:36+00:00","mainEntityOfPage":{"@id":"https:\/\/soledaddurazo.com\/blog\/2021\/07\/15\/que-es-la-canicula-y-donde-afecta-los-grados-celsius\/#webpage"},"wordCount":736,"commentCount":0,"publisher":{"@id":"https:\/\/soledaddurazo.com\/#organization"},"image":{"@id":"https:\/\/soledaddurazo.com\/blog\/2021\/07\/15\/que-es-la-canicula-y-donde-afecta-los-grados-celsius\/#primaryimage"},"thumbnailUrl":"https:\/\/soledaddurazo.com\/storage\/2021\/05\/FOTO-JORGE-HERRERA.jpg","articleSection":["Jorge Herrera"],"inLanguage":"es","potentialAction":[{"@type":"CommentAction","name":"Comment","target":["https:\/\/soledaddurazo.com\/blog\/2021\/07\/15\/que-es-la-canicula-y-donde-afecta-los-grados-celsius\/#respond"]}]},{"@type":"Person","@id":"https:\/\/soledaddurazo.com\/#\/schema\/person\/822d8e13aa288585e6546f179853758b","name":"Redacci\u00f3n","image":{"@type":"ImageObject","@id":"https:\/\/soledaddurazo.com\/#personlogo","inLanguage":"es","url":"https:\/\/secure.gravatar.com\/avatar\/c4e193752f756fd61f04deebed3a3a20dc188d37edb53682d313ac57f2725d54?s=96&d=mm&r=g","contentUrl":"https:\/\/secure.gravatar.com\/avatar\/c4e193752f756fd61f04deebed3a3a20dc188d37edb53682d313ac57f2725d54?s=96&d=mm&r=g","caption":"Redacci\u00f3n"},"sameAs":["https:\/\/soledaddurazo.com"]}]}},"_links":{"self":[{"href":"https:\/\/soledaddurazo.com\/api\/wp\/v2\/posts\/9573","targetHints":{"allow":["GET"]}}],"collection":[{"href":"https:\/\/soledaddurazo.com\/api\/wp\/v2\/posts"}],"about":[{"href":"https:\/\/soledaddurazo.com\/api\/wp\/v2\/types\/post"}],"author":[{"embeddable":true,"href":"https:\/\/soledaddurazo.com\/api\/wp\/v2\/users\/1"}],"replies":[{"embeddable":true,"href":"https:\/\/soledaddurazo.com\/api\/wp\/v2\/comments?post=9573"}],"version-history":[{"count":1,"href":"https:\/\/soledaddurazo.com\/api\/wp\/v2\/posts\/9573\/revisions"}],"predecessor-version":[{"id":9574,"href":"https:\/\/soledaddurazo.com\/api\/wp\/v2\/posts\/9573\/revisions\/9574"}],"wp:featuredmedia":[{"embeddable":true,"href":"https:\/\/soledaddurazo.com\/api\/wp\/v2\/media\/8076"}],"wp:attachment":[{"href":"https:\/\/soledaddurazo.com\/api\/wp\/v2\/media?parent=9573"}],"wp:term":[{"taxonomy":"category","embeddable":true,"href":"https:\/\/soledaddurazo.com\/api\/wp\/v2\/categories?post=9573"},{"taxonomy":"post_tag","embeddable":true,"href":"https:\/\/soledaddurazo.com\/api\/wp\/v2\/tags?post=9573"}],"curies":[{"name":"wp","href":"https:\/\/api.w.org\/{rel}","templated":true}]}}