{"id":9401,"date":"2021-07-06T00:41:19","date_gmt":"2021-07-06T07:41:19","guid":{"rendered":"https:\/\/soledaddurazo.com\/?p=9401"},"modified":"2021-07-06T00:54:23","modified_gmt":"2021-07-06T07:54:23","slug":"promueven-programa-de-prevencion-a-la-mujer-por-ti-y-por-todas","status":"publish","type":"post","link":"https:\/\/soledaddurazo.com\/blog\/2021\/07\/06\/promueven-programa-de-prevencion-a-la-mujer-por-ti-y-por-todas\/","title":{"rendered":"Impulsan programa de prevenci\u00f3n a la mujer \u201cPor ti y por todas\u201d"},"content":{"rendered":"<p>Para compartir con todos los sectores de la sociedad el programa de prevenci\u00f3n a las mujeres \u201cPor ti y por todas\u201d, impulsado por la gobernadora Claudia Pavlovich Arellano y puesto en marcha en d\u00edas pasados por la Secretar\u00eda de Seguridad P\u00fablica (SSP) y el Instituto Sonorense de las Mujeres (ISM), se inici\u00f3 con el recorrido por municipios de la entidad informando el 1-2-3 de la seguridad, inform\u00f3 Cassandra L\u00f3pez Manzano.<\/p>\n<p>La titular de la Unidad de Seguimiento Interinstitucional a Programas con Perspectiva de G\u00e9nero de la SSP, expuso que se busca involucrar al mayor n\u00famero posible de sonorenses en esta acci\u00f3n preventiva.<\/p>\n<p>Record\u00f3 que el 1-2-3 de la seguridad que se est\u00e1 difundiendo consiste en una primera parte en estar al pendiente de cualquier situaci\u00f3n de violencia que pudieran estar viviendo, posteriormente, solicitar ayuda en la l\u00ednea de emergencias 9-1-1 o activar su aplicaci\u00f3n m\u00f3vil Mujeres Seguras y en caso de no contar con ella, descargarla en sus tel\u00e9fonos m\u00f3viles y, el tercer paso, dijo, es interponer la denuncia formal ante un Ministerio P\u00fablico.<\/p>\n<p>Para ello, personal de la SSP trabaja activamente en la distribuci\u00f3n de material informativo con el prop\u00f3sito de que m\u00e1s mujeres est\u00e9n informadas sobre lo que deben hacer en caso de encontrarse en una situaci\u00f3n de violencia.<\/p>\n<p>\u201cEstamos pegando tabloides en lugares visibles de oficinas y \u00e1reas comerciales, material informativo sobre el programa Por ti y por todas\u201d, para que sean m\u00e1s las personas los y las que est\u00e9n informadas, coment\u00f3 L\u00f3pez Manzano.<\/p>\n<p>A la fecha, expuso la funcionaria, se ha realizado difusi\u00f3n en los municipios de Hermosillo, Cajeme, Navojoa, Etchojoa, Huatabampo y en los pr\u00f3ximos d\u00edas el equipo de la Unidad de Seguimiento Interinstitucional a Programas con Perspectiva de G\u00e9nero de la SSP recorrer\u00e1 localidades del norte del estado.<\/p>\n<p>Precis\u00f3 que la instrucci\u00f3n del secretario de Seguridad P\u00fablica, David Anaya Cooley, es informar al mayor n\u00famero de sonorenses, por tal motivo, se recorre la entidad para llegar a m\u00e1s mujeres.<\/p>\n<p>La funcionaria de la SSP manifest\u00f3 que esta iniciativa de visitar negocios e instituciones para hablar sobre el programa preventivo es recibida con mucho inter\u00e9s por parte de las y los responsables de los negocios y titulares de las dependencias.<\/p>\n<p>Invitamos a informarse sobre las fuentes oficiales de la Secretar\u00eda de Seguridad P\u00fablica (SSP) Sonora:<\/p>\n<p>Twitter: @ssp_sonora<\/p>\n<p>Facebook: SSP Sonora<\/p>\n<p>Instagram: ssp_sonora<\/p>\n","protected":false},"excerpt":{"rendered":"<p>Para compartir con todos los sectores de la sociedad el programa de prevenci\u00f3n a las mujeres \u201cPor ti y por todas\u201d, impulsado por la gobernadora Claudia Pavlovich Arellano y puesto en marcha en d\u00edas pasados por la Secretar\u00eda de Seguridad P\u00fablica (SSP) y el Instituto Sonorense de las Mujeres (ISM), se inici\u00f3 con el recorrido [&hellip;]<\/p>\n","protected":false},"author":1,"featured_media":9403,"comment_status":"open","ping_status":"open","sticky":false,"template":"","format":"standard","meta":{"footnotes":""},"categories":[159],"tags":[],"class_list":["post"],"yoast_head":" \n<title>Impulsan programa de prevenci\u00f3n a la mujer \u201cPor ti y por todas\u201d - Periodista SoledadDurazo.com<\/title>\n<meta name=\"robots\" content=\"index, follow, max-snippet:-1, max-image-preview:large, max-video-preview:-1\" \/>\n<link rel=\"canonical\" href=\"https:\/\/soledaddurazo.com\/blog\/2021\/07\/06\/promueven-programa-de-prevencion-a-la-mujer-por-ti-y-por-todas\/\" \/>\n<meta property=\"og:locale\" content=\"es_MX\" \/>\n<meta property=\"og:type\" content=\"article\" \/>\n<meta property=\"og:title\" content=\"Impulsan programa de prevenci\u00f3n a la mujer \u201cPor ti y por todas\u201d\" \/>\n<meta property=\"og:description\" content=\"Para compartir con todos los sectores de la sociedad el programa de prevenci\u00f3n a las mujeres \u201cPor ti y por todas\u201d, impulsado por la gobernadora Claudia Pavlovich Arellano y puesto en marcha en d\u00edas pasados por la Secretar\u00eda de Seguridad P\u00fablica (SSP) y el Instituto Sonorense de las Mujeres (ISM), se inici\u00f3 con el recorrido [&hellip;]\" \/>\n<meta property=\"og:url\" content=\"https:\/\/soledaddurazo.com\/blog\/2021\/07\/06\/promueven-programa-de-prevencion-a-la-mujer-por-ti-y-por-todas\/\" \/>\n<meta property=\"og:site_name\" content=\"Periodista SoledadDurazo.com\" \/>\n<meta property=\"article:publisher\" content=\"https:\/\/www.facebook.com\/soledad.durazo.9\/\" \/>\n<meta property=\"article:published_time\" content=\"2021-07-06T07:41:19+00:00\" \/>\n<meta property=\"article:modified_time\" content=\"2021-07-06T07:54:23+00:00\" \/>\n<meta property=\"og:image\" content=\"https:\/\/soledaddurazo.com\/storage\/2021\/07\/mujeres.jpg\" \/>\n\t<meta property=\"og:image:width\" content=\"807\" \/>\n\t<meta property=\"og:image:height\" content=\"605\" \/>\n<meta name=\"twitter:card\" content=\"summary_large_image\" \/>\n<meta name=\"twitter:creator\" content=\"@SoledadDurazo\" \/>\n<meta name=\"twitter:site\" content=\"@SoledadDurazo\" \/>\n<meta name=\"twitter:label1\" content=\"Escrito por\" \/>\n\t<meta name=\"twitter:data1\" content=\"Redacci\u00f3n\" \/>\n\t<meta name=\"twitter:label2\" content=\"Tiempo de lectura\" \/>\n\t<meta name=\"twitter:data2\" content=\"2 minutos\" \/>\n<script type=\"application\/ld+json\" class=\"yoast-schema-graph\">{\"@context\":\"https:\/\/schema.org\",\"@graph\":[{\"@type\":\"Organization\",\"@id\":\"https:\/\/soledaddurazo.com\/#organization\",\"name\":\"Soledad Durazo\",\"url\":\"https:\/\/soledaddurazo.com\/\",\"sameAs\":[\"https:\/\/www.facebook.com\/soledad.durazo.9\/\",\"https:\/\/www.instagram.com\/soledaddurazo\",\"https:\/\/www.youtube.com\/channel\/UC9yGPw8-Vbl_B2XNkRwPS-w\",\"https:\/\/twitter.com\/SoledadDurazo\"],\"logo\":{\"@type\":\"ImageObject\",\"@id\":\"https:\/\/soledaddurazo.com\/#logo\",\"inLanguage\":\"es\",\"url\":\"https:\/\/soledaddurazo.com\/storage\/2021\/11\/nllp-720x375-1-2.png\",\"contentUrl\":\"https:\/\/soledaddurazo.com\/storage\/2021\/11\/nllp-720x375-1-2.png\",\"width\":720,\"height\":375,\"caption\":\"Soledad Durazo\"},\"image\":{\"@id\":\"https:\/\/soledaddurazo.com\/#logo\"}},{\"@type\":\"WebSite\",\"@id\":\"https:\/\/soledaddurazo.com\/#website\",\"url\":\"https:\/\/soledaddurazo.com\/\",\"name\":\"Periodista SoledadDurazo.com\",\"description\":\"Periodista sonorense. Directora de www.SoledadDurazo.com Columnista, conductora de radio y Tv. Catedr\\u00e1tica en la UNISON\",\"publisher\":{\"@id\":\"https:\/\/soledaddurazo.com\/#organization\"},\"potentialAction\":[{\"@type\":\"SearchAction\",\"target\":{\"@type\":\"EntryPoint\",\"urlTemplate\":\"https:\/\/soledaddurazo.com\/?s={search_term_string}\"},\"query-input\":\"required name=search_term_string\"}],\"inLanguage\":\"es\"},{\"@type\":\"ImageObject\",\"@id\":\"https:\/\/soledaddurazo.com\/blog\/2021\/07\/06\/promueven-programa-de-prevencion-a-la-mujer-por-ti-y-por-todas\/#primaryimage\",\"inLanguage\":\"es\",\"url\":\"https:\/\/soledaddurazo.com\/storage\/2021\/07\/mujeres.jpg\",\"contentUrl\":\"https:\/\/soledaddurazo.com\/storage\/2021\/07\/mujeres.jpg\",\"width\":807,\"height\":605},{\"@type\":\"WebPage\",\"@id\":\"https:\/\/soledaddurazo.com\/blog\/2021\/07\/06\/promueven-programa-de-prevencion-a-la-mujer-por-ti-y-por-todas\/#webpage\",\"url\":\"https:\/\/soledaddurazo.com\/blog\/2021\/07\/06\/promueven-programa-de-prevencion-a-la-mujer-por-ti-y-por-todas\/\",\"name\":\"Impulsan programa de prevenci\\u00f3n a la mujer \\u201cPor ti y por todas\\u201d - Periodista SoledadDurazo.com\",\"isPartOf\":{\"@id\":\"https:\/\/soledaddurazo.com\/#website\"},\"primaryImageOfPage\":{\"@id\":\"https:\/\/soledaddurazo.com\/blog\/2021\/07\/06\/promueven-programa-de-prevencion-a-la-mujer-por-ti-y-por-todas\/#primaryimage\"},\"datePublished\":\"2021-07-06T07:41:19+00:00\",\"dateModified\":\"2021-07-06T07:54:23+00:00\",\"breadcrumb\":{\"@id\":\"https:\/\/soledaddurazo.com\/blog\/2021\/07\/06\/promueven-programa-de-prevencion-a-la-mujer-por-ti-y-por-todas\/#breadcrumb\"},\"inLanguage\":\"es\",\"potentialAction\":[{\"@type\":\"ReadAction\",\"target\":[\"https:\/\/soledaddurazo.com\/blog\/2021\/07\/06\/promueven-programa-de-prevencion-a-la-mujer-por-ti-y-por-todas\/\"]}]},{\"@type\":\"BreadcrumbList\",\"@id\":\"https:\/\/soledaddurazo.com\/blog\/2021\/07\/06\/promueven-programa-de-prevencion-a-la-mujer-por-ti-y-por-todas\/#breadcrumb\",\"itemListElement\":[{\"@type\":\"ListItem\",\"position\":1,\"name\":\"Home\",\"item\":\"https:\/\/soledaddurazo.com\/\"},{\"@type\":\"ListItem\",\"position\":2,\"name\":\"Impulsan programa de prevenci\\u00f3n a la mujer \\u201cPor ti y por todas\\u201d\"}]},{\"@type\":\"Article\",\"@id\":\"https:\/\/soledaddurazo.com\/blog\/2021\/07\/06\/promueven-programa-de-prevencion-a-la-mujer-por-ti-y-por-todas\/#article\",\"isPartOf\":{\"@id\":\"https:\/\/soledaddurazo.com\/blog\/2021\/07\/06\/promueven-programa-de-prevencion-a-la-mujer-por-ti-y-por-todas\/#webpage\"},\"author\":{\"@id\":\"https:\/\/soledaddurazo.com\/#\/schema\/person\/822d8e13aa288585e6546f179853758b\"},\"headline\":\"Impulsan programa de prevenci\\u00f3n a la mujer \\u201cPor ti y por todas\\u201d\",\"datePublished\":\"2021-07-06T07:41:19+00:00\",\"dateModified\":\"2021-07-06T07:54:23+00:00\",\"mainEntityOfPage\":{\"@id\":\"https:\/\/soledaddurazo.com\/blog\/2021\/07\/06\/promueven-programa-de-prevencion-a-la-mujer-por-ti-y-por-todas\/#webpage\"},\"wordCount\":439,\"commentCount\":0,\"publisher\":{\"@id\":\"https:\/\/soledaddurazo.com\/#organization\"},\"image\":{\"@id\":\"https:\/\/soledaddurazo.com\/blog\/2021\/07\/06\/promueven-programa-de-prevencion-a-la-mujer-por-ti-y-por-todas\/#primaryimage\"},\"thumbnailUrl\":\"https:\/\/soledaddurazo.com\/storage\/2021\/07\/mujeres.jpg\",\"articleSection\":[\"Mi Sonora\"],\"inLanguage\":\"es\",\"potentialAction\":[{\"@type\":\"CommentAction\",\"name\":\"Comment\",\"target\":[\"https:\/\/soledaddurazo.com\/blog\/2021\/07\/06\/promueven-programa-de-prevencion-a-la-mujer-por-ti-y-por-todas\/#respond\"]}]},{\"@type\":\"Person\",\"@id\":\"https:\/\/soledaddurazo.com\/#\/schema\/person\/822d8e13aa288585e6546f179853758b\",\"name\":\"Redacci\\u00f3n\",\"image\":{\"@type\":\"ImageObject\",\"@id\":\"https:\/\/soledaddurazo.com\/#personlogo\",\"inLanguage\":\"es\",\"url\":\"https:\/\/secure.gravatar.com\/avatar\/c4e193752f756fd61f04deebed3a3a20dc188d37edb53682d313ac57f2725d54?s=96&d=mm&r=g\",\"contentUrl\":\"https:\/\/secure.gravatar.com\/avatar\/c4e193752f756fd61f04deebed3a3a20dc188d37edb53682d313ac57f2725d54?s=96&d=mm&r=g\",\"caption\":\"Redacci\\u00f3n\"},\"sameAs\":[\"https:\/\/soledaddurazo.com\"]}]}<\/script>\n ","yoast_head_json":{"title":"Impulsan programa de prevenci\u00f3n a la mujer \u201cPor ti y por todas\u201d - Periodista SoledadDurazo.com","robots":{"index":"index","follow":"follow","max-snippet":"max-snippet:-1","max-image-preview":"max-image-preview:large","max-video-preview":"max-video-preview:-1"},"canonical":"https:\/\/soledaddurazo.com\/blog\/2021\/07\/06\/promueven-programa-de-prevencion-a-la-mujer-por-ti-y-por-todas\/","og_locale":"es_MX","og_type":"article","og_title":"Impulsan programa de prevenci\u00f3n a la mujer \u201cPor ti y por todas\u201d","og_description":"Para compartir con todos los sectores de la sociedad el programa de prevenci\u00f3n a las mujeres \u201cPor ti y por todas\u201d, impulsado por la gobernadora Claudia Pavlovich Arellano y puesto en marcha en d\u00edas pasados por la Secretar\u00eda de Seguridad P\u00fablica (SSP) y el Instituto Sonorense de las Mujeres (ISM), se inici\u00f3 con el recorrido [&hellip;]","og_url":"https:\/\/soledaddurazo.com\/blog\/2021\/07\/06\/promueven-programa-de-prevencion-a-la-mujer-por-ti-y-por-todas\/","og_site_name":"Periodista SoledadDurazo.com","article_publisher":"https:\/\/www.facebook.com\/soledad.durazo.9\/","article_published_time":"2021-07-06T07:41:19+00:00","article_modified_time":"2021-07-06T07:54:23+00:00","og_image":[{"width":807,"height":605,"url":"https:\/\/soledaddurazo.com\/storage\/2021\/07\/mujeres.jpg","type":"image\/jpeg"}],"twitter_card":"summary_large_image","twitter_creator":"@SoledadDurazo","twitter_site":"@SoledadDurazo","twitter_misc":{"Escrito por":"Redacci\u00f3n","Tiempo de lectura":"2 minutos"},"schema":{"@context":"https:\/\/schema.org","@graph":[{"@type":"Organization","@id":"https:\/\/soledaddurazo.com\/#organization","name":"Soledad Durazo","url":"https:\/\/soledaddurazo.com\/","sameAs":["https:\/\/www.facebook.com\/soledad.durazo.9\/","https:\/\/www.instagram.com\/soledaddurazo","https:\/\/www.youtube.com\/channel\/UC9yGPw8-Vbl_B2XNkRwPS-w","https:\/\/twitter.com\/SoledadDurazo"],"logo":{"@type":"ImageObject","@id":"https:\/\/soledaddurazo.com\/#logo","inLanguage":"es","url":"https:\/\/soledaddurazo.com\/storage\/2021\/11\/nllp-720x375-1-2.png","contentUrl":"https:\/\/soledaddurazo.com\/storage\/2021\/11\/nllp-720x375-1-2.png","width":720,"height":375,"caption":"Soledad Durazo"},"image":{"@id":"https:\/\/soledaddurazo.com\/#logo"}},{"@type":"WebSite","@id":"https:\/\/soledaddurazo.com\/#website","url":"https:\/\/soledaddurazo.com\/","name":"Periodista SoledadDurazo.com","description":"Periodista sonorense. Directora de www.SoledadDurazo.com Columnista, conductora de radio y Tv. Catedr\u00e1tica en la UNISON","publisher":{"@id":"https:\/\/soledaddurazo.com\/#organization"},"potentialAction":[{"@type":"SearchAction","target":{"@type":"EntryPoint","urlTemplate":"https:\/\/soledaddurazo.com\/?s={search_term_string}"},"query-input":"required name=search_term_string"}],"inLanguage":"es"},{"@type":"ImageObject","@id":"https:\/\/soledaddurazo.com\/blog\/2021\/07\/06\/promueven-programa-de-prevencion-a-la-mujer-por-ti-y-por-todas\/#primaryimage","inLanguage":"es","url":"https:\/\/soledaddurazo.com\/storage\/2021\/07\/mujeres.jpg","contentUrl":"https:\/\/soledaddurazo.com\/storage\/2021\/07\/mujeres.jpg","width":807,"height":605},{"@type":"WebPage","@id":"https:\/\/soledaddurazo.com\/blog\/2021\/07\/06\/promueven-programa-de-prevencion-a-la-mujer-por-ti-y-por-todas\/#webpage","url":"https:\/\/soledaddurazo.com\/blog\/2021\/07\/06\/promueven-programa-de-prevencion-a-la-mujer-por-ti-y-por-todas\/","name":"Impulsan programa de prevenci\u00f3n a la mujer \u201cPor ti y por todas\u201d - Periodista SoledadDurazo.com","isPartOf":{"@id":"https:\/\/soledaddurazo.com\/#website"},"primaryImageOfPage":{"@id":"https:\/\/soledaddurazo.com\/blog\/2021\/07\/06\/promueven-programa-de-prevencion-a-la-mujer-por-ti-y-por-todas\/#primaryimage"},"datePublished":"2021-07-06T07:41:19+00:00","dateModified":"2021-07-06T07:54:23+00:00","breadcrumb":{"@id":"https:\/\/soledaddurazo.com\/blog\/2021\/07\/06\/promueven-programa-de-prevencion-a-la-mujer-por-ti-y-por-todas\/#breadcrumb"},"inLanguage":"es","potentialAction":[{"@type":"ReadAction","target":["https:\/\/soledaddurazo.com\/blog\/2021\/07\/06\/promueven-programa-de-prevencion-a-la-mujer-por-ti-y-por-todas\/"]}]},{"@type":"BreadcrumbList","@id":"https:\/\/soledaddurazo.com\/blog\/2021\/07\/06\/promueven-programa-de-prevencion-a-la-mujer-por-ti-y-por-todas\/#breadcrumb","itemListElement":[{"@type":"ListItem","position":1,"name":"Home","item":"https:\/\/soledaddurazo.com\/"},{"@type":"ListItem","position":2,"name":"Impulsan programa de prevenci\u00f3n a la mujer \u201cPor ti y por todas\u201d"}]},{"@type":"Article","@id":"https:\/\/soledaddurazo.com\/blog\/2021\/07\/06\/promueven-programa-de-prevencion-a-la-mujer-por-ti-y-por-todas\/#article","isPartOf":{"@id":"https:\/\/soledaddurazo.com\/blog\/2021\/07\/06\/promueven-programa-de-prevencion-a-la-mujer-por-ti-y-por-todas\/#webpage"},"author":{"@id":"https:\/\/soledaddurazo.com\/#\/schema\/person\/822d8e13aa288585e6546f179853758b"},"headline":"Impulsan programa de prevenci\u00f3n a la mujer \u201cPor ti y por todas\u201d","datePublished":"2021-07-06T07:41:19+00:00","dateModified":"2021-07-06T07:54:23+00:00","mainEntityOfPage":{"@id":"https:\/\/soledaddurazo.com\/blog\/2021\/07\/06\/promueven-programa-de-prevencion-a-la-mujer-por-ti-y-por-todas\/#webpage"},"wordCount":439,"commentCount":0,"publisher":{"@id":"https:\/\/soledaddurazo.com\/#organization"},"image":{"@id":"https:\/\/soledaddurazo.com\/blog\/2021\/07\/06\/promueven-programa-de-prevencion-a-la-mujer-por-ti-y-por-todas\/#primaryimage"},"thumbnailUrl":"https:\/\/soledaddurazo.com\/storage\/2021\/07\/mujeres.jpg","articleSection":["Mi Sonora"],"inLanguage":"es","potentialAction":[{"@type":"CommentAction","name":"Comment","target":["https:\/\/soledaddurazo.com\/blog\/2021\/07\/06\/promueven-programa-de-prevencion-a-la-mujer-por-ti-y-por-todas\/#respond"]}]},{"@type":"Person","@id":"https:\/\/soledaddurazo.com\/#\/schema\/person\/822d8e13aa288585e6546f179853758b","name":"Redacci\u00f3n","image":{"@type":"ImageObject","@id":"https:\/\/soledaddurazo.com\/#personlogo","inLanguage":"es","url":"https:\/\/secure.gravatar.com\/avatar\/c4e193752f756fd61f04deebed3a3a20dc188d37edb53682d313ac57f2725d54?s=96&d=mm&r=g","contentUrl":"https:\/\/secure.gravatar.com\/avatar\/c4e193752f756fd61f04deebed3a3a20dc188d37edb53682d313ac57f2725d54?s=96&d=mm&r=g","caption":"Redacci\u00f3n"},"sameAs":["https:\/\/soledaddurazo.com"]}]}},"_links":{"self":[{"href":"https:\/\/soledaddurazo.com\/api\/wp\/v2\/posts\/9401","targetHints":{"allow":["GET"]}}],"collection":[{"href":"https:\/\/soledaddurazo.com\/api\/wp\/v2\/posts"}],"about":[{"href":"https:\/\/soledaddurazo.com\/api\/wp\/v2\/types\/post"}],"author":[{"embeddable":true,"href":"https:\/\/soledaddurazo.com\/api\/wp\/v2\/users\/1"}],"replies":[{"embeddable":true,"href":"https:\/\/soledaddurazo.com\/api\/wp\/v2\/comments?post=9401"}],"version-history":[{"count":2,"href":"https:\/\/soledaddurazo.com\/api\/wp\/v2\/posts\/9401\/revisions"}],"predecessor-version":[{"id":9404,"href":"https:\/\/soledaddurazo.com\/api\/wp\/v2\/posts\/9401\/revisions\/9404"}],"wp:featuredmedia":[{"embeddable":true,"href":"https:\/\/soledaddurazo.com\/api\/wp\/v2\/media\/9403"}],"wp:attachment":[{"href":"https:\/\/soledaddurazo.com\/api\/wp\/v2\/media?parent=9401"}],"wp:term":[{"taxonomy":"category","embeddable":true,"href":"https:\/\/soledaddurazo.com\/api\/wp\/v2\/categories?post=9401"},{"taxonomy":"post_tag","embeddable":true,"href":"https:\/\/soledaddurazo.com\/api\/wp\/v2\/tags?post=9401"}],"curies":[{"name":"wp","href":"https:\/\/api.w.org\/{rel}","templated":true}]}}