{"id":9303,"date":"2021-06-30T21:21:07","date_gmt":"2021-07-01T04:21:07","guid":{"rendered":"https:\/\/soledaddurazo.com\/?p=9303"},"modified":"2021-06-30T21:21:07","modified_gmt":"2021-07-01T04:21:07","slug":"promover-la-lectura-estimular-a-cuentistas-y-poetas","status":"publish","type":"post","link":"https:\/\/soledaddurazo.com\/blog\/2021\/06\/30\/promover-la-lectura-estimular-a-cuentistas-y-poetas\/","title":{"rendered":"Promover la Lectura, Estimular a Cuentistas y Poetas"},"content":{"rendered":"<p><strong>POR IRRESPONSABLES, HAY CIENTOS DE CONTAGIADOS COVID 19<\/strong><\/p>\n<p>Una de las m\u00e1s nobles y emotivas tareas que no se ha perdido, a pesar de no contar con apoyos, oficial y privado, se realiza en la Ciudad de M\u00e9xico y tiene proyecci\u00f3n nacional en los rincones literarios, en talleres de lectura y de ense\u00f1anza para aspirantes a cuentistas, a escritores de diversa tem\u00e1tica, as\u00ed como a los amantes de la poes\u00eda. Crear el h\u00e1bito de la lectura, impulsarlo en los hogares como anta\u00f1o, implantarlo como obligatorio en las aulas, es soluci\u00f3n a m\u00faltiples problemas socio-culturales que padecemos desde hace a\u00f1os. Es tarea de padres de familia.<\/p>\n<p>A trav\u00e9s de las invitaciones de la escritora <strong>Esther V\u00e1zquez Ramos<\/strong> he conocido dos de los talleres literarios, cuyas actividades arrojan ya resultados positivos e inclusive los trabajos, narraciones de aspectos diversos de la vida cotidiana, la entrega de cuentos y la revelaci\u00f3n de nuevos poetas. La participaci\u00f3n de los adultos, mujeres y hombres, supera a la de los j\u00f3venes, por falta de m\u00e1s efectiva comunicaci\u00f3n y ese es uno de los prop\u00f3sitos de mi comentario relacionado con el libro \u201cprimog\u00e9nito\u201d de Tet\u00e9.<\/p>\n<p>Como una especie de pr\u00f3logo, para estar a tono con el tema, debo comentarles que al iniciarse el Siglo XXI cristaliz\u00f3 la idea de la extraodinaria reportera<strong> Noem\u00ed Atamoros Zeller <\/strong>para agrupar a sus amigas, colegas y conocidas, en la <strong>Asociaci\u00f3n de Escritores Tirant lo Blanc M\u00e9xico<\/strong>, estableciendo su sede y patrocinio en el <strong>Orfe\u00f3 Catal\u00e1 de M\u00e9xic<\/strong>. Y se dice r\u00e1pido, ya llevan m\u00e1s de 33 antolog\u00edas publicadas. Significativa aportaci\u00f3n a la literatura mexicana que ya trascendi\u00f3 nuestras fronteras. Lleg\u00f3 a Espa\u00f1a, como paso inicial. Do\u00f1a Noem\u00ed recibi\u00f3 reconocimientos premios por sus interesantes entrevistas y trascendentes reportajes en la \u00c9poca de\u00a0 Oro del diario Exc\u00e9lsior, d\u00e1ndole vida a las p\u00e1ginas de la Secci\u00f3n B.<\/p>\n<p>En el desarrollo de los trabajos participan todas las socias y tanto Noem\u00ed como Tet\u00e9\u00a0 han coordinado la compilaci\u00f3n de los trabajos, el dise\u00f1o del formato, la presentaci\u00f3n de la portada, producto de la creatividad de <strong>Alicia Moneny<\/strong>.\u00a0 En forma entusiasta celebran la presentaci\u00f3n de cada libro antol\u00f3gico.<\/p>\n<p>Antes del ataque pand\u00e9mico que sufrimos, Esther\u00a0 me invit\u00f3 a la presentaci\u00f3n de un libro (<strong>Deseos\u2026 dudas, recuerdos<\/strong>), una antolog\u00eda del <strong>Taller de Proyectos Literarios<\/strong>. El pr\u00f3logo en pocas l\u00edneas nos explica que \u201cEsta es una antolog\u00eda rica en voces, en los que se incluyen textos con formaciones diversas tonos variopintos y experiencias literarias disimiles. Algunos textos son totalmente autobiogr\u00e1ficos, otros lo son como textos sin intenci\u00f3n; y de los otros\u2026nunca lo sabremos\u201d.<\/p>\n<p>Esa edici\u00f3n tiene una novedad, pues solo participa un hombre al lado de diez mujeres y entre ellas est\u00e1 la maestra <strong>Charlotte Carranza Ju\u00e1rez<\/strong>, cuya vocaci\u00f3n, conocimientos y paciencia comparte con su grupo, donde la admiraci\u00f3n, reconocimiento y respeto son sus mejores recompensas. A este Taller mi estimada Tet\u00e9 se uni\u00f3 hace apenas tres a\u00f1os y dice estar muy feliz como con sus veteranas compa\u00f1eras del Orfe\u00f3 Catal\u00e1 de Mexic.<\/p>\n<p><strong>EL PRIMOG\u00c9NITO DE TET\u00c9<\/strong><\/p>\n<p>Al paso de los d\u00edas, semanas, meses y hasta a\u00f1os, se lanza el \u201cal fin, termin\u00e9 y tener en las manos el libro, mi hijo, que revisamos una vez, otra, otra y otra, se equipara al momento que una mam\u00e1 trae a este mundo al beb\u00e9, al primero, al primog\u00e9nito\u201d. Sonrisas, abrazos, felicidad. La diferencia entre uno y otro nacimientos, es que el libro es obra de una sola persona, aun cuando tenga auxiliares, correctores, presentadores y publicistas, adem\u00e1s de los cr\u00edticos anticipados que nunca faltan. Para el libro, mam\u00e1 y pap\u00e1.<\/p>\n<p>\u201cEl lunes 15 de febrero pasado, escribi\u00f3 Esther V\u00e1zquez Ramos, la emoci\u00f3n y el festejo por este hijo, bienvenido, dentro de festejos y comentarios, recib\u00ed la llamada de mi maestro, amigo y periodista (su servidor) que como tal, me pregunt\u00f3 \u201c<strong>porqu\u00e9, para qu\u00e9 o para qui\u00e9n hab\u00eda escrito este libro<\/strong>\u201d.<\/p>\n<p>Habl\u00e1bamos del \u201cbautizado\u201d como \u201c<strong>Yo y la Cultura\u2026una aventura entre letras<\/strong>\u201d.<\/p>\n<p>\u201cBueno, pensando en voz alta, espero que este libro llene un hueco faltante entre nosotros <strong>Los Mediadores de Lectura<\/strong>.<\/p>\n<p>&#8211;Por favor Tet\u00e9,\u00a0 explica qu\u00e9 es un Mediador de Lectura.<\/p>\n<p>&#8211;Un Medidor de Lectura tiene que ser, en principio, un buen lector. Aqu\u00ed en este libro vierto mi experiencia como lectora. \u00bfPero, para qu\u00e9? Para sacar una l\u00e1mpara maravillosa y encantar al individuo, infantil o adulto, para que sea un lector activo.<\/p>\n<p>Mi exalumna de la Escuela de Periodismo Carlos Septi\u00e9n Garc\u00eda, asegura que \u201chay un sinf\u00edn de formas y de caminos\u201d para motivar a ser lector activo. Despu\u00e9s de leer un libro, se comenta con un interlocutor capacitado para ello. Ah\u00ed se inicia el h\u00e1bito, aunque no siempre el aspirante lo consigue.<\/p>\n<p>Cuenta nuestra escritora: \u201cTuve suerte y la vida me llev\u00f3 de la mano, pues desde ni\u00f1a hubo personas lectoras que comentaban\u00a0 textos, libros, art\u00edculos, en fin\u201d.<\/p>\n<p>&nbsp;<\/p>\n<p>&#8211;Dime, fue principio de tu formaci\u00f3n, de tu vocaci\u00f3n\u2026.<\/p>\n<p>&#8211;En qu\u00e9 me bas\u00e9. En dos libros de lectura de Mich\u00e9le Petit, \u201cUna infancia en el pa\u00eds de los libros\u201d y \u201cNuevos acercamientos a los j\u00f3venes y a la lectura\u201d, un autora que cautiv\u00f3 a Tet\u00e9.<\/p>\n<p><strong>18 A\u00d1OS DE ARDUO TRABAJO<\/strong><\/p>\n<p>Esther V\u00e1zquez Ramos no oculta su felicidad por \u201chaber dado a luz\u201d a su primer hijo, despu\u00e9s de a\u00f1os como narradora de cuentos, redactora de art\u00edculos, de conferencista en diferentes centros culturales y desempe\u00f1arse como <strong>Mediadora<\/strong> o <strong>Animadora de Lectura<\/strong>.<\/p>\n<p>&#8211;Infiero que tu trabajo profesional de profesora y\u00a0 de coordinadora del grupo literario, hizo complicado el integrar el libro.<\/p>\n<p>&#8211;Me llev\u00f3 18 a\u00f1os conjuntar la informaci\u00f3n, la de mi trabajo como Animadora de Lectura. El libro lo comenc\u00e9 al parejo del Siglo XXI y no es que lo haya dejado de lado, pues conclu\u00ed en el 2018.<\/p>\n<p>&#8211;\u00bfQu\u00e9 retras\u00f3 la publicaci\u00f3n, qu\u00e9 imped\u00eda el \u201calumbramiento\u201d?<\/p>\n<p>&#8211;Para diciembre de 2018 de hecho conclu\u00ed la parte relativa a mi trabajo. Lleg\u00f3 el cambio de gobierno y termin\u00f3 el programa para el que estaba contratada. Hasta noviembre de 2019 fue la recontrataci\u00f3n, pero hizo acto de presencia \u201cel se\u00f1or COVID 19\u201d.<\/p>\n<p>\u201cEste tiempo de relax lo he aprovechado para darle forma a la siguiente etapa. Fui en busca de la licenciada <strong>Rita Noem\u00ed Gamboa Victoria<\/strong>, conocedora del tema y fue incisiva en cuestionarme: \u201cPara qu\u00e9 lo quieres (el libro)\u201d e inmediatamente me cuestion\u00f3: \u201cSimplemente para imprimirlo o para concurso\u201d. Le contest\u00e9 sin titubear: \u201cPara concurso\u201d. Nos pusimos a trabajar sin parar.<\/p>\n<p>El deseo de concursarlo, no fue posible. Su amiga <strong>Silvia Vel\u00e1zquez Miranda <\/strong>le pidi\u00f3 un art\u00edculo sobre el libro y Tet\u00e9 redact\u00f3 unas cuartillas tituladas \u201cEl Adolescente, el Libro y el Mediador\u201d, publicado en la Nueva Gaceta Bibliogr\u00e1fica, del Instituto de Investigaciones Bibliogr\u00e1ficas de la UNAM.<\/p>\n<p><strong>\u00a0<\/strong>Motivada, con la emoci\u00f3n del primer d\u00eda, Esther continu\u00f3 hablando:<\/p>\n<p><strong>&#8211;Elizabeth Mu\u00f1oz S\u00e1nchez \u201c<\/strong>me apoy\u00f3 con la correcci\u00f3n de estilo\u201d. Para el pr\u00f3logo \u201cel destino me puso a <strong>Charlotte Carranza Ju\u00e1rez<\/strong>\u201d y \u201cmi linda amiga y fot\u00f3grafa <strong>Gabriela Aguilar <\/strong>me pidi\u00f3 hacer una sesi\u00f3n fotogr\u00e1fica y los resultados est\u00e1n en la portada.<\/p>\n<p>Despu\u00e9s de recibir el certificado en Derechos de Autor, \u201cfui a una sesi\u00f3n de Animadores de Lectura, donde <strong>Rafa Cessa<\/strong> conoci\u00f3 de mi libro y sugiri\u00f3 buscar a <strong>Ang\u00e9lica Icaza <\/strong>que tiene un taller y me inscrib\u00ed, le habl\u00e9 de mi libro y\u2026<\/p>\n<p>\u201c\u2026Ang\u00e9lica acept\u00f3 buscar \u201cun hospital para dar a luz y los \u201cdoctores\u201d resultaron especialistas. El 12 de febrero de 2021, al medio d\u00eda, que llega el beb\u00e9 (el libro impreso y encuadernado) como ca\u00eddo del cielo\u201d.<\/p>\n<p><strong>jherrerav@live.com.mx<\/strong><\/p>\n","protected":false},"excerpt":{"rendered":"<p>POR IRRESPONSABLES, HAY CIENTOS DE CONTAGIADOS COVID 19 Una de las m\u00e1s nobles y emotivas tareas que no se ha perdido, a pesar de no contar con apoyos, oficial y privado, se realiza en la Ciudad de M\u00e9xico y tiene proyecci\u00f3n nacional en los rincones literarios, en talleres de lectura y de ense\u00f1anza para aspirantes [&hellip;]<\/p>\n","protected":false},"author":1,"featured_media":8076,"comment_status":"open","ping_status":"open","sticky":false,"template":"","format":"standard","meta":{"footnotes":""},"categories":[172],"tags":[],"class_list":["post"],"yoast_head":" \n<title>Promover la Lectura, Estimular a Cuentistas y Poetas - Periodista SoledadDurazo.com<\/title>\n<meta name=\"robots\" content=\"index, follow, max-snippet:-1, max-image-preview:large, max-video-preview:-1\" \/>\n<link rel=\"canonical\" href=\"https:\/\/soledaddurazo.com\/blog\/2021\/06\/30\/promover-la-lectura-estimular-a-cuentistas-y-poetas\/\" \/>\n<meta property=\"og:locale\" content=\"es_MX\" \/>\n<meta property=\"og:type\" content=\"article\" \/>\n<meta property=\"og:title\" content=\"Promover la Lectura, Estimular a Cuentistas y Poetas\" \/>\n<meta property=\"og:description\" content=\"POR IRRESPONSABLES, HAY CIENTOS DE CONTAGIADOS COVID 19 Una de las m\u00e1s nobles y emotivas tareas que no se ha perdido, a pesar de no contar con apoyos, oficial y privado, se realiza en la Ciudad de M\u00e9xico y tiene proyecci\u00f3n nacional en los rincones literarios, en talleres de lectura y de ense\u00f1anza para aspirantes [&hellip;]\" \/>\n<meta property=\"og:url\" content=\"https:\/\/soledaddurazo.com\/blog\/2021\/06\/30\/promover-la-lectura-estimular-a-cuentistas-y-poetas\/\" \/>\n<meta property=\"og:site_name\" content=\"Periodista SoledadDurazo.com\" \/>\n<meta property=\"article:publisher\" content=\"https:\/\/www.facebook.com\/soledad.durazo.9\/\" \/>\n<meta property=\"article:published_time\" content=\"2021-07-01T04:21:07+00:00\" \/>\n<meta property=\"og:image\" content=\"https:\/\/soledaddurazo.com\/storage\/2021\/05\/FOTO-JORGE-HERRERA.jpg\" \/>\n\t<meta property=\"og:image:width\" content=\"204\" \/>\n\t<meta property=\"og:image:height\" content=\"266\" \/>\n<meta name=\"twitter:card\" content=\"summary_large_image\" \/>\n<meta name=\"twitter:creator\" content=\"@SoledadDurazo\" \/>\n<meta name=\"twitter:site\" content=\"@SoledadDurazo\" \/>\n<meta name=\"twitter:label1\" content=\"Escrito por\" \/>\n\t<meta name=\"twitter:data1\" content=\"Redacci\u00f3n\" \/>\n\t<meta name=\"twitter:label2\" content=\"Tiempo de lectura\" \/>\n\t<meta name=\"twitter:data2\" content=\"7 minutos\" \/>\n<script type=\"application\/ld+json\" class=\"yoast-schema-graph\">{\"@context\":\"https:\/\/schema.org\",\"@graph\":[{\"@type\":\"Organization\",\"@id\":\"https:\/\/soledaddurazo.com\/#organization\",\"name\":\"Soledad Durazo\",\"url\":\"https:\/\/soledaddurazo.com\/\",\"sameAs\":[\"https:\/\/www.facebook.com\/soledad.durazo.9\/\",\"https:\/\/www.instagram.com\/soledaddurazo\",\"https:\/\/www.youtube.com\/channel\/UC9yGPw8-Vbl_B2XNkRwPS-w\",\"https:\/\/twitter.com\/SoledadDurazo\"],\"logo\":{\"@type\":\"ImageObject\",\"@id\":\"https:\/\/soledaddurazo.com\/#logo\",\"inLanguage\":\"es\",\"url\":\"https:\/\/soledaddurazo.com\/storage\/2021\/11\/nllp-720x375-1-2.png\",\"contentUrl\":\"https:\/\/soledaddurazo.com\/storage\/2021\/11\/nllp-720x375-1-2.png\",\"width\":720,\"height\":375,\"caption\":\"Soledad Durazo\"},\"image\":{\"@id\":\"https:\/\/soledaddurazo.com\/#logo\"}},{\"@type\":\"WebSite\",\"@id\":\"https:\/\/soledaddurazo.com\/#website\",\"url\":\"https:\/\/soledaddurazo.com\/\",\"name\":\"Periodista SoledadDurazo.com\",\"description\":\"Periodista sonorense. Directora de www.SoledadDurazo.com Columnista, conductora de radio y Tv. Catedr\\u00e1tica en la UNISON\",\"publisher\":{\"@id\":\"https:\/\/soledaddurazo.com\/#organization\"},\"potentialAction\":[{\"@type\":\"SearchAction\",\"target\":{\"@type\":\"EntryPoint\",\"urlTemplate\":\"https:\/\/soledaddurazo.com\/?s={search_term_string}\"},\"query-input\":\"required name=search_term_string\"}],\"inLanguage\":\"es\"},{\"@type\":\"ImageObject\",\"@id\":\"https:\/\/soledaddurazo.com\/blog\/2021\/06\/30\/promover-la-lectura-estimular-a-cuentistas-y-poetas\/#primaryimage\",\"inLanguage\":\"es\",\"url\":\"https:\/\/soledaddurazo.com\/storage\/2021\/05\/FOTO-JORGE-HERRERA.jpg\",\"contentUrl\":\"https:\/\/soledaddurazo.com\/storage\/2021\/05\/FOTO-JORGE-HERRERA.jpg\",\"width\":204,\"height\":266},{\"@type\":\"WebPage\",\"@id\":\"https:\/\/soledaddurazo.com\/blog\/2021\/06\/30\/promover-la-lectura-estimular-a-cuentistas-y-poetas\/#webpage\",\"url\":\"https:\/\/soledaddurazo.com\/blog\/2021\/06\/30\/promover-la-lectura-estimular-a-cuentistas-y-poetas\/\",\"name\":\"Promover la Lectura, Estimular a Cuentistas y Poetas - Periodista SoledadDurazo.com\",\"isPartOf\":{\"@id\":\"https:\/\/soledaddurazo.com\/#website\"},\"primaryImageOfPage\":{\"@id\":\"https:\/\/soledaddurazo.com\/blog\/2021\/06\/30\/promover-la-lectura-estimular-a-cuentistas-y-poetas\/#primaryimage\"},\"datePublished\":\"2021-07-01T04:21:07+00:00\",\"dateModified\":\"2021-07-01T04:21:07+00:00\",\"breadcrumb\":{\"@id\":\"https:\/\/soledaddurazo.com\/blog\/2021\/06\/30\/promover-la-lectura-estimular-a-cuentistas-y-poetas\/#breadcrumb\"},\"inLanguage\":\"es\",\"potentialAction\":[{\"@type\":\"ReadAction\",\"target\":[\"https:\/\/soledaddurazo.com\/blog\/2021\/06\/30\/promover-la-lectura-estimular-a-cuentistas-y-poetas\/\"]}]},{\"@type\":\"BreadcrumbList\",\"@id\":\"https:\/\/soledaddurazo.com\/blog\/2021\/06\/30\/promover-la-lectura-estimular-a-cuentistas-y-poetas\/#breadcrumb\",\"itemListElement\":[{\"@type\":\"ListItem\",\"position\":1,\"name\":\"Home\",\"item\":\"https:\/\/soledaddurazo.com\/\"},{\"@type\":\"ListItem\",\"position\":2,\"name\":\"Promover la Lectura, Estimular a Cuentistas y Poetas\"}]},{\"@type\":\"Article\",\"@id\":\"https:\/\/soledaddurazo.com\/blog\/2021\/06\/30\/promover-la-lectura-estimular-a-cuentistas-y-poetas\/#article\",\"isPartOf\":{\"@id\":\"https:\/\/soledaddurazo.com\/blog\/2021\/06\/30\/promover-la-lectura-estimular-a-cuentistas-y-poetas\/#webpage\"},\"author\":{\"@id\":\"https:\/\/soledaddurazo.com\/#\/schema\/person\/822d8e13aa288585e6546f179853758b\"},\"headline\":\"Promover la Lectura, Estimular a Cuentistas y Poetas\",\"datePublished\":\"2021-07-01T04:21:07+00:00\",\"dateModified\":\"2021-07-01T04:21:07+00:00\",\"mainEntityOfPage\":{\"@id\":\"https:\/\/soledaddurazo.com\/blog\/2021\/06\/30\/promover-la-lectura-estimular-a-cuentistas-y-poetas\/#webpage\"},\"wordCount\":1349,\"commentCount\":0,\"publisher\":{\"@id\":\"https:\/\/soledaddurazo.com\/#organization\"},\"image\":{\"@id\":\"https:\/\/soledaddurazo.com\/blog\/2021\/06\/30\/promover-la-lectura-estimular-a-cuentistas-y-poetas\/#primaryimage\"},\"thumbnailUrl\":\"https:\/\/soledaddurazo.com\/storage\/2021\/05\/FOTO-JORGE-HERRERA.jpg\",\"articleSection\":[\"Jorge Herrera\"],\"inLanguage\":\"es\",\"potentialAction\":[{\"@type\":\"CommentAction\",\"name\":\"Comment\",\"target\":[\"https:\/\/soledaddurazo.com\/blog\/2021\/06\/30\/promover-la-lectura-estimular-a-cuentistas-y-poetas\/#respond\"]}]},{\"@type\":\"Person\",\"@id\":\"https:\/\/soledaddurazo.com\/#\/schema\/person\/822d8e13aa288585e6546f179853758b\",\"name\":\"Redacci\\u00f3n\",\"image\":{\"@type\":\"ImageObject\",\"@id\":\"https:\/\/soledaddurazo.com\/#personlogo\",\"inLanguage\":\"es\",\"url\":\"https:\/\/secure.gravatar.com\/avatar\/c4e193752f756fd61f04deebed3a3a20dc188d37edb53682d313ac57f2725d54?s=96&d=mm&r=g\",\"contentUrl\":\"https:\/\/secure.gravatar.com\/avatar\/c4e193752f756fd61f04deebed3a3a20dc188d37edb53682d313ac57f2725d54?s=96&d=mm&r=g\",\"caption\":\"Redacci\\u00f3n\"},\"sameAs\":[\"https:\/\/soledaddurazo.com\"]}]}<\/script>\n ","yoast_head_json":{"title":"Promover la Lectura, Estimular a Cuentistas y Poetas - Periodista SoledadDurazo.com","robots":{"index":"index","follow":"follow","max-snippet":"max-snippet:-1","max-image-preview":"max-image-preview:large","max-video-preview":"max-video-preview:-1"},"canonical":"https:\/\/soledaddurazo.com\/blog\/2021\/06\/30\/promover-la-lectura-estimular-a-cuentistas-y-poetas\/","og_locale":"es_MX","og_type":"article","og_title":"Promover la Lectura, Estimular a Cuentistas y Poetas","og_description":"POR IRRESPONSABLES, HAY CIENTOS DE CONTAGIADOS COVID 19 Una de las m\u00e1s nobles y emotivas tareas que no se ha perdido, a pesar de no contar con apoyos, oficial y privado, se realiza en la Ciudad de M\u00e9xico y tiene proyecci\u00f3n nacional en los rincones literarios, en talleres de lectura y de ense\u00f1anza para aspirantes [&hellip;]","og_url":"https:\/\/soledaddurazo.com\/blog\/2021\/06\/30\/promover-la-lectura-estimular-a-cuentistas-y-poetas\/","og_site_name":"Periodista SoledadDurazo.com","article_publisher":"https:\/\/www.facebook.com\/soledad.durazo.9\/","article_published_time":"2021-07-01T04:21:07+00:00","og_image":[{"width":204,"height":266,"url":"https:\/\/soledaddurazo.com\/storage\/2021\/05\/FOTO-JORGE-HERRERA.jpg","type":"image\/jpeg"}],"twitter_card":"summary_large_image","twitter_creator":"@SoledadDurazo","twitter_site":"@SoledadDurazo","twitter_misc":{"Escrito por":"Redacci\u00f3n","Tiempo de lectura":"7 minutos"},"schema":{"@context":"https:\/\/schema.org","@graph":[{"@type":"Organization","@id":"https:\/\/soledaddurazo.com\/#organization","name":"Soledad Durazo","url":"https:\/\/soledaddurazo.com\/","sameAs":["https:\/\/www.facebook.com\/soledad.durazo.9\/","https:\/\/www.instagram.com\/soledaddurazo","https:\/\/www.youtube.com\/channel\/UC9yGPw8-Vbl_B2XNkRwPS-w","https:\/\/twitter.com\/SoledadDurazo"],"logo":{"@type":"ImageObject","@id":"https:\/\/soledaddurazo.com\/#logo","inLanguage":"es","url":"https:\/\/soledaddurazo.com\/storage\/2021\/11\/nllp-720x375-1-2.png","contentUrl":"https:\/\/soledaddurazo.com\/storage\/2021\/11\/nllp-720x375-1-2.png","width":720,"height":375,"caption":"Soledad Durazo"},"image":{"@id":"https:\/\/soledaddurazo.com\/#logo"}},{"@type":"WebSite","@id":"https:\/\/soledaddurazo.com\/#website","url":"https:\/\/soledaddurazo.com\/","name":"Periodista SoledadDurazo.com","description":"Periodista sonorense. Directora de www.SoledadDurazo.com Columnista, conductora de radio y Tv. Catedr\u00e1tica en la UNISON","publisher":{"@id":"https:\/\/soledaddurazo.com\/#organization"},"potentialAction":[{"@type":"SearchAction","target":{"@type":"EntryPoint","urlTemplate":"https:\/\/soledaddurazo.com\/?s={search_term_string}"},"query-input":"required name=search_term_string"}],"inLanguage":"es"},{"@type":"ImageObject","@id":"https:\/\/soledaddurazo.com\/blog\/2021\/06\/30\/promover-la-lectura-estimular-a-cuentistas-y-poetas\/#primaryimage","inLanguage":"es","url":"https:\/\/soledaddurazo.com\/storage\/2021\/05\/FOTO-JORGE-HERRERA.jpg","contentUrl":"https:\/\/soledaddurazo.com\/storage\/2021\/05\/FOTO-JORGE-HERRERA.jpg","width":204,"height":266},{"@type":"WebPage","@id":"https:\/\/soledaddurazo.com\/blog\/2021\/06\/30\/promover-la-lectura-estimular-a-cuentistas-y-poetas\/#webpage","url":"https:\/\/soledaddurazo.com\/blog\/2021\/06\/30\/promover-la-lectura-estimular-a-cuentistas-y-poetas\/","name":"Promover la Lectura, Estimular a Cuentistas y Poetas - Periodista SoledadDurazo.com","isPartOf":{"@id":"https:\/\/soledaddurazo.com\/#website"},"primaryImageOfPage":{"@id":"https:\/\/soledaddurazo.com\/blog\/2021\/06\/30\/promover-la-lectura-estimular-a-cuentistas-y-poetas\/#primaryimage"},"datePublished":"2021-07-01T04:21:07+00:00","dateModified":"2021-07-01T04:21:07+00:00","breadcrumb":{"@id":"https:\/\/soledaddurazo.com\/blog\/2021\/06\/30\/promover-la-lectura-estimular-a-cuentistas-y-poetas\/#breadcrumb"},"inLanguage":"es","potentialAction":[{"@type":"ReadAction","target":["https:\/\/soledaddurazo.com\/blog\/2021\/06\/30\/promover-la-lectura-estimular-a-cuentistas-y-poetas\/"]}]},{"@type":"BreadcrumbList","@id":"https:\/\/soledaddurazo.com\/blog\/2021\/06\/30\/promover-la-lectura-estimular-a-cuentistas-y-poetas\/#breadcrumb","itemListElement":[{"@type":"ListItem","position":1,"name":"Home","item":"https:\/\/soledaddurazo.com\/"},{"@type":"ListItem","position":2,"name":"Promover la Lectura, Estimular a Cuentistas y Poetas"}]},{"@type":"Article","@id":"https:\/\/soledaddurazo.com\/blog\/2021\/06\/30\/promover-la-lectura-estimular-a-cuentistas-y-poetas\/#article","isPartOf":{"@id":"https:\/\/soledaddurazo.com\/blog\/2021\/06\/30\/promover-la-lectura-estimular-a-cuentistas-y-poetas\/#webpage"},"author":{"@id":"https:\/\/soledaddurazo.com\/#\/schema\/person\/822d8e13aa288585e6546f179853758b"},"headline":"Promover la Lectura, Estimular a Cuentistas y Poetas","datePublished":"2021-07-01T04:21:07+00:00","dateModified":"2021-07-01T04:21:07+00:00","mainEntityOfPage":{"@id":"https:\/\/soledaddurazo.com\/blog\/2021\/06\/30\/promover-la-lectura-estimular-a-cuentistas-y-poetas\/#webpage"},"wordCount":1349,"commentCount":0,"publisher":{"@id":"https:\/\/soledaddurazo.com\/#organization"},"image":{"@id":"https:\/\/soledaddurazo.com\/blog\/2021\/06\/30\/promover-la-lectura-estimular-a-cuentistas-y-poetas\/#primaryimage"},"thumbnailUrl":"https:\/\/soledaddurazo.com\/storage\/2021\/05\/FOTO-JORGE-HERRERA.jpg","articleSection":["Jorge Herrera"],"inLanguage":"es","potentialAction":[{"@type":"CommentAction","name":"Comment","target":["https:\/\/soledaddurazo.com\/blog\/2021\/06\/30\/promover-la-lectura-estimular-a-cuentistas-y-poetas\/#respond"]}]},{"@type":"Person","@id":"https:\/\/soledaddurazo.com\/#\/schema\/person\/822d8e13aa288585e6546f179853758b","name":"Redacci\u00f3n","image":{"@type":"ImageObject","@id":"https:\/\/soledaddurazo.com\/#personlogo","inLanguage":"es","url":"https:\/\/secure.gravatar.com\/avatar\/c4e193752f756fd61f04deebed3a3a20dc188d37edb53682d313ac57f2725d54?s=96&d=mm&r=g","contentUrl":"https:\/\/secure.gravatar.com\/avatar\/c4e193752f756fd61f04deebed3a3a20dc188d37edb53682d313ac57f2725d54?s=96&d=mm&r=g","caption":"Redacci\u00f3n"},"sameAs":["https:\/\/soledaddurazo.com"]}]}},"_links":{"self":[{"href":"https:\/\/soledaddurazo.com\/api\/wp\/v2\/posts\/9303","targetHints":{"allow":["GET"]}}],"collection":[{"href":"https:\/\/soledaddurazo.com\/api\/wp\/v2\/posts"}],"about":[{"href":"https:\/\/soledaddurazo.com\/api\/wp\/v2\/types\/post"}],"author":[{"embeddable":true,"href":"https:\/\/soledaddurazo.com\/api\/wp\/v2\/users\/1"}],"replies":[{"embeddable":true,"href":"https:\/\/soledaddurazo.com\/api\/wp\/v2\/comments?post=9303"}],"version-history":[{"count":1,"href":"https:\/\/soledaddurazo.com\/api\/wp\/v2\/posts\/9303\/revisions"}],"predecessor-version":[{"id":9304,"href":"https:\/\/soledaddurazo.com\/api\/wp\/v2\/posts\/9303\/revisions\/9304"}],"wp:featuredmedia":[{"embeddable":true,"href":"https:\/\/soledaddurazo.com\/api\/wp\/v2\/media\/8076"}],"wp:attachment":[{"href":"https:\/\/soledaddurazo.com\/api\/wp\/v2\/media?parent=9303"}],"wp:term":[{"taxonomy":"category","embeddable":true,"href":"https:\/\/soledaddurazo.com\/api\/wp\/v2\/categories?post=9303"},{"taxonomy":"post_tag","embeddable":true,"href":"https:\/\/soledaddurazo.com\/api\/wp\/v2\/tags?post=9303"}],"curies":[{"name":"wp","href":"https:\/\/api.w.org\/{rel}","templated":true}]}}