{"id":9288,"date":"2021-06-30T00:24:37","date_gmt":"2021-06-30T07:24:37","guid":{"rendered":"https:\/\/soledaddurazo.com\/?p=9288"},"modified":"2021-06-30T00:33:17","modified_gmt":"2021-06-30T07:33:17","slug":"instalan-comision-de-transicion-del-proceso-de-entrega-recepcion","status":"publish","type":"post","link":"https:\/\/soledaddurazo.com\/blog\/2021\/06\/30\/instalan-comision-de-transicion-del-proceso-de-entrega-recepcion\/","title":{"rendered":"Instalan Comisi\u00f3n de Transici\u00f3n del Proceso de Entrega-Recepci\u00f3n"},"content":{"rendered":"<p>Las y los sonorenses pueden tener la tranquilidad de que sus recursos humanos, financieros, materiales, documentales y tecnol\u00f3gicos y los bienes y patrimonio del Poder Ejecutivo de Sonora, ser\u00e1n transmitidos con estricto apego a la ley, con orden, transparencia y la m\u00e1s profunda convicci\u00f3n democr\u00e1tica y de alta institucionalidad, afirm\u00f3 la gobernadora Claudia Pavlovich Arellano al instalar, junto con el gobernador electo Alfonso Durazo Monta\u00f1o, la Comisi\u00f3n de Transici\u00f3n del Proceso de Entrega-Recepci\u00f3n del Gobierno del Estado.<\/p>\n<p>La mandataria sonorense destac\u00f3 que con la instalaci\u00f3n de esta Comisi\u00f3n, que tuvo lugar en el sal\u00f3n Gobernadores de Palacio de Gobierno, inicia el proceso de transici\u00f3n para el que, desde el primer d\u00eda de su administraci\u00f3n, su equipo de trabajo se ha venido preparando, por lo que asegur\u00f3 que la entrega-recepci\u00f3n se realizar\u00e1 bajo los m\u00e1s altos est\u00e1ndares t\u00e9cnicos y jur\u00eddicos, con la mayor transparencia, orden y responsabilidad institucional.<\/p>\n<p>El gobernador electo, Alfonso Durazo, agradeci\u00f3 el \u00e1nimo colaborativo de la gobernadora Pavlovich y su gabinete y afirm\u00f3 que con la integraci\u00f3n de esta Comisi\u00f3n Mixta dan inicio formal los trabajos de transici\u00f3n con total orden y transparencia; y que dicho proceso administrativo no es un asunto de mero tr\u00e1mite, sino un importante paso que exige la debida atenci\u00f3n, confianza y responsabilidad p\u00fablica entre quienes entregan y quienes reciben el patrimonio de los sonorenses.<\/p>\n<p>La gobernadora Pavlovich indic\u00f3 que \u201clas pr\u00f3ximas semanas ser\u00e1n de mucho trabajo, de reuniones extensas, de an\u00e1lisis y di\u00e1logo; cuenten con el profesionalismo de las y los servidores p\u00fablicos para esta tarea y con la mayor convicci\u00f3n democr\u00e1tica de la gobernadora para llevarla a cabo\u201d y dio a conocer que para este proceso de entrega integr\u00f3 cuatro coordinaciones generales:<\/p>\n<p>Miguel \u00c1ngel Murillo Aispuro, secretario de la Contralor\u00eda General, ser\u00e1 el responsable, como lo establece la Ley de Entrega-Recepci\u00f3n para el Estado de Sonora, de todo lo relativo a los sistemas de las dependencias y entidades de la administraci\u00f3n p\u00fablica estatal; Juan \u00c1ngel Castillo Taraz\u00f3n, secretario de Gobierno, tendr\u00e1 como encomienda la entrega de lo relativo a la agenda pol\u00edtica, jur\u00eddica y de seguridad p\u00fablica de la entidad; Ra\u00fal Navarro Gallegos, secretario de Hacienda, llevar\u00e1 el liderazgo en la entrega de lo relativo a las finanzas p\u00fablicas de la administraci\u00f3n estatal.<\/p>\n<p>Epifanio Salido Pavlovich, jefe de la Oficina del Ejecutivo, coordinar\u00e1 la entrega de lo relacionado a la acci\u00f3n de gobierno, cumplimiento de compromisos, Plan Estatal de Desarrollo y la Ley Org\u00e1nica del Poder Ejecutivo, adem\u00e1s, ser\u00e1 un facilitador entre los equipos para garantizar que las agendas de reuniones se realicen con puntualidad y la mejor disposici\u00f3n institucional. En este proceso participan tambi\u00e9n DIF Sonora, Isssteson, Comisi\u00f3n Estatal del Agua, Radio Sonora, Instituto Sonorense de la Juventud y Telemax.<\/p>\n<p>La gobernadora record\u00f3 que a partir de las reformas legales que dotaron al Instituto Superior de Auditor\u00eda y Fiscalizaci\u00f3n del Estado de Sonora de las facultades correspondientes, solicit\u00f3 una auditor\u00eda en tiempo real del ejercicio 2021 para entregar cuentas claras a la administraci\u00f3n entrante; por lo que cada recurso ejercido por este Gobierno habr\u00e1 sido auditado y estar\u00e1, con la mayor transparencia, a la vista de las nuevas autoridades y los sonorenses.<\/p>\n<p>\u201cAgradezco al gobernador electo su presencia, reconozco la convicci\u00f3n con la que ha asumido este proceso, hago patente nuestra mejor disposici\u00f3n y deseo que estas semanas sean productivas, siempre pensando en el superior objetivo de beneficiar a las y los sonorenses\u201d, expres\u00f3.<\/p>\n<p>El gobernador electo Alfonso Durazo dio a conocer los nombres que por parte de su equipo de colaboradores integrar\u00e1n la Comisi\u00f3n de Transici\u00f3n:<\/p>\n<p>Francisco Acu\u00f1a M\u00e9ndez, recibir\u00e1 lo relativo a la Secretar\u00eda de Gobierno; Guillermo Lagarda Cuevas, la Secretar\u00eda de Hacienda; Rodolfo Castro Valdez, la Oficina del Ejecutivo Estatal; Francisco V\u00e1zquez Valencia, recibir\u00e1 la Secretar\u00eda T\u00e9cnica; el Gral. Gilberto Landeros Brise\u00f1o recibe la Secretar\u00eda de Seguridad P\u00fablica; \u00c1lvaro Bracamonte Sierra, la Secretar\u00eda de Educaci\u00f3n y Cultura; Olga Armida Grijalva Otero, la Secretar\u00eda del Trabajo; Jos\u00e9 Luis Alom\u00eda Zegarra, la Secretar\u00eda de Salud; Guillermo Alejandro Noriega Esparza, la Secretar\u00eda de la Contralor\u00eda; Liza Adriana Auy\u00f3n Dom\u00ednguez, la Secretar\u00eda de la Consejer\u00eda Jur\u00eddica del Ejecutivo; F\u00e1tima Yolanda Rodr\u00edguez Mendoza, la Sagarhpa; Zulema Guadalupe Boneo Silva, la Secretar\u00eda de Econom\u00eda.<\/p>\n<p>Mar\u00eda Dolores Del R\u00edo S\u00e1nchez, recibir\u00e1 lo relativo a la Secretar\u00eda de Desarrollo Social; Jes\u00fas Manuel Acu\u00f1a M\u00e9ndez, la Direcci\u00f3n General de Isssteson; Karla Paulina Oca\u00f1a Encinas, la Direcci\u00f3n General de Telemax y Radio Sonora; Rebeca Valenzuela \u00c1lvarez recibe lo relativo al Instituto Sonorense de la Juventud; Lirio Anah\u00ed Del Castillo Salazar, lo relativo a Sidur; Den\u00ed Gast\u00e9lum Barraza, al Instituto Sonorense de las Mujeres; Jes\u00fas Valencia Guzm\u00e1n ser\u00e1 en esta etapa asesor del Ejecutivo y Omar Del Valle Colosio, coordinador del proceso de Entrega-Recepci\u00f3n junto con Rodolfo Castro Valdez.<\/p>\n<p>Durazo Monta\u00f1o resalt\u00f3 el extraordinario perfil \u00e9tico y social de las y los integrantes del equipo de transici\u00f3n: \u201cDestaco que es un gran equipo que conjuga g\u00e9nero, conjuga paridad, conjuga juventud y conjuga experiencia tal y como lo comprometimos en campa\u00f1a\u201d.<\/p>\n<p>Finalmente, el gobernador electo instruy\u00f3 a su equipo a trabajar con total profesionalismo, honestidad, sensibilidad y capacidad t\u00e9cnica y pol\u00edtica para recibir debidamente la informaci\u00f3n de cada una de las dependencias que tienen encomendadas.<\/p>\n<p>Acompa\u00f1aron a la gobernadora Pavlovich los secretarios Juan \u00c1ngel Castillo Taraz\u00f3n, de Gobierno; Ra\u00fal Navarro Gallegos, de Hacienda; Enrique Clausen Iberri, de Salud; Ricardo Mart\u00ednez Terrazas, de Sidur; Horacio Valenzuela Ibarra, del Trabajo; Jorge Guzm\u00e1n Nieves, de Sagarhpa; Jorge Vidal Ahumada, de Econom\u00eda; V\u00edctor Guerrero Gonz\u00e1lez, de Educaci\u00f3n y Cultura; Daniel Garc\u00eda Escalante, de Sedesson; David Anaya Cooley, de Seguridad P\u00fablica; Ivone Andrade Zepeda, secretaria T\u00e9cnica; Jorge Dur\u00e1n Puente, secretario particular; Jes\u00fas Epifanio Salido, jefe de la oficina del Ejecutivo; Jos\u00e9 Mart\u00edn Nava Velarde; director general de Isssteson; Mar\u00eda Elena Verduzco Chaires, directora general de Radio Sonora; Wenceslao Cota Amador; director de DIF Sonora; Jos\u00e9 Cruz Orozco L\u00f3pez, subsecretario de la Consejer\u00eda Jur\u00eddica; Ra\u00fal Renter\u00eda Villa, director general de Telemax; Ricardo V\u00e9lez Badilla, director general del ISJ.<\/p>\n","protected":false},"excerpt":{"rendered":"<p>Las y los sonorenses pueden tener la tranquilidad de que sus recursos humanos, financieros, materiales, documentales y tecnol\u00f3gicos y los bienes y patrimonio del Poder Ejecutivo de Sonora, ser\u00e1n transmitidos con estricto apego a la ley, con orden, transparencia y la m\u00e1s profunda convicci\u00f3n democr\u00e1tica y de alta institucionalidad, afirm\u00f3 la gobernadora Claudia Pavlovich Arellano [&hellip;]<\/p>\n","protected":false},"author":1,"featured_media":9290,"comment_status":"open","ping_status":"open","sticky":false,"template":"","format":"standard","meta":{"footnotes":""},"categories":[159],"tags":[],"class_list":["post"],"yoast_head":" \n<title>Instalan Comisi\u00f3n de Transici\u00f3n del Proceso de Entrega-Recepci\u00f3n - Periodista SoledadDurazo.com<\/title>\n<meta name=\"robots\" content=\"index, follow, max-snippet:-1, max-image-preview:large, max-video-preview:-1\" \/>\n<link rel=\"canonical\" href=\"https:\/\/soledaddurazo.com\/blog\/2021\/06\/30\/instalan-comision-de-transicion-del-proceso-de-entrega-recepcion\/\" \/>\n<meta property=\"og:locale\" content=\"es_MX\" \/>\n<meta property=\"og:type\" content=\"article\" \/>\n<meta property=\"og:title\" content=\"Instalan Comisi\u00f3n de Transici\u00f3n del Proceso de Entrega-Recepci\u00f3n\" \/>\n<meta property=\"og:description\" content=\"Las y los sonorenses pueden tener la tranquilidad de que sus recursos humanos, financieros, materiales, documentales y tecnol\u00f3gicos y los bienes y patrimonio del Poder Ejecutivo de Sonora, ser\u00e1n transmitidos con estricto apego a la ley, con orden, transparencia y la m\u00e1s profunda convicci\u00f3n democr\u00e1tica y de alta institucionalidad, afirm\u00f3 la gobernadora Claudia Pavlovich Arellano [&hellip;]\" \/>\n<meta property=\"og:url\" content=\"https:\/\/soledaddurazo.com\/blog\/2021\/06\/30\/instalan-comision-de-transicion-del-proceso-de-entrega-recepcion\/\" \/>\n<meta property=\"og:site_name\" content=\"Periodista SoledadDurazo.com\" \/>\n<meta property=\"article:publisher\" content=\"https:\/\/www.facebook.com\/soledad.durazo.9\/\" \/>\n<meta property=\"article:published_time\" content=\"2021-06-30T07:24:37+00:00\" \/>\n<meta property=\"article:modified_time\" content=\"2021-06-30T07:33:17+00:00\" \/>\n<meta property=\"og:image\" content=\"https:\/\/soledaddurazo.com\/storage\/2021\/06\/gober.jpg\" \/>\n\t<meta property=\"og:image:width\" content=\"542\" \/>\n\t<meta property=\"og:image:height\" content=\"362\" \/>\n<meta name=\"twitter:card\" content=\"summary_large_image\" \/>\n<meta name=\"twitter:creator\" content=\"@SoledadDurazo\" \/>\n<meta name=\"twitter:site\" content=\"@SoledadDurazo\" \/>\n<meta name=\"twitter:label1\" content=\"Escrito por\" \/>\n\t<meta name=\"twitter:data1\" content=\"Redacci\u00f3n\" \/>\n\t<meta name=\"twitter:label2\" content=\"Tiempo de lectura\" \/>\n\t<meta name=\"twitter:data2\" content=\"6 minutos\" \/>\n<script type=\"application\/ld+json\" class=\"yoast-schema-graph\">{\"@context\":\"https:\/\/schema.org\",\"@graph\":[{\"@type\":\"Organization\",\"@id\":\"https:\/\/soledaddurazo.com\/#organization\",\"name\":\"Soledad Durazo\",\"url\":\"https:\/\/soledaddurazo.com\/\",\"sameAs\":[\"https:\/\/www.facebook.com\/soledad.durazo.9\/\",\"https:\/\/www.instagram.com\/soledaddurazo\",\"https:\/\/www.youtube.com\/channel\/UC9yGPw8-Vbl_B2XNkRwPS-w\",\"https:\/\/twitter.com\/SoledadDurazo\"],\"logo\":{\"@type\":\"ImageObject\",\"@id\":\"https:\/\/soledaddurazo.com\/#logo\",\"inLanguage\":\"es\",\"url\":\"https:\/\/soledaddurazo.com\/storage\/2021\/11\/nllp-720x375-1-2.png\",\"contentUrl\":\"https:\/\/soledaddurazo.com\/storage\/2021\/11\/nllp-720x375-1-2.png\",\"width\":720,\"height\":375,\"caption\":\"Soledad Durazo\"},\"image\":{\"@id\":\"https:\/\/soledaddurazo.com\/#logo\"}},{\"@type\":\"WebSite\",\"@id\":\"https:\/\/soledaddurazo.com\/#website\",\"url\":\"https:\/\/soledaddurazo.com\/\",\"name\":\"Periodista SoledadDurazo.com\",\"description\":\"Periodista sonorense. Directora de www.SoledadDurazo.com Columnista, conductora de radio y Tv. Catedr\\u00e1tica en la UNISON\",\"publisher\":{\"@id\":\"https:\/\/soledaddurazo.com\/#organization\"},\"potentialAction\":[{\"@type\":\"SearchAction\",\"target\":{\"@type\":\"EntryPoint\",\"urlTemplate\":\"https:\/\/soledaddurazo.com\/?s={search_term_string}\"},\"query-input\":\"required name=search_term_string\"}],\"inLanguage\":\"es\"},{\"@type\":\"ImageObject\",\"@id\":\"https:\/\/soledaddurazo.com\/blog\/2021\/06\/30\/instalan-comision-de-transicion-del-proceso-de-entrega-recepcion\/#primaryimage\",\"inLanguage\":\"es\",\"url\":\"https:\/\/soledaddurazo.com\/storage\/2021\/06\/gober.jpg\",\"contentUrl\":\"https:\/\/soledaddurazo.com\/storage\/2021\/06\/gober.jpg\",\"width\":542,\"height\":362},{\"@type\":\"WebPage\",\"@id\":\"https:\/\/soledaddurazo.com\/blog\/2021\/06\/30\/instalan-comision-de-transicion-del-proceso-de-entrega-recepcion\/#webpage\",\"url\":\"https:\/\/soledaddurazo.com\/blog\/2021\/06\/30\/instalan-comision-de-transicion-del-proceso-de-entrega-recepcion\/\",\"name\":\"Instalan Comisi\\u00f3n de Transici\\u00f3n del Proceso de Entrega-Recepci\\u00f3n - Periodista SoledadDurazo.com\",\"isPartOf\":{\"@id\":\"https:\/\/soledaddurazo.com\/#website\"},\"primaryImageOfPage\":{\"@id\":\"https:\/\/soledaddurazo.com\/blog\/2021\/06\/30\/instalan-comision-de-transicion-del-proceso-de-entrega-recepcion\/#primaryimage\"},\"datePublished\":\"2021-06-30T07:24:37+00:00\",\"dateModified\":\"2021-06-30T07:33:17+00:00\",\"breadcrumb\":{\"@id\":\"https:\/\/soledaddurazo.com\/blog\/2021\/06\/30\/instalan-comision-de-transicion-del-proceso-de-entrega-recepcion\/#breadcrumb\"},\"inLanguage\":\"es\",\"potentialAction\":[{\"@type\":\"ReadAction\",\"target\":[\"https:\/\/soledaddurazo.com\/blog\/2021\/06\/30\/instalan-comision-de-transicion-del-proceso-de-entrega-recepcion\/\"]}]},{\"@type\":\"BreadcrumbList\",\"@id\":\"https:\/\/soledaddurazo.com\/blog\/2021\/06\/30\/instalan-comision-de-transicion-del-proceso-de-entrega-recepcion\/#breadcrumb\",\"itemListElement\":[{\"@type\":\"ListItem\",\"position\":1,\"name\":\"Home\",\"item\":\"https:\/\/soledaddurazo.com\/\"},{\"@type\":\"ListItem\",\"position\":2,\"name\":\"Instalan Comisi\\u00f3n de Transici\\u00f3n del Proceso de Entrega-Recepci\\u00f3n\"}]},{\"@type\":\"Article\",\"@id\":\"https:\/\/soledaddurazo.com\/blog\/2021\/06\/30\/instalan-comision-de-transicion-del-proceso-de-entrega-recepcion\/#article\",\"isPartOf\":{\"@id\":\"https:\/\/soledaddurazo.com\/blog\/2021\/06\/30\/instalan-comision-de-transicion-del-proceso-de-entrega-recepcion\/#webpage\"},\"author\":{\"@id\":\"https:\/\/soledaddurazo.com\/#\/schema\/person\/822d8e13aa288585e6546f179853758b\"},\"headline\":\"Instalan Comisi\\u00f3n de Transici\\u00f3n del Proceso de Entrega-Recepci\\u00f3n\",\"datePublished\":\"2021-06-30T07:24:37+00:00\",\"dateModified\":\"2021-06-30T07:33:17+00:00\",\"mainEntityOfPage\":{\"@id\":\"https:\/\/soledaddurazo.com\/blog\/2021\/06\/30\/instalan-comision-de-transicion-del-proceso-de-entrega-recepcion\/#webpage\"},\"wordCount\":1120,\"commentCount\":0,\"publisher\":{\"@id\":\"https:\/\/soledaddurazo.com\/#organization\"},\"image\":{\"@id\":\"https:\/\/soledaddurazo.com\/blog\/2021\/06\/30\/instalan-comision-de-transicion-del-proceso-de-entrega-recepcion\/#primaryimage\"},\"thumbnailUrl\":\"https:\/\/soledaddurazo.com\/storage\/2021\/06\/gober.jpg\",\"articleSection\":[\"Mi Sonora\"],\"inLanguage\":\"es\",\"potentialAction\":[{\"@type\":\"CommentAction\",\"name\":\"Comment\",\"target\":[\"https:\/\/soledaddurazo.com\/blog\/2021\/06\/30\/instalan-comision-de-transicion-del-proceso-de-entrega-recepcion\/#respond\"]}]},{\"@type\":\"Person\",\"@id\":\"https:\/\/soledaddurazo.com\/#\/schema\/person\/822d8e13aa288585e6546f179853758b\",\"name\":\"Redacci\\u00f3n\",\"image\":{\"@type\":\"ImageObject\",\"@id\":\"https:\/\/soledaddurazo.com\/#personlogo\",\"inLanguage\":\"es\",\"url\":\"https:\/\/secure.gravatar.com\/avatar\/c4e193752f756fd61f04deebed3a3a20dc188d37edb53682d313ac57f2725d54?s=96&d=mm&r=g\",\"contentUrl\":\"https:\/\/secure.gravatar.com\/avatar\/c4e193752f756fd61f04deebed3a3a20dc188d37edb53682d313ac57f2725d54?s=96&d=mm&r=g\",\"caption\":\"Redacci\\u00f3n\"},\"sameAs\":[\"https:\/\/soledaddurazo.com\"]}]}<\/script>\n ","yoast_head_json":{"title":"Instalan Comisi\u00f3n de Transici\u00f3n del Proceso de Entrega-Recepci\u00f3n - Periodista SoledadDurazo.com","robots":{"index":"index","follow":"follow","max-snippet":"max-snippet:-1","max-image-preview":"max-image-preview:large","max-video-preview":"max-video-preview:-1"},"canonical":"https:\/\/soledaddurazo.com\/blog\/2021\/06\/30\/instalan-comision-de-transicion-del-proceso-de-entrega-recepcion\/","og_locale":"es_MX","og_type":"article","og_title":"Instalan Comisi\u00f3n de Transici\u00f3n del Proceso de Entrega-Recepci\u00f3n","og_description":"Las y los sonorenses pueden tener la tranquilidad de que sus recursos humanos, financieros, materiales, documentales y tecnol\u00f3gicos y los bienes y patrimonio del Poder Ejecutivo de Sonora, ser\u00e1n transmitidos con estricto apego a la ley, con orden, transparencia y la m\u00e1s profunda convicci\u00f3n democr\u00e1tica y de alta institucionalidad, afirm\u00f3 la gobernadora Claudia Pavlovich Arellano [&hellip;]","og_url":"https:\/\/soledaddurazo.com\/blog\/2021\/06\/30\/instalan-comision-de-transicion-del-proceso-de-entrega-recepcion\/","og_site_name":"Periodista SoledadDurazo.com","article_publisher":"https:\/\/www.facebook.com\/soledad.durazo.9\/","article_published_time":"2021-06-30T07:24:37+00:00","article_modified_time":"2021-06-30T07:33:17+00:00","og_image":[{"width":542,"height":362,"url":"https:\/\/soledaddurazo.com\/storage\/2021\/06\/gober.jpg","type":"image\/jpeg"}],"twitter_card":"summary_large_image","twitter_creator":"@SoledadDurazo","twitter_site":"@SoledadDurazo","twitter_misc":{"Escrito por":"Redacci\u00f3n","Tiempo de lectura":"6 minutos"},"schema":{"@context":"https:\/\/schema.org","@graph":[{"@type":"Organization","@id":"https:\/\/soledaddurazo.com\/#organization","name":"Soledad Durazo","url":"https:\/\/soledaddurazo.com\/","sameAs":["https:\/\/www.facebook.com\/soledad.durazo.9\/","https:\/\/www.instagram.com\/soledaddurazo","https:\/\/www.youtube.com\/channel\/UC9yGPw8-Vbl_B2XNkRwPS-w","https:\/\/twitter.com\/SoledadDurazo"],"logo":{"@type":"ImageObject","@id":"https:\/\/soledaddurazo.com\/#logo","inLanguage":"es","url":"https:\/\/soledaddurazo.com\/storage\/2021\/11\/nllp-720x375-1-2.png","contentUrl":"https:\/\/soledaddurazo.com\/storage\/2021\/11\/nllp-720x375-1-2.png","width":720,"height":375,"caption":"Soledad Durazo"},"image":{"@id":"https:\/\/soledaddurazo.com\/#logo"}},{"@type":"WebSite","@id":"https:\/\/soledaddurazo.com\/#website","url":"https:\/\/soledaddurazo.com\/","name":"Periodista SoledadDurazo.com","description":"Periodista sonorense. Directora de www.SoledadDurazo.com Columnista, conductora de radio y Tv. Catedr\u00e1tica en la UNISON","publisher":{"@id":"https:\/\/soledaddurazo.com\/#organization"},"potentialAction":[{"@type":"SearchAction","target":{"@type":"EntryPoint","urlTemplate":"https:\/\/soledaddurazo.com\/?s={search_term_string}"},"query-input":"required name=search_term_string"}],"inLanguage":"es"},{"@type":"ImageObject","@id":"https:\/\/soledaddurazo.com\/blog\/2021\/06\/30\/instalan-comision-de-transicion-del-proceso-de-entrega-recepcion\/#primaryimage","inLanguage":"es","url":"https:\/\/soledaddurazo.com\/storage\/2021\/06\/gober.jpg","contentUrl":"https:\/\/soledaddurazo.com\/storage\/2021\/06\/gober.jpg","width":542,"height":362},{"@type":"WebPage","@id":"https:\/\/soledaddurazo.com\/blog\/2021\/06\/30\/instalan-comision-de-transicion-del-proceso-de-entrega-recepcion\/#webpage","url":"https:\/\/soledaddurazo.com\/blog\/2021\/06\/30\/instalan-comision-de-transicion-del-proceso-de-entrega-recepcion\/","name":"Instalan Comisi\u00f3n de Transici\u00f3n del Proceso de Entrega-Recepci\u00f3n - Periodista SoledadDurazo.com","isPartOf":{"@id":"https:\/\/soledaddurazo.com\/#website"},"primaryImageOfPage":{"@id":"https:\/\/soledaddurazo.com\/blog\/2021\/06\/30\/instalan-comision-de-transicion-del-proceso-de-entrega-recepcion\/#primaryimage"},"datePublished":"2021-06-30T07:24:37+00:00","dateModified":"2021-06-30T07:33:17+00:00","breadcrumb":{"@id":"https:\/\/soledaddurazo.com\/blog\/2021\/06\/30\/instalan-comision-de-transicion-del-proceso-de-entrega-recepcion\/#breadcrumb"},"inLanguage":"es","potentialAction":[{"@type":"ReadAction","target":["https:\/\/soledaddurazo.com\/blog\/2021\/06\/30\/instalan-comision-de-transicion-del-proceso-de-entrega-recepcion\/"]}]},{"@type":"BreadcrumbList","@id":"https:\/\/soledaddurazo.com\/blog\/2021\/06\/30\/instalan-comision-de-transicion-del-proceso-de-entrega-recepcion\/#breadcrumb","itemListElement":[{"@type":"ListItem","position":1,"name":"Home","item":"https:\/\/soledaddurazo.com\/"},{"@type":"ListItem","position":2,"name":"Instalan Comisi\u00f3n de Transici\u00f3n del Proceso de Entrega-Recepci\u00f3n"}]},{"@type":"Article","@id":"https:\/\/soledaddurazo.com\/blog\/2021\/06\/30\/instalan-comision-de-transicion-del-proceso-de-entrega-recepcion\/#article","isPartOf":{"@id":"https:\/\/soledaddurazo.com\/blog\/2021\/06\/30\/instalan-comision-de-transicion-del-proceso-de-entrega-recepcion\/#webpage"},"author":{"@id":"https:\/\/soledaddurazo.com\/#\/schema\/person\/822d8e13aa288585e6546f179853758b"},"headline":"Instalan Comisi\u00f3n de Transici\u00f3n del Proceso de Entrega-Recepci\u00f3n","datePublished":"2021-06-30T07:24:37+00:00","dateModified":"2021-06-30T07:33:17+00:00","mainEntityOfPage":{"@id":"https:\/\/soledaddurazo.com\/blog\/2021\/06\/30\/instalan-comision-de-transicion-del-proceso-de-entrega-recepcion\/#webpage"},"wordCount":1120,"commentCount":0,"publisher":{"@id":"https:\/\/soledaddurazo.com\/#organization"},"image":{"@id":"https:\/\/soledaddurazo.com\/blog\/2021\/06\/30\/instalan-comision-de-transicion-del-proceso-de-entrega-recepcion\/#primaryimage"},"thumbnailUrl":"https:\/\/soledaddurazo.com\/storage\/2021\/06\/gober.jpg","articleSection":["Mi Sonora"],"inLanguage":"es","potentialAction":[{"@type":"CommentAction","name":"Comment","target":["https:\/\/soledaddurazo.com\/blog\/2021\/06\/30\/instalan-comision-de-transicion-del-proceso-de-entrega-recepcion\/#respond"]}]},{"@type":"Person","@id":"https:\/\/soledaddurazo.com\/#\/schema\/person\/822d8e13aa288585e6546f179853758b","name":"Redacci\u00f3n","image":{"@type":"ImageObject","@id":"https:\/\/soledaddurazo.com\/#personlogo","inLanguage":"es","url":"https:\/\/secure.gravatar.com\/avatar\/c4e193752f756fd61f04deebed3a3a20dc188d37edb53682d313ac57f2725d54?s=96&d=mm&r=g","contentUrl":"https:\/\/secure.gravatar.com\/avatar\/c4e193752f756fd61f04deebed3a3a20dc188d37edb53682d313ac57f2725d54?s=96&d=mm&r=g","caption":"Redacci\u00f3n"},"sameAs":["https:\/\/soledaddurazo.com"]}]}},"_links":{"self":[{"href":"https:\/\/soledaddurazo.com\/api\/wp\/v2\/posts\/9288","targetHints":{"allow":["GET"]}}],"collection":[{"href":"https:\/\/soledaddurazo.com\/api\/wp\/v2\/posts"}],"about":[{"href":"https:\/\/soledaddurazo.com\/api\/wp\/v2\/types\/post"}],"author":[{"embeddable":true,"href":"https:\/\/soledaddurazo.com\/api\/wp\/v2\/users\/1"}],"replies":[{"embeddable":true,"href":"https:\/\/soledaddurazo.com\/api\/wp\/v2\/comments?post=9288"}],"version-history":[{"count":1,"href":"https:\/\/soledaddurazo.com\/api\/wp\/v2\/posts\/9288\/revisions"}],"predecessor-version":[{"id":9289,"href":"https:\/\/soledaddurazo.com\/api\/wp\/v2\/posts\/9288\/revisions\/9289"}],"wp:featuredmedia":[{"embeddable":true,"href":"https:\/\/soledaddurazo.com\/api\/wp\/v2\/media\/9290"}],"wp:attachment":[{"href":"https:\/\/soledaddurazo.com\/api\/wp\/v2\/media?parent=9288"}],"wp:term":[{"taxonomy":"category","embeddable":true,"href":"https:\/\/soledaddurazo.com\/api\/wp\/v2\/categories?post=9288"},{"taxonomy":"post_tag","embeddable":true,"href":"https:\/\/soledaddurazo.com\/api\/wp\/v2\/tags?post=9288"}],"curies":[{"name":"wp","href":"https:\/\/api.w.org\/{rel}","templated":true}]}}