{"id":9216,"date":"2021-06-28T00:43:52","date_gmt":"2021-06-28T07:43:52","guid":{"rendered":"https:\/\/soledaddurazo.com\/?p=9216"},"modified":"2021-06-28T00:43:52","modified_gmt":"2021-06-28T07:43:52","slug":"la-mejor-proteccion-contra-covid-19-vacuna-y-protocolos-sanitarios","status":"publish","type":"post","link":"https:\/\/soledaddurazo.com\/blog\/2021\/06\/28\/la-mejor-proteccion-contra-covid-19-vacuna-y-protocolos-sanitarios\/","title":{"rendered":"La mejor protecci\u00f3n contra COVID-19: Vacuna y protocolos sanitarios"},"content":{"rendered":"<p>Aplicarte la vacuna contra COVID-19 y mantener las medidas y protocolos sanitarios son las mejores armas para enfrentar el virus, enfatiz\u00f3 Enrique Clausen Iberri, tras informarse que este d\u00eda se registraron 222 nuevos casos, sin reportar ning\u00fan fallecimiento en el estado.<\/p>\n<p>El secretario de Salud se\u00f1al\u00f3 que Hermosillo, Cajeme, Navojoa y Caborca se mantienen en color naranja en el sem\u00e1foro epidemiol\u00f3gico del Mapa Sonora Anticipa, mientras que los municipios de Guaymas y Empalme pasaron a amarillo; de ah\u00ed la importancia de seguirse cuidando y aplicarse la vacuna contra COVID-19 en el momento que les toque.<\/p>\n<p>\u201cNecesitas cuidarte m\u00e1s, el cubrebocas no te debe fallar y la otra recomendaci\u00f3n es vacunarte, si ya te pusiste la primer dosis, no puedes dejar de ponerte la segunda dosis. S\u00e9 consciente, vacunarte es la mayor arma para protegerte. Si te vacunas tienes una gran oportunidad de que tu cuerpo obtenga una respuesta defensiva apropiada contra el virus\u201d, expres\u00f3.<\/p>\n<p>Este s\u00e1bado, no se confirmaron decesos en Sonora para mantenerse en un total de 6 mil 490 defunciones. Asimismo, se registraron 222 nuevos casos por COVID, en 120 mujeres y 102 hombres, para un total de 78 mil 412 casos en la entidad. De los contagios nuevos, 88 son residentes de Hermosillo; 27 de Cajeme; 26 de Navojoa; 25 de Caborca; 12 de Nogales; 7 de Huatabampo; 7 de Bacanora; 7 de \u00c1lamos; 6 de Cananea; 3 de Benito Ju\u00e1rez; 3 de Agua Prieta; 2 de Santa Ana; 2 de Moctezuma; una de Cumpas; una de Magdalena de Kino; una de San Ignacio R\u00edo Muerto; una de Nacozari de Garc\u00eda; una de San Luis R\u00edo Colorado; una de Guaymas y una de Naco.<\/p>\n<p>Hoy se confirmaron ocho casos pedi\u00e1tricos, en cinco ni\u00f1as y tres ni\u00f1o, para un total de mil 540; hoy se confirm\u00f3 un caso en una mujer embarazada, para acumular un total de 543; dos de los 222 casos fue en trabajadores de la salud de diversas instituciones. Este s\u00e1bado, siete pacientes fueron dados de alta y hasta el momento 69 mil 707 personas se han recuperado en la entidad.<\/p>\n<p>Al momento, se han realizado 142 mil 338 pruebas; se han confirmado 78 mil 412 casos y se han descartado 63 mil 926; en cuadro leve, 8 mil 413; 2 mil 052 activos y 6 mil 361 concluyeron su seguimiento; 63 mil 346 pacientes se han curado y 163 pacientes se encuentran hospitalizados, 24 de ellos estables, 100 graves y 39 cr\u00edticos.<\/p>\n<p>Casos COVID-19 en Sonora 78,412 casos confirmados y 6,490 defunciones<\/p>\n<p>Defunciones registradas 27 de junio de 2021: 0<\/p>\n<p>Casos confirmados 27 de junio de 2021: 222<\/p>\n<p>Hermosillo: 88<\/p>\n<p>Cajeme: 27<\/p>\n<p>Navojoa: 26<\/p>\n<p>Caborca: 25<\/p>\n<p>Nogales: 12<\/p>\n<p>Bacanora: 7<\/p>\n<p>\u00c1lamos: 7<\/p>\n<p>Huatabampo: 7<\/p>\n<p>Cananea: 6<\/p>\n<p>Benito Ju\u00e1rez: 3<\/p>\n<p>Agua Prieta: 3<\/p>\n<p>Santa Ana: 2<\/p>\n<p>Moctezuma: 2<\/p>\n<p>Cumpas: 1<\/p>\n<p>Magdalena: 1<\/p>\n<p>San Ignacio R\u00edo Muerto: 1<\/p>\n<p>Nacozari de Garc\u00eda: 1<\/p>\n<p>San Luis R\u00edo Colorado: 1<\/p>\n<p>Guaymas: 1<\/p>\n<p>Naco: 1<\/p>\n<p>Mujeres: 120\/ Hombres: 102<\/p>\n<p>Instituci\u00f3n M\u00e9dica<\/p>\n<p>Secretar\u00eda de Salud: 124<\/p>\n<p>IMSS: 94<\/p>\n<p>Isssteson: 3<\/p>\n<p>Issste: 1<\/p>\n<p>Acumulados<\/p>\n<p>Defunciones: 6,490<\/p>\n<p>Hermosillo: 2,126<\/p>\n<p>Cajeme: 1,121<\/p>\n<p>San Luis R\u00edo Colorado: 523<\/p>\n<p>Nogales: 515<\/p>\n<p>Guaymas: 385<\/p>\n<p>Navojoa: 295<\/p>\n<p>Agua Prieta: 226<\/p>\n<p>Caborca: 182<\/p>\n<p>Huatabampo: 156<\/p>\n<p>Empalme: 119<\/p>\n<p>Cananea: 119<\/p>\n<p>Etchojoa: 98<\/p>\n<p>Magdalena: 77<\/p>\n<p>Puerto Pe\u00f1asco: 77<\/p>\n<p>Nacozari de Garc\u00eda: 55<\/p>\n<p>Benito Ju\u00e1rez: 50<\/p>\n<p>Santa Ana: 45<\/p>\n<p>B\u00e1cum: 44<\/p>\n<p>San Ignacio R\u00edo Muerto: 24<\/p>\n<p>\u00cdmuris: 22<\/p>\n<p>Gral. Plutarco El\u00edas Calles: 22<\/p>\n<p>\u00c1lamos: 21<\/p>\n<p>Pitiquito: 20<\/p>\n<p>Fronteras: 17<\/p>\n<p>Cumpas: 16<\/p>\n<p>Naco: 11<\/p>\n<p>Moctezuma: 10<\/p>\n<p>Ures: 9<\/p>\n<p>Rosario: 9<\/p>\n<p>Sahuaripa: 8<\/p>\n<p>Villa Hidalgo: 7<\/p>\n<p>Bavi\u00e1cora: 7<\/p>\n<p>Bacoachi: 7<\/p>\n<p>Altar: 7<\/p>\n<p>Benjam\u00edn Hill: 6<\/p>\n<p>San Miguel de Horcasitas: 5<\/p>\n<p>Aconchi: 5<\/p>\n<p>S\u00e1ric: 4<\/p>\n<p>Ray\u00f3n: 3<\/p>\n<p>Carb\u00f3: 3<\/p>\n<p>Quiriego: 3<\/p>\n<p>Bacerac: 3<\/p>\n<p>Arizpe: 3<\/p>\n<p>Ban\u00e1michi: 3<\/p>\n<p>Bavispe: 2<\/p>\n<p>N\u00e1cori Chico: 2<\/p>\n<p>San Pedro de la Cueva: 2<\/p>\n<p>Arivechi: 2<\/p>\n<p>Cucurpe: 2<\/p>\n<p>Hu\u00e9pac: 2<\/p>\n<p>Tepache: 2<\/p>\n<p>Y\u00e9cora: 2<\/p>\n<p>Opodepe: 1<\/p>\n<p>San Felipe de Jes\u00fas: 1<\/p>\n<p>Granados: 1<\/p>\n<p>Oquitoa: 1<\/p>\n<p>Santa Cruz: 1<\/p>\n<p>Mazat\u00e1n: 1<\/p>\n<p>Mujeres: 2,777\/Hombres: 3,713<\/p>\n<p>Instituci\u00f3n M\u00e9dica<\/p>\n<p>IMSS: 4,088<\/p>\n<p>Secretar\u00eda de Salud: 1,831<\/p>\n<p>Isssteson: 422<\/p>\n<p>Issste: 140<\/p>\n<p>Sedena: 5<\/p>\n<p>Semar: 4<\/p>\n<p>Total de casos confirmados: 78,412<\/p>\n<p>Hermosillo: 36,222 municipio con mayor incidencia con un 46% del total.<\/p>\n<p>Cajeme: 11,068 que representan el 14% del total.<\/p>\n<p>Nogales: 4,840 que representan el 6% del total<\/p>\n<p>Guaymas: 3,672 que representan el 5% del total<\/p>\n<p>Navojoa: 3,621<\/p>\n<p>Caborca: 3,593<\/p>\n<p>San Luis R\u00edo Colorado: 3,272<\/p>\n<p>Cananea: 1,946<\/p>\n<p>Huatabampo: 1,555<\/p>\n<p>Empalme: 1,382<\/p>\n<p>Agua Prieta: 1,310<\/p>\n<p>Etchojoa: 726<\/p>\n<p>Magdalena: 643<\/p>\n<p>Puerto Pe\u00f1asco: 589<\/p>\n<p>Santa Ana: 414<\/p>\n<p>Nacozari de Garc\u00eda: 350<\/p>\n<p>\u00c1lamos: 335<\/p>\n<p>Pitiquito: 295<\/p>\n<p>B\u00e1cum: 291<\/p>\n<p>Benito Ju\u00e1rez: 267<\/p>\n<p>Gral. Plutarco El\u00edas Calles: 230<\/p>\n<p>San Ignacio R\u00edo Muerto: 193<\/p>\n<p>Sahuaripa: 155<\/p>\n<p>Bavi\u00e1cora: 133<\/p>\n<p>Altar: 120<\/p>\n<p>\u00cdmuris: 118<\/p>\n<p>Ures: 95<\/p>\n<p>Moctezuma: 85<\/p>\n<p>Cumpas: 77<\/p>\n<p>Rosario: 68<\/p>\n<p>N\u00e1cori Chico: 65<\/p>\n<p>Y\u00e9cora: 57<\/p>\n<p>Bacoachi: 51<\/p>\n<p>Benjam\u00edn Hill: 46<\/p>\n<p>Fronteras: 45<\/p>\n<p>Granados: 43<\/p>\n<p>Naco: 43<\/p>\n<p>Aconchi: 33<\/p>\n<p>Arizpe: 32<\/p>\n<p>S\u00e1ric: 28<\/p>\n<p>Carb\u00f3: 27<\/p>\n<p>Arivechi: 22<\/p>\n<p>San Miguel de Horcasitas: 20<\/p>\n<p>Villa Hidalgo: 16<\/p>\n<p>Trincheras: 14<\/p>\n<p>Ban\u00e1michi: 14<\/p>\n<p>Quiriego: 14<\/p>\n<p>San Pedro de la Cueva: 14<\/p>\n<p>Cucurpe: 13<\/p>\n<p>Ray\u00f3n: 12<\/p>\n<p>Hu\u00e1sabas: 12<\/p>\n<p>Bacanora: 12<\/p>\n<p>Tepache: 11<\/p>\n<p>\u00c1til: 10<\/p>\n<p>Bacerac: 8<\/p>\n<p>Huachinera: 7<\/p>\n<p>Bavispe: 7<\/p>\n<p>Tubutama: 7<\/p>\n<p>Villa Pesqueira: 7<\/p>\n<p>\u00d3navas: 6<\/p>\n<p>San Javier: 6<\/p>\n<p>Divisaderos: 6<\/p>\n<p>Oquitoa: 6<\/p>\n<p>Bacad\u00e9huachi: 5<\/p>\n<p>San Felipe de Jes\u00fas: 5<\/p>\n<p>Hu\u00e9pac: 5<\/p>\n<p>Mazat\u00e1n: 5<\/p>\n<p>Santa Cruz: 4<\/p>\n<p>Opodepe: 4<\/p>\n<p>La Colorada: 2<\/p>\n<p>Soyopa: 2<\/p>\n<p>Suaqui Grande: 1<\/p>\n<p>Mujeres: 42,173\/Hombres: 36,239<\/p>\n<p>Instituci\u00f3n M\u00e9dica<\/p>\n<p>Secretar\u00eda de Salud: 53,345<\/p>\n<p>IMSS: 17,379<\/p>\n<p>Isssteson: 6,297<\/p>\n<p>Issste: 1,152<\/p>\n<p>Sedena: 224<\/p>\n<p>Semar: 15<\/p>\n<p>Casos estudiados: 142,338<\/p>\n<p>Confirmados: 78,412<\/p>\n<p>Descartados: 63,926<\/p>\n<p>Cuadro leve: 8,413<\/p>\n<p>Pacientes activos: 2,052<\/p>\n<p>Pacientes en seguimiento terminado: 6,361<\/p>\n<p>Curados: 63,346<\/p>\n<p>Hospitalizados: 163<\/p>\n<p>Estables: 24<\/p>\n<p>Graves: 100<\/p>\n<p>Pacientes graves con ventilaci\u00f3n mec\u00e1nica invasiva: 39<\/p>\n","protected":false},"excerpt":{"rendered":"<p>Aplicarte la vacuna contra COVID-19 y mantener las medidas y protocolos sanitarios son las mejores armas para enfrentar el virus, enfatiz\u00f3 Enrique Clausen Iberri, tras informarse que este d\u00eda se registraron 222 nuevos casos, sin reportar ning\u00fan fallecimiento en el estado. El secretario de Salud se\u00f1al\u00f3 que Hermosillo, Cajeme, Navojoa y Caborca se mantienen en [&hellip;]<\/p>\n","protected":false},"author":1,"featured_media":9217,"comment_status":"open","ping_status":"open","sticky":false,"template":"","format":"standard","meta":{"footnotes":""},"categories":[159],"tags":[],"class_list":["post"],"yoast_head":" \n<title>La mejor protecci\u00f3n contra COVID-19: Vacuna y protocolos sanitarios - Periodista SoledadDurazo.com<\/title>\n<meta name=\"robots\" content=\"index, follow, max-snippet:-1, max-image-preview:large, max-video-preview:-1\" \/>\n<link rel=\"canonical\" href=\"https:\/\/soledaddurazo.com\/blog\/2021\/06\/28\/la-mejor-proteccion-contra-covid-19-vacuna-y-protocolos-sanitarios\/\" \/>\n<meta property=\"og:locale\" content=\"es_MX\" \/>\n<meta property=\"og:type\" content=\"article\" \/>\n<meta property=\"og:title\" content=\"La mejor protecci\u00f3n contra COVID-19: Vacuna y protocolos sanitarios\" \/>\n<meta property=\"og:description\" content=\"Aplicarte la vacuna contra COVID-19 y mantener las medidas y protocolos sanitarios son las mejores armas para enfrentar el virus, enfatiz\u00f3 Enrique Clausen Iberri, tras informarse que este d\u00eda se registraron 222 nuevos casos, sin reportar ning\u00fan fallecimiento en el estado. El secretario de Salud se\u00f1al\u00f3 que Hermosillo, Cajeme, Navojoa y Caborca se mantienen en [&hellip;]\" \/>\n<meta property=\"og:url\" content=\"https:\/\/soledaddurazo.com\/blog\/2021\/06\/28\/la-mejor-proteccion-contra-covid-19-vacuna-y-protocolos-sanitarios\/\" \/>\n<meta property=\"og:site_name\" content=\"Periodista SoledadDurazo.com\" \/>\n<meta property=\"article:publisher\" content=\"https:\/\/www.facebook.com\/soledad.durazo.9\/\" \/>\n<meta property=\"article:published_time\" content=\"2021-06-28T07:43:52+00:00\" \/>\n<meta property=\"og:image\" content=\"https:\/\/soledaddurazo.com\/storage\/2021\/06\/f608x342-278213_307936_0.jpg\" \/>\n\t<meta property=\"og:image:width\" content=\"608\" \/>\n\t<meta property=\"og:image:height\" content=\"342\" \/>\n<meta name=\"twitter:card\" content=\"summary_large_image\" \/>\n<meta name=\"twitter:creator\" content=\"@SoledadDurazo\" \/>\n<meta name=\"twitter:site\" content=\"@SoledadDurazo\" \/>\n<meta name=\"twitter:label1\" content=\"Escrito por\" \/>\n\t<meta name=\"twitter:data1\" content=\"Redacci\u00f3n\" \/>\n\t<meta name=\"twitter:label2\" content=\"Tiempo de lectura\" \/>\n\t<meta name=\"twitter:data2\" content=\"4 minutos\" \/>\n<script type=\"application\/ld+json\" class=\"yoast-schema-graph\">{\"@context\":\"https:\/\/schema.org\",\"@graph\":[{\"@type\":\"Organization\",\"@id\":\"https:\/\/soledaddurazo.com\/#organization\",\"name\":\"Soledad Durazo\",\"url\":\"https:\/\/soledaddurazo.com\/\",\"sameAs\":[\"https:\/\/www.facebook.com\/soledad.durazo.9\/\",\"https:\/\/www.instagram.com\/soledaddurazo\",\"https:\/\/www.youtube.com\/channel\/UC9yGPw8-Vbl_B2XNkRwPS-w\",\"https:\/\/twitter.com\/SoledadDurazo\"],\"logo\":{\"@type\":\"ImageObject\",\"@id\":\"https:\/\/soledaddurazo.com\/#logo\",\"inLanguage\":\"es\",\"url\":\"https:\/\/soledaddurazo.com\/storage\/2021\/11\/nllp-720x375-1-2.png\",\"contentUrl\":\"https:\/\/soledaddurazo.com\/storage\/2021\/11\/nllp-720x375-1-2.png\",\"width\":720,\"height\":375,\"caption\":\"Soledad Durazo\"},\"image\":{\"@id\":\"https:\/\/soledaddurazo.com\/#logo\"}},{\"@type\":\"WebSite\",\"@id\":\"https:\/\/soledaddurazo.com\/#website\",\"url\":\"https:\/\/soledaddurazo.com\/\",\"name\":\"Periodista SoledadDurazo.com\",\"description\":\"Periodista sonorense. Directora de www.SoledadDurazo.com Columnista, conductora de radio y Tv. Catedr\\u00e1tica en la UNISON\",\"publisher\":{\"@id\":\"https:\/\/soledaddurazo.com\/#organization\"},\"potentialAction\":[{\"@type\":\"SearchAction\",\"target\":{\"@type\":\"EntryPoint\",\"urlTemplate\":\"https:\/\/soledaddurazo.com\/?s={search_term_string}\"},\"query-input\":\"required name=search_term_string\"}],\"inLanguage\":\"es\"},{\"@type\":\"ImageObject\",\"@id\":\"https:\/\/soledaddurazo.com\/blog\/2021\/06\/28\/la-mejor-proteccion-contra-covid-19-vacuna-y-protocolos-sanitarios\/#primaryimage\",\"inLanguage\":\"es\",\"url\":\"https:\/\/soledaddurazo.com\/storage\/2021\/06\/f608x342-278213_307936_0.jpg\",\"contentUrl\":\"https:\/\/soledaddurazo.com\/storage\/2021\/06\/f608x342-278213_307936_0.jpg\",\"width\":608,\"height\":342},{\"@type\":\"WebPage\",\"@id\":\"https:\/\/soledaddurazo.com\/blog\/2021\/06\/28\/la-mejor-proteccion-contra-covid-19-vacuna-y-protocolos-sanitarios\/#webpage\",\"url\":\"https:\/\/soledaddurazo.com\/blog\/2021\/06\/28\/la-mejor-proteccion-contra-covid-19-vacuna-y-protocolos-sanitarios\/\",\"name\":\"La mejor protecci\\u00f3n contra COVID-19: Vacuna y protocolos sanitarios - Periodista SoledadDurazo.com\",\"isPartOf\":{\"@id\":\"https:\/\/soledaddurazo.com\/#website\"},\"primaryImageOfPage\":{\"@id\":\"https:\/\/soledaddurazo.com\/blog\/2021\/06\/28\/la-mejor-proteccion-contra-covid-19-vacuna-y-protocolos-sanitarios\/#primaryimage\"},\"datePublished\":\"2021-06-28T07:43:52+00:00\",\"dateModified\":\"2021-06-28T07:43:52+00:00\",\"breadcrumb\":{\"@id\":\"https:\/\/soledaddurazo.com\/blog\/2021\/06\/28\/la-mejor-proteccion-contra-covid-19-vacuna-y-protocolos-sanitarios\/#breadcrumb\"},\"inLanguage\":\"es\",\"potentialAction\":[{\"@type\":\"ReadAction\",\"target\":[\"https:\/\/soledaddurazo.com\/blog\/2021\/06\/28\/la-mejor-proteccion-contra-covid-19-vacuna-y-protocolos-sanitarios\/\"]}]},{\"@type\":\"BreadcrumbList\",\"@id\":\"https:\/\/soledaddurazo.com\/blog\/2021\/06\/28\/la-mejor-proteccion-contra-covid-19-vacuna-y-protocolos-sanitarios\/#breadcrumb\",\"itemListElement\":[{\"@type\":\"ListItem\",\"position\":1,\"name\":\"Home\",\"item\":\"https:\/\/soledaddurazo.com\/\"},{\"@type\":\"ListItem\",\"position\":2,\"name\":\"La mejor protecci\\u00f3n contra COVID-19: Vacuna y protocolos sanitarios\"}]},{\"@type\":\"Article\",\"@id\":\"https:\/\/soledaddurazo.com\/blog\/2021\/06\/28\/la-mejor-proteccion-contra-covid-19-vacuna-y-protocolos-sanitarios\/#article\",\"isPartOf\":{\"@id\":\"https:\/\/soledaddurazo.com\/blog\/2021\/06\/28\/la-mejor-proteccion-contra-covid-19-vacuna-y-protocolos-sanitarios\/#webpage\"},\"author\":{\"@id\":\"https:\/\/soledaddurazo.com\/#\/schema\/person\/822d8e13aa288585e6546f179853758b\"},\"headline\":\"La mejor protecci\\u00f3n contra COVID-19: Vacuna y protocolos sanitarios\",\"datePublished\":\"2021-06-28T07:43:52+00:00\",\"dateModified\":\"2021-06-28T07:43:52+00:00\",\"mainEntityOfPage\":{\"@id\":\"https:\/\/soledaddurazo.com\/blog\/2021\/06\/28\/la-mejor-proteccion-contra-covid-19-vacuna-y-protocolos-sanitarios\/#webpage\"},\"wordCount\":768,\"commentCount\":0,\"publisher\":{\"@id\":\"https:\/\/soledaddurazo.com\/#organization\"},\"image\":{\"@id\":\"https:\/\/soledaddurazo.com\/blog\/2021\/06\/28\/la-mejor-proteccion-contra-covid-19-vacuna-y-protocolos-sanitarios\/#primaryimage\"},\"thumbnailUrl\":\"https:\/\/soledaddurazo.com\/storage\/2021\/06\/f608x342-278213_307936_0.jpg\",\"articleSection\":[\"Mi Sonora\"],\"inLanguage\":\"es\",\"potentialAction\":[{\"@type\":\"CommentAction\",\"name\":\"Comment\",\"target\":[\"https:\/\/soledaddurazo.com\/blog\/2021\/06\/28\/la-mejor-proteccion-contra-covid-19-vacuna-y-protocolos-sanitarios\/#respond\"]}]},{\"@type\":\"Person\",\"@id\":\"https:\/\/soledaddurazo.com\/#\/schema\/person\/822d8e13aa288585e6546f179853758b\",\"name\":\"Redacci\\u00f3n\",\"image\":{\"@type\":\"ImageObject\",\"@id\":\"https:\/\/soledaddurazo.com\/#personlogo\",\"inLanguage\":\"es\",\"url\":\"https:\/\/secure.gravatar.com\/avatar\/c4e193752f756fd61f04deebed3a3a20dc188d37edb53682d313ac57f2725d54?s=96&d=mm&r=g\",\"contentUrl\":\"https:\/\/secure.gravatar.com\/avatar\/c4e193752f756fd61f04deebed3a3a20dc188d37edb53682d313ac57f2725d54?s=96&d=mm&r=g\",\"caption\":\"Redacci\\u00f3n\"},\"sameAs\":[\"https:\/\/soledaddurazo.com\"]}]}<\/script>\n ","yoast_head_json":{"title":"La mejor protecci\u00f3n contra COVID-19: Vacuna y protocolos sanitarios - Periodista SoledadDurazo.com","robots":{"index":"index","follow":"follow","max-snippet":"max-snippet:-1","max-image-preview":"max-image-preview:large","max-video-preview":"max-video-preview:-1"},"canonical":"https:\/\/soledaddurazo.com\/blog\/2021\/06\/28\/la-mejor-proteccion-contra-covid-19-vacuna-y-protocolos-sanitarios\/","og_locale":"es_MX","og_type":"article","og_title":"La mejor protecci\u00f3n contra COVID-19: Vacuna y protocolos sanitarios","og_description":"Aplicarte la vacuna contra COVID-19 y mantener las medidas y protocolos sanitarios son las mejores armas para enfrentar el virus, enfatiz\u00f3 Enrique Clausen Iberri, tras informarse que este d\u00eda se registraron 222 nuevos casos, sin reportar ning\u00fan fallecimiento en el estado. El secretario de Salud se\u00f1al\u00f3 que Hermosillo, Cajeme, Navojoa y Caborca se mantienen en [&hellip;]","og_url":"https:\/\/soledaddurazo.com\/blog\/2021\/06\/28\/la-mejor-proteccion-contra-covid-19-vacuna-y-protocolos-sanitarios\/","og_site_name":"Periodista SoledadDurazo.com","article_publisher":"https:\/\/www.facebook.com\/soledad.durazo.9\/","article_published_time":"2021-06-28T07:43:52+00:00","og_image":[{"width":608,"height":342,"url":"https:\/\/soledaddurazo.com\/storage\/2021\/06\/f608x342-278213_307936_0.jpg","type":"image\/jpeg"}],"twitter_card":"summary_large_image","twitter_creator":"@SoledadDurazo","twitter_site":"@SoledadDurazo","twitter_misc":{"Escrito por":"Redacci\u00f3n","Tiempo de lectura":"4 minutos"},"schema":{"@context":"https:\/\/schema.org","@graph":[{"@type":"Organization","@id":"https:\/\/soledaddurazo.com\/#organization","name":"Soledad Durazo","url":"https:\/\/soledaddurazo.com\/","sameAs":["https:\/\/www.facebook.com\/soledad.durazo.9\/","https:\/\/www.instagram.com\/soledaddurazo","https:\/\/www.youtube.com\/channel\/UC9yGPw8-Vbl_B2XNkRwPS-w","https:\/\/twitter.com\/SoledadDurazo"],"logo":{"@type":"ImageObject","@id":"https:\/\/soledaddurazo.com\/#logo","inLanguage":"es","url":"https:\/\/soledaddurazo.com\/storage\/2021\/11\/nllp-720x375-1-2.png","contentUrl":"https:\/\/soledaddurazo.com\/storage\/2021\/11\/nllp-720x375-1-2.png","width":720,"height":375,"caption":"Soledad Durazo"},"image":{"@id":"https:\/\/soledaddurazo.com\/#logo"}},{"@type":"WebSite","@id":"https:\/\/soledaddurazo.com\/#website","url":"https:\/\/soledaddurazo.com\/","name":"Periodista SoledadDurazo.com","description":"Periodista sonorense. Directora de www.SoledadDurazo.com Columnista, conductora de radio y Tv. Catedr\u00e1tica en la UNISON","publisher":{"@id":"https:\/\/soledaddurazo.com\/#organization"},"potentialAction":[{"@type":"SearchAction","target":{"@type":"EntryPoint","urlTemplate":"https:\/\/soledaddurazo.com\/?s={search_term_string}"},"query-input":"required name=search_term_string"}],"inLanguage":"es"},{"@type":"ImageObject","@id":"https:\/\/soledaddurazo.com\/blog\/2021\/06\/28\/la-mejor-proteccion-contra-covid-19-vacuna-y-protocolos-sanitarios\/#primaryimage","inLanguage":"es","url":"https:\/\/soledaddurazo.com\/storage\/2021\/06\/f608x342-278213_307936_0.jpg","contentUrl":"https:\/\/soledaddurazo.com\/storage\/2021\/06\/f608x342-278213_307936_0.jpg","width":608,"height":342},{"@type":"WebPage","@id":"https:\/\/soledaddurazo.com\/blog\/2021\/06\/28\/la-mejor-proteccion-contra-covid-19-vacuna-y-protocolos-sanitarios\/#webpage","url":"https:\/\/soledaddurazo.com\/blog\/2021\/06\/28\/la-mejor-proteccion-contra-covid-19-vacuna-y-protocolos-sanitarios\/","name":"La mejor protecci\u00f3n contra COVID-19: Vacuna y protocolos sanitarios - Periodista SoledadDurazo.com","isPartOf":{"@id":"https:\/\/soledaddurazo.com\/#website"},"primaryImageOfPage":{"@id":"https:\/\/soledaddurazo.com\/blog\/2021\/06\/28\/la-mejor-proteccion-contra-covid-19-vacuna-y-protocolos-sanitarios\/#primaryimage"},"datePublished":"2021-06-28T07:43:52+00:00","dateModified":"2021-06-28T07:43:52+00:00","breadcrumb":{"@id":"https:\/\/soledaddurazo.com\/blog\/2021\/06\/28\/la-mejor-proteccion-contra-covid-19-vacuna-y-protocolos-sanitarios\/#breadcrumb"},"inLanguage":"es","potentialAction":[{"@type":"ReadAction","target":["https:\/\/soledaddurazo.com\/blog\/2021\/06\/28\/la-mejor-proteccion-contra-covid-19-vacuna-y-protocolos-sanitarios\/"]}]},{"@type":"BreadcrumbList","@id":"https:\/\/soledaddurazo.com\/blog\/2021\/06\/28\/la-mejor-proteccion-contra-covid-19-vacuna-y-protocolos-sanitarios\/#breadcrumb","itemListElement":[{"@type":"ListItem","position":1,"name":"Home","item":"https:\/\/soledaddurazo.com\/"},{"@type":"ListItem","position":2,"name":"La mejor protecci\u00f3n contra COVID-19: Vacuna y protocolos sanitarios"}]},{"@type":"Article","@id":"https:\/\/soledaddurazo.com\/blog\/2021\/06\/28\/la-mejor-proteccion-contra-covid-19-vacuna-y-protocolos-sanitarios\/#article","isPartOf":{"@id":"https:\/\/soledaddurazo.com\/blog\/2021\/06\/28\/la-mejor-proteccion-contra-covid-19-vacuna-y-protocolos-sanitarios\/#webpage"},"author":{"@id":"https:\/\/soledaddurazo.com\/#\/schema\/person\/822d8e13aa288585e6546f179853758b"},"headline":"La mejor protecci\u00f3n contra COVID-19: Vacuna y protocolos sanitarios","datePublished":"2021-06-28T07:43:52+00:00","dateModified":"2021-06-28T07:43:52+00:00","mainEntityOfPage":{"@id":"https:\/\/soledaddurazo.com\/blog\/2021\/06\/28\/la-mejor-proteccion-contra-covid-19-vacuna-y-protocolos-sanitarios\/#webpage"},"wordCount":768,"commentCount":0,"publisher":{"@id":"https:\/\/soledaddurazo.com\/#organization"},"image":{"@id":"https:\/\/soledaddurazo.com\/blog\/2021\/06\/28\/la-mejor-proteccion-contra-covid-19-vacuna-y-protocolos-sanitarios\/#primaryimage"},"thumbnailUrl":"https:\/\/soledaddurazo.com\/storage\/2021\/06\/f608x342-278213_307936_0.jpg","articleSection":["Mi Sonora"],"inLanguage":"es","potentialAction":[{"@type":"CommentAction","name":"Comment","target":["https:\/\/soledaddurazo.com\/blog\/2021\/06\/28\/la-mejor-proteccion-contra-covid-19-vacuna-y-protocolos-sanitarios\/#respond"]}]},{"@type":"Person","@id":"https:\/\/soledaddurazo.com\/#\/schema\/person\/822d8e13aa288585e6546f179853758b","name":"Redacci\u00f3n","image":{"@type":"ImageObject","@id":"https:\/\/soledaddurazo.com\/#personlogo","inLanguage":"es","url":"https:\/\/secure.gravatar.com\/avatar\/c4e193752f756fd61f04deebed3a3a20dc188d37edb53682d313ac57f2725d54?s=96&d=mm&r=g","contentUrl":"https:\/\/secure.gravatar.com\/avatar\/c4e193752f756fd61f04deebed3a3a20dc188d37edb53682d313ac57f2725d54?s=96&d=mm&r=g","caption":"Redacci\u00f3n"},"sameAs":["https:\/\/soledaddurazo.com"]}]}},"_links":{"self":[{"href":"https:\/\/soledaddurazo.com\/api\/wp\/v2\/posts\/9216","targetHints":{"allow":["GET"]}}],"collection":[{"href":"https:\/\/soledaddurazo.com\/api\/wp\/v2\/posts"}],"about":[{"href":"https:\/\/soledaddurazo.com\/api\/wp\/v2\/types\/post"}],"author":[{"embeddable":true,"href":"https:\/\/soledaddurazo.com\/api\/wp\/v2\/users\/1"}],"replies":[{"embeddable":true,"href":"https:\/\/soledaddurazo.com\/api\/wp\/v2\/comments?post=9216"}],"version-history":[{"count":1,"href":"https:\/\/soledaddurazo.com\/api\/wp\/v2\/posts\/9216\/revisions"}],"predecessor-version":[{"id":9218,"href":"https:\/\/soledaddurazo.com\/api\/wp\/v2\/posts\/9216\/revisions\/9218"}],"wp:featuredmedia":[{"embeddable":true,"href":"https:\/\/soledaddurazo.com\/api\/wp\/v2\/media\/9217"}],"wp:attachment":[{"href":"https:\/\/soledaddurazo.com\/api\/wp\/v2\/media?parent=9216"}],"wp:term":[{"taxonomy":"category","embeddable":true,"href":"https:\/\/soledaddurazo.com\/api\/wp\/v2\/categories?post=9216"},{"taxonomy":"post_tag","embeddable":true,"href":"https:\/\/soledaddurazo.com\/api\/wp\/v2\/tags?post=9216"}],"curies":[{"name":"wp","href":"https:\/\/api.w.org\/{rel}","templated":true}]}}