{"id":9170,"date":"2021-06-24T00:19:54","date_gmt":"2021-06-24T07:19:54","guid":{"rendered":"https:\/\/soledaddurazo.com\/?p=9170"},"modified":"2021-06-24T00:19:54","modified_gmt":"2021-06-24T07:19:54","slug":"trabajaremos-en-conjunto-por-infraestructura-de-altura-y-calidad-tono-astiazaran","status":"publish","type":"post","link":"https:\/\/soledaddurazo.com\/blog\/2021\/06\/24\/trabajaremos-en-conjunto-por-infraestructura-de-altura-y-calidad-tono-astiazaran\/","title":{"rendered":"Trabajaremos en conjunto por infraestructura de altura y calidad: &#8220;To\u00f1o&#8221; Astiazar\u00e1n"},"content":{"rendered":"<p>El Presidente Municipal Electo de Hermosillo, Antonio &#8220;To\u00f1o&#8221; Astiazar\u00e1n, reiter\u00f3 la disponibilidad de trabajo junto a los agremiados de la C\u00e1mara Mexicana de la Industria de la Construcci\u00f3n en Sonora, que preside Alfonso Reina Villegas.<\/p>\n<p>Las familias hermosillenses requieren obras de infraestructura de calidad y altura indic\u00f3 To\u00f1o Astiazar\u00e1n al se\u00f1alar que impulsar\u00e1n las acciones necesarias para ello.<\/p>\n<p>En este encuentro refrend\u00f3 su plan de gobierno y proyectos para incentivar el crecimiento de la capital sonorense expuestos el pasado 17 de mayo en el conversatorio organizado por la CMIC.<\/p>\n<p>Se trata, dijo, de reactivar los espacios p\u00fablicos, sanear las calles y avenidas de la ciudad, propuestas que tienen que ir de la mano con la sociedad, en una alianza entre todos los actores para poder crecer conjuntamente para el desarrollo de la capital sonorense.<\/p>\n<p>Por su parte, Alfonso Reina Villegas, agradeci\u00f3 la visita del alcalde electo de Hermosillo y mostr\u00f3 su disposici\u00f3n para participar en el diagn\u00f3stico y alternativas de soluci\u00f3n en la infraestructura de nuestra ciudad.<\/p>\n","protected":false},"excerpt":{"rendered":"<p>El Presidente Municipal Electo de Hermosillo, Antonio &#8220;To\u00f1o&#8221; Astiazar\u00e1n, reiter\u00f3 la disponibilidad de trabajo junto a los agremiados de la C\u00e1mara Mexicana de la Industria de la Construcci\u00f3n en Sonora, que preside Alfonso Reina Villegas. Las familias hermosillenses requieren obras de infraestructura de calidad y altura indic\u00f3 To\u00f1o Astiazar\u00e1n al se\u00f1alar que impulsar\u00e1n las acciones [&hellip;]<\/p>\n","protected":false},"author":1,"featured_media":9171,"comment_status":"open","ping_status":"open","sticky":false,"template":"","format":"standard","meta":{"footnotes":""},"categories":[175],"tags":[],"class_list":["post"],"yoast_head":" \n<title>Trabajaremos en conjunto por infraestructura de altura y calidad: &quot;To\u00f1o&quot; Astiazar\u00e1n - Periodista SoledadDurazo.com<\/title>\n<meta name=\"robots\" content=\"index, follow, max-snippet:-1, max-image-preview:large, max-video-preview:-1\" \/>\n<link rel=\"canonical\" href=\"https:\/\/soledaddurazo.com\/blog\/2021\/06\/24\/trabajaremos-en-conjunto-por-infraestructura-de-altura-y-calidad-tono-astiazaran\/\" \/>\n<meta property=\"og:locale\" content=\"es_MX\" \/>\n<meta property=\"og:type\" content=\"article\" \/>\n<meta property=\"og:title\" content=\"Trabajaremos en conjunto por infraestructura de altura y calidad: &quot;To\u00f1o&quot; Astiazar\u00e1n\" \/>\n<meta property=\"og:description\" content=\"El Presidente Municipal Electo de Hermosillo, Antonio &#8220;To\u00f1o&#8221; Astiazar\u00e1n, reiter\u00f3 la disponibilidad de trabajo junto a los agremiados de la C\u00e1mara Mexicana de la Industria de la Construcci\u00f3n en Sonora, que preside Alfonso Reina Villegas. Las familias hermosillenses requieren obras de infraestructura de calidad y altura indic\u00f3 To\u00f1o Astiazar\u00e1n al se\u00f1alar que impulsar\u00e1n las acciones [&hellip;]\" \/>\n<meta property=\"og:url\" content=\"https:\/\/soledaddurazo.com\/blog\/2021\/06\/24\/trabajaremos-en-conjunto-por-infraestructura-de-altura-y-calidad-tono-astiazaran\/\" \/>\n<meta property=\"og:site_name\" content=\"Periodista SoledadDurazo.com\" \/>\n<meta property=\"article:publisher\" content=\"https:\/\/www.facebook.com\/soledad.durazo.9\/\" \/>\n<meta property=\"article:published_time\" content=\"2021-06-24T07:19:54+00:00\" \/>\n<meta property=\"og:image\" content=\"https:\/\/soledaddurazo.com\/storage\/2021\/06\/WhatsApp-Image-2021-06-23-at-16.55.23.jpeg\" \/>\n\t<meta property=\"og:image:width\" content=\"1280\" \/>\n\t<meta property=\"og:image:height\" content=\"721\" \/>\n<meta name=\"twitter:card\" content=\"summary_large_image\" \/>\n<meta name=\"twitter:creator\" content=\"@SoledadDurazo\" \/>\n<meta name=\"twitter:site\" content=\"@SoledadDurazo\" \/>\n<meta name=\"twitter:label1\" content=\"Escrito por\" \/>\n\t<meta name=\"twitter:data1\" content=\"Redacci\u00f3n\" \/>\n\t<meta name=\"twitter:label2\" content=\"Tiempo de lectura\" \/>\n\t<meta name=\"twitter:data2\" content=\"1 minuto\" \/>\n<script type=\"application\/ld+json\" class=\"yoast-schema-graph\">{\"@context\":\"https:\/\/schema.org\",\"@graph\":[{\"@type\":\"Organization\",\"@id\":\"https:\/\/soledaddurazo.com\/#organization\",\"name\":\"Soledad Durazo\",\"url\":\"https:\/\/soledaddurazo.com\/\",\"sameAs\":[\"https:\/\/www.facebook.com\/soledad.durazo.9\/\",\"https:\/\/www.instagram.com\/soledaddurazo\",\"https:\/\/www.youtube.com\/channel\/UC9yGPw8-Vbl_B2XNkRwPS-w\",\"https:\/\/twitter.com\/SoledadDurazo\"],\"logo\":{\"@type\":\"ImageObject\",\"@id\":\"https:\/\/soledaddurazo.com\/#logo\",\"inLanguage\":\"es\",\"url\":\"https:\/\/soledaddurazo.com\/storage\/2021\/11\/nllp-720x375-1-2.png\",\"contentUrl\":\"https:\/\/soledaddurazo.com\/storage\/2021\/11\/nllp-720x375-1-2.png\",\"width\":720,\"height\":375,\"caption\":\"Soledad Durazo\"},\"image\":{\"@id\":\"https:\/\/soledaddurazo.com\/#logo\"}},{\"@type\":\"WebSite\",\"@id\":\"https:\/\/soledaddurazo.com\/#website\",\"url\":\"https:\/\/soledaddurazo.com\/\",\"name\":\"Periodista SoledadDurazo.com\",\"description\":\"Periodista sonorense. Directora de www.SoledadDurazo.com Columnista, conductora de radio y Tv. Catedr\\u00e1tica en la UNISON\",\"publisher\":{\"@id\":\"https:\/\/soledaddurazo.com\/#organization\"},\"potentialAction\":[{\"@type\":\"SearchAction\",\"target\":{\"@type\":\"EntryPoint\",\"urlTemplate\":\"https:\/\/soledaddurazo.com\/?s={search_term_string}\"},\"query-input\":\"required name=search_term_string\"}],\"inLanguage\":\"es\"},{\"@type\":\"ImageObject\",\"@id\":\"https:\/\/soledaddurazo.com\/blog\/2021\/06\/24\/trabajaremos-en-conjunto-por-infraestructura-de-altura-y-calidad-tono-astiazaran\/#primaryimage\",\"inLanguage\":\"es\",\"url\":\"https:\/\/soledaddurazo.com\/storage\/2021\/06\/WhatsApp-Image-2021-06-23-at-16.55.23.jpeg\",\"contentUrl\":\"https:\/\/soledaddurazo.com\/storage\/2021\/06\/WhatsApp-Image-2021-06-23-at-16.55.23.jpeg\",\"width\":1280,\"height\":721},{\"@type\":\"WebPage\",\"@id\":\"https:\/\/soledaddurazo.com\/blog\/2021\/06\/24\/trabajaremos-en-conjunto-por-infraestructura-de-altura-y-calidad-tono-astiazaran\/#webpage\",\"url\":\"https:\/\/soledaddurazo.com\/blog\/2021\/06\/24\/trabajaremos-en-conjunto-por-infraestructura-de-altura-y-calidad-tono-astiazaran\/\",\"name\":\"Trabajaremos en conjunto por infraestructura de altura y calidad: \\\"To\\u00f1o\\\" Astiazar\\u00e1n - Periodista SoledadDurazo.com\",\"isPartOf\":{\"@id\":\"https:\/\/soledaddurazo.com\/#website\"},\"primaryImageOfPage\":{\"@id\":\"https:\/\/soledaddurazo.com\/blog\/2021\/06\/24\/trabajaremos-en-conjunto-por-infraestructura-de-altura-y-calidad-tono-astiazaran\/#primaryimage\"},\"datePublished\":\"2021-06-24T07:19:54+00:00\",\"dateModified\":\"2021-06-24T07:19:54+00:00\",\"breadcrumb\":{\"@id\":\"https:\/\/soledaddurazo.com\/blog\/2021\/06\/24\/trabajaremos-en-conjunto-por-infraestructura-de-altura-y-calidad-tono-astiazaran\/#breadcrumb\"},\"inLanguage\":\"es\",\"potentialAction\":[{\"@type\":\"ReadAction\",\"target\":[\"https:\/\/soledaddurazo.com\/blog\/2021\/06\/24\/trabajaremos-en-conjunto-por-infraestructura-de-altura-y-calidad-tono-astiazaran\/\"]}]},{\"@type\":\"BreadcrumbList\",\"@id\":\"https:\/\/soledaddurazo.com\/blog\/2021\/06\/24\/trabajaremos-en-conjunto-por-infraestructura-de-altura-y-calidad-tono-astiazaran\/#breadcrumb\",\"itemListElement\":[{\"@type\":\"ListItem\",\"position\":1,\"name\":\"Home\",\"item\":\"https:\/\/soledaddurazo.com\/\"},{\"@type\":\"ListItem\",\"position\":2,\"name\":\"Trabajaremos en conjunto por infraestructura de altura y calidad: &#8220;To\\u00f1o&#8221; Astiazar\\u00e1n\"}]},{\"@type\":\"Article\",\"@id\":\"https:\/\/soledaddurazo.com\/blog\/2021\/06\/24\/trabajaremos-en-conjunto-por-infraestructura-de-altura-y-calidad-tono-astiazaran\/#article\",\"isPartOf\":{\"@id\":\"https:\/\/soledaddurazo.com\/blog\/2021\/06\/24\/trabajaremos-en-conjunto-por-infraestructura-de-altura-y-calidad-tono-astiazaran\/#webpage\"},\"author\":{\"@id\":\"https:\/\/soledaddurazo.com\/#\/schema\/person\/822d8e13aa288585e6546f179853758b\"},\"headline\":\"Trabajaremos en conjunto por infraestructura de altura y calidad: &#8220;To\\u00f1o&#8221; Astiazar\\u00e1n\",\"datePublished\":\"2021-06-24T07:19:54+00:00\",\"dateModified\":\"2021-06-24T07:19:54+00:00\",\"mainEntityOfPage\":{\"@id\":\"https:\/\/soledaddurazo.com\/blog\/2021\/06\/24\/trabajaremos-en-conjunto-por-infraestructura-de-altura-y-calidad-tono-astiazaran\/#webpage\"},\"wordCount\":191,\"commentCount\":0,\"publisher\":{\"@id\":\"https:\/\/soledaddurazo.com\/#organization\"},\"image\":{\"@id\":\"https:\/\/soledaddurazo.com\/blog\/2021\/06\/24\/trabajaremos-en-conjunto-por-infraestructura-de-altura-y-calidad-tono-astiazaran\/#primaryimage\"},\"thumbnailUrl\":\"https:\/\/soledaddurazo.com\/storage\/2021\/06\/WhatsApp-Image-2021-06-23-at-16.55.23.jpeg\",\"articleSection\":[\"Sonora 20-21\"],\"inLanguage\":\"es\",\"potentialAction\":[{\"@type\":\"CommentAction\",\"name\":\"Comment\",\"target\":[\"https:\/\/soledaddurazo.com\/blog\/2021\/06\/24\/trabajaremos-en-conjunto-por-infraestructura-de-altura-y-calidad-tono-astiazaran\/#respond\"]}]},{\"@type\":\"Person\",\"@id\":\"https:\/\/soledaddurazo.com\/#\/schema\/person\/822d8e13aa288585e6546f179853758b\",\"name\":\"Redacci\\u00f3n\",\"image\":{\"@type\":\"ImageObject\",\"@id\":\"https:\/\/soledaddurazo.com\/#personlogo\",\"inLanguage\":\"es\",\"url\":\"https:\/\/secure.gravatar.com\/avatar\/c4e193752f756fd61f04deebed3a3a20dc188d37edb53682d313ac57f2725d54?s=96&d=mm&r=g\",\"contentUrl\":\"https:\/\/secure.gravatar.com\/avatar\/c4e193752f756fd61f04deebed3a3a20dc188d37edb53682d313ac57f2725d54?s=96&d=mm&r=g\",\"caption\":\"Redacci\\u00f3n\"},\"sameAs\":[\"https:\/\/soledaddurazo.com\"]}]}<\/script>\n ","yoast_head_json":{"title":"Trabajaremos en conjunto por infraestructura de altura y calidad: \"To\u00f1o\" Astiazar\u00e1n - Periodista SoledadDurazo.com","robots":{"index":"index","follow":"follow","max-snippet":"max-snippet:-1","max-image-preview":"max-image-preview:large","max-video-preview":"max-video-preview:-1"},"canonical":"https:\/\/soledaddurazo.com\/blog\/2021\/06\/24\/trabajaremos-en-conjunto-por-infraestructura-de-altura-y-calidad-tono-astiazaran\/","og_locale":"es_MX","og_type":"article","og_title":"Trabajaremos en conjunto por infraestructura de altura y calidad: \"To\u00f1o\" Astiazar\u00e1n","og_description":"El Presidente Municipal Electo de Hermosillo, Antonio &#8220;To\u00f1o&#8221; Astiazar\u00e1n, reiter\u00f3 la disponibilidad de trabajo junto a los agremiados de la C\u00e1mara Mexicana de la Industria de la Construcci\u00f3n en Sonora, que preside Alfonso Reina Villegas. Las familias hermosillenses requieren obras de infraestructura de calidad y altura indic\u00f3 To\u00f1o Astiazar\u00e1n al se\u00f1alar que impulsar\u00e1n las acciones [&hellip;]","og_url":"https:\/\/soledaddurazo.com\/blog\/2021\/06\/24\/trabajaremos-en-conjunto-por-infraestructura-de-altura-y-calidad-tono-astiazaran\/","og_site_name":"Periodista SoledadDurazo.com","article_publisher":"https:\/\/www.facebook.com\/soledad.durazo.9\/","article_published_time":"2021-06-24T07:19:54+00:00","og_image":[{"width":1280,"height":721,"url":"https:\/\/soledaddurazo.com\/storage\/2021\/06\/WhatsApp-Image-2021-06-23-at-16.55.23.jpeg","type":"image\/jpeg"}],"twitter_card":"summary_large_image","twitter_creator":"@SoledadDurazo","twitter_site":"@SoledadDurazo","twitter_misc":{"Escrito por":"Redacci\u00f3n","Tiempo de lectura":"1 minuto"},"schema":{"@context":"https:\/\/schema.org","@graph":[{"@type":"Organization","@id":"https:\/\/soledaddurazo.com\/#organization","name":"Soledad Durazo","url":"https:\/\/soledaddurazo.com\/","sameAs":["https:\/\/www.facebook.com\/soledad.durazo.9\/","https:\/\/www.instagram.com\/soledaddurazo","https:\/\/www.youtube.com\/channel\/UC9yGPw8-Vbl_B2XNkRwPS-w","https:\/\/twitter.com\/SoledadDurazo"],"logo":{"@type":"ImageObject","@id":"https:\/\/soledaddurazo.com\/#logo","inLanguage":"es","url":"https:\/\/soledaddurazo.com\/storage\/2021\/11\/nllp-720x375-1-2.png","contentUrl":"https:\/\/soledaddurazo.com\/storage\/2021\/11\/nllp-720x375-1-2.png","width":720,"height":375,"caption":"Soledad Durazo"},"image":{"@id":"https:\/\/soledaddurazo.com\/#logo"}},{"@type":"WebSite","@id":"https:\/\/soledaddurazo.com\/#website","url":"https:\/\/soledaddurazo.com\/","name":"Periodista SoledadDurazo.com","description":"Periodista sonorense. Directora de www.SoledadDurazo.com Columnista, conductora de radio y Tv. Catedr\u00e1tica en la UNISON","publisher":{"@id":"https:\/\/soledaddurazo.com\/#organization"},"potentialAction":[{"@type":"SearchAction","target":{"@type":"EntryPoint","urlTemplate":"https:\/\/soledaddurazo.com\/?s={search_term_string}"},"query-input":"required name=search_term_string"}],"inLanguage":"es"},{"@type":"ImageObject","@id":"https:\/\/soledaddurazo.com\/blog\/2021\/06\/24\/trabajaremos-en-conjunto-por-infraestructura-de-altura-y-calidad-tono-astiazaran\/#primaryimage","inLanguage":"es","url":"https:\/\/soledaddurazo.com\/storage\/2021\/06\/WhatsApp-Image-2021-06-23-at-16.55.23.jpeg","contentUrl":"https:\/\/soledaddurazo.com\/storage\/2021\/06\/WhatsApp-Image-2021-06-23-at-16.55.23.jpeg","width":1280,"height":721},{"@type":"WebPage","@id":"https:\/\/soledaddurazo.com\/blog\/2021\/06\/24\/trabajaremos-en-conjunto-por-infraestructura-de-altura-y-calidad-tono-astiazaran\/#webpage","url":"https:\/\/soledaddurazo.com\/blog\/2021\/06\/24\/trabajaremos-en-conjunto-por-infraestructura-de-altura-y-calidad-tono-astiazaran\/","name":"Trabajaremos en conjunto por infraestructura de altura y calidad: \"To\u00f1o\" Astiazar\u00e1n - Periodista SoledadDurazo.com","isPartOf":{"@id":"https:\/\/soledaddurazo.com\/#website"},"primaryImageOfPage":{"@id":"https:\/\/soledaddurazo.com\/blog\/2021\/06\/24\/trabajaremos-en-conjunto-por-infraestructura-de-altura-y-calidad-tono-astiazaran\/#primaryimage"},"datePublished":"2021-06-24T07:19:54+00:00","dateModified":"2021-06-24T07:19:54+00:00","breadcrumb":{"@id":"https:\/\/soledaddurazo.com\/blog\/2021\/06\/24\/trabajaremos-en-conjunto-por-infraestructura-de-altura-y-calidad-tono-astiazaran\/#breadcrumb"},"inLanguage":"es","potentialAction":[{"@type":"ReadAction","target":["https:\/\/soledaddurazo.com\/blog\/2021\/06\/24\/trabajaremos-en-conjunto-por-infraestructura-de-altura-y-calidad-tono-astiazaran\/"]}]},{"@type":"BreadcrumbList","@id":"https:\/\/soledaddurazo.com\/blog\/2021\/06\/24\/trabajaremos-en-conjunto-por-infraestructura-de-altura-y-calidad-tono-astiazaran\/#breadcrumb","itemListElement":[{"@type":"ListItem","position":1,"name":"Home","item":"https:\/\/soledaddurazo.com\/"},{"@type":"ListItem","position":2,"name":"Trabajaremos en conjunto por infraestructura de altura y calidad: &#8220;To\u00f1o&#8221; Astiazar\u00e1n"}]},{"@type":"Article","@id":"https:\/\/soledaddurazo.com\/blog\/2021\/06\/24\/trabajaremos-en-conjunto-por-infraestructura-de-altura-y-calidad-tono-astiazaran\/#article","isPartOf":{"@id":"https:\/\/soledaddurazo.com\/blog\/2021\/06\/24\/trabajaremos-en-conjunto-por-infraestructura-de-altura-y-calidad-tono-astiazaran\/#webpage"},"author":{"@id":"https:\/\/soledaddurazo.com\/#\/schema\/person\/822d8e13aa288585e6546f179853758b"},"headline":"Trabajaremos en conjunto por infraestructura de altura y calidad: &#8220;To\u00f1o&#8221; Astiazar\u00e1n","datePublished":"2021-06-24T07:19:54+00:00","dateModified":"2021-06-24T07:19:54+00:00","mainEntityOfPage":{"@id":"https:\/\/soledaddurazo.com\/blog\/2021\/06\/24\/trabajaremos-en-conjunto-por-infraestructura-de-altura-y-calidad-tono-astiazaran\/#webpage"},"wordCount":191,"commentCount":0,"publisher":{"@id":"https:\/\/soledaddurazo.com\/#organization"},"image":{"@id":"https:\/\/soledaddurazo.com\/blog\/2021\/06\/24\/trabajaremos-en-conjunto-por-infraestructura-de-altura-y-calidad-tono-astiazaran\/#primaryimage"},"thumbnailUrl":"https:\/\/soledaddurazo.com\/storage\/2021\/06\/WhatsApp-Image-2021-06-23-at-16.55.23.jpeg","articleSection":["Sonora 20-21"],"inLanguage":"es","potentialAction":[{"@type":"CommentAction","name":"Comment","target":["https:\/\/soledaddurazo.com\/blog\/2021\/06\/24\/trabajaremos-en-conjunto-por-infraestructura-de-altura-y-calidad-tono-astiazaran\/#respond"]}]},{"@type":"Person","@id":"https:\/\/soledaddurazo.com\/#\/schema\/person\/822d8e13aa288585e6546f179853758b","name":"Redacci\u00f3n","image":{"@type":"ImageObject","@id":"https:\/\/soledaddurazo.com\/#personlogo","inLanguage":"es","url":"https:\/\/secure.gravatar.com\/avatar\/c4e193752f756fd61f04deebed3a3a20dc188d37edb53682d313ac57f2725d54?s=96&d=mm&r=g","contentUrl":"https:\/\/secure.gravatar.com\/avatar\/c4e193752f756fd61f04deebed3a3a20dc188d37edb53682d313ac57f2725d54?s=96&d=mm&r=g","caption":"Redacci\u00f3n"},"sameAs":["https:\/\/soledaddurazo.com"]}]}},"_links":{"self":[{"href":"https:\/\/soledaddurazo.com\/api\/wp\/v2\/posts\/9170","targetHints":{"allow":["GET"]}}],"collection":[{"href":"https:\/\/soledaddurazo.com\/api\/wp\/v2\/posts"}],"about":[{"href":"https:\/\/soledaddurazo.com\/api\/wp\/v2\/types\/post"}],"author":[{"embeddable":true,"href":"https:\/\/soledaddurazo.com\/api\/wp\/v2\/users\/1"}],"replies":[{"embeddable":true,"href":"https:\/\/soledaddurazo.com\/api\/wp\/v2\/comments?post=9170"}],"version-history":[{"count":1,"href":"https:\/\/soledaddurazo.com\/api\/wp\/v2\/posts\/9170\/revisions"}],"predecessor-version":[{"id":9172,"href":"https:\/\/soledaddurazo.com\/api\/wp\/v2\/posts\/9170\/revisions\/9172"}],"wp:featuredmedia":[{"embeddable":true,"href":"https:\/\/soledaddurazo.com\/api\/wp\/v2\/media\/9171"}],"wp:attachment":[{"href":"https:\/\/soledaddurazo.com\/api\/wp\/v2\/media?parent=9170"}],"wp:term":[{"taxonomy":"category","embeddable":true,"href":"https:\/\/soledaddurazo.com\/api\/wp\/v2\/categories?post=9170"},{"taxonomy":"post_tag","embeddable":true,"href":"https:\/\/soledaddurazo.com\/api\/wp\/v2\/tags?post=9170"}],"curies":[{"name":"wp","href":"https:\/\/api.w.org\/{rel}","templated":true}]}}