{"id":9144,"date":"2021-06-23T22:58:50","date_gmt":"2021-06-24T05:58:50","guid":{"rendered":"https:\/\/soledaddurazo.com\/?p=9144"},"modified":"2021-06-23T22:58:50","modified_gmt":"2021-06-24T05:58:50","slug":"debemos-mantener-protocolos-sanitarios-aun-con-esquema-completo-de-vacunacion-contra-covid-19","status":"publish","type":"post","link":"https:\/\/soledaddurazo.com\/blog\/2021\/06\/23\/debemos-mantener-protocolos-sanitarios-aun-con-esquema-completo-de-vacunacion-contra-covid-19\/","title":{"rendered":"Debemos mantener protocolos sanitarios aun con esquema completo de vacunaci\u00f3n contra COVID-19"},"content":{"rendered":"<p>En Sonora se tiene registro de 385 mil personas con el esquema completo de vacunaci\u00f3n contra COVID-19, de las cuales, 191 se han vuelto a contagiar y seis han fallecido, por lo que lo recomendable es continuar con las medidas y protocolos sanitarios para evitar contraer la enfermedad, enfatiz\u00f3 Enrique Clausen Iberri, tras informarse que este d\u00eda no se registraron decesos, pero se sumaron 71 nuevos casos en el estado.<\/p>\n<p>&nbsp;<\/p>\n<p>El secretario de Salud se\u00f1al\u00f3 que el registro de de nuevos contagios y fallecimientos, a\u00fan cuando se tiene el esquema completo de vacunaci\u00f3n contra COVID-19, est\u00e1 pasando no solo en Sonora, sino es diferentes partes de la Rep\u00fablica Mexicana y de todo el mundo, por eso la recomendaci\u00f3n sigue siendo tener los cuidados y protocolos sanitarios rigurosos.<\/p>\n<p>&nbsp;<\/p>\n<p>\u201cEntonces, por conclusi\u00f3n, la vacuna reduce la mortalidad, pero existe la posibilidad de que te contagies y de que no te vaya bien. Es por eso, que t\u00fa deber\u00e1s decidir si eres c\u00f3mplice o parte de la escalada de contagios que puede haber en Sonora, si no quieres ser parte de los contagios, no te quites por ning\u00fan motivo el cubrebocas, ventila tu hogar, no asistas a lugares aglomerados, garantiza tu distancia de m\u00ednimo metro y medio y repito, por ning\u00fan motivo te quites el cubrebocas\u201d, expres\u00f3.<\/p>\n<p>&nbsp;<\/p>\n<p>Este martes no se confirm\u00f3 ning\u00fan deceso en Sonora, por lo que se mantienen las 6 mil 463 defunciones en la entidad desde el inicio de la pandemia. Asimismo, se registraron 71 nuevos casos por COVID, en 36 hombres y 35 mujeres, para un total de 77 mil 487 casos en la entidad. De los contagios nuevos, 42 son residentes de Hermosillo; 10 de Caborca; ocho de Cajeme; seis de Navojoa; uno de Soyopa; uno de Nogales; uno de Guaymas; uno de Magdalena de Kino y uno de Huatabampo.<\/p>\n<p>&nbsp;<\/p>\n<p>Hoy se confirmaron tres casos pedi\u00e1tricos, en dos ni\u00f1as y un ni\u00f1o, para un total de mil 507; hoy no se confirmaron casos en una mujeres embarazadas; uno de los 71 casos fue en un trabajador de la salud. Este martes, ocho pacientes fueron dados de alta y hasta el momento 69 mil 705 personas se han recuperado en la entidad.<\/p>\n<p>&nbsp;<\/p>\n<p>Al momento, se han realizado 140 mil 722 pruebas; se han confirmado 77 mil 487 casos y se han descartado 63 mil 235; cuadros leves 7 mil 545; mil 186 activos y seis mil 359 concluyeron su seguimiento; 63 mil 346 pacientes se han curado y 71 pacientes se encuentran hospitalizados, 19 de ellos estables, 79 graves y 35 cr\u00edticos.<\/p>\n<p>&nbsp;<\/p>\n<p>Casos COVID-19 en Sonora 77,487 casos confirmados y 6,463 defunciones<\/p>\n<p>&nbsp;<\/p>\n<p>Defunciones registradas 23 de junio de 2021: 0<\/p>\n<p>&nbsp;<\/p>\n<p>Casos confirmados 23 de junio de 2021: 71<\/p>\n<p>Hermosillo: 42<\/p>\n<p>Caborca: 10<\/p>\n<p>Cajeme: 8<\/p>\n<p>Navojoa: 6<\/p>\n<p>Soyopa: 1<\/p>\n<p>Nogales: 1<\/p>\n<p>Guaymas: 1<\/p>\n<p>Magdalena: 1<\/p>\n<p>Huatabampo: 1<\/p>\n<p>&nbsp;<\/p>\n<p>Mujeres: 35\/ Hombres: 36<\/p>\n<p>&nbsp;<\/p>\n<p>Instituci\u00f3n M\u00e9dica<\/p>\n<p>Secretar\u00eda de Salud: 55<\/p>\n<p>IMSS: 11<\/p>\n<p>Isssteson: 3<\/p>\n<p>Issste: 2<\/p>\n<p>&nbsp;<\/p>\n<p>Acumulados<\/p>\n<p>&nbsp;<\/p>\n<p>Defunciones: 6,463<\/p>\n<p>Hermosillo: 2,111<\/p>\n<p>Cajeme: 1,117<\/p>\n<p>San Luis R\u00edo Colorado: 523<\/p>\n<p>Nogales: 514<\/p>\n<p>Guaymas: 383<\/p>\n<p>Navojoa: 295<\/p>\n<p>Agua Prieta: 225<\/p>\n<p>Caborca: 180<\/p>\n<p>Huatabampo: 156<\/p>\n<p>Empalme: 119<\/p>\n<p>Cananea: 119<\/p>\n<p>Etchojoa: 98<\/p>\n<p>Magdalena: 77<\/p>\n<p>Puerto Pe\u00f1asco: 77<\/p>\n<p>Nacozari de Garc\u00eda: 54<\/p>\n<p>Benito Ju\u00e1rez: 50<\/p>\n<p>Santa Ana: 45<\/p>\n<p>B\u00e1cum: 44<\/p>\n<p>San Ignacio R\u00edo Muerto: 24<\/p>\n<p>\u00cdmuris: 22<\/p>\n<p>Gral. Plutarco El\u00edas Calles: 22<\/p>\n<p>\u00c1lamos: 21<\/p>\n<p>Pitiquito: 20<\/p>\n<p>Fronteras: 17<\/p>\n<p>Cumpas: 16<\/p>\n<p>Naco: 11<\/p>\n<p>Moctezuma: 10<\/p>\n<p>Ures: 9<\/p>\n<p>Rosario: 9<\/p>\n<p>Sahuaripa: 8<\/p>\n<p>Villa Hidalgo: 7<\/p>\n<p>Bavi\u00e1cora: 7<\/p>\n<p>Bacoachi: 7<\/p>\n<p>Altar: 7<\/p>\n<p>Benjam\u00edn Hill: 6<\/p>\n<p>San Miguel de Horcasitas: 5<\/p>\n<p>Aconchi: 5<\/p>\n<p>S\u00e1ric: 4<\/p>\n<p>Ray\u00f3n: 3<\/p>\n<p>Carb\u00f3: 3<\/p>\n<p>Quiriego: 3<\/p>\n<p>Bacerac: 3<\/p>\n<p>Arizpe: 3<\/p>\n<p>Ban\u00e1michi: 3<\/p>\n<p>Bavispe: 2<\/p>\n<p>N\u00e1cori Chico: 2<\/p>\n<p>San Pedro de la Cueva: 2<\/p>\n<p>Arivechi: 2<\/p>\n<p>Cucurpe: 2<\/p>\n<p>Hu\u00e9pac: 2<\/p>\n<p>Tepache: 2<\/p>\n<p>Opodepe: 1<\/p>\n<p>San Felipe de Jes\u00fas: 1<\/p>\n<p>Granados: 1<\/p>\n<p>Oquitoa: 1<\/p>\n<p>Santa Cruz: 1<\/p>\n<p>Mazat\u00e1n: 1<\/p>\n<p>Y\u00e9cora: 1<\/p>\n<p>&nbsp;<\/p>\n<p>Mujeres: 2,764\/Hombres: 3,699<\/p>\n<p>&nbsp;<\/p>\n<p>Instituci\u00f3n M\u00e9dica<\/p>\n<p>IMSS: 4,064<\/p>\n<p>Secretar\u00eda de Salud: 1,829<\/p>\n<p>Isssteson: 422<\/p>\n<p>Issste: 139<\/p>\n<p>Sedena: 5<\/p>\n<p>Semar: 4<\/p>\n<p>&nbsp;<\/p>\n<p>Total de casos confirmados: 77,487<\/p>\n<p>Hermosillo: 35,854 municipio con mayor incidencia con un 46% del total.<\/p>\n<p>Cajeme: 10,925 que representan el 14% del total.<\/p>\n<p>Nogales: 4,801 que representan el 6% del total<\/p>\n<p>Guaymas: 3,648 que representan el 5% del total<\/p>\n<p>Navojoa: 3,540<\/p>\n<p>Caborca: 3,486<\/p>\n<p>San Luis R\u00edo Colorado: 3,266<\/p>\n<p>Cananea: 1,938<\/p>\n<p>Huatabampo: 1,518<\/p>\n<p>Empalme: 1,375<\/p>\n<p>Agua Prieta: 1,302<\/p>\n<p>Etchojoa: 718<\/p>\n<p>Magdalena: 636<\/p>\n<p>Puerto Pe\u00f1asco: 582<\/p>\n<p>Santa Ana: 411<\/p>\n<p>Nacozari de Garc\u00eda: 348<\/p>\n<p>\u00c1lamos: 306<\/p>\n<p>Pitiquito: 294<\/p>\n<p>B\u00e1cum: 291<\/p>\n<p>Benito Ju\u00e1rez: 263<\/p>\n<p>Gral. Plutarco El\u00edas Calles: 221<\/p>\n<p>San Ignacio R\u00edo Muerto: 192<\/p>\n<p>Sahuaripa: 155<\/p>\n<p>Bavi\u00e1cora: 133<\/p>\n<p>Altar: 120<\/p>\n<p>\u00cdmuris: 117<\/p>\n<p>Ures: 94<\/p>\n<p>Moctezuma: 82<\/p>\n<p>Cumpas: 76<\/p>\n<p>Rosario: 68<\/p>\n<p>N\u00e1cori Chico: 65<\/p>\n<p>Y\u00e9cora: 57<\/p>\n<p>Bacoachi: 51<\/p>\n<p>Benjam\u00edn Hill: 46<\/p>\n<p>Fronteras: 45<\/p>\n<p>Naco: 42<\/p>\n<p>Aconchi: 33<\/p>\n<p>Granados: 33<\/p>\n<p>Arizpe: 32<\/p>\n<p>S\u00e1ric: 28<\/p>\n<p>Carb\u00f3: 26<\/p>\n<p>Arivechi: 22<\/p>\n<p>San Miguel de Horcasitas: 20<\/p>\n<p>Villa Hidalgo: 16<\/p>\n<p>Trincheras: 14<\/p>\n<p>Ban\u00e1michi: 14<\/p>\n<p>Quiriego: 14<\/p>\n<p>San Pedro de la Cueva: 14<\/p>\n<p>Cucurpe: 13<\/p>\n<p>Ray\u00f3n: 12<\/p>\n<p>Hu\u00e1sabas: 12<\/p>\n<p>Tepache: 11<\/p>\n<p>\u00c1til: 10<\/p>\n<p>Bacerac: 8<\/p>\n<p>Huachinera: 7<\/p>\n<p>Bavispe: 7<\/p>\n<p>Tubutama: 7<\/p>\n<p>\u00d3navas: 6<\/p>\n<p>Villa Pesqueira: 6<\/p>\n<p>San Javier: 6<\/p>\n<p>Divisaderos: 6<\/p>\n<p>Oquitoa: 6<\/p>\n<p>Bacad\u00e9huachi: 5<\/p>\n<p>San Felipe de Jes\u00fas: 5<\/p>\n<p>Hu\u00e9pac: 5<\/p>\n<p>Mazat\u00e1n: 5<\/p>\n<p>Bacanora: 5<\/p>\n<p>Santa Cruz: 4<\/p>\n<p>Opodepe: 4<\/p>\n<p>La Colorada: 2<\/p>\n<p>Soyopa: 2<\/p>\n<p>Suaqui Grande: 1<\/p>\n<p>&nbsp;<\/p>\n<p>Mujeres: 41,686\/Hombres: 35,801<\/p>\n<p>&nbsp;<\/p>\n<p>Instituci\u00f3n M\u00e9dica<\/p>\n<p>Secretar\u00eda de Salud: 52,873<\/p>\n<p>IMSS: 16,990<\/p>\n<p>Isssteson: 6,236<\/p>\n<p>Issste: 1,149<\/p>\n<p>Sedena: 224<\/p>\n<p>Semar: 15<\/p>\n<p>&nbsp;<\/p>\n<p>Casos estudiados: 140,722<\/p>\n<p>Confirmados: 77,487<\/p>\n<p>Descartados: 63,235<\/p>\n<p>Cuadro leve: 7,545<\/p>\n<p>Pacientes activos: 1,186<\/p>\n<p>Pacientes en seguimiento terminado: 6,359<\/p>\n<p>Curados: 63,346<\/p>\n<p>Hospitalizados: 133<\/p>\n<p>Estables: 19<\/p>\n<p>Graves: 79<\/p>\n<p>Pacientes graves con ventilaci\u00f3n mec\u00e1nica invasiva: 35<\/p>\n","protected":false},"excerpt":{"rendered":"<p>En Sonora se tiene registro de 385 mil personas con el esquema completo de vacunaci\u00f3n contra COVID-19, de las cuales, 191 se han vuelto a contagiar y seis han fallecido, por lo que lo recomendable es continuar con las medidas y protocolos sanitarios para evitar contraer la enfermedad, enfatiz\u00f3 Enrique Clausen Iberri, tras informarse que [&hellip;]<\/p>\n","protected":false},"author":1,"featured_media":9145,"comment_status":"open","ping_status":"open","sticky":false,"template":"","format":"standard","meta":{"footnotes":""},"categories":[159],"tags":[],"class_list":["post"],"yoast_head":" \n<title>Debemos mantener protocolos sanitarios aun con esquema completo de vacunaci\u00f3n contra COVID-19 - Periodista SoledadDurazo.com<\/title>\n<meta name=\"robots\" content=\"index, follow, max-snippet:-1, max-image-preview:large, max-video-preview:-1\" \/>\n<link rel=\"canonical\" href=\"https:\/\/soledaddurazo.com\/blog\/2021\/06\/23\/debemos-mantener-protocolos-sanitarios-aun-con-esquema-completo-de-vacunacion-contra-covid-19\/\" \/>\n<meta property=\"og:locale\" content=\"es_MX\" \/>\n<meta property=\"og:type\" content=\"article\" \/>\n<meta property=\"og:title\" content=\"Debemos mantener protocolos sanitarios aun con esquema completo de vacunaci\u00f3n contra COVID-19\" \/>\n<meta property=\"og:description\" content=\"En Sonora se tiene registro de 385 mil personas con el esquema completo de vacunaci\u00f3n contra COVID-19, de las cuales, 191 se han vuelto a contagiar y seis han fallecido, por lo que lo recomendable es continuar con las medidas y protocolos sanitarios para evitar contraer la enfermedad, enfatiz\u00f3 Enrique Clausen Iberri, tras informarse que [&hellip;]\" \/>\n<meta property=\"og:url\" content=\"https:\/\/soledaddurazo.com\/blog\/2021\/06\/23\/debemos-mantener-protocolos-sanitarios-aun-con-esquema-completo-de-vacunacion-contra-covid-19\/\" \/>\n<meta property=\"og:site_name\" content=\"Periodista SoledadDurazo.com\" \/>\n<meta property=\"article:publisher\" content=\"https:\/\/www.facebook.com\/soledad.durazo.9\/\" \/>\n<meta property=\"article:published_time\" content=\"2021-06-24T05:58:50+00:00\" \/>\n<meta property=\"og:image\" content=\"https:\/\/soledaddurazo.com\/storage\/2021\/06\/unnamed-47.jpg\" \/>\n\t<meta property=\"og:image:width\" content=\"1200\" \/>\n\t<meta property=\"og:image:height\" content=\"674\" \/>\n<meta name=\"twitter:card\" content=\"summary_large_image\" \/>\n<meta name=\"twitter:creator\" content=\"@SoledadDurazo\" \/>\n<meta name=\"twitter:site\" content=\"@SoledadDurazo\" \/>\n<meta name=\"twitter:label1\" content=\"Escrito por\" \/>\n\t<meta name=\"twitter:data1\" content=\"Redacci\u00f3n\" \/>\n\t<meta name=\"twitter:label2\" content=\"Tiempo de lectura\" \/>\n\t<meta name=\"twitter:data2\" content=\"4 minutos\" \/>\n<script type=\"application\/ld+json\" class=\"yoast-schema-graph\">{\"@context\":\"https:\/\/schema.org\",\"@graph\":[{\"@type\":\"Organization\",\"@id\":\"https:\/\/soledaddurazo.com\/#organization\",\"name\":\"Soledad Durazo\",\"url\":\"https:\/\/soledaddurazo.com\/\",\"sameAs\":[\"https:\/\/www.facebook.com\/soledad.durazo.9\/\",\"https:\/\/www.instagram.com\/soledaddurazo\",\"https:\/\/www.youtube.com\/channel\/UC9yGPw8-Vbl_B2XNkRwPS-w\",\"https:\/\/twitter.com\/SoledadDurazo\"],\"logo\":{\"@type\":\"ImageObject\",\"@id\":\"https:\/\/soledaddurazo.com\/#logo\",\"inLanguage\":\"es\",\"url\":\"https:\/\/soledaddurazo.com\/storage\/2021\/11\/nllp-720x375-1-2.png\",\"contentUrl\":\"https:\/\/soledaddurazo.com\/storage\/2021\/11\/nllp-720x375-1-2.png\",\"width\":720,\"height\":375,\"caption\":\"Soledad Durazo\"},\"image\":{\"@id\":\"https:\/\/soledaddurazo.com\/#logo\"}},{\"@type\":\"WebSite\",\"@id\":\"https:\/\/soledaddurazo.com\/#website\",\"url\":\"https:\/\/soledaddurazo.com\/\",\"name\":\"Periodista SoledadDurazo.com\",\"description\":\"Periodista sonorense. Directora de www.SoledadDurazo.com Columnista, conductora de radio y Tv. Catedr\\u00e1tica en la UNISON\",\"publisher\":{\"@id\":\"https:\/\/soledaddurazo.com\/#organization\"},\"potentialAction\":[{\"@type\":\"SearchAction\",\"target\":{\"@type\":\"EntryPoint\",\"urlTemplate\":\"https:\/\/soledaddurazo.com\/?s={search_term_string}\"},\"query-input\":\"required name=search_term_string\"}],\"inLanguage\":\"es\"},{\"@type\":\"ImageObject\",\"@id\":\"https:\/\/soledaddurazo.com\/blog\/2021\/06\/23\/debemos-mantener-protocolos-sanitarios-aun-con-esquema-completo-de-vacunacion-contra-covid-19\/#primaryimage\",\"inLanguage\":\"es\",\"url\":\"https:\/\/soledaddurazo.com\/storage\/2021\/06\/unnamed-47.jpg\",\"contentUrl\":\"https:\/\/soledaddurazo.com\/storage\/2021\/06\/unnamed-47.jpg\",\"width\":1200,\"height\":674},{\"@type\":\"WebPage\",\"@id\":\"https:\/\/soledaddurazo.com\/blog\/2021\/06\/23\/debemos-mantener-protocolos-sanitarios-aun-con-esquema-completo-de-vacunacion-contra-covid-19\/#webpage\",\"url\":\"https:\/\/soledaddurazo.com\/blog\/2021\/06\/23\/debemos-mantener-protocolos-sanitarios-aun-con-esquema-completo-de-vacunacion-contra-covid-19\/\",\"name\":\"Debemos mantener protocolos sanitarios aun con esquema completo de vacunaci\\u00f3n contra COVID-19 - Periodista SoledadDurazo.com\",\"isPartOf\":{\"@id\":\"https:\/\/soledaddurazo.com\/#website\"},\"primaryImageOfPage\":{\"@id\":\"https:\/\/soledaddurazo.com\/blog\/2021\/06\/23\/debemos-mantener-protocolos-sanitarios-aun-con-esquema-completo-de-vacunacion-contra-covid-19\/#primaryimage\"},\"datePublished\":\"2021-06-24T05:58:50+00:00\",\"dateModified\":\"2021-06-24T05:58:50+00:00\",\"breadcrumb\":{\"@id\":\"https:\/\/soledaddurazo.com\/blog\/2021\/06\/23\/debemos-mantener-protocolos-sanitarios-aun-con-esquema-completo-de-vacunacion-contra-covid-19\/#breadcrumb\"},\"inLanguage\":\"es\",\"potentialAction\":[{\"@type\":\"ReadAction\",\"target\":[\"https:\/\/soledaddurazo.com\/blog\/2021\/06\/23\/debemos-mantener-protocolos-sanitarios-aun-con-esquema-completo-de-vacunacion-contra-covid-19\/\"]}]},{\"@type\":\"BreadcrumbList\",\"@id\":\"https:\/\/soledaddurazo.com\/blog\/2021\/06\/23\/debemos-mantener-protocolos-sanitarios-aun-con-esquema-completo-de-vacunacion-contra-covid-19\/#breadcrumb\",\"itemListElement\":[{\"@type\":\"ListItem\",\"position\":1,\"name\":\"Home\",\"item\":\"https:\/\/soledaddurazo.com\/\"},{\"@type\":\"ListItem\",\"position\":2,\"name\":\"Debemos mantener protocolos sanitarios aun con esquema completo de vacunaci\\u00f3n contra COVID-19\"}]},{\"@type\":\"Article\",\"@id\":\"https:\/\/soledaddurazo.com\/blog\/2021\/06\/23\/debemos-mantener-protocolos-sanitarios-aun-con-esquema-completo-de-vacunacion-contra-covid-19\/#article\",\"isPartOf\":{\"@id\":\"https:\/\/soledaddurazo.com\/blog\/2021\/06\/23\/debemos-mantener-protocolos-sanitarios-aun-con-esquema-completo-de-vacunacion-contra-covid-19\/#webpage\"},\"author\":{\"@id\":\"https:\/\/soledaddurazo.com\/#\/schema\/person\/822d8e13aa288585e6546f179853758b\"},\"headline\":\"Debemos mantener protocolos sanitarios aun con esquema completo de vacunaci\\u00f3n contra COVID-19\",\"datePublished\":\"2021-06-24T05:58:50+00:00\",\"dateModified\":\"2021-06-24T05:58:50+00:00\",\"mainEntityOfPage\":{\"@id\":\"https:\/\/soledaddurazo.com\/blog\/2021\/06\/23\/debemos-mantener-protocolos-sanitarios-aun-con-esquema-completo-de-vacunacion-contra-covid-19\/#webpage\"},\"wordCount\":792,\"commentCount\":0,\"publisher\":{\"@id\":\"https:\/\/soledaddurazo.com\/#organization\"},\"image\":{\"@id\":\"https:\/\/soledaddurazo.com\/blog\/2021\/06\/23\/debemos-mantener-protocolos-sanitarios-aun-con-esquema-completo-de-vacunacion-contra-covid-19\/#primaryimage\"},\"thumbnailUrl\":\"https:\/\/soledaddurazo.com\/storage\/2021\/06\/unnamed-47.jpg\",\"articleSection\":[\"Mi Sonora\"],\"inLanguage\":\"es\",\"potentialAction\":[{\"@type\":\"CommentAction\",\"name\":\"Comment\",\"target\":[\"https:\/\/soledaddurazo.com\/blog\/2021\/06\/23\/debemos-mantener-protocolos-sanitarios-aun-con-esquema-completo-de-vacunacion-contra-covid-19\/#respond\"]}]},{\"@type\":\"Person\",\"@id\":\"https:\/\/soledaddurazo.com\/#\/schema\/person\/822d8e13aa288585e6546f179853758b\",\"name\":\"Redacci\\u00f3n\",\"image\":{\"@type\":\"ImageObject\",\"@id\":\"https:\/\/soledaddurazo.com\/#personlogo\",\"inLanguage\":\"es\",\"url\":\"https:\/\/secure.gravatar.com\/avatar\/c4e193752f756fd61f04deebed3a3a20dc188d37edb53682d313ac57f2725d54?s=96&d=mm&r=g\",\"contentUrl\":\"https:\/\/secure.gravatar.com\/avatar\/c4e193752f756fd61f04deebed3a3a20dc188d37edb53682d313ac57f2725d54?s=96&d=mm&r=g\",\"caption\":\"Redacci\\u00f3n\"},\"sameAs\":[\"https:\/\/soledaddurazo.com\"]}]}<\/script>\n ","yoast_head_json":{"title":"Debemos mantener protocolos sanitarios aun con esquema completo de vacunaci\u00f3n contra COVID-19 - Periodista SoledadDurazo.com","robots":{"index":"index","follow":"follow","max-snippet":"max-snippet:-1","max-image-preview":"max-image-preview:large","max-video-preview":"max-video-preview:-1"},"canonical":"https:\/\/soledaddurazo.com\/blog\/2021\/06\/23\/debemos-mantener-protocolos-sanitarios-aun-con-esquema-completo-de-vacunacion-contra-covid-19\/","og_locale":"es_MX","og_type":"article","og_title":"Debemos mantener protocolos sanitarios aun con esquema completo de vacunaci\u00f3n contra COVID-19","og_description":"En Sonora se tiene registro de 385 mil personas con el esquema completo de vacunaci\u00f3n contra COVID-19, de las cuales, 191 se han vuelto a contagiar y seis han fallecido, por lo que lo recomendable es continuar con las medidas y protocolos sanitarios para evitar contraer la enfermedad, enfatiz\u00f3 Enrique Clausen Iberri, tras informarse que [&hellip;]","og_url":"https:\/\/soledaddurazo.com\/blog\/2021\/06\/23\/debemos-mantener-protocolos-sanitarios-aun-con-esquema-completo-de-vacunacion-contra-covid-19\/","og_site_name":"Periodista SoledadDurazo.com","article_publisher":"https:\/\/www.facebook.com\/soledad.durazo.9\/","article_published_time":"2021-06-24T05:58:50+00:00","og_image":[{"width":1200,"height":674,"url":"https:\/\/soledaddurazo.com\/storage\/2021\/06\/unnamed-47.jpg","type":"image\/jpeg"}],"twitter_card":"summary_large_image","twitter_creator":"@SoledadDurazo","twitter_site":"@SoledadDurazo","twitter_misc":{"Escrito por":"Redacci\u00f3n","Tiempo de lectura":"4 minutos"},"schema":{"@context":"https:\/\/schema.org","@graph":[{"@type":"Organization","@id":"https:\/\/soledaddurazo.com\/#organization","name":"Soledad Durazo","url":"https:\/\/soledaddurazo.com\/","sameAs":["https:\/\/www.facebook.com\/soledad.durazo.9\/","https:\/\/www.instagram.com\/soledaddurazo","https:\/\/www.youtube.com\/channel\/UC9yGPw8-Vbl_B2XNkRwPS-w","https:\/\/twitter.com\/SoledadDurazo"],"logo":{"@type":"ImageObject","@id":"https:\/\/soledaddurazo.com\/#logo","inLanguage":"es","url":"https:\/\/soledaddurazo.com\/storage\/2021\/11\/nllp-720x375-1-2.png","contentUrl":"https:\/\/soledaddurazo.com\/storage\/2021\/11\/nllp-720x375-1-2.png","width":720,"height":375,"caption":"Soledad Durazo"},"image":{"@id":"https:\/\/soledaddurazo.com\/#logo"}},{"@type":"WebSite","@id":"https:\/\/soledaddurazo.com\/#website","url":"https:\/\/soledaddurazo.com\/","name":"Periodista SoledadDurazo.com","description":"Periodista sonorense. Directora de www.SoledadDurazo.com Columnista, conductora de radio y Tv. Catedr\u00e1tica en la UNISON","publisher":{"@id":"https:\/\/soledaddurazo.com\/#organization"},"potentialAction":[{"@type":"SearchAction","target":{"@type":"EntryPoint","urlTemplate":"https:\/\/soledaddurazo.com\/?s={search_term_string}"},"query-input":"required name=search_term_string"}],"inLanguage":"es"},{"@type":"ImageObject","@id":"https:\/\/soledaddurazo.com\/blog\/2021\/06\/23\/debemos-mantener-protocolos-sanitarios-aun-con-esquema-completo-de-vacunacion-contra-covid-19\/#primaryimage","inLanguage":"es","url":"https:\/\/soledaddurazo.com\/storage\/2021\/06\/unnamed-47.jpg","contentUrl":"https:\/\/soledaddurazo.com\/storage\/2021\/06\/unnamed-47.jpg","width":1200,"height":674},{"@type":"WebPage","@id":"https:\/\/soledaddurazo.com\/blog\/2021\/06\/23\/debemos-mantener-protocolos-sanitarios-aun-con-esquema-completo-de-vacunacion-contra-covid-19\/#webpage","url":"https:\/\/soledaddurazo.com\/blog\/2021\/06\/23\/debemos-mantener-protocolos-sanitarios-aun-con-esquema-completo-de-vacunacion-contra-covid-19\/","name":"Debemos mantener protocolos sanitarios aun con esquema completo de vacunaci\u00f3n contra COVID-19 - Periodista SoledadDurazo.com","isPartOf":{"@id":"https:\/\/soledaddurazo.com\/#website"},"primaryImageOfPage":{"@id":"https:\/\/soledaddurazo.com\/blog\/2021\/06\/23\/debemos-mantener-protocolos-sanitarios-aun-con-esquema-completo-de-vacunacion-contra-covid-19\/#primaryimage"},"datePublished":"2021-06-24T05:58:50+00:00","dateModified":"2021-06-24T05:58:50+00:00","breadcrumb":{"@id":"https:\/\/soledaddurazo.com\/blog\/2021\/06\/23\/debemos-mantener-protocolos-sanitarios-aun-con-esquema-completo-de-vacunacion-contra-covid-19\/#breadcrumb"},"inLanguage":"es","potentialAction":[{"@type":"ReadAction","target":["https:\/\/soledaddurazo.com\/blog\/2021\/06\/23\/debemos-mantener-protocolos-sanitarios-aun-con-esquema-completo-de-vacunacion-contra-covid-19\/"]}]},{"@type":"BreadcrumbList","@id":"https:\/\/soledaddurazo.com\/blog\/2021\/06\/23\/debemos-mantener-protocolos-sanitarios-aun-con-esquema-completo-de-vacunacion-contra-covid-19\/#breadcrumb","itemListElement":[{"@type":"ListItem","position":1,"name":"Home","item":"https:\/\/soledaddurazo.com\/"},{"@type":"ListItem","position":2,"name":"Debemos mantener protocolos sanitarios aun con esquema completo de vacunaci\u00f3n contra COVID-19"}]},{"@type":"Article","@id":"https:\/\/soledaddurazo.com\/blog\/2021\/06\/23\/debemos-mantener-protocolos-sanitarios-aun-con-esquema-completo-de-vacunacion-contra-covid-19\/#article","isPartOf":{"@id":"https:\/\/soledaddurazo.com\/blog\/2021\/06\/23\/debemos-mantener-protocolos-sanitarios-aun-con-esquema-completo-de-vacunacion-contra-covid-19\/#webpage"},"author":{"@id":"https:\/\/soledaddurazo.com\/#\/schema\/person\/822d8e13aa288585e6546f179853758b"},"headline":"Debemos mantener protocolos sanitarios aun con esquema completo de vacunaci\u00f3n contra COVID-19","datePublished":"2021-06-24T05:58:50+00:00","dateModified":"2021-06-24T05:58:50+00:00","mainEntityOfPage":{"@id":"https:\/\/soledaddurazo.com\/blog\/2021\/06\/23\/debemos-mantener-protocolos-sanitarios-aun-con-esquema-completo-de-vacunacion-contra-covid-19\/#webpage"},"wordCount":792,"commentCount":0,"publisher":{"@id":"https:\/\/soledaddurazo.com\/#organization"},"image":{"@id":"https:\/\/soledaddurazo.com\/blog\/2021\/06\/23\/debemos-mantener-protocolos-sanitarios-aun-con-esquema-completo-de-vacunacion-contra-covid-19\/#primaryimage"},"thumbnailUrl":"https:\/\/soledaddurazo.com\/storage\/2021\/06\/unnamed-47.jpg","articleSection":["Mi Sonora"],"inLanguage":"es","potentialAction":[{"@type":"CommentAction","name":"Comment","target":["https:\/\/soledaddurazo.com\/blog\/2021\/06\/23\/debemos-mantener-protocolos-sanitarios-aun-con-esquema-completo-de-vacunacion-contra-covid-19\/#respond"]}]},{"@type":"Person","@id":"https:\/\/soledaddurazo.com\/#\/schema\/person\/822d8e13aa288585e6546f179853758b","name":"Redacci\u00f3n","image":{"@type":"ImageObject","@id":"https:\/\/soledaddurazo.com\/#personlogo","inLanguage":"es","url":"https:\/\/secure.gravatar.com\/avatar\/c4e193752f756fd61f04deebed3a3a20dc188d37edb53682d313ac57f2725d54?s=96&d=mm&r=g","contentUrl":"https:\/\/secure.gravatar.com\/avatar\/c4e193752f756fd61f04deebed3a3a20dc188d37edb53682d313ac57f2725d54?s=96&d=mm&r=g","caption":"Redacci\u00f3n"},"sameAs":["https:\/\/soledaddurazo.com"]}]}},"_links":{"self":[{"href":"https:\/\/soledaddurazo.com\/api\/wp\/v2\/posts\/9144","targetHints":{"allow":["GET"]}}],"collection":[{"href":"https:\/\/soledaddurazo.com\/api\/wp\/v2\/posts"}],"about":[{"href":"https:\/\/soledaddurazo.com\/api\/wp\/v2\/types\/post"}],"author":[{"embeddable":true,"href":"https:\/\/soledaddurazo.com\/api\/wp\/v2\/users\/1"}],"replies":[{"embeddable":true,"href":"https:\/\/soledaddurazo.com\/api\/wp\/v2\/comments?post=9144"}],"version-history":[{"count":1,"href":"https:\/\/soledaddurazo.com\/api\/wp\/v2\/posts\/9144\/revisions"}],"predecessor-version":[{"id":9146,"href":"https:\/\/soledaddurazo.com\/api\/wp\/v2\/posts\/9144\/revisions\/9146"}],"wp:featuredmedia":[{"embeddable":true,"href":"https:\/\/soledaddurazo.com\/api\/wp\/v2\/media\/9145"}],"wp:attachment":[{"href":"https:\/\/soledaddurazo.com\/api\/wp\/v2\/media?parent=9144"}],"wp:term":[{"taxonomy":"category","embeddable":true,"href":"https:\/\/soledaddurazo.com\/api\/wp\/v2\/categories?post=9144"},{"taxonomy":"post_tag","embeddable":true,"href":"https:\/\/soledaddurazo.com\/api\/wp\/v2\/tags?post=9144"}],"curies":[{"name":"wp","href":"https:\/\/api.w.org\/{rel}","templated":true}]}}