{"id":9126,"date":"2021-06-22T22:13:29","date_gmt":"2021-06-23T05:13:29","guid":{"rendered":"https:\/\/soledaddurazo.com\/?p=9126"},"modified":"2021-06-22T22:13:29","modified_gmt":"2021-06-23T05:13:29","slug":"se-implementan-nuevas-medidas-para-municipios-en-color-naranja-en-el-mapa-sonora-anticipa","status":"publish","type":"post","link":"https:\/\/soledaddurazo.com\/blog\/2021\/06\/22\/se-implementan-nuevas-medidas-para-municipios-en-color-naranja-en-el-mapa-sonora-anticipa\/","title":{"rendered":"Se implementan nuevas medidas para municipios en color naranja en el Mapa Sonora Anticipa"},"content":{"rendered":"<p>El reinicio de actividades en los centros de desarrollo y estancias infantiles en Sonora ser\u00e1 decisi\u00f3n de cada una de las instancias de gobierno a las que est\u00e9n afiliadas, acordaron este martes, de manera un\u00e1nime, los integrantes del Consejo Estatal de Salud; tambi\u00e9n, se aprobaron nuevos aforos y horarios para municipios en color naranja en el Mapa Sonora Anticipa.<\/p>\n<p>En la reuni\u00f3n, presidida por el secretario de Gobierno Juan \u00c1ngel Castillo Taraz\u00f3n, en representaci\u00f3n de la gobernadora Claudia Pavlovich Arellano, el secretario de Salud, Enrique Clausen Iberri, secretario ejecutivo del Consejo e integrantes de este \u00f3rgano colegiado, se determin\u00f3 que, considerando las solicitudes presentadas por instancias federales y particulares, que cada una de las instituciones p\u00fablicas y privadas que tienen a su cargo la operaci\u00f3n de estos establecimientos, de manera directa o subrogada, determine o resuelva su reapertura.<\/p>\n<p>Para ello, deber\u00e1n apegarse y sujetarse estrictamente a los t\u00e9rminos y restricciones previstas en el sistema de alerta federal, el Mapa Sonora Anticipa y todas las disposiciones normativas aplicables en materia sanitaria, as\u00ed como los protocolos para centros de atenci\u00f3n infantil por COVID-19 publicados en la p\u00e1gina\u00a0<a href=\"http:\/\/promosaludsonora.com\/entornos-laborales\/\" target=\"_blank\" rel=\"noopener\" data-saferedirecturl=\"https:\/\/www.google.com\/url?q=http:\/\/promosaludsonora.com\/entornos-laborales\/&amp;source=gmail&amp;ust=1624496609258000&amp;usg=AFQjCNEnuHZFAxhOn7Yn5mhCVgp9SHubSg\">http:\/\/promosaludsonora.com\/<wbr \/>entornos-laborales\/<\/a>.<\/p>\n<p>Igualmente, deber\u00e1n cumplir con las disposiciones normativas relacionadas a menores de edad y las previsiones para toda entidad p\u00fablica o privada que se dedique a la educaci\u00f3n, guardia, custodia, curaci\u00f3n y rehabilitaci\u00f3n, incluido el acuerdo que emite el \u00d3rgano Colegiado Intersecretarial, publicado en el Bolet\u00edn Oficial del Gobierno del Estado el 13 de marzo de 2021, por el que se adoptan las medidas pendientes a la prevenci\u00f3n de contagios del virus COVID-19.<\/p>\n<p>Gerardo \u00c1lvarez Hern\u00e1ndez, director de Promoci\u00f3n a la Salud y Prevenci\u00f3n de Enfermedades de la Secretar\u00eda de Salud, detall\u00f3 que existe evidencia a nivel internacional de que el aumento de la actividad epid\u00e9mica del SARS COV2 se asocia a la relajaci\u00f3n de protocolos sanitarios y que, incluso el avance de la vacunaci\u00f3n es insuficiente para garantizar el control de su transmisi\u00f3n comunitaria.<\/p>\n<p>En la entidad, dijo, en 11 de los 12 municipios evaluados en el Mapa Sonora Anticipa los indicadores de riesgo aumentaron su puntaje, cuatro municipios se encuentran en riesgo alto, por lo que recomend\u00f3 reforzar las medidas de prevenci\u00f3n, dado que, de no hacerlo, es posible una escalada de la epidemia en las pr\u00f3ximas semanas.<\/p>\n<p>Sin embargo, ante la petici\u00f3n de c\u00e1maras empresariales de comercio y servicios, el Consejo Estatal de Salud si bien ratific\u00f3 las estrategias y acciones para la prevenci\u00f3n, atenci\u00f3n y control del SarCov 2 establecidas en el Mapa Sonora Anticipa, se ajustaron los horarios para determinados establecimientos para estos municipios que se encuentran actualmente en color naranja, por lo que ser\u00e1 a las 12:00 de la noche el cierre de actividades, pero con estrictos protolocos y aforos.<\/p>\n<p>El aforo permitido ser\u00e1 de la siguiente manera: eventos sociales, en lugares cerrados, 30 por ciento de su capacidad o hasta 100 personas; en lugares abiertos, 75 por ciento de su capacidad o hasta 200 personas; casinos, antros, bares, cantinas, boliches: 30 por ciento; restaurantes en lugares cerrados, 30 por ciento de su capacidad y en lugares abiertos 75 por ciento; centros religiosos podr\u00e1n recibir personas hasta el 30 por ciento de su capacidad.<\/p>\n<p>Cine, teatros, museos: 30 por ciento de aforo; spas, salones de belleza, peluquer\u00edas: 30 por ciento y previa cita; gimnasios seguir\u00e1n operando con protocolos sanitarios y sin m\u00fasica. Comercios, supermercados y bancos: una persona por familia. Centros comerciales, se permitir\u00e1 que operen al 40 por ciento de su capacidad por cada local o secci\u00f3n; los tianguis (lugares abiertos) al 75 por ciento de su capacidad. Consultorios m\u00e9dicos deber\u00e1n funcionar al 25 por ciento o con previa cita.<\/p>\n<p>Est\u00e1n suspendidos eventos masivos como: conciertos, bailes, festivales, eventos en estadios, carreras de caballos, albercas, cabalgatas; encuentros deportivos podr\u00e1n realizarse con aforo de 30 por ciento y todos portando cubrebocas; los salones de fiestas infantiles y fiestas infantiles particulares: suspendidos. En el caso de las estancias infantiles, como se determin\u00f3 en este mismo Consejo, la reapertura ser\u00e1 decisi\u00f3n de la instituci\u00f3n de salud a la que est\u00e9 afiliada.<\/p>\n<p>El establecimiento que no cumpla con los horarios y aforos establecidos ser\u00e1 suspendido. Ser\u00e1n las autoridades municipales en cada ayuntamiento las responsables de vigilar el cumplimiento de estas disposiciones y se solicit\u00f3 el apoyo de sus cuerpos de seguridad para que al cierre de las actividades realmente no haya aglomeraciones en otros espacios p\u00fablicos.<\/p>\n<p>Asimismo, ante el incremento de casos de COVID-19 en la entidad durante la reuni\u00f3n del Consejo Estatal de Salud, se le solicit\u00f3 al general Jorge Ambia Minero, representante de la Secretar\u00eda de la Defensa Nacional, la reapertura del Hospital Militar como Hospital para la atenci\u00f3n de casos no graves de esta enfermedad y que el Hospital General del Estado no rebase su capacidad de atenci\u00f3n en caso de ser necesario.<\/p>\n<p>Presentes: General de Brigada y Estado Mayor Jorge Ambia Minero, representante de la Secretar\u00eda de la Defensa Nacional; Mar\u00eda Lourdes D\u00edaz, titular del \u00d3rgano de Operaci\u00f3n Administrativa Desconcentrado del IMSS en Sonora; Humberto Aguilar Romo, delegado del Issste en Sonora; Luis Becerra Hurtado, en representaci\u00f3n de Jos\u00e9 Mart\u00edn Nava Velarde, director general del Isssteson; Lorena Robles Ruiz, comisionada estatal de Protecci\u00f3n Contra Riesgos Sanitarios; Marcos Jos\u00e9 Serrato, director del Hospital General del Estado; Luis Mario Espinoza, en representaci\u00f3n de David Anaya Cooley, secretario de Seguridad P\u00fablica; Salvador Ponce, representante del diputado Filem\u00f3n Ortega Quintos, presidente de la Comisi\u00f3n de Salud del Congreso del Estado.<\/p>\n","protected":false},"excerpt":{"rendered":"<p>El reinicio de actividades en los centros de desarrollo y estancias infantiles en Sonora ser\u00e1 decisi\u00f3n de cada una de las instancias de gobierno a las que est\u00e9n afiliadas, acordaron este martes, de manera un\u00e1nime, los integrantes del Consejo Estatal de Salud; tambi\u00e9n, se aprobaron nuevos aforos y horarios para municipios en color naranja en [&hellip;]<\/p>\n","protected":false},"author":1,"featured_media":9127,"comment_status":"open","ping_status":"open","sticky":false,"template":"","format":"standard","meta":{"footnotes":""},"categories":[159],"tags":[],"class_list":["post"],"yoast_head":" \n<title>Se implementan nuevas medidas para municipios en color naranja en el Mapa Sonora Anticipa - Periodista SoledadDurazo.com<\/title>\n<meta name=\"robots\" content=\"index, follow, max-snippet:-1, max-image-preview:large, max-video-preview:-1\" \/>\n<link rel=\"canonical\" href=\"https:\/\/soledaddurazo.com\/blog\/2021\/06\/22\/se-implementan-nuevas-medidas-para-municipios-en-color-naranja-en-el-mapa-sonora-anticipa\/\" \/>\n<meta property=\"og:locale\" content=\"es_MX\" \/>\n<meta property=\"og:type\" content=\"article\" \/>\n<meta property=\"og:title\" content=\"Se implementan nuevas medidas para municipios en color naranja en el Mapa Sonora Anticipa\" \/>\n<meta property=\"og:description\" content=\"El reinicio de actividades en los centros de desarrollo y estancias infantiles en Sonora ser\u00e1 decisi\u00f3n de cada una de las instancias de gobierno a las que est\u00e9n afiliadas, acordaron este martes, de manera un\u00e1nime, los integrantes del Consejo Estatal de Salud; tambi\u00e9n, se aprobaron nuevos aforos y horarios para municipios en color naranja en [&hellip;]\" \/>\n<meta property=\"og:url\" content=\"https:\/\/soledaddurazo.com\/blog\/2021\/06\/22\/se-implementan-nuevas-medidas-para-municipios-en-color-naranja-en-el-mapa-sonora-anticipa\/\" \/>\n<meta property=\"og:site_name\" content=\"Periodista SoledadDurazo.com\" \/>\n<meta property=\"article:publisher\" content=\"https:\/\/www.facebook.com\/soledad.durazo.9\/\" \/>\n<meta property=\"article:published_time\" content=\"2021-06-23T05:13:29+00:00\" \/>\n<meta property=\"og:image\" content=\"https:\/\/soledaddurazo.com\/storage\/2021\/06\/IGG_8604.jpg\" \/>\n\t<meta property=\"og:image:width\" content=\"2300\" \/>\n\t<meta property=\"og:image:height\" content=\"1545\" \/>\n<meta name=\"twitter:card\" content=\"summary_large_image\" \/>\n<meta name=\"twitter:creator\" content=\"@SoledadDurazo\" \/>\n<meta name=\"twitter:site\" content=\"@SoledadDurazo\" \/>\n<meta name=\"twitter:label1\" content=\"Escrito por\" \/>\n\t<meta name=\"twitter:data1\" content=\"Redacci\u00f3n\" \/>\n\t<meta name=\"twitter:label2\" content=\"Tiempo de lectura\" \/>\n\t<meta name=\"twitter:data2\" content=\"5 minutos\" \/>\n<script type=\"application\/ld+json\" class=\"yoast-schema-graph\">{\"@context\":\"https:\/\/schema.org\",\"@graph\":[{\"@type\":\"Organization\",\"@id\":\"https:\/\/soledaddurazo.com\/#organization\",\"name\":\"Soledad Durazo\",\"url\":\"https:\/\/soledaddurazo.com\/\",\"sameAs\":[\"https:\/\/www.facebook.com\/soledad.durazo.9\/\",\"https:\/\/www.instagram.com\/soledaddurazo\",\"https:\/\/www.youtube.com\/channel\/UC9yGPw8-Vbl_B2XNkRwPS-w\",\"https:\/\/twitter.com\/SoledadDurazo\"],\"logo\":{\"@type\":\"ImageObject\",\"@id\":\"https:\/\/soledaddurazo.com\/#logo\",\"inLanguage\":\"es\",\"url\":\"https:\/\/soledaddurazo.com\/storage\/2021\/11\/nllp-720x375-1-2.png\",\"contentUrl\":\"https:\/\/soledaddurazo.com\/storage\/2021\/11\/nllp-720x375-1-2.png\",\"width\":720,\"height\":375,\"caption\":\"Soledad Durazo\"},\"image\":{\"@id\":\"https:\/\/soledaddurazo.com\/#logo\"}},{\"@type\":\"WebSite\",\"@id\":\"https:\/\/soledaddurazo.com\/#website\",\"url\":\"https:\/\/soledaddurazo.com\/\",\"name\":\"Periodista SoledadDurazo.com\",\"description\":\"Periodista sonorense. Directora de www.SoledadDurazo.com Columnista, conductora de radio y Tv. Catedr\\u00e1tica en la UNISON\",\"publisher\":{\"@id\":\"https:\/\/soledaddurazo.com\/#organization\"},\"potentialAction\":[{\"@type\":\"SearchAction\",\"target\":{\"@type\":\"EntryPoint\",\"urlTemplate\":\"https:\/\/soledaddurazo.com\/?s={search_term_string}\"},\"query-input\":\"required name=search_term_string\"}],\"inLanguage\":\"es\"},{\"@type\":\"ImageObject\",\"@id\":\"https:\/\/soledaddurazo.com\/blog\/2021\/06\/22\/se-implementan-nuevas-medidas-para-municipios-en-color-naranja-en-el-mapa-sonora-anticipa\/#primaryimage\",\"inLanguage\":\"es\",\"url\":\"https:\/\/soledaddurazo.com\/storage\/2021\/06\/IGG_8604.jpg\",\"contentUrl\":\"https:\/\/soledaddurazo.com\/storage\/2021\/06\/IGG_8604.jpg\",\"width\":2300,\"height\":1545},{\"@type\":\"WebPage\",\"@id\":\"https:\/\/soledaddurazo.com\/blog\/2021\/06\/22\/se-implementan-nuevas-medidas-para-municipios-en-color-naranja-en-el-mapa-sonora-anticipa\/#webpage\",\"url\":\"https:\/\/soledaddurazo.com\/blog\/2021\/06\/22\/se-implementan-nuevas-medidas-para-municipios-en-color-naranja-en-el-mapa-sonora-anticipa\/\",\"name\":\"Se implementan nuevas medidas para municipios en color naranja en el Mapa Sonora Anticipa - Periodista SoledadDurazo.com\",\"isPartOf\":{\"@id\":\"https:\/\/soledaddurazo.com\/#website\"},\"primaryImageOfPage\":{\"@id\":\"https:\/\/soledaddurazo.com\/blog\/2021\/06\/22\/se-implementan-nuevas-medidas-para-municipios-en-color-naranja-en-el-mapa-sonora-anticipa\/#primaryimage\"},\"datePublished\":\"2021-06-23T05:13:29+00:00\",\"dateModified\":\"2021-06-23T05:13:29+00:00\",\"breadcrumb\":{\"@id\":\"https:\/\/soledaddurazo.com\/blog\/2021\/06\/22\/se-implementan-nuevas-medidas-para-municipios-en-color-naranja-en-el-mapa-sonora-anticipa\/#breadcrumb\"},\"inLanguage\":\"es\",\"potentialAction\":[{\"@type\":\"ReadAction\",\"target\":[\"https:\/\/soledaddurazo.com\/blog\/2021\/06\/22\/se-implementan-nuevas-medidas-para-municipios-en-color-naranja-en-el-mapa-sonora-anticipa\/\"]}]},{\"@type\":\"BreadcrumbList\",\"@id\":\"https:\/\/soledaddurazo.com\/blog\/2021\/06\/22\/se-implementan-nuevas-medidas-para-municipios-en-color-naranja-en-el-mapa-sonora-anticipa\/#breadcrumb\",\"itemListElement\":[{\"@type\":\"ListItem\",\"position\":1,\"name\":\"Home\",\"item\":\"https:\/\/soledaddurazo.com\/\"},{\"@type\":\"ListItem\",\"position\":2,\"name\":\"Se implementan nuevas medidas para municipios en color naranja en el Mapa Sonora Anticipa\"}]},{\"@type\":\"Article\",\"@id\":\"https:\/\/soledaddurazo.com\/blog\/2021\/06\/22\/se-implementan-nuevas-medidas-para-municipios-en-color-naranja-en-el-mapa-sonora-anticipa\/#article\",\"isPartOf\":{\"@id\":\"https:\/\/soledaddurazo.com\/blog\/2021\/06\/22\/se-implementan-nuevas-medidas-para-municipios-en-color-naranja-en-el-mapa-sonora-anticipa\/#webpage\"},\"author\":{\"@id\":\"https:\/\/soledaddurazo.com\/#\/schema\/person\/822d8e13aa288585e6546f179853758b\"},\"headline\":\"Se implementan nuevas medidas para municipios en color naranja en el Mapa Sonora Anticipa\",\"datePublished\":\"2021-06-23T05:13:29+00:00\",\"dateModified\":\"2021-06-23T05:13:29+00:00\",\"mainEntityOfPage\":{\"@id\":\"https:\/\/soledaddurazo.com\/blog\/2021\/06\/22\/se-implementan-nuevas-medidas-para-municipios-en-color-naranja-en-el-mapa-sonora-anticipa\/#webpage\"},\"wordCount\":957,\"commentCount\":0,\"publisher\":{\"@id\":\"https:\/\/soledaddurazo.com\/#organization\"},\"image\":{\"@id\":\"https:\/\/soledaddurazo.com\/blog\/2021\/06\/22\/se-implementan-nuevas-medidas-para-municipios-en-color-naranja-en-el-mapa-sonora-anticipa\/#primaryimage\"},\"thumbnailUrl\":\"https:\/\/soledaddurazo.com\/storage\/2021\/06\/IGG_8604.jpg\",\"articleSection\":[\"Mi Sonora\"],\"inLanguage\":\"es\",\"potentialAction\":[{\"@type\":\"CommentAction\",\"name\":\"Comment\",\"target\":[\"https:\/\/soledaddurazo.com\/blog\/2021\/06\/22\/se-implementan-nuevas-medidas-para-municipios-en-color-naranja-en-el-mapa-sonora-anticipa\/#respond\"]}]},{\"@type\":\"Person\",\"@id\":\"https:\/\/soledaddurazo.com\/#\/schema\/person\/822d8e13aa288585e6546f179853758b\",\"name\":\"Redacci\\u00f3n\",\"image\":{\"@type\":\"ImageObject\",\"@id\":\"https:\/\/soledaddurazo.com\/#personlogo\",\"inLanguage\":\"es\",\"url\":\"https:\/\/secure.gravatar.com\/avatar\/c4e193752f756fd61f04deebed3a3a20dc188d37edb53682d313ac57f2725d54?s=96&d=mm&r=g\",\"contentUrl\":\"https:\/\/secure.gravatar.com\/avatar\/c4e193752f756fd61f04deebed3a3a20dc188d37edb53682d313ac57f2725d54?s=96&d=mm&r=g\",\"caption\":\"Redacci\\u00f3n\"},\"sameAs\":[\"https:\/\/soledaddurazo.com\"]}]}<\/script>\n ","yoast_head_json":{"title":"Se implementan nuevas medidas para municipios en color naranja en el Mapa Sonora Anticipa - Periodista SoledadDurazo.com","robots":{"index":"index","follow":"follow","max-snippet":"max-snippet:-1","max-image-preview":"max-image-preview:large","max-video-preview":"max-video-preview:-1"},"canonical":"https:\/\/soledaddurazo.com\/blog\/2021\/06\/22\/se-implementan-nuevas-medidas-para-municipios-en-color-naranja-en-el-mapa-sonora-anticipa\/","og_locale":"es_MX","og_type":"article","og_title":"Se implementan nuevas medidas para municipios en color naranja en el Mapa Sonora Anticipa","og_description":"El reinicio de actividades en los centros de desarrollo y estancias infantiles en Sonora ser\u00e1 decisi\u00f3n de cada una de las instancias de gobierno a las que est\u00e9n afiliadas, acordaron este martes, de manera un\u00e1nime, los integrantes del Consejo Estatal de Salud; tambi\u00e9n, se aprobaron nuevos aforos y horarios para municipios en color naranja en [&hellip;]","og_url":"https:\/\/soledaddurazo.com\/blog\/2021\/06\/22\/se-implementan-nuevas-medidas-para-municipios-en-color-naranja-en-el-mapa-sonora-anticipa\/","og_site_name":"Periodista SoledadDurazo.com","article_publisher":"https:\/\/www.facebook.com\/soledad.durazo.9\/","article_published_time":"2021-06-23T05:13:29+00:00","og_image":[{"width":2300,"height":1545,"url":"https:\/\/soledaddurazo.com\/storage\/2021\/06\/IGG_8604.jpg","type":"image\/jpeg"}],"twitter_card":"summary_large_image","twitter_creator":"@SoledadDurazo","twitter_site":"@SoledadDurazo","twitter_misc":{"Escrito por":"Redacci\u00f3n","Tiempo de lectura":"5 minutos"},"schema":{"@context":"https:\/\/schema.org","@graph":[{"@type":"Organization","@id":"https:\/\/soledaddurazo.com\/#organization","name":"Soledad Durazo","url":"https:\/\/soledaddurazo.com\/","sameAs":["https:\/\/www.facebook.com\/soledad.durazo.9\/","https:\/\/www.instagram.com\/soledaddurazo","https:\/\/www.youtube.com\/channel\/UC9yGPw8-Vbl_B2XNkRwPS-w","https:\/\/twitter.com\/SoledadDurazo"],"logo":{"@type":"ImageObject","@id":"https:\/\/soledaddurazo.com\/#logo","inLanguage":"es","url":"https:\/\/soledaddurazo.com\/storage\/2021\/11\/nllp-720x375-1-2.png","contentUrl":"https:\/\/soledaddurazo.com\/storage\/2021\/11\/nllp-720x375-1-2.png","width":720,"height":375,"caption":"Soledad Durazo"},"image":{"@id":"https:\/\/soledaddurazo.com\/#logo"}},{"@type":"WebSite","@id":"https:\/\/soledaddurazo.com\/#website","url":"https:\/\/soledaddurazo.com\/","name":"Periodista SoledadDurazo.com","description":"Periodista sonorense. Directora de www.SoledadDurazo.com Columnista, conductora de radio y Tv. Catedr\u00e1tica en la UNISON","publisher":{"@id":"https:\/\/soledaddurazo.com\/#organization"},"potentialAction":[{"@type":"SearchAction","target":{"@type":"EntryPoint","urlTemplate":"https:\/\/soledaddurazo.com\/?s={search_term_string}"},"query-input":"required name=search_term_string"}],"inLanguage":"es"},{"@type":"ImageObject","@id":"https:\/\/soledaddurazo.com\/blog\/2021\/06\/22\/se-implementan-nuevas-medidas-para-municipios-en-color-naranja-en-el-mapa-sonora-anticipa\/#primaryimage","inLanguage":"es","url":"https:\/\/soledaddurazo.com\/storage\/2021\/06\/IGG_8604.jpg","contentUrl":"https:\/\/soledaddurazo.com\/storage\/2021\/06\/IGG_8604.jpg","width":2300,"height":1545},{"@type":"WebPage","@id":"https:\/\/soledaddurazo.com\/blog\/2021\/06\/22\/se-implementan-nuevas-medidas-para-municipios-en-color-naranja-en-el-mapa-sonora-anticipa\/#webpage","url":"https:\/\/soledaddurazo.com\/blog\/2021\/06\/22\/se-implementan-nuevas-medidas-para-municipios-en-color-naranja-en-el-mapa-sonora-anticipa\/","name":"Se implementan nuevas medidas para municipios en color naranja en el Mapa Sonora Anticipa - Periodista SoledadDurazo.com","isPartOf":{"@id":"https:\/\/soledaddurazo.com\/#website"},"primaryImageOfPage":{"@id":"https:\/\/soledaddurazo.com\/blog\/2021\/06\/22\/se-implementan-nuevas-medidas-para-municipios-en-color-naranja-en-el-mapa-sonora-anticipa\/#primaryimage"},"datePublished":"2021-06-23T05:13:29+00:00","dateModified":"2021-06-23T05:13:29+00:00","breadcrumb":{"@id":"https:\/\/soledaddurazo.com\/blog\/2021\/06\/22\/se-implementan-nuevas-medidas-para-municipios-en-color-naranja-en-el-mapa-sonora-anticipa\/#breadcrumb"},"inLanguage":"es","potentialAction":[{"@type":"ReadAction","target":["https:\/\/soledaddurazo.com\/blog\/2021\/06\/22\/se-implementan-nuevas-medidas-para-municipios-en-color-naranja-en-el-mapa-sonora-anticipa\/"]}]},{"@type":"BreadcrumbList","@id":"https:\/\/soledaddurazo.com\/blog\/2021\/06\/22\/se-implementan-nuevas-medidas-para-municipios-en-color-naranja-en-el-mapa-sonora-anticipa\/#breadcrumb","itemListElement":[{"@type":"ListItem","position":1,"name":"Home","item":"https:\/\/soledaddurazo.com\/"},{"@type":"ListItem","position":2,"name":"Se implementan nuevas medidas para municipios en color naranja en el Mapa Sonora Anticipa"}]},{"@type":"Article","@id":"https:\/\/soledaddurazo.com\/blog\/2021\/06\/22\/se-implementan-nuevas-medidas-para-municipios-en-color-naranja-en-el-mapa-sonora-anticipa\/#article","isPartOf":{"@id":"https:\/\/soledaddurazo.com\/blog\/2021\/06\/22\/se-implementan-nuevas-medidas-para-municipios-en-color-naranja-en-el-mapa-sonora-anticipa\/#webpage"},"author":{"@id":"https:\/\/soledaddurazo.com\/#\/schema\/person\/822d8e13aa288585e6546f179853758b"},"headline":"Se implementan nuevas medidas para municipios en color naranja en el Mapa Sonora Anticipa","datePublished":"2021-06-23T05:13:29+00:00","dateModified":"2021-06-23T05:13:29+00:00","mainEntityOfPage":{"@id":"https:\/\/soledaddurazo.com\/blog\/2021\/06\/22\/se-implementan-nuevas-medidas-para-municipios-en-color-naranja-en-el-mapa-sonora-anticipa\/#webpage"},"wordCount":957,"commentCount":0,"publisher":{"@id":"https:\/\/soledaddurazo.com\/#organization"},"image":{"@id":"https:\/\/soledaddurazo.com\/blog\/2021\/06\/22\/se-implementan-nuevas-medidas-para-municipios-en-color-naranja-en-el-mapa-sonora-anticipa\/#primaryimage"},"thumbnailUrl":"https:\/\/soledaddurazo.com\/storage\/2021\/06\/IGG_8604.jpg","articleSection":["Mi Sonora"],"inLanguage":"es","potentialAction":[{"@type":"CommentAction","name":"Comment","target":["https:\/\/soledaddurazo.com\/blog\/2021\/06\/22\/se-implementan-nuevas-medidas-para-municipios-en-color-naranja-en-el-mapa-sonora-anticipa\/#respond"]}]},{"@type":"Person","@id":"https:\/\/soledaddurazo.com\/#\/schema\/person\/822d8e13aa288585e6546f179853758b","name":"Redacci\u00f3n","image":{"@type":"ImageObject","@id":"https:\/\/soledaddurazo.com\/#personlogo","inLanguage":"es","url":"https:\/\/secure.gravatar.com\/avatar\/c4e193752f756fd61f04deebed3a3a20dc188d37edb53682d313ac57f2725d54?s=96&d=mm&r=g","contentUrl":"https:\/\/secure.gravatar.com\/avatar\/c4e193752f756fd61f04deebed3a3a20dc188d37edb53682d313ac57f2725d54?s=96&d=mm&r=g","caption":"Redacci\u00f3n"},"sameAs":["https:\/\/soledaddurazo.com"]}]}},"_links":{"self":[{"href":"https:\/\/soledaddurazo.com\/api\/wp\/v2\/posts\/9126","targetHints":{"allow":["GET"]}}],"collection":[{"href":"https:\/\/soledaddurazo.com\/api\/wp\/v2\/posts"}],"about":[{"href":"https:\/\/soledaddurazo.com\/api\/wp\/v2\/types\/post"}],"author":[{"embeddable":true,"href":"https:\/\/soledaddurazo.com\/api\/wp\/v2\/users\/1"}],"replies":[{"embeddable":true,"href":"https:\/\/soledaddurazo.com\/api\/wp\/v2\/comments?post=9126"}],"version-history":[{"count":1,"href":"https:\/\/soledaddurazo.com\/api\/wp\/v2\/posts\/9126\/revisions"}],"predecessor-version":[{"id":9128,"href":"https:\/\/soledaddurazo.com\/api\/wp\/v2\/posts\/9126\/revisions\/9128"}],"wp:featuredmedia":[{"embeddable":true,"href":"https:\/\/soledaddurazo.com\/api\/wp\/v2\/media\/9127"}],"wp:attachment":[{"href":"https:\/\/soledaddurazo.com\/api\/wp\/v2\/media?parent=9126"}],"wp:term":[{"taxonomy":"category","embeddable":true,"href":"https:\/\/soledaddurazo.com\/api\/wp\/v2\/categories?post=9126"},{"taxonomy":"post_tag","embeddable":true,"href":"https:\/\/soledaddurazo.com\/api\/wp\/v2\/tags?post=9126"}],"curies":[{"name":"wp","href":"https:\/\/api.w.org\/{rel}","templated":true}]}}