{"id":9123,"date":"2021-06-22T22:05:56","date_gmt":"2021-06-23T05:05:56","guid":{"rendered":"https:\/\/soledaddurazo.com\/?p=9123"},"modified":"2021-06-22T22:05:56","modified_gmt":"2021-06-23T05:05:56","slug":"lanza-llamado-gobernadora-a-sonorenses-para-aplicarse-esquema-completo-de-vacunacion-contra-covid-19","status":"publish","type":"post","link":"https:\/\/soledaddurazo.com\/blog\/2021\/06\/22\/lanza-llamado-gobernadora-a-sonorenses-para-aplicarse-esquema-completo-de-vacunacion-contra-covid-19\/","title":{"rendered":"Lanza llamado Gobernadora a sonorenses para aplicarse esquema completo de vacunaci\u00f3n contra COVID-19\u00a0\u00a0"},"content":{"rendered":"<p>Un llamado a acudir a aplicarse el esquema completo de vacunaci\u00f3n contra COVID-19 hizo la gobernadora Claudia Pavlovich Arellano, con el fin de reforzar en la entidad la lucha contra la pandemia.<\/p>\n<p>La gobernadora Pavlovich indic\u00f3 que en coordinaci\u00f3n con las autoridades federales se realiza un gran esfuerzo para aplicar el biol\u00f3gico contra el COVID-19, por lo que pidi\u00f3 a la poblaci\u00f3n estar muy atenta a la calendarizaci\u00f3n y la disponibilidad del biol\u00f3gico para que acudan a vacunarse.<\/p>\n<p>\u201cQuiero ser muy clara, muy concreta, diciendo las cosas como son, porque despu\u00e9s no vamos a saber qu\u00e9 hacer si no tenemos el esquema de vacunaci\u00f3n completo\u201d, subray\u00f3.<\/p>\n<p>Al reiterar el llamado a vacunarse contra COVID-19, conforme lo se\u00f1alen las autoridades encargadas de este proceso, la gobernadora Pavlovich pidi\u00f3 a las familias estar pendientes de quien ya est\u00e1 en condiciones de recibir el biol\u00f3gico para que les insistan y los lleven a vacunar.<\/p>\n<p>Adem\u00e1s, hizo el llamado a continuar con los protocolos sanitarios, como el lavado de manos, uso de cubrebocas, as\u00ed como la utilizaci\u00f3n de gel antibacterial, entre otros, para disminuir el riesgo de contagios de coronavirus.<\/p>\n","protected":false},"excerpt":{"rendered":"<p>Un llamado a acudir a aplicarse el esquema completo de vacunaci\u00f3n contra COVID-19 hizo la gobernadora Claudia Pavlovich Arellano, con el fin de reforzar en la entidad la lucha contra la pandemia. La gobernadora Pavlovich indic\u00f3 que en coordinaci\u00f3n con las autoridades federales se realiza un gran esfuerzo para aplicar el biol\u00f3gico contra el COVID-19, [&hellip;]<\/p>\n","protected":false},"author":1,"featured_media":9124,"comment_status":"open","ping_status":"open","sticky":false,"template":"","format":"standard","meta":{"footnotes":""},"categories":[159],"tags":[],"class_list":["post"],"yoast_head":" \n<title>Lanza llamado Gobernadora a sonorenses para aplicarse esquema completo de vacunaci\u00f3n contra COVID-19\u00a0\u00a0 - Periodista SoledadDurazo.com<\/title>\n<meta name=\"robots\" content=\"index, follow, max-snippet:-1, max-image-preview:large, max-video-preview:-1\" \/>\n<link rel=\"canonical\" href=\"https:\/\/soledaddurazo.com\/blog\/2021\/06\/22\/lanza-llamado-gobernadora-a-sonorenses-para-aplicarse-esquema-completo-de-vacunacion-contra-covid-19\/\" \/>\n<meta property=\"og:locale\" content=\"es_MX\" \/>\n<meta property=\"og:type\" content=\"article\" \/>\n<meta property=\"og:title\" content=\"Lanza llamado Gobernadora a sonorenses para aplicarse esquema completo de vacunaci\u00f3n contra COVID-19\u00a0\u00a0\" \/>\n<meta property=\"og:description\" content=\"Un llamado a acudir a aplicarse el esquema completo de vacunaci\u00f3n contra COVID-19 hizo la gobernadora Claudia Pavlovich Arellano, con el fin de reforzar en la entidad la lucha contra la pandemia. La gobernadora Pavlovich indic\u00f3 que en coordinaci\u00f3n con las autoridades federales se realiza un gran esfuerzo para aplicar el biol\u00f3gico contra el COVID-19, [&hellip;]\" \/>\n<meta property=\"og:url\" content=\"https:\/\/soledaddurazo.com\/blog\/2021\/06\/22\/lanza-llamado-gobernadora-a-sonorenses-para-aplicarse-esquema-completo-de-vacunacion-contra-covid-19\/\" \/>\n<meta property=\"og:site_name\" content=\"Periodista SoledadDurazo.com\" \/>\n<meta property=\"article:publisher\" content=\"https:\/\/www.facebook.com\/soledad.durazo.9\/\" \/>\n<meta property=\"article:published_time\" content=\"2021-06-23T05:05:56+00:00\" \/>\n<meta property=\"og:image\" content=\"https:\/\/soledaddurazo.com\/storage\/2021\/06\/MAM_1487.jpg\" \/>\n\t<meta property=\"og:image:width\" content=\"1712\" \/>\n\t<meta property=\"og:image:height\" content=\"2272\" \/>\n<meta name=\"twitter:card\" content=\"summary_large_image\" \/>\n<meta name=\"twitter:creator\" content=\"@SoledadDurazo\" \/>\n<meta name=\"twitter:site\" content=\"@SoledadDurazo\" \/>\n<meta name=\"twitter:label1\" content=\"Escrito por\" \/>\n\t<meta name=\"twitter:data1\" content=\"Redacci\u00f3n\" \/>\n\t<meta name=\"twitter:label2\" content=\"Tiempo de lectura\" \/>\n\t<meta name=\"twitter:data2\" content=\"1 minuto\" \/>\n<script type=\"application\/ld+json\" class=\"yoast-schema-graph\">{\"@context\":\"https:\/\/schema.org\",\"@graph\":[{\"@type\":\"Organization\",\"@id\":\"https:\/\/soledaddurazo.com\/#organization\",\"name\":\"Soledad Durazo\",\"url\":\"https:\/\/soledaddurazo.com\/\",\"sameAs\":[\"https:\/\/www.facebook.com\/soledad.durazo.9\/\",\"https:\/\/www.instagram.com\/soledaddurazo\",\"https:\/\/www.youtube.com\/channel\/UC9yGPw8-Vbl_B2XNkRwPS-w\",\"https:\/\/twitter.com\/SoledadDurazo\"],\"logo\":{\"@type\":\"ImageObject\",\"@id\":\"https:\/\/soledaddurazo.com\/#logo\",\"inLanguage\":\"es\",\"url\":\"https:\/\/soledaddurazo.com\/storage\/2021\/11\/nllp-720x375-1-2.png\",\"contentUrl\":\"https:\/\/soledaddurazo.com\/storage\/2021\/11\/nllp-720x375-1-2.png\",\"width\":720,\"height\":375,\"caption\":\"Soledad Durazo\"},\"image\":{\"@id\":\"https:\/\/soledaddurazo.com\/#logo\"}},{\"@type\":\"WebSite\",\"@id\":\"https:\/\/soledaddurazo.com\/#website\",\"url\":\"https:\/\/soledaddurazo.com\/\",\"name\":\"Periodista SoledadDurazo.com\",\"description\":\"Periodista sonorense. Directora de www.SoledadDurazo.com Columnista, conductora de radio y Tv. Catedr\\u00e1tica en la UNISON\",\"publisher\":{\"@id\":\"https:\/\/soledaddurazo.com\/#organization\"},\"potentialAction\":[{\"@type\":\"SearchAction\",\"target\":{\"@type\":\"EntryPoint\",\"urlTemplate\":\"https:\/\/soledaddurazo.com\/?s={search_term_string}\"},\"query-input\":\"required name=search_term_string\"}],\"inLanguage\":\"es\"},{\"@type\":\"ImageObject\",\"@id\":\"https:\/\/soledaddurazo.com\/blog\/2021\/06\/22\/lanza-llamado-gobernadora-a-sonorenses-para-aplicarse-esquema-completo-de-vacunacion-contra-covid-19\/#primaryimage\",\"inLanguage\":\"es\",\"url\":\"https:\/\/soledaddurazo.com\/storage\/2021\/06\/MAM_1487.jpg\",\"contentUrl\":\"https:\/\/soledaddurazo.com\/storage\/2021\/06\/MAM_1487.jpg\",\"width\":1712,\"height\":2272},{\"@type\":\"WebPage\",\"@id\":\"https:\/\/soledaddurazo.com\/blog\/2021\/06\/22\/lanza-llamado-gobernadora-a-sonorenses-para-aplicarse-esquema-completo-de-vacunacion-contra-covid-19\/#webpage\",\"url\":\"https:\/\/soledaddurazo.com\/blog\/2021\/06\/22\/lanza-llamado-gobernadora-a-sonorenses-para-aplicarse-esquema-completo-de-vacunacion-contra-covid-19\/\",\"name\":\"Lanza llamado Gobernadora a sonorenses para aplicarse esquema completo de vacunaci\\u00f3n contra COVID-19\\u00a0\\u00a0 - Periodista SoledadDurazo.com\",\"isPartOf\":{\"@id\":\"https:\/\/soledaddurazo.com\/#website\"},\"primaryImageOfPage\":{\"@id\":\"https:\/\/soledaddurazo.com\/blog\/2021\/06\/22\/lanza-llamado-gobernadora-a-sonorenses-para-aplicarse-esquema-completo-de-vacunacion-contra-covid-19\/#primaryimage\"},\"datePublished\":\"2021-06-23T05:05:56+00:00\",\"dateModified\":\"2021-06-23T05:05:56+00:00\",\"breadcrumb\":{\"@id\":\"https:\/\/soledaddurazo.com\/blog\/2021\/06\/22\/lanza-llamado-gobernadora-a-sonorenses-para-aplicarse-esquema-completo-de-vacunacion-contra-covid-19\/#breadcrumb\"},\"inLanguage\":\"es\",\"potentialAction\":[{\"@type\":\"ReadAction\",\"target\":[\"https:\/\/soledaddurazo.com\/blog\/2021\/06\/22\/lanza-llamado-gobernadora-a-sonorenses-para-aplicarse-esquema-completo-de-vacunacion-contra-covid-19\/\"]}]},{\"@type\":\"BreadcrumbList\",\"@id\":\"https:\/\/soledaddurazo.com\/blog\/2021\/06\/22\/lanza-llamado-gobernadora-a-sonorenses-para-aplicarse-esquema-completo-de-vacunacion-contra-covid-19\/#breadcrumb\",\"itemListElement\":[{\"@type\":\"ListItem\",\"position\":1,\"name\":\"Home\",\"item\":\"https:\/\/soledaddurazo.com\/\"},{\"@type\":\"ListItem\",\"position\":2,\"name\":\"Lanza llamado Gobernadora a sonorenses para aplicarse esquema completo de vacunaci\\u00f3n contra COVID-19\\u00a0\\u00a0\"}]},{\"@type\":\"Article\",\"@id\":\"https:\/\/soledaddurazo.com\/blog\/2021\/06\/22\/lanza-llamado-gobernadora-a-sonorenses-para-aplicarse-esquema-completo-de-vacunacion-contra-covid-19\/#article\",\"isPartOf\":{\"@id\":\"https:\/\/soledaddurazo.com\/blog\/2021\/06\/22\/lanza-llamado-gobernadora-a-sonorenses-para-aplicarse-esquema-completo-de-vacunacion-contra-covid-19\/#webpage\"},\"author\":{\"@id\":\"https:\/\/soledaddurazo.com\/#\/schema\/person\/822d8e13aa288585e6546f179853758b\"},\"headline\":\"Lanza llamado Gobernadora a sonorenses para aplicarse esquema completo de vacunaci\\u00f3n contra COVID-19\\u00a0\\u00a0\",\"datePublished\":\"2021-06-23T05:05:56+00:00\",\"dateModified\":\"2021-06-23T05:05:56+00:00\",\"mainEntityOfPage\":{\"@id\":\"https:\/\/soledaddurazo.com\/blog\/2021\/06\/22\/lanza-llamado-gobernadora-a-sonorenses-para-aplicarse-esquema-completo-de-vacunacion-contra-covid-19\/#webpage\"},\"wordCount\":212,\"commentCount\":0,\"publisher\":{\"@id\":\"https:\/\/soledaddurazo.com\/#organization\"},\"image\":{\"@id\":\"https:\/\/soledaddurazo.com\/blog\/2021\/06\/22\/lanza-llamado-gobernadora-a-sonorenses-para-aplicarse-esquema-completo-de-vacunacion-contra-covid-19\/#primaryimage\"},\"thumbnailUrl\":\"https:\/\/soledaddurazo.com\/storage\/2021\/06\/MAM_1487.jpg\",\"articleSection\":[\"Mi Sonora\"],\"inLanguage\":\"es\",\"potentialAction\":[{\"@type\":\"CommentAction\",\"name\":\"Comment\",\"target\":[\"https:\/\/soledaddurazo.com\/blog\/2021\/06\/22\/lanza-llamado-gobernadora-a-sonorenses-para-aplicarse-esquema-completo-de-vacunacion-contra-covid-19\/#respond\"]}]},{\"@type\":\"Person\",\"@id\":\"https:\/\/soledaddurazo.com\/#\/schema\/person\/822d8e13aa288585e6546f179853758b\",\"name\":\"Redacci\\u00f3n\",\"image\":{\"@type\":\"ImageObject\",\"@id\":\"https:\/\/soledaddurazo.com\/#personlogo\",\"inLanguage\":\"es\",\"url\":\"https:\/\/secure.gravatar.com\/avatar\/c4e193752f756fd61f04deebed3a3a20dc188d37edb53682d313ac57f2725d54?s=96&d=mm&r=g\",\"contentUrl\":\"https:\/\/secure.gravatar.com\/avatar\/c4e193752f756fd61f04deebed3a3a20dc188d37edb53682d313ac57f2725d54?s=96&d=mm&r=g\",\"caption\":\"Redacci\\u00f3n\"},\"sameAs\":[\"https:\/\/soledaddurazo.com\"]}]}<\/script>\n ","yoast_head_json":{"title":"Lanza llamado Gobernadora a sonorenses para aplicarse esquema completo de vacunaci\u00f3n contra COVID-19\u00a0\u00a0 - Periodista SoledadDurazo.com","robots":{"index":"index","follow":"follow","max-snippet":"max-snippet:-1","max-image-preview":"max-image-preview:large","max-video-preview":"max-video-preview:-1"},"canonical":"https:\/\/soledaddurazo.com\/blog\/2021\/06\/22\/lanza-llamado-gobernadora-a-sonorenses-para-aplicarse-esquema-completo-de-vacunacion-contra-covid-19\/","og_locale":"es_MX","og_type":"article","og_title":"Lanza llamado Gobernadora a sonorenses para aplicarse esquema completo de vacunaci\u00f3n contra COVID-19\u00a0\u00a0","og_description":"Un llamado a acudir a aplicarse el esquema completo de vacunaci\u00f3n contra COVID-19 hizo la gobernadora Claudia Pavlovich Arellano, con el fin de reforzar en la entidad la lucha contra la pandemia. La gobernadora Pavlovich indic\u00f3 que en coordinaci\u00f3n con las autoridades federales se realiza un gran esfuerzo para aplicar el biol\u00f3gico contra el COVID-19, [&hellip;]","og_url":"https:\/\/soledaddurazo.com\/blog\/2021\/06\/22\/lanza-llamado-gobernadora-a-sonorenses-para-aplicarse-esquema-completo-de-vacunacion-contra-covid-19\/","og_site_name":"Periodista SoledadDurazo.com","article_publisher":"https:\/\/www.facebook.com\/soledad.durazo.9\/","article_published_time":"2021-06-23T05:05:56+00:00","og_image":[{"width":1712,"height":2272,"url":"https:\/\/soledaddurazo.com\/storage\/2021\/06\/MAM_1487.jpg","type":"image\/jpeg"}],"twitter_card":"summary_large_image","twitter_creator":"@SoledadDurazo","twitter_site":"@SoledadDurazo","twitter_misc":{"Escrito por":"Redacci\u00f3n","Tiempo de lectura":"1 minuto"},"schema":{"@context":"https:\/\/schema.org","@graph":[{"@type":"Organization","@id":"https:\/\/soledaddurazo.com\/#organization","name":"Soledad Durazo","url":"https:\/\/soledaddurazo.com\/","sameAs":["https:\/\/www.facebook.com\/soledad.durazo.9\/","https:\/\/www.instagram.com\/soledaddurazo","https:\/\/www.youtube.com\/channel\/UC9yGPw8-Vbl_B2XNkRwPS-w","https:\/\/twitter.com\/SoledadDurazo"],"logo":{"@type":"ImageObject","@id":"https:\/\/soledaddurazo.com\/#logo","inLanguage":"es","url":"https:\/\/soledaddurazo.com\/storage\/2021\/11\/nllp-720x375-1-2.png","contentUrl":"https:\/\/soledaddurazo.com\/storage\/2021\/11\/nllp-720x375-1-2.png","width":720,"height":375,"caption":"Soledad Durazo"},"image":{"@id":"https:\/\/soledaddurazo.com\/#logo"}},{"@type":"WebSite","@id":"https:\/\/soledaddurazo.com\/#website","url":"https:\/\/soledaddurazo.com\/","name":"Periodista SoledadDurazo.com","description":"Periodista sonorense. Directora de www.SoledadDurazo.com Columnista, conductora de radio y Tv. Catedr\u00e1tica en la UNISON","publisher":{"@id":"https:\/\/soledaddurazo.com\/#organization"},"potentialAction":[{"@type":"SearchAction","target":{"@type":"EntryPoint","urlTemplate":"https:\/\/soledaddurazo.com\/?s={search_term_string}"},"query-input":"required name=search_term_string"}],"inLanguage":"es"},{"@type":"ImageObject","@id":"https:\/\/soledaddurazo.com\/blog\/2021\/06\/22\/lanza-llamado-gobernadora-a-sonorenses-para-aplicarse-esquema-completo-de-vacunacion-contra-covid-19\/#primaryimage","inLanguage":"es","url":"https:\/\/soledaddurazo.com\/storage\/2021\/06\/MAM_1487.jpg","contentUrl":"https:\/\/soledaddurazo.com\/storage\/2021\/06\/MAM_1487.jpg","width":1712,"height":2272},{"@type":"WebPage","@id":"https:\/\/soledaddurazo.com\/blog\/2021\/06\/22\/lanza-llamado-gobernadora-a-sonorenses-para-aplicarse-esquema-completo-de-vacunacion-contra-covid-19\/#webpage","url":"https:\/\/soledaddurazo.com\/blog\/2021\/06\/22\/lanza-llamado-gobernadora-a-sonorenses-para-aplicarse-esquema-completo-de-vacunacion-contra-covid-19\/","name":"Lanza llamado Gobernadora a sonorenses para aplicarse esquema completo de vacunaci\u00f3n contra COVID-19\u00a0\u00a0 - Periodista SoledadDurazo.com","isPartOf":{"@id":"https:\/\/soledaddurazo.com\/#website"},"primaryImageOfPage":{"@id":"https:\/\/soledaddurazo.com\/blog\/2021\/06\/22\/lanza-llamado-gobernadora-a-sonorenses-para-aplicarse-esquema-completo-de-vacunacion-contra-covid-19\/#primaryimage"},"datePublished":"2021-06-23T05:05:56+00:00","dateModified":"2021-06-23T05:05:56+00:00","breadcrumb":{"@id":"https:\/\/soledaddurazo.com\/blog\/2021\/06\/22\/lanza-llamado-gobernadora-a-sonorenses-para-aplicarse-esquema-completo-de-vacunacion-contra-covid-19\/#breadcrumb"},"inLanguage":"es","potentialAction":[{"@type":"ReadAction","target":["https:\/\/soledaddurazo.com\/blog\/2021\/06\/22\/lanza-llamado-gobernadora-a-sonorenses-para-aplicarse-esquema-completo-de-vacunacion-contra-covid-19\/"]}]},{"@type":"BreadcrumbList","@id":"https:\/\/soledaddurazo.com\/blog\/2021\/06\/22\/lanza-llamado-gobernadora-a-sonorenses-para-aplicarse-esquema-completo-de-vacunacion-contra-covid-19\/#breadcrumb","itemListElement":[{"@type":"ListItem","position":1,"name":"Home","item":"https:\/\/soledaddurazo.com\/"},{"@type":"ListItem","position":2,"name":"Lanza llamado Gobernadora a sonorenses para aplicarse esquema completo de vacunaci\u00f3n contra COVID-19\u00a0\u00a0"}]},{"@type":"Article","@id":"https:\/\/soledaddurazo.com\/blog\/2021\/06\/22\/lanza-llamado-gobernadora-a-sonorenses-para-aplicarse-esquema-completo-de-vacunacion-contra-covid-19\/#article","isPartOf":{"@id":"https:\/\/soledaddurazo.com\/blog\/2021\/06\/22\/lanza-llamado-gobernadora-a-sonorenses-para-aplicarse-esquema-completo-de-vacunacion-contra-covid-19\/#webpage"},"author":{"@id":"https:\/\/soledaddurazo.com\/#\/schema\/person\/822d8e13aa288585e6546f179853758b"},"headline":"Lanza llamado Gobernadora a sonorenses para aplicarse esquema completo de vacunaci\u00f3n contra COVID-19\u00a0\u00a0","datePublished":"2021-06-23T05:05:56+00:00","dateModified":"2021-06-23T05:05:56+00:00","mainEntityOfPage":{"@id":"https:\/\/soledaddurazo.com\/blog\/2021\/06\/22\/lanza-llamado-gobernadora-a-sonorenses-para-aplicarse-esquema-completo-de-vacunacion-contra-covid-19\/#webpage"},"wordCount":212,"commentCount":0,"publisher":{"@id":"https:\/\/soledaddurazo.com\/#organization"},"image":{"@id":"https:\/\/soledaddurazo.com\/blog\/2021\/06\/22\/lanza-llamado-gobernadora-a-sonorenses-para-aplicarse-esquema-completo-de-vacunacion-contra-covid-19\/#primaryimage"},"thumbnailUrl":"https:\/\/soledaddurazo.com\/storage\/2021\/06\/MAM_1487.jpg","articleSection":["Mi Sonora"],"inLanguage":"es","potentialAction":[{"@type":"CommentAction","name":"Comment","target":["https:\/\/soledaddurazo.com\/blog\/2021\/06\/22\/lanza-llamado-gobernadora-a-sonorenses-para-aplicarse-esquema-completo-de-vacunacion-contra-covid-19\/#respond"]}]},{"@type":"Person","@id":"https:\/\/soledaddurazo.com\/#\/schema\/person\/822d8e13aa288585e6546f179853758b","name":"Redacci\u00f3n","image":{"@type":"ImageObject","@id":"https:\/\/soledaddurazo.com\/#personlogo","inLanguage":"es","url":"https:\/\/secure.gravatar.com\/avatar\/c4e193752f756fd61f04deebed3a3a20dc188d37edb53682d313ac57f2725d54?s=96&d=mm&r=g","contentUrl":"https:\/\/secure.gravatar.com\/avatar\/c4e193752f756fd61f04deebed3a3a20dc188d37edb53682d313ac57f2725d54?s=96&d=mm&r=g","caption":"Redacci\u00f3n"},"sameAs":["https:\/\/soledaddurazo.com"]}]}},"_links":{"self":[{"href":"https:\/\/soledaddurazo.com\/api\/wp\/v2\/posts\/9123","targetHints":{"allow":["GET"]}}],"collection":[{"href":"https:\/\/soledaddurazo.com\/api\/wp\/v2\/posts"}],"about":[{"href":"https:\/\/soledaddurazo.com\/api\/wp\/v2\/types\/post"}],"author":[{"embeddable":true,"href":"https:\/\/soledaddurazo.com\/api\/wp\/v2\/users\/1"}],"replies":[{"embeddable":true,"href":"https:\/\/soledaddurazo.com\/api\/wp\/v2\/comments?post=9123"}],"version-history":[{"count":1,"href":"https:\/\/soledaddurazo.com\/api\/wp\/v2\/posts\/9123\/revisions"}],"predecessor-version":[{"id":9125,"href":"https:\/\/soledaddurazo.com\/api\/wp\/v2\/posts\/9123\/revisions\/9125"}],"wp:featuredmedia":[{"embeddable":true,"href":"https:\/\/soledaddurazo.com\/api\/wp\/v2\/media\/9124"}],"wp:attachment":[{"href":"https:\/\/soledaddurazo.com\/api\/wp\/v2\/media?parent=9123"}],"wp:term":[{"taxonomy":"category","embeddable":true,"href":"https:\/\/soledaddurazo.com\/api\/wp\/v2\/categories?post=9123"},{"taxonomy":"post_tag","embeddable":true,"href":"https:\/\/soledaddurazo.com\/api\/wp\/v2\/tags?post=9123"}],"curies":[{"name":"wp","href":"https:\/\/api.w.org\/{rel}","templated":true}]}}