{"id":9089,"date":"2021-06-22T01:32:13","date_gmt":"2021-06-22T08:32:13","guid":{"rendered":"https:\/\/soledaddurazo.com\/?p=9089"},"modified":"2021-06-22T01:32:13","modified_gmt":"2021-06-22T08:32:13","slug":"regresa-a-hermosillo-sabado-del-tilichero","status":"publish","type":"post","link":"https:\/\/soledaddurazo.com\/blog\/2021\/06\/22\/regresa-a-hermosillo-sabado-del-tilichero\/","title":{"rendered":"Regresa a Hermosillo \u201cS\u00e1bado del Tilichero\u201d"},"content":{"rendered":"<p style=\"font-weight: 400;\">Con el objetivo de beneficiar a m\u00e1s familias con las donaciones solidarias de los ciudadanos, el Ayuntamiento de Hermosillo decidi\u00f3 realizar cada 15 d\u00edas y no cada mes el programa \u201cS\u00e1bado del Tilichero\u201d.<\/p>\n<p style=\"font-weight: 400;\">\n<p style=\"font-weight: 400;\">Gino Saracco Morales, director de Servicios P\u00fablicos Municipales, dio a conocer que la idea de reducir a la mitad la realizaci\u00f3n de este programa, permitir\u00e1 apoyar a m\u00e1s familias hermosillenses que por alg\u00fan accidente hayan perdido sus pertenencias.<\/p>\n<p style=\"font-weight: 400;\">\n<p style=\"font-weight: 400;\"><strong>\u00a0\u201cEste programa se ven\u00eda haciendo una vez al mes, pero se tom\u00f3 la decisi\u00f3n de hacerlo cada 15 d\u00edas para poder ayudar y abarcar a un poco de m\u00e1s familias necesitadas que hayan tenido alg\u00fan percance o simplemente que necesiten del apoyo. Tenemos alrededor de 25 familias en espera, entonces de p\u00e9rdida queremos ir desahogando dos familias cada 15 d\u00edas pero queremos abarcar lo m\u00e1s que podamos\u201d, dijo.<\/strong><\/p>\n<p style=\"font-weight: 400;\">\n<p style=\"font-weight: 400;\">Record\u00f3, que los centros de acopio para ese programa especial son los Reciclacentros ubicados en el GastroPark as\u00ed como en el estacionamiento del Soriana Bachoco y donde las personas pueden llevar art\u00edculos que no utilizan, que est\u00e9n en buenas condiciones para que los aprovechen familias afectadas por incendios o se encuentran en alguna otra situaci\u00f3n vulnerable.<\/p>\n<p style=\"font-weight: 400;\">\n<p style=\"font-weight: 400;\">Finalmente Saracco Morales indic\u00f3, que en lo que va de la actual administraci\u00f3n se han efectuado 25 jornadas del S\u00e1bado del Tilichero y se ha beneficiado a 78 familias.<\/p>\n<p style=\"font-weight: 400;\">\n<p style=\"font-weight: 400;\"><strong>\u201cInvito a quienes tengan cosas en buenas condiciones para donar y que no puedan trasladarlas a que pidan apoyo al n\u00famero de proximidad 66 22 99 91 06\u201d, finaliz\u00f3.<\/strong><\/p>\n<p style=\"font-weight: 400;\">\n","protected":false},"excerpt":{"rendered":"<p>Con el objetivo de beneficiar a m\u00e1s familias con las donaciones solidarias de los ciudadanos, el Ayuntamiento de Hermosillo decidi\u00f3 realizar cada 15 d\u00edas y no cada mes el programa \u201cS\u00e1bado del Tilichero\u201d. Gino Saracco Morales, director de Servicios P\u00fablicos Municipales, dio a conocer que la idea de reducir a la mitad la realizaci\u00f3n de [&hellip;]<\/p>\n","protected":false},"author":1,"featured_media":9090,"comment_status":"open","ping_status":"open","sticky":false,"template":"","format":"standard","meta":{"footnotes":""},"categories":[159],"tags":[],"class_list":["post"],"yoast_head":" \n<title>Regresa a Hermosillo \u201cS\u00e1bado del Tilichero\u201d - Periodista SoledadDurazo.com<\/title>\n<meta name=\"robots\" content=\"index, follow, max-snippet:-1, max-image-preview:large, max-video-preview:-1\" \/>\n<link rel=\"canonical\" href=\"https:\/\/soledaddurazo.com\/blog\/2021\/06\/22\/regresa-a-hermosillo-sabado-del-tilichero\/\" \/>\n<meta property=\"og:locale\" content=\"es_MX\" \/>\n<meta property=\"og:type\" content=\"article\" \/>\n<meta property=\"og:title\" content=\"Regresa a Hermosillo \u201cS\u00e1bado del Tilichero\u201d\" \/>\n<meta property=\"og:description\" content=\"Con el objetivo de beneficiar a m\u00e1s familias con las donaciones solidarias de los ciudadanos, el Ayuntamiento de Hermosillo decidi\u00f3 realizar cada 15 d\u00edas y no cada mes el programa \u201cS\u00e1bado del Tilichero\u201d. Gino Saracco Morales, director de Servicios P\u00fablicos Municipales, dio a conocer que la idea de reducir a la mitad la realizaci\u00f3n de [&hellip;]\" \/>\n<meta property=\"og:url\" content=\"https:\/\/soledaddurazo.com\/blog\/2021\/06\/22\/regresa-a-hermosillo-sabado-del-tilichero\/\" \/>\n<meta property=\"og:site_name\" content=\"Periodista SoledadDurazo.com\" \/>\n<meta property=\"article:publisher\" content=\"https:\/\/www.facebook.com\/soledad.durazo.9\/\" \/>\n<meta property=\"article:published_time\" content=\"2021-06-22T08:32:13+00:00\" \/>\n<meta property=\"og:image\" content=\"https:\/\/soledaddurazo.com\/storage\/2021\/06\/sandsdnssass33445-1170x480-1.jpg\" \/>\n\t<meta property=\"og:image:width\" content=\"1170\" \/>\n\t<meta property=\"og:image:height\" content=\"480\" \/>\n<meta name=\"twitter:card\" content=\"summary_large_image\" \/>\n<meta name=\"twitter:creator\" content=\"@SoledadDurazo\" \/>\n<meta name=\"twitter:site\" content=\"@SoledadDurazo\" \/>\n<meta name=\"twitter:label1\" content=\"Escrito por\" \/>\n\t<meta name=\"twitter:data1\" content=\"Redacci\u00f3n\" \/>\n\t<meta name=\"twitter:label2\" content=\"Tiempo de lectura\" \/>\n\t<meta name=\"twitter:data2\" content=\"1 minuto\" \/>\n<script type=\"application\/ld+json\" class=\"yoast-schema-graph\">{\"@context\":\"https:\/\/schema.org\",\"@graph\":[{\"@type\":\"Organization\",\"@id\":\"https:\/\/soledaddurazo.com\/#organization\",\"name\":\"Soledad Durazo\",\"url\":\"https:\/\/soledaddurazo.com\/\",\"sameAs\":[\"https:\/\/www.facebook.com\/soledad.durazo.9\/\",\"https:\/\/www.instagram.com\/soledaddurazo\",\"https:\/\/www.youtube.com\/channel\/UC9yGPw8-Vbl_B2XNkRwPS-w\",\"https:\/\/twitter.com\/SoledadDurazo\"],\"logo\":{\"@type\":\"ImageObject\",\"@id\":\"https:\/\/soledaddurazo.com\/#logo\",\"inLanguage\":\"es\",\"url\":\"https:\/\/soledaddurazo.com\/storage\/2021\/11\/nllp-720x375-1-2.png\",\"contentUrl\":\"https:\/\/soledaddurazo.com\/storage\/2021\/11\/nllp-720x375-1-2.png\",\"width\":720,\"height\":375,\"caption\":\"Soledad Durazo\"},\"image\":{\"@id\":\"https:\/\/soledaddurazo.com\/#logo\"}},{\"@type\":\"WebSite\",\"@id\":\"https:\/\/soledaddurazo.com\/#website\",\"url\":\"https:\/\/soledaddurazo.com\/\",\"name\":\"Periodista SoledadDurazo.com\",\"description\":\"Periodista sonorense. Directora de www.SoledadDurazo.com Columnista, conductora de radio y Tv. Catedr\\u00e1tica en la UNISON\",\"publisher\":{\"@id\":\"https:\/\/soledaddurazo.com\/#organization\"},\"potentialAction\":[{\"@type\":\"SearchAction\",\"target\":{\"@type\":\"EntryPoint\",\"urlTemplate\":\"https:\/\/soledaddurazo.com\/?s={search_term_string}\"},\"query-input\":\"required name=search_term_string\"}],\"inLanguage\":\"es\"},{\"@type\":\"ImageObject\",\"@id\":\"https:\/\/soledaddurazo.com\/blog\/2021\/06\/22\/regresa-a-hermosillo-sabado-del-tilichero\/#primaryimage\",\"inLanguage\":\"es\",\"url\":\"https:\/\/soledaddurazo.com\/storage\/2021\/06\/sandsdnssass33445-1170x480-1.jpg\",\"contentUrl\":\"https:\/\/soledaddurazo.com\/storage\/2021\/06\/sandsdnssass33445-1170x480-1.jpg\",\"width\":1170,\"height\":480},{\"@type\":\"WebPage\",\"@id\":\"https:\/\/soledaddurazo.com\/blog\/2021\/06\/22\/regresa-a-hermosillo-sabado-del-tilichero\/#webpage\",\"url\":\"https:\/\/soledaddurazo.com\/blog\/2021\/06\/22\/regresa-a-hermosillo-sabado-del-tilichero\/\",\"name\":\"Regresa a Hermosillo \\u201cS\\u00e1bado del Tilichero\\u201d - Periodista SoledadDurazo.com\",\"isPartOf\":{\"@id\":\"https:\/\/soledaddurazo.com\/#website\"},\"primaryImageOfPage\":{\"@id\":\"https:\/\/soledaddurazo.com\/blog\/2021\/06\/22\/regresa-a-hermosillo-sabado-del-tilichero\/#primaryimage\"},\"datePublished\":\"2021-06-22T08:32:13+00:00\",\"dateModified\":\"2021-06-22T08:32:13+00:00\",\"breadcrumb\":{\"@id\":\"https:\/\/soledaddurazo.com\/blog\/2021\/06\/22\/regresa-a-hermosillo-sabado-del-tilichero\/#breadcrumb\"},\"inLanguage\":\"es\",\"potentialAction\":[{\"@type\":\"ReadAction\",\"target\":[\"https:\/\/soledaddurazo.com\/blog\/2021\/06\/22\/regresa-a-hermosillo-sabado-del-tilichero\/\"]}]},{\"@type\":\"BreadcrumbList\",\"@id\":\"https:\/\/soledaddurazo.com\/blog\/2021\/06\/22\/regresa-a-hermosillo-sabado-del-tilichero\/#breadcrumb\",\"itemListElement\":[{\"@type\":\"ListItem\",\"position\":1,\"name\":\"Home\",\"item\":\"https:\/\/soledaddurazo.com\/\"},{\"@type\":\"ListItem\",\"position\":2,\"name\":\"Regresa a Hermosillo \\u201cS\\u00e1bado del Tilichero\\u201d\"}]},{\"@type\":\"Article\",\"@id\":\"https:\/\/soledaddurazo.com\/blog\/2021\/06\/22\/regresa-a-hermosillo-sabado-del-tilichero\/#article\",\"isPartOf\":{\"@id\":\"https:\/\/soledaddurazo.com\/blog\/2021\/06\/22\/regresa-a-hermosillo-sabado-del-tilichero\/#webpage\"},\"author\":{\"@id\":\"https:\/\/soledaddurazo.com\/#\/schema\/person\/822d8e13aa288585e6546f179853758b\"},\"headline\":\"Regresa a Hermosillo \\u201cS\\u00e1bado del Tilichero\\u201d\",\"datePublished\":\"2021-06-22T08:32:13+00:00\",\"dateModified\":\"2021-06-22T08:32:13+00:00\",\"mainEntityOfPage\":{\"@id\":\"https:\/\/soledaddurazo.com\/blog\/2021\/06\/22\/regresa-a-hermosillo-sabado-del-tilichero\/#webpage\"},\"wordCount\":270,\"commentCount\":0,\"publisher\":{\"@id\":\"https:\/\/soledaddurazo.com\/#organization\"},\"image\":{\"@id\":\"https:\/\/soledaddurazo.com\/blog\/2021\/06\/22\/regresa-a-hermosillo-sabado-del-tilichero\/#primaryimage\"},\"thumbnailUrl\":\"https:\/\/soledaddurazo.com\/storage\/2021\/06\/sandsdnssass33445-1170x480-1.jpg\",\"articleSection\":[\"Mi Sonora\"],\"inLanguage\":\"es\",\"potentialAction\":[{\"@type\":\"CommentAction\",\"name\":\"Comment\",\"target\":[\"https:\/\/soledaddurazo.com\/blog\/2021\/06\/22\/regresa-a-hermosillo-sabado-del-tilichero\/#respond\"]}]},{\"@type\":\"Person\",\"@id\":\"https:\/\/soledaddurazo.com\/#\/schema\/person\/822d8e13aa288585e6546f179853758b\",\"name\":\"Redacci\\u00f3n\",\"image\":{\"@type\":\"ImageObject\",\"@id\":\"https:\/\/soledaddurazo.com\/#personlogo\",\"inLanguage\":\"es\",\"url\":\"https:\/\/secure.gravatar.com\/avatar\/c4e193752f756fd61f04deebed3a3a20dc188d37edb53682d313ac57f2725d54?s=96&d=mm&r=g\",\"contentUrl\":\"https:\/\/secure.gravatar.com\/avatar\/c4e193752f756fd61f04deebed3a3a20dc188d37edb53682d313ac57f2725d54?s=96&d=mm&r=g\",\"caption\":\"Redacci\\u00f3n\"},\"sameAs\":[\"https:\/\/soledaddurazo.com\"]}]}<\/script>\n ","yoast_head_json":{"title":"Regresa a Hermosillo \u201cS\u00e1bado del Tilichero\u201d - Periodista SoledadDurazo.com","robots":{"index":"index","follow":"follow","max-snippet":"max-snippet:-1","max-image-preview":"max-image-preview:large","max-video-preview":"max-video-preview:-1"},"canonical":"https:\/\/soledaddurazo.com\/blog\/2021\/06\/22\/regresa-a-hermosillo-sabado-del-tilichero\/","og_locale":"es_MX","og_type":"article","og_title":"Regresa a Hermosillo \u201cS\u00e1bado del Tilichero\u201d","og_description":"Con el objetivo de beneficiar a m\u00e1s familias con las donaciones solidarias de los ciudadanos, el Ayuntamiento de Hermosillo decidi\u00f3 realizar cada 15 d\u00edas y no cada mes el programa \u201cS\u00e1bado del Tilichero\u201d. Gino Saracco Morales, director de Servicios P\u00fablicos Municipales, dio a conocer que la idea de reducir a la mitad la realizaci\u00f3n de [&hellip;]","og_url":"https:\/\/soledaddurazo.com\/blog\/2021\/06\/22\/regresa-a-hermosillo-sabado-del-tilichero\/","og_site_name":"Periodista SoledadDurazo.com","article_publisher":"https:\/\/www.facebook.com\/soledad.durazo.9\/","article_published_time":"2021-06-22T08:32:13+00:00","og_image":[{"width":1170,"height":480,"url":"https:\/\/soledaddurazo.com\/storage\/2021\/06\/sandsdnssass33445-1170x480-1.jpg","type":"image\/jpeg"}],"twitter_card":"summary_large_image","twitter_creator":"@SoledadDurazo","twitter_site":"@SoledadDurazo","twitter_misc":{"Escrito por":"Redacci\u00f3n","Tiempo de lectura":"1 minuto"},"schema":{"@context":"https:\/\/schema.org","@graph":[{"@type":"Organization","@id":"https:\/\/soledaddurazo.com\/#organization","name":"Soledad Durazo","url":"https:\/\/soledaddurazo.com\/","sameAs":["https:\/\/www.facebook.com\/soledad.durazo.9\/","https:\/\/www.instagram.com\/soledaddurazo","https:\/\/www.youtube.com\/channel\/UC9yGPw8-Vbl_B2XNkRwPS-w","https:\/\/twitter.com\/SoledadDurazo"],"logo":{"@type":"ImageObject","@id":"https:\/\/soledaddurazo.com\/#logo","inLanguage":"es","url":"https:\/\/soledaddurazo.com\/storage\/2021\/11\/nllp-720x375-1-2.png","contentUrl":"https:\/\/soledaddurazo.com\/storage\/2021\/11\/nllp-720x375-1-2.png","width":720,"height":375,"caption":"Soledad Durazo"},"image":{"@id":"https:\/\/soledaddurazo.com\/#logo"}},{"@type":"WebSite","@id":"https:\/\/soledaddurazo.com\/#website","url":"https:\/\/soledaddurazo.com\/","name":"Periodista SoledadDurazo.com","description":"Periodista sonorense. Directora de www.SoledadDurazo.com Columnista, conductora de radio y Tv. Catedr\u00e1tica en la UNISON","publisher":{"@id":"https:\/\/soledaddurazo.com\/#organization"},"potentialAction":[{"@type":"SearchAction","target":{"@type":"EntryPoint","urlTemplate":"https:\/\/soledaddurazo.com\/?s={search_term_string}"},"query-input":"required name=search_term_string"}],"inLanguage":"es"},{"@type":"ImageObject","@id":"https:\/\/soledaddurazo.com\/blog\/2021\/06\/22\/regresa-a-hermosillo-sabado-del-tilichero\/#primaryimage","inLanguage":"es","url":"https:\/\/soledaddurazo.com\/storage\/2021\/06\/sandsdnssass33445-1170x480-1.jpg","contentUrl":"https:\/\/soledaddurazo.com\/storage\/2021\/06\/sandsdnssass33445-1170x480-1.jpg","width":1170,"height":480},{"@type":"WebPage","@id":"https:\/\/soledaddurazo.com\/blog\/2021\/06\/22\/regresa-a-hermosillo-sabado-del-tilichero\/#webpage","url":"https:\/\/soledaddurazo.com\/blog\/2021\/06\/22\/regresa-a-hermosillo-sabado-del-tilichero\/","name":"Regresa a Hermosillo \u201cS\u00e1bado del Tilichero\u201d - Periodista SoledadDurazo.com","isPartOf":{"@id":"https:\/\/soledaddurazo.com\/#website"},"primaryImageOfPage":{"@id":"https:\/\/soledaddurazo.com\/blog\/2021\/06\/22\/regresa-a-hermosillo-sabado-del-tilichero\/#primaryimage"},"datePublished":"2021-06-22T08:32:13+00:00","dateModified":"2021-06-22T08:32:13+00:00","breadcrumb":{"@id":"https:\/\/soledaddurazo.com\/blog\/2021\/06\/22\/regresa-a-hermosillo-sabado-del-tilichero\/#breadcrumb"},"inLanguage":"es","potentialAction":[{"@type":"ReadAction","target":["https:\/\/soledaddurazo.com\/blog\/2021\/06\/22\/regresa-a-hermosillo-sabado-del-tilichero\/"]}]},{"@type":"BreadcrumbList","@id":"https:\/\/soledaddurazo.com\/blog\/2021\/06\/22\/regresa-a-hermosillo-sabado-del-tilichero\/#breadcrumb","itemListElement":[{"@type":"ListItem","position":1,"name":"Home","item":"https:\/\/soledaddurazo.com\/"},{"@type":"ListItem","position":2,"name":"Regresa a Hermosillo \u201cS\u00e1bado del Tilichero\u201d"}]},{"@type":"Article","@id":"https:\/\/soledaddurazo.com\/blog\/2021\/06\/22\/regresa-a-hermosillo-sabado-del-tilichero\/#article","isPartOf":{"@id":"https:\/\/soledaddurazo.com\/blog\/2021\/06\/22\/regresa-a-hermosillo-sabado-del-tilichero\/#webpage"},"author":{"@id":"https:\/\/soledaddurazo.com\/#\/schema\/person\/822d8e13aa288585e6546f179853758b"},"headline":"Regresa a Hermosillo \u201cS\u00e1bado del Tilichero\u201d","datePublished":"2021-06-22T08:32:13+00:00","dateModified":"2021-06-22T08:32:13+00:00","mainEntityOfPage":{"@id":"https:\/\/soledaddurazo.com\/blog\/2021\/06\/22\/regresa-a-hermosillo-sabado-del-tilichero\/#webpage"},"wordCount":270,"commentCount":0,"publisher":{"@id":"https:\/\/soledaddurazo.com\/#organization"},"image":{"@id":"https:\/\/soledaddurazo.com\/blog\/2021\/06\/22\/regresa-a-hermosillo-sabado-del-tilichero\/#primaryimage"},"thumbnailUrl":"https:\/\/soledaddurazo.com\/storage\/2021\/06\/sandsdnssass33445-1170x480-1.jpg","articleSection":["Mi Sonora"],"inLanguage":"es","potentialAction":[{"@type":"CommentAction","name":"Comment","target":["https:\/\/soledaddurazo.com\/blog\/2021\/06\/22\/regresa-a-hermosillo-sabado-del-tilichero\/#respond"]}]},{"@type":"Person","@id":"https:\/\/soledaddurazo.com\/#\/schema\/person\/822d8e13aa288585e6546f179853758b","name":"Redacci\u00f3n","image":{"@type":"ImageObject","@id":"https:\/\/soledaddurazo.com\/#personlogo","inLanguage":"es","url":"https:\/\/secure.gravatar.com\/avatar\/c4e193752f756fd61f04deebed3a3a20dc188d37edb53682d313ac57f2725d54?s=96&d=mm&r=g","contentUrl":"https:\/\/secure.gravatar.com\/avatar\/c4e193752f756fd61f04deebed3a3a20dc188d37edb53682d313ac57f2725d54?s=96&d=mm&r=g","caption":"Redacci\u00f3n"},"sameAs":["https:\/\/soledaddurazo.com"]}]}},"_links":{"self":[{"href":"https:\/\/soledaddurazo.com\/api\/wp\/v2\/posts\/9089","targetHints":{"allow":["GET"]}}],"collection":[{"href":"https:\/\/soledaddurazo.com\/api\/wp\/v2\/posts"}],"about":[{"href":"https:\/\/soledaddurazo.com\/api\/wp\/v2\/types\/post"}],"author":[{"embeddable":true,"href":"https:\/\/soledaddurazo.com\/api\/wp\/v2\/users\/1"}],"replies":[{"embeddable":true,"href":"https:\/\/soledaddurazo.com\/api\/wp\/v2\/comments?post=9089"}],"version-history":[{"count":1,"href":"https:\/\/soledaddurazo.com\/api\/wp\/v2\/posts\/9089\/revisions"}],"predecessor-version":[{"id":9091,"href":"https:\/\/soledaddurazo.com\/api\/wp\/v2\/posts\/9089\/revisions\/9091"}],"wp:featuredmedia":[{"embeddable":true,"href":"https:\/\/soledaddurazo.com\/api\/wp\/v2\/media\/9090"}],"wp:attachment":[{"href":"https:\/\/soledaddurazo.com\/api\/wp\/v2\/media?parent=9089"}],"wp:term":[{"taxonomy":"category","embeddable":true,"href":"https:\/\/soledaddurazo.com\/api\/wp\/v2\/categories?post=9089"},{"taxonomy":"post_tag","embeddable":true,"href":"https:\/\/soledaddurazo.com\/api\/wp\/v2\/tags?post=9089"}],"curies":[{"name":"wp","href":"https:\/\/api.w.org\/{rel}","templated":true}]}}