{"id":8868,"date":"2021-06-10T23:54:00","date_gmt":"2021-06-11T06:54:00","guid":{"rendered":"https:\/\/soledaddurazo.com\/?p=8868"},"modified":"2021-06-14T01:08:07","modified_gmt":"2021-06-14T08:08:07","slug":"los-recuerdos-cambian-cada-vez-que-los-traemos-a-la-mente","status":"publish","type":"post","link":"https:\/\/soledaddurazo.com\/blog\/2021\/06\/10\/los-recuerdos-cambian-cada-vez-que-los-traemos-a-la-mente\/","title":{"rendered":"Los recuerdos cambian cada vez que los traemos a la mente"},"content":{"rendered":"<p>Nuestro cerebro solo conserva lo esencial, por lo que todo lo que contienen nuestros recuerdos va cambiando con el tiempo.<\/p>\n<p><strong>\u00bfQu\u00e9 tipo de informaci\u00f3n es la que retiene en la memoria y cu\u00e1l se pierde a lo largo del tiempo?<\/strong>\u00a0Son\u00a0preguntas\u00a0que han arrojado muchas hip\u00f3tesis a lo largo de los a\u00f1os y ahora, un equipo de investigadores de las universidades de Glasgow (Escocia) y Birmingham (Inglaterra) ofrece algunas respuestas. Su trabajo demuestra que nuestros recuerdos se vuelven menos vibrantes y detallados con el tiempo, y \u00fanicamente se conserva la esencia de los mismos, el elemento basal.<strong>\u00a0M\u00e1s a\u00fan, cuanto m\u00e1s traemos un recuerdo a la mente, m\u00e1s cambia.<\/strong><\/p>\n<p>Si bien los\u00a0recuerdos\u00a0no son copias exactas del\u00a0pasado\u00a0(se entiende que recordar es un proceso altamente reconstructivo), los expertos han sugerido que el contenido de un recuerdo puede cambiar cada vez que lo traemos a la mente, aunque hasta ahora ha resultado dif\u00edcil medir exactamente en qu\u00e9 se diferencian nuestros recuerdos de las experiencias originales y c\u00f3mo se transforman con el tiempo en entornos de laboratorio. Para el nuevo estudio,\u00a0<strong>los investigadores desarrollaron una simple tarea inform\u00e1tica que mide c\u00f3mo de r\u00e1pido las personas pueden recuperar ciertas caracter\u00edsticas de los recuerdos visuales cuando se les pide que lo hagan.<\/strong><\/p>\n<h2>Memoria esencial<\/h2>\n<p>En el experimento, los participantes aprendieron pares de\u00a0palabras\u00a0e im\u00e1genes y luego se les pidi\u00f3 que recordaran diferentes elementos de la imagen cuando se les expon\u00eda la palabra en cuesti\u00f3n. Por ejemplo, se les pidi\u00f3 que expusieran, lo m\u00e1s r\u00e1pido posible, si la imagen estaba coloreada o en escala de grises, un detalle perceptivo, o si mostraba un objeto animado o inanimado.<\/p>\n<p>As\u00ed,\u00a0<strong>sondeando la calidad de los recuerdos visuales<\/strong>\u00a0(con pruebas llevadas a cabo inmediatamente despu\u00e9s del\u00a0aprendizaje\u00a0y luego dos d\u00edas despu\u00e9s),\u00a0<strong>mostraron que los participantes recordaban m\u00e1s r\u00e1pidamente los elementos sem\u00e1nticos significativos que los detalles perceptivos superficiales.<\/strong>\u00a0Observaron que el sesgo hacia el contenido de la memoria sem\u00e1ntica se volv\u00eda significativamente m\u00e1s fuerte con el paso del tiempo y con el recuerdo repetido.<\/p>\n<p>&#8220;Muchas teor\u00edas de la memoria asumen que con el tiempo, y a medida que las personas vuelven a contar sus historias, tienden a olvidar los detalles superficiales, pero conservan el contenido sem\u00e1ntico significativo de un evento&#8221;, explica Julia Lifano, l\u00edder del trabajo que publica la revista\u00a0<em>Nature Communications.<\/em><\/p>\n<p>Se tratar\u00eda de una especie de<strong>\u00a0economizaci\u00f3n de recursos de almacenamiento del cerebro<\/strong>; una forma de privilegiar lo sustancial y eliminar lo m\u00e1s superficial, mutando cada recuerdo con el tiempo.<\/p>\n<p>Esta conclusi\u00f3n podr\u00eda tener importantes implicaciones para una amplia gama de eventos relevantes, como las peticiones de pedir que vuelvan a testificar una y otra vez los testigos oculares en un juicio, la naturaleza de los recuerdos en el\u00a0trastorno de estr\u00e9s postraum\u00e1tico\u00a0o incluso de cara a c\u00f3mo preparar los ex\u00e1menes en el \u00e1rea educativa. Sobre todo en el caso de los recuerdos relacionados con la salud y la enfermedad, como con el trastorno de estr\u00e9s postraum\u00e1tico<strong>, donde los pacientes suelen sufrir recuerdos intrusivos y traum\u00e1ticos, tendiendo a generalizar en exceso estas experiencias con situaciones nuevas para ellos.<\/strong><\/p>\n<p>&nbsp;<\/p>\n<p>&nbsp;<\/p>\n","protected":false},"excerpt":{"rendered":"<p>Nuestro cerebro solo conserva lo esencial, por lo que todo lo que contienen nuestros recuerdos va cambiando con el tiempo. \u00bfQu\u00e9 tipo de informaci\u00f3n es la que retiene en la memoria y cu\u00e1l se pierde a lo largo del tiempo?\u00a0Son\u00a0preguntas\u00a0que han arrojado muchas hip\u00f3tesis a lo largo de los a\u00f1os y ahora, un equipo de [&hellip;]<\/p>\n","protected":false},"author":1,"featured_media":8870,"comment_status":"open","ping_status":"open","sticky":false,"template":"","format":"standard","meta":{"footnotes":""},"categories":[160,153],"tags":[],"class_list":["post"],"yoast_head":" \n<title>Los recuerdos cambian cada vez que los traemos a la mente - Periodista SoledadDurazo.com<\/title>\n<meta name=\"robots\" content=\"index, follow, max-snippet:-1, max-image-preview:large, max-video-preview:-1\" \/>\n<link rel=\"canonical\" href=\"https:\/\/soledaddurazo.com\/blog\/2021\/06\/10\/los-recuerdos-cambian-cada-vez-que-los-traemos-a-la-mente\/\" \/>\n<meta property=\"og:locale\" content=\"es_MX\" \/>\n<meta property=\"og:type\" content=\"article\" \/>\n<meta property=\"og:title\" content=\"Los recuerdos cambian cada vez que los traemos a la mente\" \/>\n<meta property=\"og:description\" content=\"Nuestro cerebro solo conserva lo esencial, por lo que todo lo que contienen nuestros recuerdos va cambiando con el tiempo. \u00bfQu\u00e9 tipo de informaci\u00f3n es la que retiene en la memoria y cu\u00e1l se pierde a lo largo del tiempo?\u00a0Son\u00a0preguntas\u00a0que han arrojado muchas hip\u00f3tesis a lo largo de los a\u00f1os y ahora, un equipo de [&hellip;]\" \/>\n<meta property=\"og:url\" content=\"https:\/\/soledaddurazo.com\/blog\/2021\/06\/10\/los-recuerdos-cambian-cada-vez-que-los-traemos-a-la-mente\/\" \/>\n<meta property=\"og:site_name\" content=\"Periodista SoledadDurazo.com\" \/>\n<meta property=\"article:publisher\" content=\"https:\/\/www.facebook.com\/soledad.durazo.9\/\" \/>\n<meta property=\"article:published_time\" content=\"2021-06-11T06:54:00+00:00\" \/>\n<meta property=\"article:modified_time\" content=\"2021-06-14T08:08:07+00:00\" \/>\n<meta property=\"og:image\" content=\"https:\/\/soledaddurazo.com\/storage\/2021\/06\/mente-1.jpg\" \/>\n\t<meta property=\"og:image:width\" content=\"616\" \/>\n\t<meta property=\"og:image:height\" content=\"362\" \/>\n<meta name=\"twitter:card\" content=\"summary_large_image\" \/>\n<meta name=\"twitter:creator\" content=\"@SoledadDurazo\" \/>\n<meta name=\"twitter:site\" content=\"@SoledadDurazo\" \/>\n<meta name=\"twitter:label1\" content=\"Escrito por\" \/>\n\t<meta name=\"twitter:data1\" content=\"Redacci\u00f3n\" \/>\n\t<meta name=\"twitter:label2\" content=\"Tiempo de lectura\" \/>\n\t<meta name=\"twitter:data2\" content=\"3 minutos\" \/>\n<script type=\"application\/ld+json\" class=\"yoast-schema-graph\">{\"@context\":\"https:\/\/schema.org\",\"@graph\":[{\"@type\":\"Organization\",\"@id\":\"https:\/\/soledaddurazo.com\/#organization\",\"name\":\"Soledad Durazo\",\"url\":\"https:\/\/soledaddurazo.com\/\",\"sameAs\":[\"https:\/\/www.facebook.com\/soledad.durazo.9\/\",\"https:\/\/www.instagram.com\/soledaddurazo\",\"https:\/\/www.youtube.com\/channel\/UC9yGPw8-Vbl_B2XNkRwPS-w\",\"https:\/\/twitter.com\/SoledadDurazo\"],\"logo\":{\"@type\":\"ImageObject\",\"@id\":\"https:\/\/soledaddurazo.com\/#logo\",\"inLanguage\":\"es\",\"url\":\"https:\/\/soledaddurazo.com\/storage\/2021\/11\/nllp-720x375-1-2.png\",\"contentUrl\":\"https:\/\/soledaddurazo.com\/storage\/2021\/11\/nllp-720x375-1-2.png\",\"width\":720,\"height\":375,\"caption\":\"Soledad Durazo\"},\"image\":{\"@id\":\"https:\/\/soledaddurazo.com\/#logo\"}},{\"@type\":\"WebSite\",\"@id\":\"https:\/\/soledaddurazo.com\/#website\",\"url\":\"https:\/\/soledaddurazo.com\/\",\"name\":\"Periodista SoledadDurazo.com\",\"description\":\"Periodista sonorense. Directora de www.SoledadDurazo.com Columnista, conductora de radio y Tv. Catedr\\u00e1tica en la UNISON\",\"publisher\":{\"@id\":\"https:\/\/soledaddurazo.com\/#organization\"},\"potentialAction\":[{\"@type\":\"SearchAction\",\"target\":{\"@type\":\"EntryPoint\",\"urlTemplate\":\"https:\/\/soledaddurazo.com\/?s={search_term_string}\"},\"query-input\":\"required name=search_term_string\"}],\"inLanguage\":\"es\"},{\"@type\":\"ImageObject\",\"@id\":\"https:\/\/soledaddurazo.com\/blog\/2021\/06\/10\/los-recuerdos-cambian-cada-vez-que-los-traemos-a-la-mente\/#primaryimage\",\"inLanguage\":\"es\",\"url\":\"https:\/\/soledaddurazo.com\/storage\/2021\/06\/mente-1.jpg\",\"contentUrl\":\"https:\/\/soledaddurazo.com\/storage\/2021\/06\/mente-1.jpg\",\"width\":616,\"height\":362},{\"@type\":\"WebPage\",\"@id\":\"https:\/\/soledaddurazo.com\/blog\/2021\/06\/10\/los-recuerdos-cambian-cada-vez-que-los-traemos-a-la-mente\/#webpage\",\"url\":\"https:\/\/soledaddurazo.com\/blog\/2021\/06\/10\/los-recuerdos-cambian-cada-vez-que-los-traemos-a-la-mente\/\",\"name\":\"Los recuerdos cambian cada vez que los traemos a la mente - Periodista SoledadDurazo.com\",\"isPartOf\":{\"@id\":\"https:\/\/soledaddurazo.com\/#website\"},\"primaryImageOfPage\":{\"@id\":\"https:\/\/soledaddurazo.com\/blog\/2021\/06\/10\/los-recuerdos-cambian-cada-vez-que-los-traemos-a-la-mente\/#primaryimage\"},\"datePublished\":\"2021-06-11T06:54:00+00:00\",\"dateModified\":\"2021-06-14T08:08:07+00:00\",\"breadcrumb\":{\"@id\":\"https:\/\/soledaddurazo.com\/blog\/2021\/06\/10\/los-recuerdos-cambian-cada-vez-que-los-traemos-a-la-mente\/#breadcrumb\"},\"inLanguage\":\"es\",\"potentialAction\":[{\"@type\":\"ReadAction\",\"target\":[\"https:\/\/soledaddurazo.com\/blog\/2021\/06\/10\/los-recuerdos-cambian-cada-vez-que-los-traemos-a-la-mente\/\"]}]},{\"@type\":\"BreadcrumbList\",\"@id\":\"https:\/\/soledaddurazo.com\/blog\/2021\/06\/10\/los-recuerdos-cambian-cada-vez-que-los-traemos-a-la-mente\/#breadcrumb\",\"itemListElement\":[{\"@type\":\"ListItem\",\"position\":1,\"name\":\"Home\",\"item\":\"https:\/\/soledaddurazo.com\/\"},{\"@type\":\"ListItem\",\"position\":2,\"name\":\"Los recuerdos cambian cada vez que los traemos a la mente\"}]},{\"@type\":\"Article\",\"@id\":\"https:\/\/soledaddurazo.com\/blog\/2021\/06\/10\/los-recuerdos-cambian-cada-vez-que-los-traemos-a-la-mente\/#article\",\"isPartOf\":{\"@id\":\"https:\/\/soledaddurazo.com\/blog\/2021\/06\/10\/los-recuerdos-cambian-cada-vez-que-los-traemos-a-la-mente\/#webpage\"},\"author\":{\"@id\":\"https:\/\/soledaddurazo.com\/#\/schema\/person\/822d8e13aa288585e6546f179853758b\"},\"headline\":\"Los recuerdos cambian cada vez que los traemos a la mente\",\"datePublished\":\"2021-06-11T06:54:00+00:00\",\"dateModified\":\"2021-06-14T08:08:07+00:00\",\"mainEntityOfPage\":{\"@id\":\"https:\/\/soledaddurazo.com\/blog\/2021\/06\/10\/los-recuerdos-cambian-cada-vez-que-los-traemos-a-la-mente\/#webpage\"},\"wordCount\":573,\"commentCount\":0,\"publisher\":{\"@id\":\"https:\/\/soledaddurazo.com\/#organization\"},\"image\":{\"@id\":\"https:\/\/soledaddurazo.com\/blog\/2021\/06\/10\/los-recuerdos-cambian-cada-vez-que-los-traemos-a-la-mente\/#primaryimage\"},\"thumbnailUrl\":\"https:\/\/soledaddurazo.com\/storage\/2021\/06\/mente-1.jpg\",\"articleSection\":[\"Mas noticias\",\"principal\"],\"inLanguage\":\"es\",\"potentialAction\":[{\"@type\":\"CommentAction\",\"name\":\"Comment\",\"target\":[\"https:\/\/soledaddurazo.com\/blog\/2021\/06\/10\/los-recuerdos-cambian-cada-vez-que-los-traemos-a-la-mente\/#respond\"]}]},{\"@type\":\"Person\",\"@id\":\"https:\/\/soledaddurazo.com\/#\/schema\/person\/822d8e13aa288585e6546f179853758b\",\"name\":\"Redacci\\u00f3n\",\"image\":{\"@type\":\"ImageObject\",\"@id\":\"https:\/\/soledaddurazo.com\/#personlogo\",\"inLanguage\":\"es\",\"url\":\"https:\/\/secure.gravatar.com\/avatar\/c4e193752f756fd61f04deebed3a3a20dc188d37edb53682d313ac57f2725d54?s=96&d=mm&r=g\",\"contentUrl\":\"https:\/\/secure.gravatar.com\/avatar\/c4e193752f756fd61f04deebed3a3a20dc188d37edb53682d313ac57f2725d54?s=96&d=mm&r=g\",\"caption\":\"Redacci\\u00f3n\"},\"sameAs\":[\"https:\/\/soledaddurazo.com\"]}]}<\/script>\n ","yoast_head_json":{"title":"Los recuerdos cambian cada vez que los traemos a la mente - Periodista SoledadDurazo.com","robots":{"index":"index","follow":"follow","max-snippet":"max-snippet:-1","max-image-preview":"max-image-preview:large","max-video-preview":"max-video-preview:-1"},"canonical":"https:\/\/soledaddurazo.com\/blog\/2021\/06\/10\/los-recuerdos-cambian-cada-vez-que-los-traemos-a-la-mente\/","og_locale":"es_MX","og_type":"article","og_title":"Los recuerdos cambian cada vez que los traemos a la mente","og_description":"Nuestro cerebro solo conserva lo esencial, por lo que todo lo que contienen nuestros recuerdos va cambiando con el tiempo. \u00bfQu\u00e9 tipo de informaci\u00f3n es la que retiene en la memoria y cu\u00e1l se pierde a lo largo del tiempo?\u00a0Son\u00a0preguntas\u00a0que han arrojado muchas hip\u00f3tesis a lo largo de los a\u00f1os y ahora, un equipo de [&hellip;]","og_url":"https:\/\/soledaddurazo.com\/blog\/2021\/06\/10\/los-recuerdos-cambian-cada-vez-que-los-traemos-a-la-mente\/","og_site_name":"Periodista SoledadDurazo.com","article_publisher":"https:\/\/www.facebook.com\/soledad.durazo.9\/","article_published_time":"2021-06-11T06:54:00+00:00","article_modified_time":"2021-06-14T08:08:07+00:00","og_image":[{"width":616,"height":362,"url":"https:\/\/soledaddurazo.com\/storage\/2021\/06\/mente-1.jpg","type":"image\/jpeg"}],"twitter_card":"summary_large_image","twitter_creator":"@SoledadDurazo","twitter_site":"@SoledadDurazo","twitter_misc":{"Escrito por":"Redacci\u00f3n","Tiempo de lectura":"3 minutos"},"schema":{"@context":"https:\/\/schema.org","@graph":[{"@type":"Organization","@id":"https:\/\/soledaddurazo.com\/#organization","name":"Soledad Durazo","url":"https:\/\/soledaddurazo.com\/","sameAs":["https:\/\/www.facebook.com\/soledad.durazo.9\/","https:\/\/www.instagram.com\/soledaddurazo","https:\/\/www.youtube.com\/channel\/UC9yGPw8-Vbl_B2XNkRwPS-w","https:\/\/twitter.com\/SoledadDurazo"],"logo":{"@type":"ImageObject","@id":"https:\/\/soledaddurazo.com\/#logo","inLanguage":"es","url":"https:\/\/soledaddurazo.com\/storage\/2021\/11\/nllp-720x375-1-2.png","contentUrl":"https:\/\/soledaddurazo.com\/storage\/2021\/11\/nllp-720x375-1-2.png","width":720,"height":375,"caption":"Soledad Durazo"},"image":{"@id":"https:\/\/soledaddurazo.com\/#logo"}},{"@type":"WebSite","@id":"https:\/\/soledaddurazo.com\/#website","url":"https:\/\/soledaddurazo.com\/","name":"Periodista SoledadDurazo.com","description":"Periodista sonorense. Directora de www.SoledadDurazo.com Columnista, conductora de radio y Tv. Catedr\u00e1tica en la UNISON","publisher":{"@id":"https:\/\/soledaddurazo.com\/#organization"},"potentialAction":[{"@type":"SearchAction","target":{"@type":"EntryPoint","urlTemplate":"https:\/\/soledaddurazo.com\/?s={search_term_string}"},"query-input":"required name=search_term_string"}],"inLanguage":"es"},{"@type":"ImageObject","@id":"https:\/\/soledaddurazo.com\/blog\/2021\/06\/10\/los-recuerdos-cambian-cada-vez-que-los-traemos-a-la-mente\/#primaryimage","inLanguage":"es","url":"https:\/\/soledaddurazo.com\/storage\/2021\/06\/mente-1.jpg","contentUrl":"https:\/\/soledaddurazo.com\/storage\/2021\/06\/mente-1.jpg","width":616,"height":362},{"@type":"WebPage","@id":"https:\/\/soledaddurazo.com\/blog\/2021\/06\/10\/los-recuerdos-cambian-cada-vez-que-los-traemos-a-la-mente\/#webpage","url":"https:\/\/soledaddurazo.com\/blog\/2021\/06\/10\/los-recuerdos-cambian-cada-vez-que-los-traemos-a-la-mente\/","name":"Los recuerdos cambian cada vez que los traemos a la mente - Periodista SoledadDurazo.com","isPartOf":{"@id":"https:\/\/soledaddurazo.com\/#website"},"primaryImageOfPage":{"@id":"https:\/\/soledaddurazo.com\/blog\/2021\/06\/10\/los-recuerdos-cambian-cada-vez-que-los-traemos-a-la-mente\/#primaryimage"},"datePublished":"2021-06-11T06:54:00+00:00","dateModified":"2021-06-14T08:08:07+00:00","breadcrumb":{"@id":"https:\/\/soledaddurazo.com\/blog\/2021\/06\/10\/los-recuerdos-cambian-cada-vez-que-los-traemos-a-la-mente\/#breadcrumb"},"inLanguage":"es","potentialAction":[{"@type":"ReadAction","target":["https:\/\/soledaddurazo.com\/blog\/2021\/06\/10\/los-recuerdos-cambian-cada-vez-que-los-traemos-a-la-mente\/"]}]},{"@type":"BreadcrumbList","@id":"https:\/\/soledaddurazo.com\/blog\/2021\/06\/10\/los-recuerdos-cambian-cada-vez-que-los-traemos-a-la-mente\/#breadcrumb","itemListElement":[{"@type":"ListItem","position":1,"name":"Home","item":"https:\/\/soledaddurazo.com\/"},{"@type":"ListItem","position":2,"name":"Los recuerdos cambian cada vez que los traemos a la mente"}]},{"@type":"Article","@id":"https:\/\/soledaddurazo.com\/blog\/2021\/06\/10\/los-recuerdos-cambian-cada-vez-que-los-traemos-a-la-mente\/#article","isPartOf":{"@id":"https:\/\/soledaddurazo.com\/blog\/2021\/06\/10\/los-recuerdos-cambian-cada-vez-que-los-traemos-a-la-mente\/#webpage"},"author":{"@id":"https:\/\/soledaddurazo.com\/#\/schema\/person\/822d8e13aa288585e6546f179853758b"},"headline":"Los recuerdos cambian cada vez que los traemos a la mente","datePublished":"2021-06-11T06:54:00+00:00","dateModified":"2021-06-14T08:08:07+00:00","mainEntityOfPage":{"@id":"https:\/\/soledaddurazo.com\/blog\/2021\/06\/10\/los-recuerdos-cambian-cada-vez-que-los-traemos-a-la-mente\/#webpage"},"wordCount":573,"commentCount":0,"publisher":{"@id":"https:\/\/soledaddurazo.com\/#organization"},"image":{"@id":"https:\/\/soledaddurazo.com\/blog\/2021\/06\/10\/los-recuerdos-cambian-cada-vez-que-los-traemos-a-la-mente\/#primaryimage"},"thumbnailUrl":"https:\/\/soledaddurazo.com\/storage\/2021\/06\/mente-1.jpg","articleSection":["Mas noticias","principal"],"inLanguage":"es","potentialAction":[{"@type":"CommentAction","name":"Comment","target":["https:\/\/soledaddurazo.com\/blog\/2021\/06\/10\/los-recuerdos-cambian-cada-vez-que-los-traemos-a-la-mente\/#respond"]}]},{"@type":"Person","@id":"https:\/\/soledaddurazo.com\/#\/schema\/person\/822d8e13aa288585e6546f179853758b","name":"Redacci\u00f3n","image":{"@type":"ImageObject","@id":"https:\/\/soledaddurazo.com\/#personlogo","inLanguage":"es","url":"https:\/\/secure.gravatar.com\/avatar\/c4e193752f756fd61f04deebed3a3a20dc188d37edb53682d313ac57f2725d54?s=96&d=mm&r=g","contentUrl":"https:\/\/secure.gravatar.com\/avatar\/c4e193752f756fd61f04deebed3a3a20dc188d37edb53682d313ac57f2725d54?s=96&d=mm&r=g","caption":"Redacci\u00f3n"},"sameAs":["https:\/\/soledaddurazo.com"]}]}},"_links":{"self":[{"href":"https:\/\/soledaddurazo.com\/api\/wp\/v2\/posts\/8868","targetHints":{"allow":["GET"]}}],"collection":[{"href":"https:\/\/soledaddurazo.com\/api\/wp\/v2\/posts"}],"about":[{"href":"https:\/\/soledaddurazo.com\/api\/wp\/v2\/types\/post"}],"author":[{"embeddable":true,"href":"https:\/\/soledaddurazo.com\/api\/wp\/v2\/users\/1"}],"replies":[{"embeddable":true,"href":"https:\/\/soledaddurazo.com\/api\/wp\/v2\/comments?post=8868"}],"version-history":[{"count":1,"href":"https:\/\/soledaddurazo.com\/api\/wp\/v2\/posts\/8868\/revisions"}],"predecessor-version":[{"id":8871,"href":"https:\/\/soledaddurazo.com\/api\/wp\/v2\/posts\/8868\/revisions\/8871"}],"wp:featuredmedia":[{"embeddable":true,"href":"https:\/\/soledaddurazo.com\/api\/wp\/v2\/media\/8870"}],"wp:attachment":[{"href":"https:\/\/soledaddurazo.com\/api\/wp\/v2\/media?parent=8868"}],"wp:term":[{"taxonomy":"category","embeddable":true,"href":"https:\/\/soledaddurazo.com\/api\/wp\/v2\/categories?post=8868"},{"taxonomy":"post_tag","embeddable":true,"href":"https:\/\/soledaddurazo.com\/api\/wp\/v2\/tags?post=8868"}],"curies":[{"name":"wp","href":"https:\/\/api.w.org\/{rel}","templated":true}]}}