{"id":8821,"date":"2021-06-10T00:54:29","date_gmt":"2021-06-10T07:54:29","guid":{"rendered":"https:\/\/soledaddurazo.com\/?p=8821"},"modified":"2021-06-10T00:54:29","modified_gmt":"2021-06-10T07:54:29","slug":"anuncian-proxima-jornada-de-reforestacion-en-el-carcamo","status":"publish","type":"post","link":"https:\/\/soledaddurazo.com\/blog\/2021\/06\/10\/anuncian-proxima-jornada-de-reforestacion-en-el-carcamo\/","title":{"rendered":"Anuncian pr\u00f3xima jornada de reforestaci\u00f3n en \u201cEl C\u00e1rcamo\u201d"},"content":{"rendered":"<p>Para fomentar el cuidado de la vegetaci\u00f3n en la capital sonorense y el compromiso con el mantenimiento de diferentes especies, la Procuradur\u00eda Ambiental del Estado de Sonora (Proaes) y 19 organizaciones civiles y empresas \u201cambientalmente responsables\u201d, llevar\u00e1n a cabo la Jornada de reforestaci\u00f3n y adopci\u00f3n de \u00e1rboles \u201cPlantando historias\u201d, en la zona denominada \u201cEl C\u00e1rcamo\u201d, donde se plantar\u00e1n m\u00e1s de 400 ejemplares nativos de la regi\u00f3n.<\/p>\n<p>Jos\u00e9 Jes\u00fas Roch\u00edn Morales, titular de la Proaes, invit\u00f3 a la comunidad hermosillense a participar el s\u00e1bado 19 de junio en esta actividad que forma parte del programa Sonora Ambiental.<\/p>\n<p>Con la dependencia, participan el Colegio Sonorense de Ec\u00f3logos AC, PROFAUNA AC, Caminantes del Desierto AC, SerNatura, Corredor Biol\u00f3gico Hermosillo y Colaboraci\u00f3n Ecol\u00f3gica; Reduce Tu Huella, Venados Sustentables, Cultura Verde, Bukis a la Calle, +Vida Hmo, Dictus Unison, Naturalia A.C., All for One, ACTUES, De Ra\u00edz por Sonora, Hermosillo Plogging, Juventud Verde, Fomento a la Cultura Ambiental, entre otras que se siguen sumando.<\/p>\n<p>Para esta primera edici\u00f3n, dijo, se eligi\u00f3 \u201cEl C\u00e1rcamo\u201d, \u00e1rea ubicada al oriente de la ciudad de Hermosillo, donde actualmente se desarrollan actividades deportivas y recreativas; all\u00ed se plantar\u00e1n m\u00e1s de 400 \u00e1rboles, entre ellos, Mezquite, Palo Verde, Palo Fierro y Tepehuaje, especies todas nativas de la regi\u00f3n, que han sido donados por diferentes instituciones y empresas.<\/p>\n<p>\u201cEste es un esfuerzo en equipo con diversas organizaciones ambientalistas del estado, as\u00ed como empresas que forman parte del programa \u201cSonora Ambiental\u201d. Todos estamos trabajando para que la comunidad se interese en plantar estas especies que son testigo de muchas historias en nuestras vidas, queremos que se comprometan a cuidarlos, mantenerlos y hacerlos parte tambi\u00e9n de su propia historia\u201d, puntualiz\u00f3.<\/p>\n<p>El Procurador ambiental destac\u00f3 la importancia de la tecnolog\u00eda en esta jornada que no solo implica la reforestaci\u00f3n, sino tambi\u00e9n la adopci\u00f3n de los ejemplares plantados y de los ya existentes, para lo cual se ha desarrollado una App para celular con la que se podr\u00e1 identificar, con geolocalizaci\u00f3n, la ubicaci\u00f3n del \u00e1rbol adoptado y darle seguimiento a su mantenimiento de forma interactiva.<\/p>\n<p>Antonio Esquer, del Colegio Sonorense de Ec\u00f3logos, comparti\u00f3 que esta es la primera actividad de varias que se llevar\u00e1n a cabo en conjunto para involucrar a la comunidad en acciones a favor del medio ambiente.<\/p>\n<p>La jornada \u201cPlantando historias\u201d #AdoptaUn\u00c1rbol, se desarrollar\u00e1 el s\u00e1bado 19 de junio a partir de las 8 de la ma\u00f1ana y la invitaci\u00f3n est\u00e1 abierta para las familias hermosillenses a sumarse, adoptar un \u00e1rbol e iniciar nuevas historias en la comunidad, concluy\u00f3 Roch\u00edn Morales.<\/p>\n","protected":false},"excerpt":{"rendered":"<p>Para fomentar el cuidado de la vegetaci\u00f3n en la capital sonorense y el compromiso con el mantenimiento de diferentes especies, la Procuradur\u00eda Ambiental del Estado de Sonora (Proaes) y 19 organizaciones civiles y empresas \u201cambientalmente responsables\u201d, llevar\u00e1n a cabo la Jornada de reforestaci\u00f3n y adopci\u00f3n de \u00e1rboles \u201cPlantando historias\u201d, en la zona denominada \u201cEl C\u00e1rcamo\u201d, [&hellip;]<\/p>\n","protected":false},"author":1,"featured_media":8822,"comment_status":"open","ping_status":"open","sticky":false,"template":"","format":"standard","meta":{"footnotes":""},"categories":[159],"tags":[],"class_list":["post"],"yoast_head":" \n<title>Anuncian pr\u00f3xima jornada de reforestaci\u00f3n en \u201cEl C\u00e1rcamo\u201d - Periodista SoledadDurazo.com<\/title>\n<meta name=\"robots\" content=\"index, follow, max-snippet:-1, max-image-preview:large, max-video-preview:-1\" \/>\n<link rel=\"canonical\" href=\"https:\/\/soledaddurazo.com\/blog\/2021\/06\/10\/anuncian-proxima-jornada-de-reforestacion-en-el-carcamo\/\" \/>\n<meta property=\"og:locale\" content=\"es_MX\" \/>\n<meta property=\"og:type\" content=\"article\" \/>\n<meta property=\"og:title\" content=\"Anuncian pr\u00f3xima jornada de reforestaci\u00f3n en \u201cEl C\u00e1rcamo\u201d\" \/>\n<meta property=\"og:description\" content=\"Para fomentar el cuidado de la vegetaci\u00f3n en la capital sonorense y el compromiso con el mantenimiento de diferentes especies, la Procuradur\u00eda Ambiental del Estado de Sonora (Proaes) y 19 organizaciones civiles y empresas \u201cambientalmente responsables\u201d, llevar\u00e1n a cabo la Jornada de reforestaci\u00f3n y adopci\u00f3n de \u00e1rboles \u201cPlantando historias\u201d, en la zona denominada \u201cEl C\u00e1rcamo\u201d, [&hellip;]\" \/>\n<meta property=\"og:url\" content=\"https:\/\/soledaddurazo.com\/blog\/2021\/06\/10\/anuncian-proxima-jornada-de-reforestacion-en-el-carcamo\/\" \/>\n<meta property=\"og:site_name\" content=\"Periodista SoledadDurazo.com\" \/>\n<meta property=\"article:publisher\" content=\"https:\/\/www.facebook.com\/soledad.durazo.9\/\" \/>\n<meta property=\"article:published_time\" content=\"2021-06-10T07:54:29+00:00\" \/>\n<meta property=\"og:image\" content=\"https:\/\/soledaddurazo.com\/storage\/2021\/06\/DE0931CC-AA19-4284-8EB5-6B235E729691.jpeg\" \/>\n\t<meta property=\"og:image:width\" content=\"1280\" \/>\n\t<meta property=\"og:image:height\" content=\"960\" \/>\n<meta name=\"twitter:card\" content=\"summary_large_image\" \/>\n<meta name=\"twitter:creator\" content=\"@SoledadDurazo\" \/>\n<meta name=\"twitter:site\" content=\"@SoledadDurazo\" \/>\n<meta name=\"twitter:label1\" content=\"Escrito por\" \/>\n\t<meta name=\"twitter:data1\" content=\"Redacci\u00f3n\" \/>\n\t<meta name=\"twitter:label2\" content=\"Tiempo de lectura\" \/>\n\t<meta name=\"twitter:data2\" content=\"2 minutos\" \/>\n<script type=\"application\/ld+json\" class=\"yoast-schema-graph\">{\"@context\":\"https:\/\/schema.org\",\"@graph\":[{\"@type\":\"Organization\",\"@id\":\"https:\/\/soledaddurazo.com\/#organization\",\"name\":\"Soledad Durazo\",\"url\":\"https:\/\/soledaddurazo.com\/\",\"sameAs\":[\"https:\/\/www.facebook.com\/soledad.durazo.9\/\",\"https:\/\/www.instagram.com\/soledaddurazo\",\"https:\/\/www.youtube.com\/channel\/UC9yGPw8-Vbl_B2XNkRwPS-w\",\"https:\/\/twitter.com\/SoledadDurazo\"],\"logo\":{\"@type\":\"ImageObject\",\"@id\":\"https:\/\/soledaddurazo.com\/#logo\",\"inLanguage\":\"es\",\"url\":\"https:\/\/soledaddurazo.com\/storage\/2021\/11\/nllp-720x375-1-2.png\",\"contentUrl\":\"https:\/\/soledaddurazo.com\/storage\/2021\/11\/nllp-720x375-1-2.png\",\"width\":720,\"height\":375,\"caption\":\"Soledad Durazo\"},\"image\":{\"@id\":\"https:\/\/soledaddurazo.com\/#logo\"}},{\"@type\":\"WebSite\",\"@id\":\"https:\/\/soledaddurazo.com\/#website\",\"url\":\"https:\/\/soledaddurazo.com\/\",\"name\":\"Periodista SoledadDurazo.com\",\"description\":\"Periodista sonorense. Directora de www.SoledadDurazo.com Columnista, conductora de radio y Tv. Catedr\\u00e1tica en la UNISON\",\"publisher\":{\"@id\":\"https:\/\/soledaddurazo.com\/#organization\"},\"potentialAction\":[{\"@type\":\"SearchAction\",\"target\":{\"@type\":\"EntryPoint\",\"urlTemplate\":\"https:\/\/soledaddurazo.com\/?s={search_term_string}\"},\"query-input\":\"required name=search_term_string\"}],\"inLanguage\":\"es\"},{\"@type\":\"ImageObject\",\"@id\":\"https:\/\/soledaddurazo.com\/blog\/2021\/06\/10\/anuncian-proxima-jornada-de-reforestacion-en-el-carcamo\/#primaryimage\",\"inLanguage\":\"es\",\"url\":\"https:\/\/soledaddurazo.com\/storage\/2021\/06\/DE0931CC-AA19-4284-8EB5-6B235E729691.jpeg\",\"contentUrl\":\"https:\/\/soledaddurazo.com\/storage\/2021\/06\/DE0931CC-AA19-4284-8EB5-6B235E729691.jpeg\",\"width\":1280,\"height\":960},{\"@type\":\"WebPage\",\"@id\":\"https:\/\/soledaddurazo.com\/blog\/2021\/06\/10\/anuncian-proxima-jornada-de-reforestacion-en-el-carcamo\/#webpage\",\"url\":\"https:\/\/soledaddurazo.com\/blog\/2021\/06\/10\/anuncian-proxima-jornada-de-reforestacion-en-el-carcamo\/\",\"name\":\"Anuncian pr\\u00f3xima jornada de reforestaci\\u00f3n en \\u201cEl C\\u00e1rcamo\\u201d - Periodista SoledadDurazo.com\",\"isPartOf\":{\"@id\":\"https:\/\/soledaddurazo.com\/#website\"},\"primaryImageOfPage\":{\"@id\":\"https:\/\/soledaddurazo.com\/blog\/2021\/06\/10\/anuncian-proxima-jornada-de-reforestacion-en-el-carcamo\/#primaryimage\"},\"datePublished\":\"2021-06-10T07:54:29+00:00\",\"dateModified\":\"2021-06-10T07:54:29+00:00\",\"breadcrumb\":{\"@id\":\"https:\/\/soledaddurazo.com\/blog\/2021\/06\/10\/anuncian-proxima-jornada-de-reforestacion-en-el-carcamo\/#breadcrumb\"},\"inLanguage\":\"es\",\"potentialAction\":[{\"@type\":\"ReadAction\",\"target\":[\"https:\/\/soledaddurazo.com\/blog\/2021\/06\/10\/anuncian-proxima-jornada-de-reforestacion-en-el-carcamo\/\"]}]},{\"@type\":\"BreadcrumbList\",\"@id\":\"https:\/\/soledaddurazo.com\/blog\/2021\/06\/10\/anuncian-proxima-jornada-de-reforestacion-en-el-carcamo\/#breadcrumb\",\"itemListElement\":[{\"@type\":\"ListItem\",\"position\":1,\"name\":\"Home\",\"item\":\"https:\/\/soledaddurazo.com\/\"},{\"@type\":\"ListItem\",\"position\":2,\"name\":\"Anuncian pr\\u00f3xima jornada de reforestaci\\u00f3n en \\u201cEl C\\u00e1rcamo\\u201d\"}]},{\"@type\":\"Article\",\"@id\":\"https:\/\/soledaddurazo.com\/blog\/2021\/06\/10\/anuncian-proxima-jornada-de-reforestacion-en-el-carcamo\/#article\",\"isPartOf\":{\"@id\":\"https:\/\/soledaddurazo.com\/blog\/2021\/06\/10\/anuncian-proxima-jornada-de-reforestacion-en-el-carcamo\/#webpage\"},\"author\":{\"@id\":\"https:\/\/soledaddurazo.com\/#\/schema\/person\/822d8e13aa288585e6546f179853758b\"},\"headline\":\"Anuncian pr\\u00f3xima jornada de reforestaci\\u00f3n en \\u201cEl C\\u00e1rcamo\\u201d\",\"datePublished\":\"2021-06-10T07:54:29+00:00\",\"dateModified\":\"2021-06-10T07:54:29+00:00\",\"mainEntityOfPage\":{\"@id\":\"https:\/\/soledaddurazo.com\/blog\/2021\/06\/10\/anuncian-proxima-jornada-de-reforestacion-en-el-carcamo\/#webpage\"},\"wordCount\":460,\"commentCount\":0,\"publisher\":{\"@id\":\"https:\/\/soledaddurazo.com\/#organization\"},\"image\":{\"@id\":\"https:\/\/soledaddurazo.com\/blog\/2021\/06\/10\/anuncian-proxima-jornada-de-reforestacion-en-el-carcamo\/#primaryimage\"},\"thumbnailUrl\":\"https:\/\/soledaddurazo.com\/storage\/2021\/06\/DE0931CC-AA19-4284-8EB5-6B235E729691.jpeg\",\"articleSection\":[\"Mi Sonora\"],\"inLanguage\":\"es\",\"potentialAction\":[{\"@type\":\"CommentAction\",\"name\":\"Comment\",\"target\":[\"https:\/\/soledaddurazo.com\/blog\/2021\/06\/10\/anuncian-proxima-jornada-de-reforestacion-en-el-carcamo\/#respond\"]}]},{\"@type\":\"Person\",\"@id\":\"https:\/\/soledaddurazo.com\/#\/schema\/person\/822d8e13aa288585e6546f179853758b\",\"name\":\"Redacci\\u00f3n\",\"image\":{\"@type\":\"ImageObject\",\"@id\":\"https:\/\/soledaddurazo.com\/#personlogo\",\"inLanguage\":\"es\",\"url\":\"https:\/\/secure.gravatar.com\/avatar\/c4e193752f756fd61f04deebed3a3a20dc188d37edb53682d313ac57f2725d54?s=96&d=mm&r=g\",\"contentUrl\":\"https:\/\/secure.gravatar.com\/avatar\/c4e193752f756fd61f04deebed3a3a20dc188d37edb53682d313ac57f2725d54?s=96&d=mm&r=g\",\"caption\":\"Redacci\\u00f3n\"},\"sameAs\":[\"https:\/\/soledaddurazo.com\"]}]}<\/script>\n ","yoast_head_json":{"title":"Anuncian pr\u00f3xima jornada de reforestaci\u00f3n en \u201cEl C\u00e1rcamo\u201d - Periodista SoledadDurazo.com","robots":{"index":"index","follow":"follow","max-snippet":"max-snippet:-1","max-image-preview":"max-image-preview:large","max-video-preview":"max-video-preview:-1"},"canonical":"https:\/\/soledaddurazo.com\/blog\/2021\/06\/10\/anuncian-proxima-jornada-de-reforestacion-en-el-carcamo\/","og_locale":"es_MX","og_type":"article","og_title":"Anuncian pr\u00f3xima jornada de reforestaci\u00f3n en \u201cEl C\u00e1rcamo\u201d","og_description":"Para fomentar el cuidado de la vegetaci\u00f3n en la capital sonorense y el compromiso con el mantenimiento de diferentes especies, la Procuradur\u00eda Ambiental del Estado de Sonora (Proaes) y 19 organizaciones civiles y empresas \u201cambientalmente responsables\u201d, llevar\u00e1n a cabo la Jornada de reforestaci\u00f3n y adopci\u00f3n de \u00e1rboles \u201cPlantando historias\u201d, en la zona denominada \u201cEl C\u00e1rcamo\u201d, [&hellip;]","og_url":"https:\/\/soledaddurazo.com\/blog\/2021\/06\/10\/anuncian-proxima-jornada-de-reforestacion-en-el-carcamo\/","og_site_name":"Periodista SoledadDurazo.com","article_publisher":"https:\/\/www.facebook.com\/soledad.durazo.9\/","article_published_time":"2021-06-10T07:54:29+00:00","og_image":[{"width":1280,"height":960,"url":"https:\/\/soledaddurazo.com\/storage\/2021\/06\/DE0931CC-AA19-4284-8EB5-6B235E729691.jpeg","type":"image\/jpeg"}],"twitter_card":"summary_large_image","twitter_creator":"@SoledadDurazo","twitter_site":"@SoledadDurazo","twitter_misc":{"Escrito por":"Redacci\u00f3n","Tiempo de lectura":"2 minutos"},"schema":{"@context":"https:\/\/schema.org","@graph":[{"@type":"Organization","@id":"https:\/\/soledaddurazo.com\/#organization","name":"Soledad Durazo","url":"https:\/\/soledaddurazo.com\/","sameAs":["https:\/\/www.facebook.com\/soledad.durazo.9\/","https:\/\/www.instagram.com\/soledaddurazo","https:\/\/www.youtube.com\/channel\/UC9yGPw8-Vbl_B2XNkRwPS-w","https:\/\/twitter.com\/SoledadDurazo"],"logo":{"@type":"ImageObject","@id":"https:\/\/soledaddurazo.com\/#logo","inLanguage":"es","url":"https:\/\/soledaddurazo.com\/storage\/2021\/11\/nllp-720x375-1-2.png","contentUrl":"https:\/\/soledaddurazo.com\/storage\/2021\/11\/nllp-720x375-1-2.png","width":720,"height":375,"caption":"Soledad Durazo"},"image":{"@id":"https:\/\/soledaddurazo.com\/#logo"}},{"@type":"WebSite","@id":"https:\/\/soledaddurazo.com\/#website","url":"https:\/\/soledaddurazo.com\/","name":"Periodista SoledadDurazo.com","description":"Periodista sonorense. Directora de www.SoledadDurazo.com Columnista, conductora de radio y Tv. Catedr\u00e1tica en la UNISON","publisher":{"@id":"https:\/\/soledaddurazo.com\/#organization"},"potentialAction":[{"@type":"SearchAction","target":{"@type":"EntryPoint","urlTemplate":"https:\/\/soledaddurazo.com\/?s={search_term_string}"},"query-input":"required name=search_term_string"}],"inLanguage":"es"},{"@type":"ImageObject","@id":"https:\/\/soledaddurazo.com\/blog\/2021\/06\/10\/anuncian-proxima-jornada-de-reforestacion-en-el-carcamo\/#primaryimage","inLanguage":"es","url":"https:\/\/soledaddurazo.com\/storage\/2021\/06\/DE0931CC-AA19-4284-8EB5-6B235E729691.jpeg","contentUrl":"https:\/\/soledaddurazo.com\/storage\/2021\/06\/DE0931CC-AA19-4284-8EB5-6B235E729691.jpeg","width":1280,"height":960},{"@type":"WebPage","@id":"https:\/\/soledaddurazo.com\/blog\/2021\/06\/10\/anuncian-proxima-jornada-de-reforestacion-en-el-carcamo\/#webpage","url":"https:\/\/soledaddurazo.com\/blog\/2021\/06\/10\/anuncian-proxima-jornada-de-reforestacion-en-el-carcamo\/","name":"Anuncian pr\u00f3xima jornada de reforestaci\u00f3n en \u201cEl C\u00e1rcamo\u201d - Periodista SoledadDurazo.com","isPartOf":{"@id":"https:\/\/soledaddurazo.com\/#website"},"primaryImageOfPage":{"@id":"https:\/\/soledaddurazo.com\/blog\/2021\/06\/10\/anuncian-proxima-jornada-de-reforestacion-en-el-carcamo\/#primaryimage"},"datePublished":"2021-06-10T07:54:29+00:00","dateModified":"2021-06-10T07:54:29+00:00","breadcrumb":{"@id":"https:\/\/soledaddurazo.com\/blog\/2021\/06\/10\/anuncian-proxima-jornada-de-reforestacion-en-el-carcamo\/#breadcrumb"},"inLanguage":"es","potentialAction":[{"@type":"ReadAction","target":["https:\/\/soledaddurazo.com\/blog\/2021\/06\/10\/anuncian-proxima-jornada-de-reforestacion-en-el-carcamo\/"]}]},{"@type":"BreadcrumbList","@id":"https:\/\/soledaddurazo.com\/blog\/2021\/06\/10\/anuncian-proxima-jornada-de-reforestacion-en-el-carcamo\/#breadcrumb","itemListElement":[{"@type":"ListItem","position":1,"name":"Home","item":"https:\/\/soledaddurazo.com\/"},{"@type":"ListItem","position":2,"name":"Anuncian pr\u00f3xima jornada de reforestaci\u00f3n en \u201cEl C\u00e1rcamo\u201d"}]},{"@type":"Article","@id":"https:\/\/soledaddurazo.com\/blog\/2021\/06\/10\/anuncian-proxima-jornada-de-reforestacion-en-el-carcamo\/#article","isPartOf":{"@id":"https:\/\/soledaddurazo.com\/blog\/2021\/06\/10\/anuncian-proxima-jornada-de-reforestacion-en-el-carcamo\/#webpage"},"author":{"@id":"https:\/\/soledaddurazo.com\/#\/schema\/person\/822d8e13aa288585e6546f179853758b"},"headline":"Anuncian pr\u00f3xima jornada de reforestaci\u00f3n en \u201cEl C\u00e1rcamo\u201d","datePublished":"2021-06-10T07:54:29+00:00","dateModified":"2021-06-10T07:54:29+00:00","mainEntityOfPage":{"@id":"https:\/\/soledaddurazo.com\/blog\/2021\/06\/10\/anuncian-proxima-jornada-de-reforestacion-en-el-carcamo\/#webpage"},"wordCount":460,"commentCount":0,"publisher":{"@id":"https:\/\/soledaddurazo.com\/#organization"},"image":{"@id":"https:\/\/soledaddurazo.com\/blog\/2021\/06\/10\/anuncian-proxima-jornada-de-reforestacion-en-el-carcamo\/#primaryimage"},"thumbnailUrl":"https:\/\/soledaddurazo.com\/storage\/2021\/06\/DE0931CC-AA19-4284-8EB5-6B235E729691.jpeg","articleSection":["Mi Sonora"],"inLanguage":"es","potentialAction":[{"@type":"CommentAction","name":"Comment","target":["https:\/\/soledaddurazo.com\/blog\/2021\/06\/10\/anuncian-proxima-jornada-de-reforestacion-en-el-carcamo\/#respond"]}]},{"@type":"Person","@id":"https:\/\/soledaddurazo.com\/#\/schema\/person\/822d8e13aa288585e6546f179853758b","name":"Redacci\u00f3n","image":{"@type":"ImageObject","@id":"https:\/\/soledaddurazo.com\/#personlogo","inLanguage":"es","url":"https:\/\/secure.gravatar.com\/avatar\/c4e193752f756fd61f04deebed3a3a20dc188d37edb53682d313ac57f2725d54?s=96&d=mm&r=g","contentUrl":"https:\/\/secure.gravatar.com\/avatar\/c4e193752f756fd61f04deebed3a3a20dc188d37edb53682d313ac57f2725d54?s=96&d=mm&r=g","caption":"Redacci\u00f3n"},"sameAs":["https:\/\/soledaddurazo.com"]}]}},"_links":{"self":[{"href":"https:\/\/soledaddurazo.com\/api\/wp\/v2\/posts\/8821","targetHints":{"allow":["GET"]}}],"collection":[{"href":"https:\/\/soledaddurazo.com\/api\/wp\/v2\/posts"}],"about":[{"href":"https:\/\/soledaddurazo.com\/api\/wp\/v2\/types\/post"}],"author":[{"embeddable":true,"href":"https:\/\/soledaddurazo.com\/api\/wp\/v2\/users\/1"}],"replies":[{"embeddable":true,"href":"https:\/\/soledaddurazo.com\/api\/wp\/v2\/comments?post=8821"}],"version-history":[{"count":1,"href":"https:\/\/soledaddurazo.com\/api\/wp\/v2\/posts\/8821\/revisions"}],"predecessor-version":[{"id":8823,"href":"https:\/\/soledaddurazo.com\/api\/wp\/v2\/posts\/8821\/revisions\/8823"}],"wp:featuredmedia":[{"embeddable":true,"href":"https:\/\/soledaddurazo.com\/api\/wp\/v2\/media\/8822"}],"wp:attachment":[{"href":"https:\/\/soledaddurazo.com\/api\/wp\/v2\/media?parent=8821"}],"wp:term":[{"taxonomy":"category","embeddable":true,"href":"https:\/\/soledaddurazo.com\/api\/wp\/v2\/categories?post=8821"},{"taxonomy":"post_tag","embeddable":true,"href":"https:\/\/soledaddurazo.com\/api\/wp\/v2\/tags?post=8821"}],"curies":[{"name":"wp","href":"https:\/\/api.w.org\/{rel}","templated":true}]}}