{"id":8600,"date":"2021-05-31T01:18:03","date_gmt":"2021-05-31T08:18:03","guid":{"rendered":"https:\/\/soledaddurazo.com\/?p=8600"},"modified":"2021-05-31T01:18:03","modified_gmt":"2021-05-31T08:18:03","slug":"participa-director-de-dif-sonora-en-tema-de-migracion","status":"publish","type":"post","link":"https:\/\/soledaddurazo.com\/blog\/2021\/05\/31\/participa-director-de-dif-sonora-en-tema-de-migracion\/","title":{"rendered":"Participa Director de DIF Sonora  en tema de migraci\u00f3n"},"content":{"rendered":"<p>Durante el tiempo de pandemia, la atenci\u00f3n a la ni\u00f1ez migrante que llega a Sonora se ha mantenido por parte del Gobierno del Estado a trav\u00e9s de los albergues Tin Otoch y Camino a Casa, inform\u00f3 el director de DIF Sonora al participar en la VI Sesi\u00f3n Ordinaria de Sipinna Sonora.<\/p>\n<p>En la reuni\u00f3n v\u00eda zoom que encabez\u00f3 el secretario de Gobierno, Juan \u00c1ngel Castillo Taraz\u00f3n y Blanca Camacho Sosa, secretaria ejecutiva del Sistema Nacional de Protecci\u00f3n Integral de Ni\u00f1as, Ni\u00f1os y Adolescentes en la entidad, Wenceslao Cota Amador inform\u00f3 que a m\u00e1s de un a\u00f1o de que se present\u00f3 el primer caso de COVID-19 se ha trabajado intensamente por la protecci\u00f3n de derechos de la ni\u00f1ez y adolescencia.<\/p>\n<p>\u201cHemos buscado alternativas para que la atenci\u00f3n en el albergue Tin Otoch y Camino a Casa contin\u00faen con la misma calidad en el servicio, estamos cumpliendo con todos los protocolos sanitarios establecidos por la Secretar\u00eda de Salud, para la protecci\u00f3n tanto de los usuarios como de los servidores p\u00fablicos\u201d, manifest\u00f3.<\/p>\n<p>Explic\u00f3 que los albergues operan en coordinaci\u00f3n con la Delegaci\u00f3n del Instituto Nacional de Migraci\u00f3n, dependencia encargada de canalizar a las ni\u00f1as, ni\u00f1os y adolescentes en situaci\u00f3n de movilidad.<\/p>\n<p>Como parte del informe de acciones realizadas durante este per\u00edodo de confinamiento, Wenceslao Cota Amador se refiri\u00f3 a los servicios brindados a las familias en situaci\u00f3n de movilidad que quedan bajo protecci\u00f3n del Estado en lo que se revuelve el regreso al pa\u00eds de origen.<\/p>\n<p>Se presentaron informes sobre las acciones en beneficio de la infancia durante esta contingencia en materia de educaci\u00f3n, salud, salud mental y adicciones, derechos de Ni\u00f1as, Ni\u00f1os y Adolescentes de las etnias sonorenses y acciones en materia judicial familiar y justicia penal.<\/p>\n<p>Adem\u00e1s, se cont\u00f3 con la participaci\u00f3n de la ni\u00f1a Alondra F\u00e9lix Mart\u00ednez con la poes\u00eda \u201cQuiero ser ni\u00f1o y disfrutar\u201d y del ni\u00f1o Christian Adriel Acu\u00f1a Flores Ni\u00f1o con el tema \u201cPrevenci\u00f3n de la No violencia de los Ni\u00f1os, Ni\u00f1as y Adolescencia\u201d.<\/p>\n","protected":false},"excerpt":{"rendered":"<p>Durante el tiempo de pandemia, la atenci\u00f3n a la ni\u00f1ez migrante que llega a Sonora se ha mantenido por parte del Gobierno del Estado a trav\u00e9s de los albergues Tin Otoch y Camino a Casa, inform\u00f3 el director de DIF Sonora al participar en la VI Sesi\u00f3n Ordinaria de Sipinna Sonora. En la reuni\u00f3n v\u00eda [&hellip;]<\/p>\n","protected":false},"author":1,"featured_media":8601,"comment_status":"open","ping_status":"open","sticky":false,"template":"","format":"standard","meta":{"footnotes":""},"categories":[159],"tags":[],"class_list":["post"],"yoast_head":" \n<title>Participa Director de DIF Sonora en tema de migraci\u00f3n - Periodista SoledadDurazo.com<\/title>\n<meta name=\"robots\" content=\"index, follow, max-snippet:-1, max-image-preview:large, max-video-preview:-1\" \/>\n<link rel=\"canonical\" href=\"https:\/\/soledaddurazo.com\/blog\/2021\/05\/31\/participa-director-de-dif-sonora-en-tema-de-migracion\/\" \/>\n<meta property=\"og:locale\" content=\"es_MX\" \/>\n<meta property=\"og:type\" content=\"article\" \/>\n<meta property=\"og:title\" content=\"Participa Director de DIF Sonora en tema de migraci\u00f3n\" \/>\n<meta property=\"og:description\" content=\"Durante el tiempo de pandemia, la atenci\u00f3n a la ni\u00f1ez migrante que llega a Sonora se ha mantenido por parte del Gobierno del Estado a trav\u00e9s de los albergues Tin Otoch y Camino a Casa, inform\u00f3 el director de DIF Sonora al participar en la VI Sesi\u00f3n Ordinaria de Sipinna Sonora. En la reuni\u00f3n v\u00eda [&hellip;]\" \/>\n<meta property=\"og:url\" content=\"https:\/\/soledaddurazo.com\/blog\/2021\/05\/31\/participa-director-de-dif-sonora-en-tema-de-migracion\/\" \/>\n<meta property=\"og:site_name\" content=\"Periodista SoledadDurazo.com\" \/>\n<meta property=\"article:publisher\" content=\"https:\/\/www.facebook.com\/soledad.durazo.9\/\" \/>\n<meta property=\"article:published_time\" content=\"2021-05-31T08:18:03+00:00\" \/>\n<meta property=\"og:image\" content=\"https:\/\/soledaddurazo.com\/storage\/2021\/05\/image00040-scaled.jpeg\" \/>\n\t<meta property=\"og:image:width\" content=\"2560\" \/>\n\t<meta property=\"og:image:height\" content=\"1675\" \/>\n<meta name=\"twitter:card\" content=\"summary_large_image\" \/>\n<meta name=\"twitter:creator\" content=\"@SoledadDurazo\" \/>\n<meta name=\"twitter:site\" content=\"@SoledadDurazo\" \/>\n<meta name=\"twitter:label1\" content=\"Escrito por\" \/>\n\t<meta name=\"twitter:data1\" content=\"Redacci\u00f3n\" \/>\n\t<meta name=\"twitter:label2\" content=\"Tiempo de lectura\" \/>\n\t<meta name=\"twitter:data2\" content=\"2 minutos\" \/>\n<script type=\"application\/ld+json\" class=\"yoast-schema-graph\">{\"@context\":\"https:\/\/schema.org\",\"@graph\":[{\"@type\":\"Organization\",\"@id\":\"https:\/\/soledaddurazo.com\/#organization\",\"name\":\"Soledad Durazo\",\"url\":\"https:\/\/soledaddurazo.com\/\",\"sameAs\":[\"https:\/\/www.facebook.com\/soledad.durazo.9\/\",\"https:\/\/www.instagram.com\/soledaddurazo\",\"https:\/\/www.youtube.com\/channel\/UC9yGPw8-Vbl_B2XNkRwPS-w\",\"https:\/\/twitter.com\/SoledadDurazo\"],\"logo\":{\"@type\":\"ImageObject\",\"@id\":\"https:\/\/soledaddurazo.com\/#logo\",\"inLanguage\":\"es\",\"url\":\"https:\/\/soledaddurazo.com\/storage\/2021\/11\/nllp-720x375-1-2.png\",\"contentUrl\":\"https:\/\/soledaddurazo.com\/storage\/2021\/11\/nllp-720x375-1-2.png\",\"width\":720,\"height\":375,\"caption\":\"Soledad Durazo\"},\"image\":{\"@id\":\"https:\/\/soledaddurazo.com\/#logo\"}},{\"@type\":\"WebSite\",\"@id\":\"https:\/\/soledaddurazo.com\/#website\",\"url\":\"https:\/\/soledaddurazo.com\/\",\"name\":\"Periodista SoledadDurazo.com\",\"description\":\"Periodista sonorense. Directora de www.SoledadDurazo.com Columnista, conductora de radio y Tv. Catedr\\u00e1tica en la UNISON\",\"publisher\":{\"@id\":\"https:\/\/soledaddurazo.com\/#organization\"},\"potentialAction\":[{\"@type\":\"SearchAction\",\"target\":{\"@type\":\"EntryPoint\",\"urlTemplate\":\"https:\/\/soledaddurazo.com\/?s={search_term_string}\"},\"query-input\":\"required name=search_term_string\"}],\"inLanguage\":\"es\"},{\"@type\":\"ImageObject\",\"@id\":\"https:\/\/soledaddurazo.com\/blog\/2021\/05\/31\/participa-director-de-dif-sonora-en-tema-de-migracion\/#primaryimage\",\"inLanguage\":\"es\",\"url\":\"https:\/\/soledaddurazo.com\/storage\/2021\/05\/image00040-scaled.jpeg\",\"contentUrl\":\"https:\/\/soledaddurazo.com\/storage\/2021\/05\/image00040-scaled.jpeg\",\"width\":2560,\"height\":1675},{\"@type\":\"WebPage\",\"@id\":\"https:\/\/soledaddurazo.com\/blog\/2021\/05\/31\/participa-director-de-dif-sonora-en-tema-de-migracion\/#webpage\",\"url\":\"https:\/\/soledaddurazo.com\/blog\/2021\/05\/31\/participa-director-de-dif-sonora-en-tema-de-migracion\/\",\"name\":\"Participa Director de DIF Sonora en tema de migraci\\u00f3n - Periodista SoledadDurazo.com\",\"isPartOf\":{\"@id\":\"https:\/\/soledaddurazo.com\/#website\"},\"primaryImageOfPage\":{\"@id\":\"https:\/\/soledaddurazo.com\/blog\/2021\/05\/31\/participa-director-de-dif-sonora-en-tema-de-migracion\/#primaryimage\"},\"datePublished\":\"2021-05-31T08:18:03+00:00\",\"dateModified\":\"2021-05-31T08:18:03+00:00\",\"breadcrumb\":{\"@id\":\"https:\/\/soledaddurazo.com\/blog\/2021\/05\/31\/participa-director-de-dif-sonora-en-tema-de-migracion\/#breadcrumb\"},\"inLanguage\":\"es\",\"potentialAction\":[{\"@type\":\"ReadAction\",\"target\":[\"https:\/\/soledaddurazo.com\/blog\/2021\/05\/31\/participa-director-de-dif-sonora-en-tema-de-migracion\/\"]}]},{\"@type\":\"BreadcrumbList\",\"@id\":\"https:\/\/soledaddurazo.com\/blog\/2021\/05\/31\/participa-director-de-dif-sonora-en-tema-de-migracion\/#breadcrumb\",\"itemListElement\":[{\"@type\":\"ListItem\",\"position\":1,\"name\":\"Home\",\"item\":\"https:\/\/soledaddurazo.com\/\"},{\"@type\":\"ListItem\",\"position\":2,\"name\":\"Participa Director de DIF Sonora en tema de migraci\\u00f3n\"}]},{\"@type\":\"Article\",\"@id\":\"https:\/\/soledaddurazo.com\/blog\/2021\/05\/31\/participa-director-de-dif-sonora-en-tema-de-migracion\/#article\",\"isPartOf\":{\"@id\":\"https:\/\/soledaddurazo.com\/blog\/2021\/05\/31\/participa-director-de-dif-sonora-en-tema-de-migracion\/#webpage\"},\"author\":{\"@id\":\"https:\/\/soledaddurazo.com\/#\/schema\/person\/822d8e13aa288585e6546f179853758b\"},\"headline\":\"Participa Director de DIF Sonora en tema de migraci\\u00f3n\",\"datePublished\":\"2021-05-31T08:18:03+00:00\",\"dateModified\":\"2021-05-31T08:18:03+00:00\",\"mainEntityOfPage\":{\"@id\":\"https:\/\/soledaddurazo.com\/blog\/2021\/05\/31\/participa-director-de-dif-sonora-en-tema-de-migracion\/#webpage\"},\"wordCount\":382,\"commentCount\":0,\"publisher\":{\"@id\":\"https:\/\/soledaddurazo.com\/#organization\"},\"image\":{\"@id\":\"https:\/\/soledaddurazo.com\/blog\/2021\/05\/31\/participa-director-de-dif-sonora-en-tema-de-migracion\/#primaryimage\"},\"thumbnailUrl\":\"https:\/\/soledaddurazo.com\/storage\/2021\/05\/image00040-scaled.jpeg\",\"articleSection\":[\"Mi Sonora\"],\"inLanguage\":\"es\",\"potentialAction\":[{\"@type\":\"CommentAction\",\"name\":\"Comment\",\"target\":[\"https:\/\/soledaddurazo.com\/blog\/2021\/05\/31\/participa-director-de-dif-sonora-en-tema-de-migracion\/#respond\"]}]},{\"@type\":\"Person\",\"@id\":\"https:\/\/soledaddurazo.com\/#\/schema\/person\/822d8e13aa288585e6546f179853758b\",\"name\":\"Redacci\\u00f3n\",\"image\":{\"@type\":\"ImageObject\",\"@id\":\"https:\/\/soledaddurazo.com\/#personlogo\",\"inLanguage\":\"es\",\"url\":\"https:\/\/secure.gravatar.com\/avatar\/c4e193752f756fd61f04deebed3a3a20dc188d37edb53682d313ac57f2725d54?s=96&d=mm&r=g\",\"contentUrl\":\"https:\/\/secure.gravatar.com\/avatar\/c4e193752f756fd61f04deebed3a3a20dc188d37edb53682d313ac57f2725d54?s=96&d=mm&r=g\",\"caption\":\"Redacci\\u00f3n\"},\"sameAs\":[\"https:\/\/soledaddurazo.com\"]}]}<\/script>\n ","yoast_head_json":{"title":"Participa Director de DIF Sonora en tema de migraci\u00f3n - Periodista SoledadDurazo.com","robots":{"index":"index","follow":"follow","max-snippet":"max-snippet:-1","max-image-preview":"max-image-preview:large","max-video-preview":"max-video-preview:-1"},"canonical":"https:\/\/soledaddurazo.com\/blog\/2021\/05\/31\/participa-director-de-dif-sonora-en-tema-de-migracion\/","og_locale":"es_MX","og_type":"article","og_title":"Participa Director de DIF Sonora en tema de migraci\u00f3n","og_description":"Durante el tiempo de pandemia, la atenci\u00f3n a la ni\u00f1ez migrante que llega a Sonora se ha mantenido por parte del Gobierno del Estado a trav\u00e9s de los albergues Tin Otoch y Camino a Casa, inform\u00f3 el director de DIF Sonora al participar en la VI Sesi\u00f3n Ordinaria de Sipinna Sonora. En la reuni\u00f3n v\u00eda [&hellip;]","og_url":"https:\/\/soledaddurazo.com\/blog\/2021\/05\/31\/participa-director-de-dif-sonora-en-tema-de-migracion\/","og_site_name":"Periodista SoledadDurazo.com","article_publisher":"https:\/\/www.facebook.com\/soledad.durazo.9\/","article_published_time":"2021-05-31T08:18:03+00:00","og_image":[{"width":2560,"height":1675,"url":"https:\/\/soledaddurazo.com\/storage\/2021\/05\/image00040-scaled.jpeg","type":"image\/jpeg"}],"twitter_card":"summary_large_image","twitter_creator":"@SoledadDurazo","twitter_site":"@SoledadDurazo","twitter_misc":{"Escrito por":"Redacci\u00f3n","Tiempo de lectura":"2 minutos"},"schema":{"@context":"https:\/\/schema.org","@graph":[{"@type":"Organization","@id":"https:\/\/soledaddurazo.com\/#organization","name":"Soledad Durazo","url":"https:\/\/soledaddurazo.com\/","sameAs":["https:\/\/www.facebook.com\/soledad.durazo.9\/","https:\/\/www.instagram.com\/soledaddurazo","https:\/\/www.youtube.com\/channel\/UC9yGPw8-Vbl_B2XNkRwPS-w","https:\/\/twitter.com\/SoledadDurazo"],"logo":{"@type":"ImageObject","@id":"https:\/\/soledaddurazo.com\/#logo","inLanguage":"es","url":"https:\/\/soledaddurazo.com\/storage\/2021\/11\/nllp-720x375-1-2.png","contentUrl":"https:\/\/soledaddurazo.com\/storage\/2021\/11\/nllp-720x375-1-2.png","width":720,"height":375,"caption":"Soledad Durazo"},"image":{"@id":"https:\/\/soledaddurazo.com\/#logo"}},{"@type":"WebSite","@id":"https:\/\/soledaddurazo.com\/#website","url":"https:\/\/soledaddurazo.com\/","name":"Periodista SoledadDurazo.com","description":"Periodista sonorense. Directora de www.SoledadDurazo.com Columnista, conductora de radio y Tv. Catedr\u00e1tica en la UNISON","publisher":{"@id":"https:\/\/soledaddurazo.com\/#organization"},"potentialAction":[{"@type":"SearchAction","target":{"@type":"EntryPoint","urlTemplate":"https:\/\/soledaddurazo.com\/?s={search_term_string}"},"query-input":"required name=search_term_string"}],"inLanguage":"es"},{"@type":"ImageObject","@id":"https:\/\/soledaddurazo.com\/blog\/2021\/05\/31\/participa-director-de-dif-sonora-en-tema-de-migracion\/#primaryimage","inLanguage":"es","url":"https:\/\/soledaddurazo.com\/storage\/2021\/05\/image00040-scaled.jpeg","contentUrl":"https:\/\/soledaddurazo.com\/storage\/2021\/05\/image00040-scaled.jpeg","width":2560,"height":1675},{"@type":"WebPage","@id":"https:\/\/soledaddurazo.com\/blog\/2021\/05\/31\/participa-director-de-dif-sonora-en-tema-de-migracion\/#webpage","url":"https:\/\/soledaddurazo.com\/blog\/2021\/05\/31\/participa-director-de-dif-sonora-en-tema-de-migracion\/","name":"Participa Director de DIF Sonora en tema de migraci\u00f3n - Periodista SoledadDurazo.com","isPartOf":{"@id":"https:\/\/soledaddurazo.com\/#website"},"primaryImageOfPage":{"@id":"https:\/\/soledaddurazo.com\/blog\/2021\/05\/31\/participa-director-de-dif-sonora-en-tema-de-migracion\/#primaryimage"},"datePublished":"2021-05-31T08:18:03+00:00","dateModified":"2021-05-31T08:18:03+00:00","breadcrumb":{"@id":"https:\/\/soledaddurazo.com\/blog\/2021\/05\/31\/participa-director-de-dif-sonora-en-tema-de-migracion\/#breadcrumb"},"inLanguage":"es","potentialAction":[{"@type":"ReadAction","target":["https:\/\/soledaddurazo.com\/blog\/2021\/05\/31\/participa-director-de-dif-sonora-en-tema-de-migracion\/"]}]},{"@type":"BreadcrumbList","@id":"https:\/\/soledaddurazo.com\/blog\/2021\/05\/31\/participa-director-de-dif-sonora-en-tema-de-migracion\/#breadcrumb","itemListElement":[{"@type":"ListItem","position":1,"name":"Home","item":"https:\/\/soledaddurazo.com\/"},{"@type":"ListItem","position":2,"name":"Participa Director de DIF Sonora en tema de migraci\u00f3n"}]},{"@type":"Article","@id":"https:\/\/soledaddurazo.com\/blog\/2021\/05\/31\/participa-director-de-dif-sonora-en-tema-de-migracion\/#article","isPartOf":{"@id":"https:\/\/soledaddurazo.com\/blog\/2021\/05\/31\/participa-director-de-dif-sonora-en-tema-de-migracion\/#webpage"},"author":{"@id":"https:\/\/soledaddurazo.com\/#\/schema\/person\/822d8e13aa288585e6546f179853758b"},"headline":"Participa Director de DIF Sonora en tema de migraci\u00f3n","datePublished":"2021-05-31T08:18:03+00:00","dateModified":"2021-05-31T08:18:03+00:00","mainEntityOfPage":{"@id":"https:\/\/soledaddurazo.com\/blog\/2021\/05\/31\/participa-director-de-dif-sonora-en-tema-de-migracion\/#webpage"},"wordCount":382,"commentCount":0,"publisher":{"@id":"https:\/\/soledaddurazo.com\/#organization"},"image":{"@id":"https:\/\/soledaddurazo.com\/blog\/2021\/05\/31\/participa-director-de-dif-sonora-en-tema-de-migracion\/#primaryimage"},"thumbnailUrl":"https:\/\/soledaddurazo.com\/storage\/2021\/05\/image00040-scaled.jpeg","articleSection":["Mi Sonora"],"inLanguage":"es","potentialAction":[{"@type":"CommentAction","name":"Comment","target":["https:\/\/soledaddurazo.com\/blog\/2021\/05\/31\/participa-director-de-dif-sonora-en-tema-de-migracion\/#respond"]}]},{"@type":"Person","@id":"https:\/\/soledaddurazo.com\/#\/schema\/person\/822d8e13aa288585e6546f179853758b","name":"Redacci\u00f3n","image":{"@type":"ImageObject","@id":"https:\/\/soledaddurazo.com\/#personlogo","inLanguage":"es","url":"https:\/\/secure.gravatar.com\/avatar\/c4e193752f756fd61f04deebed3a3a20dc188d37edb53682d313ac57f2725d54?s=96&d=mm&r=g","contentUrl":"https:\/\/secure.gravatar.com\/avatar\/c4e193752f756fd61f04deebed3a3a20dc188d37edb53682d313ac57f2725d54?s=96&d=mm&r=g","caption":"Redacci\u00f3n"},"sameAs":["https:\/\/soledaddurazo.com"]}]}},"_links":{"self":[{"href":"https:\/\/soledaddurazo.com\/api\/wp\/v2\/posts\/8600","targetHints":{"allow":["GET"]}}],"collection":[{"href":"https:\/\/soledaddurazo.com\/api\/wp\/v2\/posts"}],"about":[{"href":"https:\/\/soledaddurazo.com\/api\/wp\/v2\/types\/post"}],"author":[{"embeddable":true,"href":"https:\/\/soledaddurazo.com\/api\/wp\/v2\/users\/1"}],"replies":[{"embeddable":true,"href":"https:\/\/soledaddurazo.com\/api\/wp\/v2\/comments?post=8600"}],"version-history":[{"count":1,"href":"https:\/\/soledaddurazo.com\/api\/wp\/v2\/posts\/8600\/revisions"}],"predecessor-version":[{"id":8602,"href":"https:\/\/soledaddurazo.com\/api\/wp\/v2\/posts\/8600\/revisions\/8602"}],"wp:featuredmedia":[{"embeddable":true,"href":"https:\/\/soledaddurazo.com\/api\/wp\/v2\/media\/8601"}],"wp:attachment":[{"href":"https:\/\/soledaddurazo.com\/api\/wp\/v2\/media?parent=8600"}],"wp:term":[{"taxonomy":"category","embeddable":true,"href":"https:\/\/soledaddurazo.com\/api\/wp\/v2\/categories?post=8600"},{"taxonomy":"post_tag","embeddable":true,"href":"https:\/\/soledaddurazo.com\/api\/wp\/v2\/tags?post=8600"}],"curies":[{"name":"wp","href":"https:\/\/api.w.org\/{rel}","templated":true}]}}