{"id":8569,"date":"2021-05-28T01:00:38","date_gmt":"2021-05-28T08:00:38","guid":{"rendered":"https:\/\/soledaddurazo.com\/?p=8569"},"modified":"2021-05-28T01:00:38","modified_gmt":"2021-05-28T08:00:38","slug":"buscan-mejorar-salud-mental-de-sonorenses-en-pandemia","status":"publish","type":"post","link":"https:\/\/soledaddurazo.com\/blog\/2021\/05\/28\/buscan-mejorar-salud-mental-de-sonorenses-en-pandemia\/","title":{"rendered":"Buscan mejorar salud mental de sonorenses en pandemia"},"content":{"rendered":"<p>La direcci\u00f3n de Salud Mental y Adicciones ha atendido la salud mental de las y los sonorenses durante la contingencia por COVID-19, con diversos programas y capacitaciones, inform\u00f3 Enrique Clausen Iberri.<\/p>\n<p>El secretario de Salud en Sonora detall\u00f3 que uno de esos programas es el de Atenci\u00f3n Psicol\u00f3gica-Tanatol\u00f3gica por COVID-19, mismo que se activ\u00f3 en 12 municipios del estado, con la atenci\u00f3n de 23 profesionales que recibieron 4 mil 97 llamadas para atenci\u00f3n.<\/p>\n<p>\u201cLas intervenciones se realizaron a trav\u00e9s de l\u00ednea telef\u00f3nica, videollamadas, mensajes de Whatts App y SMS de texto, en comunidades aisladas sin acceso a datos\u201d, resalt\u00f3.<\/p>\n<p>Mencion\u00f3 que en el caso del Programa \u201cPonte frente al Espejo\u201d, se han impartido m\u00e1s de 70 temas v\u00eda zoom, con 5 mil 656 asistencias y m\u00e1s de 110 mil reproducciones de las charlas v\u00eda Facebook, con un alcance de m\u00e1s de 14 mil 500 personas.<\/p>\n<p>Clausen Iberri indic\u00f3 que tambi\u00e9n se realizaron 35 talleres de capacitaci\u00f3n a empresas, asociaciones y dependencias de manera presencial y 16 de manera virtual.<\/p>\n<p>En cuanto a Ponte Frente al Espejo en C5i, los psic\u00f3logos de Salud Mental y Adicciones, recibieron 3 mil 104 llamadas, de ellas 2 mil 482 fueron casos atendidos en intervenci\u00f3n en crisis y primeros auxilios psicol\u00f3gicos y a 319 personas se les refiri\u00f3 a los Centros Especializados en Salud Mental, precis\u00f3.<\/p>\n<p>El titular de la dependencia estatal, comparti\u00f3 que en un trabajo coordinado con la Secretar\u00eda de Educaci\u00f3n y Cultura (SEC), se han ofrecido charlas a docentes, padres de familia, ni\u00f1as, ni\u00f1os y adolescentes.<\/p>\n<p>Adem\u00e1s, dijo, se les brindaron 17 videoconferencias para personal de educaci\u00f3n b\u00e1sica con un impacto de 6 mil asistentes, 8 videoconferencias para madres y padres de familia, con un impacto 3 mil 543 asistentes.<\/p>\n<p>Una actividad muy importante, subray\u00f3, fue una capacitaci\u00f3n sobre \u201cTrastorno por D\u00e9ficit de Atenci\u00f3n e Hiperactividad\u201d a 17 mil 945 empleados de educaci\u00f3n b\u00e1sica; de esta manera se fortaleci\u00f3 la coordinaci\u00f3n en beneficios de diversos grupos.<\/p>\n<p>&#8220;No podemos dejar de lado las capacitaciones en salud mental en emergencias a los equipos de salud mental, personal de atenci\u00f3n primaria a la salud y primeros respondientes, as\u00ed como las brigadas de Salud Mental, donde se brindaron 2 mil 685 atenciones&#8221;, comparti\u00f3.<\/p>\n<p>El secretario reconoci\u00f3 la labor de todo el equipo de Salud Mental por el esfuerzo extra que tuvieron que realizar para estar a la altura de las nuevas necesidades en la atenci\u00f3n de quien lo ha requerido, y apeg\u00e1ndose a los protocolos establecidos para evitar contagios por COVID-19.<\/p>\n","protected":false},"excerpt":{"rendered":"<p>La direcci\u00f3n de Salud Mental y Adicciones ha atendido la salud mental de las y los sonorenses durante la contingencia por COVID-19, con diversos programas y capacitaciones, inform\u00f3 Enrique Clausen Iberri. El secretario de Salud en Sonora detall\u00f3 que uno de esos programas es el de Atenci\u00f3n Psicol\u00f3gica-Tanatol\u00f3gica por COVID-19, mismo que se activ\u00f3 en [&hellip;]<\/p>\n","protected":false},"author":1,"featured_media":8570,"comment_status":"open","ping_status":"open","sticky":false,"template":"","format":"standard","meta":{"footnotes":""},"categories":[159],"tags":[],"class_list":["post"],"yoast_head":" \n<title>Buscan mejorar salud mental de sonorenses en pandemia - Periodista SoledadDurazo.com<\/title>\n<meta name=\"robots\" content=\"index, follow, max-snippet:-1, max-image-preview:large, max-video-preview:-1\" \/>\n<link rel=\"canonical\" href=\"https:\/\/soledaddurazo.com\/blog\/2021\/05\/28\/buscan-mejorar-salud-mental-de-sonorenses-en-pandemia\/\" \/>\n<meta property=\"og:locale\" content=\"es_MX\" \/>\n<meta property=\"og:type\" content=\"article\" \/>\n<meta property=\"og:title\" content=\"Buscan mejorar salud mental de sonorenses en pandemia\" \/>\n<meta property=\"og:description\" content=\"La direcci\u00f3n de Salud Mental y Adicciones ha atendido la salud mental de las y los sonorenses durante la contingencia por COVID-19, con diversos programas y capacitaciones, inform\u00f3 Enrique Clausen Iberri. El secretario de Salud en Sonora detall\u00f3 que uno de esos programas es el de Atenci\u00f3n Psicol\u00f3gica-Tanatol\u00f3gica por COVID-19, mismo que se activ\u00f3 en [&hellip;]\" \/>\n<meta property=\"og:url\" content=\"https:\/\/soledaddurazo.com\/blog\/2021\/05\/28\/buscan-mejorar-salud-mental-de-sonorenses-en-pandemia\/\" \/>\n<meta property=\"og:site_name\" content=\"Periodista SoledadDurazo.com\" \/>\n<meta property=\"article:publisher\" content=\"https:\/\/www.facebook.com\/soledad.durazo.9\/\" \/>\n<meta property=\"article:published_time\" content=\"2021-05-28T08:00:38+00:00\" \/>\n<meta property=\"og:image\" content=\"https:\/\/soledaddurazo.com\/storage\/2021\/05\/IMG-20210527-WA0082.jpg\" \/>\n\t<meta property=\"og:image:width\" content=\"1280\" \/>\n\t<meta property=\"og:image:height\" content=\"720\" \/>\n<meta name=\"twitter:card\" content=\"summary_large_image\" \/>\n<meta name=\"twitter:creator\" content=\"@SoledadDurazo\" \/>\n<meta name=\"twitter:site\" content=\"@SoledadDurazo\" \/>\n<meta name=\"twitter:label1\" content=\"Escrito por\" \/>\n\t<meta name=\"twitter:data1\" content=\"Redacci\u00f3n\" \/>\n\t<meta name=\"twitter:label2\" content=\"Tiempo de lectura\" \/>\n\t<meta name=\"twitter:data2\" content=\"2 minutos\" \/>\n<script type=\"application\/ld+json\" class=\"yoast-schema-graph\">{\"@context\":\"https:\/\/schema.org\",\"@graph\":[{\"@type\":\"Organization\",\"@id\":\"https:\/\/soledaddurazo.com\/#organization\",\"name\":\"Soledad Durazo\",\"url\":\"https:\/\/soledaddurazo.com\/\",\"sameAs\":[\"https:\/\/www.facebook.com\/soledad.durazo.9\/\",\"https:\/\/www.instagram.com\/soledaddurazo\",\"https:\/\/www.youtube.com\/channel\/UC9yGPw8-Vbl_B2XNkRwPS-w\",\"https:\/\/twitter.com\/SoledadDurazo\"],\"logo\":{\"@type\":\"ImageObject\",\"@id\":\"https:\/\/soledaddurazo.com\/#logo\",\"inLanguage\":\"es\",\"url\":\"https:\/\/soledaddurazo.com\/storage\/2021\/11\/nllp-720x375-1-2.png\",\"contentUrl\":\"https:\/\/soledaddurazo.com\/storage\/2021\/11\/nllp-720x375-1-2.png\",\"width\":720,\"height\":375,\"caption\":\"Soledad Durazo\"},\"image\":{\"@id\":\"https:\/\/soledaddurazo.com\/#logo\"}},{\"@type\":\"WebSite\",\"@id\":\"https:\/\/soledaddurazo.com\/#website\",\"url\":\"https:\/\/soledaddurazo.com\/\",\"name\":\"Periodista SoledadDurazo.com\",\"description\":\"Periodista sonorense. Directora de www.SoledadDurazo.com Columnista, conductora de radio y Tv. Catedr\\u00e1tica en la UNISON\",\"publisher\":{\"@id\":\"https:\/\/soledaddurazo.com\/#organization\"},\"potentialAction\":[{\"@type\":\"SearchAction\",\"target\":{\"@type\":\"EntryPoint\",\"urlTemplate\":\"https:\/\/soledaddurazo.com\/?s={search_term_string}\"},\"query-input\":\"required name=search_term_string\"}],\"inLanguage\":\"es\"},{\"@type\":\"ImageObject\",\"@id\":\"https:\/\/soledaddurazo.com\/blog\/2021\/05\/28\/buscan-mejorar-salud-mental-de-sonorenses-en-pandemia\/#primaryimage\",\"inLanguage\":\"es\",\"url\":\"https:\/\/soledaddurazo.com\/storage\/2021\/05\/IMG-20210527-WA0082.jpg\",\"contentUrl\":\"https:\/\/soledaddurazo.com\/storage\/2021\/05\/IMG-20210527-WA0082.jpg\",\"width\":1280,\"height\":720},{\"@type\":\"WebPage\",\"@id\":\"https:\/\/soledaddurazo.com\/blog\/2021\/05\/28\/buscan-mejorar-salud-mental-de-sonorenses-en-pandemia\/#webpage\",\"url\":\"https:\/\/soledaddurazo.com\/blog\/2021\/05\/28\/buscan-mejorar-salud-mental-de-sonorenses-en-pandemia\/\",\"name\":\"Buscan mejorar salud mental de sonorenses en pandemia - Periodista SoledadDurazo.com\",\"isPartOf\":{\"@id\":\"https:\/\/soledaddurazo.com\/#website\"},\"primaryImageOfPage\":{\"@id\":\"https:\/\/soledaddurazo.com\/blog\/2021\/05\/28\/buscan-mejorar-salud-mental-de-sonorenses-en-pandemia\/#primaryimage\"},\"datePublished\":\"2021-05-28T08:00:38+00:00\",\"dateModified\":\"2021-05-28T08:00:38+00:00\",\"breadcrumb\":{\"@id\":\"https:\/\/soledaddurazo.com\/blog\/2021\/05\/28\/buscan-mejorar-salud-mental-de-sonorenses-en-pandemia\/#breadcrumb\"},\"inLanguage\":\"es\",\"potentialAction\":[{\"@type\":\"ReadAction\",\"target\":[\"https:\/\/soledaddurazo.com\/blog\/2021\/05\/28\/buscan-mejorar-salud-mental-de-sonorenses-en-pandemia\/\"]}]},{\"@type\":\"BreadcrumbList\",\"@id\":\"https:\/\/soledaddurazo.com\/blog\/2021\/05\/28\/buscan-mejorar-salud-mental-de-sonorenses-en-pandemia\/#breadcrumb\",\"itemListElement\":[{\"@type\":\"ListItem\",\"position\":1,\"name\":\"Home\",\"item\":\"https:\/\/soledaddurazo.com\/\"},{\"@type\":\"ListItem\",\"position\":2,\"name\":\"Buscan mejorar salud mental de sonorenses en pandemia\"}]},{\"@type\":\"Article\",\"@id\":\"https:\/\/soledaddurazo.com\/blog\/2021\/05\/28\/buscan-mejorar-salud-mental-de-sonorenses-en-pandemia\/#article\",\"isPartOf\":{\"@id\":\"https:\/\/soledaddurazo.com\/blog\/2021\/05\/28\/buscan-mejorar-salud-mental-de-sonorenses-en-pandemia\/#webpage\"},\"author\":{\"@id\":\"https:\/\/soledaddurazo.com\/#\/schema\/person\/822d8e13aa288585e6546f179853758b\"},\"headline\":\"Buscan mejorar salud mental de sonorenses en pandemia\",\"datePublished\":\"2021-05-28T08:00:38+00:00\",\"dateModified\":\"2021-05-28T08:00:38+00:00\",\"mainEntityOfPage\":{\"@id\":\"https:\/\/soledaddurazo.com\/blog\/2021\/05\/28\/buscan-mejorar-salud-mental-de-sonorenses-en-pandemia\/#webpage\"},\"wordCount\":433,\"commentCount\":0,\"publisher\":{\"@id\":\"https:\/\/soledaddurazo.com\/#organization\"},\"image\":{\"@id\":\"https:\/\/soledaddurazo.com\/blog\/2021\/05\/28\/buscan-mejorar-salud-mental-de-sonorenses-en-pandemia\/#primaryimage\"},\"thumbnailUrl\":\"https:\/\/soledaddurazo.com\/storage\/2021\/05\/IMG-20210527-WA0082.jpg\",\"articleSection\":[\"Mi Sonora\"],\"inLanguage\":\"es\",\"potentialAction\":[{\"@type\":\"CommentAction\",\"name\":\"Comment\",\"target\":[\"https:\/\/soledaddurazo.com\/blog\/2021\/05\/28\/buscan-mejorar-salud-mental-de-sonorenses-en-pandemia\/#respond\"]}]},{\"@type\":\"Person\",\"@id\":\"https:\/\/soledaddurazo.com\/#\/schema\/person\/822d8e13aa288585e6546f179853758b\",\"name\":\"Redacci\\u00f3n\",\"image\":{\"@type\":\"ImageObject\",\"@id\":\"https:\/\/soledaddurazo.com\/#personlogo\",\"inLanguage\":\"es\",\"url\":\"https:\/\/secure.gravatar.com\/avatar\/c4e193752f756fd61f04deebed3a3a20dc188d37edb53682d313ac57f2725d54?s=96&d=mm&r=g\",\"contentUrl\":\"https:\/\/secure.gravatar.com\/avatar\/c4e193752f756fd61f04deebed3a3a20dc188d37edb53682d313ac57f2725d54?s=96&d=mm&r=g\",\"caption\":\"Redacci\\u00f3n\"},\"sameAs\":[\"https:\/\/soledaddurazo.com\"]}]}<\/script>\n ","yoast_head_json":{"title":"Buscan mejorar salud mental de sonorenses en pandemia - Periodista SoledadDurazo.com","robots":{"index":"index","follow":"follow","max-snippet":"max-snippet:-1","max-image-preview":"max-image-preview:large","max-video-preview":"max-video-preview:-1"},"canonical":"https:\/\/soledaddurazo.com\/blog\/2021\/05\/28\/buscan-mejorar-salud-mental-de-sonorenses-en-pandemia\/","og_locale":"es_MX","og_type":"article","og_title":"Buscan mejorar salud mental de sonorenses en pandemia","og_description":"La direcci\u00f3n de Salud Mental y Adicciones ha atendido la salud mental de las y los sonorenses durante la contingencia por COVID-19, con diversos programas y capacitaciones, inform\u00f3 Enrique Clausen Iberri. El secretario de Salud en Sonora detall\u00f3 que uno de esos programas es el de Atenci\u00f3n Psicol\u00f3gica-Tanatol\u00f3gica por COVID-19, mismo que se activ\u00f3 en [&hellip;]","og_url":"https:\/\/soledaddurazo.com\/blog\/2021\/05\/28\/buscan-mejorar-salud-mental-de-sonorenses-en-pandemia\/","og_site_name":"Periodista SoledadDurazo.com","article_publisher":"https:\/\/www.facebook.com\/soledad.durazo.9\/","article_published_time":"2021-05-28T08:00:38+00:00","og_image":[{"width":1280,"height":720,"url":"https:\/\/soledaddurazo.com\/storage\/2021\/05\/IMG-20210527-WA0082.jpg","type":"image\/jpeg"}],"twitter_card":"summary_large_image","twitter_creator":"@SoledadDurazo","twitter_site":"@SoledadDurazo","twitter_misc":{"Escrito por":"Redacci\u00f3n","Tiempo de lectura":"2 minutos"},"schema":{"@context":"https:\/\/schema.org","@graph":[{"@type":"Organization","@id":"https:\/\/soledaddurazo.com\/#organization","name":"Soledad Durazo","url":"https:\/\/soledaddurazo.com\/","sameAs":["https:\/\/www.facebook.com\/soledad.durazo.9\/","https:\/\/www.instagram.com\/soledaddurazo","https:\/\/www.youtube.com\/channel\/UC9yGPw8-Vbl_B2XNkRwPS-w","https:\/\/twitter.com\/SoledadDurazo"],"logo":{"@type":"ImageObject","@id":"https:\/\/soledaddurazo.com\/#logo","inLanguage":"es","url":"https:\/\/soledaddurazo.com\/storage\/2021\/11\/nllp-720x375-1-2.png","contentUrl":"https:\/\/soledaddurazo.com\/storage\/2021\/11\/nllp-720x375-1-2.png","width":720,"height":375,"caption":"Soledad Durazo"},"image":{"@id":"https:\/\/soledaddurazo.com\/#logo"}},{"@type":"WebSite","@id":"https:\/\/soledaddurazo.com\/#website","url":"https:\/\/soledaddurazo.com\/","name":"Periodista SoledadDurazo.com","description":"Periodista sonorense. Directora de www.SoledadDurazo.com Columnista, conductora de radio y Tv. Catedr\u00e1tica en la UNISON","publisher":{"@id":"https:\/\/soledaddurazo.com\/#organization"},"potentialAction":[{"@type":"SearchAction","target":{"@type":"EntryPoint","urlTemplate":"https:\/\/soledaddurazo.com\/?s={search_term_string}"},"query-input":"required name=search_term_string"}],"inLanguage":"es"},{"@type":"ImageObject","@id":"https:\/\/soledaddurazo.com\/blog\/2021\/05\/28\/buscan-mejorar-salud-mental-de-sonorenses-en-pandemia\/#primaryimage","inLanguage":"es","url":"https:\/\/soledaddurazo.com\/storage\/2021\/05\/IMG-20210527-WA0082.jpg","contentUrl":"https:\/\/soledaddurazo.com\/storage\/2021\/05\/IMG-20210527-WA0082.jpg","width":1280,"height":720},{"@type":"WebPage","@id":"https:\/\/soledaddurazo.com\/blog\/2021\/05\/28\/buscan-mejorar-salud-mental-de-sonorenses-en-pandemia\/#webpage","url":"https:\/\/soledaddurazo.com\/blog\/2021\/05\/28\/buscan-mejorar-salud-mental-de-sonorenses-en-pandemia\/","name":"Buscan mejorar salud mental de sonorenses en pandemia - Periodista SoledadDurazo.com","isPartOf":{"@id":"https:\/\/soledaddurazo.com\/#website"},"primaryImageOfPage":{"@id":"https:\/\/soledaddurazo.com\/blog\/2021\/05\/28\/buscan-mejorar-salud-mental-de-sonorenses-en-pandemia\/#primaryimage"},"datePublished":"2021-05-28T08:00:38+00:00","dateModified":"2021-05-28T08:00:38+00:00","breadcrumb":{"@id":"https:\/\/soledaddurazo.com\/blog\/2021\/05\/28\/buscan-mejorar-salud-mental-de-sonorenses-en-pandemia\/#breadcrumb"},"inLanguage":"es","potentialAction":[{"@type":"ReadAction","target":["https:\/\/soledaddurazo.com\/blog\/2021\/05\/28\/buscan-mejorar-salud-mental-de-sonorenses-en-pandemia\/"]}]},{"@type":"BreadcrumbList","@id":"https:\/\/soledaddurazo.com\/blog\/2021\/05\/28\/buscan-mejorar-salud-mental-de-sonorenses-en-pandemia\/#breadcrumb","itemListElement":[{"@type":"ListItem","position":1,"name":"Home","item":"https:\/\/soledaddurazo.com\/"},{"@type":"ListItem","position":2,"name":"Buscan mejorar salud mental de sonorenses en pandemia"}]},{"@type":"Article","@id":"https:\/\/soledaddurazo.com\/blog\/2021\/05\/28\/buscan-mejorar-salud-mental-de-sonorenses-en-pandemia\/#article","isPartOf":{"@id":"https:\/\/soledaddurazo.com\/blog\/2021\/05\/28\/buscan-mejorar-salud-mental-de-sonorenses-en-pandemia\/#webpage"},"author":{"@id":"https:\/\/soledaddurazo.com\/#\/schema\/person\/822d8e13aa288585e6546f179853758b"},"headline":"Buscan mejorar salud mental de sonorenses en pandemia","datePublished":"2021-05-28T08:00:38+00:00","dateModified":"2021-05-28T08:00:38+00:00","mainEntityOfPage":{"@id":"https:\/\/soledaddurazo.com\/blog\/2021\/05\/28\/buscan-mejorar-salud-mental-de-sonorenses-en-pandemia\/#webpage"},"wordCount":433,"commentCount":0,"publisher":{"@id":"https:\/\/soledaddurazo.com\/#organization"},"image":{"@id":"https:\/\/soledaddurazo.com\/blog\/2021\/05\/28\/buscan-mejorar-salud-mental-de-sonorenses-en-pandemia\/#primaryimage"},"thumbnailUrl":"https:\/\/soledaddurazo.com\/storage\/2021\/05\/IMG-20210527-WA0082.jpg","articleSection":["Mi Sonora"],"inLanguage":"es","potentialAction":[{"@type":"CommentAction","name":"Comment","target":["https:\/\/soledaddurazo.com\/blog\/2021\/05\/28\/buscan-mejorar-salud-mental-de-sonorenses-en-pandemia\/#respond"]}]},{"@type":"Person","@id":"https:\/\/soledaddurazo.com\/#\/schema\/person\/822d8e13aa288585e6546f179853758b","name":"Redacci\u00f3n","image":{"@type":"ImageObject","@id":"https:\/\/soledaddurazo.com\/#personlogo","inLanguage":"es","url":"https:\/\/secure.gravatar.com\/avatar\/c4e193752f756fd61f04deebed3a3a20dc188d37edb53682d313ac57f2725d54?s=96&d=mm&r=g","contentUrl":"https:\/\/secure.gravatar.com\/avatar\/c4e193752f756fd61f04deebed3a3a20dc188d37edb53682d313ac57f2725d54?s=96&d=mm&r=g","caption":"Redacci\u00f3n"},"sameAs":["https:\/\/soledaddurazo.com"]}]}},"_links":{"self":[{"href":"https:\/\/soledaddurazo.com\/api\/wp\/v2\/posts\/8569","targetHints":{"allow":["GET"]}}],"collection":[{"href":"https:\/\/soledaddurazo.com\/api\/wp\/v2\/posts"}],"about":[{"href":"https:\/\/soledaddurazo.com\/api\/wp\/v2\/types\/post"}],"author":[{"embeddable":true,"href":"https:\/\/soledaddurazo.com\/api\/wp\/v2\/users\/1"}],"replies":[{"embeddable":true,"href":"https:\/\/soledaddurazo.com\/api\/wp\/v2\/comments?post=8569"}],"version-history":[{"count":1,"href":"https:\/\/soledaddurazo.com\/api\/wp\/v2\/posts\/8569\/revisions"}],"predecessor-version":[{"id":8571,"href":"https:\/\/soledaddurazo.com\/api\/wp\/v2\/posts\/8569\/revisions\/8571"}],"wp:featuredmedia":[{"embeddable":true,"href":"https:\/\/soledaddurazo.com\/api\/wp\/v2\/media\/8570"}],"wp:attachment":[{"href":"https:\/\/soledaddurazo.com\/api\/wp\/v2\/media?parent=8569"}],"wp:term":[{"taxonomy":"category","embeddable":true,"href":"https:\/\/soledaddurazo.com\/api\/wp\/v2\/categories?post=8569"},{"taxonomy":"post_tag","embeddable":true,"href":"https:\/\/soledaddurazo.com\/api\/wp\/v2\/tags?post=8569"}],"curies":[{"name":"wp","href":"https:\/\/api.w.org\/{rel}","templated":true}]}}