{"id":8518,"date":"2021-05-25T23:54:11","date_gmt":"2021-05-26T06:54:11","guid":{"rendered":"https:\/\/soledaddurazo.com\/?p=8518"},"modified":"2021-05-25T23:54:11","modified_gmt":"2021-05-26T06:54:11","slug":"exhortaran-diputados-a-autoridad-estatal-para-hacer-frente-al-problema-de-la-sequia","status":"publish","type":"post","link":"https:\/\/soledaddurazo.com\/blog\/2021\/05\/25\/exhortaran-diputados-a-autoridad-estatal-para-hacer-frente-al-problema-de-la-sequia\/","title":{"rendered":"\u00a0Exhortar\u00e1n Diputados a autoridad estatal para hacer frente al problema de la sequ\u00eda"},"content":{"rendered":"<p><span style=\"font-size: large;\">El Acuerdo mediante el cual se exhorta a las autoridades estatales para que apliquen los recursos suficientes y necesarios que se encuentren a su alcance, los cuales permitan hacer frente a la problem\u00e1tica provocada por la sequ\u00eda en el estado, aprob\u00f3 la mesa directiva de la Diputaci\u00f3n Permanente en la sesi\u00f3n de hoy.<\/span><\/p>\n<p><span style=\"font-size: large;\">El diputado Francisco Javier Duarte Flores, presidente de la mesa directiva, cedi\u00f3 el uso de la palabra al diputado Filem\u00f3n Ortega Quintos, quien dio lectura a la iniciativa con punto de Acuerdo mediante el cual esta Diputaci\u00f3n Permanente exhorta a los titulares de la Secretar\u00edas de Hacienda y de Agricultura, Ganader\u00eda, Recursos Hidr\u00e1ulicos, Pesca y Acuacultura del Estado, para que, en ejercicio de sus atribuciones, apliquen los recursos necesarios y suficientes que permitan hacer frente a la problem\u00e1tica provocada por la sequ\u00eda en la entidad.<\/span><\/p>\n<p><span style=\"font-size: large;\">En la exposici\u00f3n de motivos, el legislador se\u00f1al\u00f3 que son evidentes los estragos causados por la sequ\u00eda en la entidad, principalmente en esta ciudad capital de Hermosillo, &#8220;y para muestra basta un bot\u00f3n, solo es necesario trasladarse a las inmediaciones de la presa Abelardo L. Rodr\u00edguez para apreciar el desgarrador panorama, ya que \u00e9sta se encuentra totalmente seca&#8221;, agreg\u00f3.<\/span><\/p>\n<p><span style=\"font-size: large;\">Record\u00f3 que los diputados Miguel \u00c1ngel Chaira Ortiz, Ferm\u00edn Trujillo y Francisco Javier Duarte Flores presentaron anteriormente diversas iniciativas con puntos de Acuerdo para exhortar a diversas autoridades estatales y federales a fin de que se implemente un plan para la atenci\u00f3n a la sequ\u00eda en la entidad, y la \u00a0creaci\u00f3n un programa especial emergente para atender los efectos de la sequ\u00eda en los 72 municipios.<\/span><\/p>\n<p><span style=\"font-size: large;\">Asimismo, dijo, para que se liberen y apliquen los recursos presupuestales etiquetados para atender las afectaciones por la sequ\u00eda en el sector agropecuario del estado, as\u00ed como para que se emitan y publiciten las reglas de operaci\u00f3n para la aplicaci\u00f3n del est\u00edmulo fiscal establecido en beneficio de los peque\u00f1os productores agr\u00edcolas, ganaderos, av\u00edcolas y ap\u00edcolas sonorenses de escasos recursos.<\/span><\/p>\n<p><span style=\"font-size: large;\">La iniciativa presentada por el diputado Ortega Quintos fue aprobada por los diputados Francisco Javier Duarte Flores, Miroslava Luj\u00e1n L\u00f3pez y Rosa Icela Mart\u00ednez Espinoza, integrantes de la mesa directiva de la Diputaci\u00f3n Permanente.<\/span><\/p>\n<p><span style=\"font-size: large;\">Con oportunidad se informar\u00e1 a trav\u00e9s de la Gaceta Parlamentaria, el d\u00eda y la hora de una pr\u00f3xima sesi\u00f3n ordinaria de la Diputaci\u00f3n Permanente.<\/span><\/p>\n","protected":false},"excerpt":{"rendered":"<p>El Acuerdo mediante el cual se exhorta a las autoridades estatales para que apliquen los recursos suficientes y necesarios que se encuentren a su alcance, los cuales permitan hacer frente a la problem\u00e1tica provocada por la sequ\u00eda en el estado, aprob\u00f3 la mesa directiva de la Diputaci\u00f3n Permanente en la sesi\u00f3n de hoy. El diputado [&hellip;]<\/p>\n","protected":false},"author":1,"featured_media":8519,"comment_status":"open","ping_status":"open","sticky":false,"template":"","format":"standard","meta":{"footnotes":""},"categories":[159],"tags":[],"class_list":["post"],"yoast_head":" \n<title>\u00a0Exhortar\u00e1n Diputados a autoridad estatal para hacer frente al problema de la sequ\u00eda - Periodista SoledadDurazo.com<\/title>\n<meta name=\"robots\" content=\"index, follow, max-snippet:-1, max-image-preview:large, max-video-preview:-1\" \/>\n<link rel=\"canonical\" href=\"https:\/\/soledaddurazo.com\/blog\/2021\/05\/25\/exhortaran-diputados-a-autoridad-estatal-para-hacer-frente-al-problema-de-la-sequia\/\" \/>\n<meta property=\"og:locale\" content=\"es_MX\" \/>\n<meta property=\"og:type\" content=\"article\" \/>\n<meta property=\"og:title\" content=\"\u00a0Exhortar\u00e1n Diputados a autoridad estatal para hacer frente al problema de la sequ\u00eda\" \/>\n<meta property=\"og:description\" content=\"El Acuerdo mediante el cual se exhorta a las autoridades estatales para que apliquen los recursos suficientes y necesarios que se encuentren a su alcance, los cuales permitan hacer frente a la problem\u00e1tica provocada por la sequ\u00eda en el estado, aprob\u00f3 la mesa directiva de la Diputaci\u00f3n Permanente en la sesi\u00f3n de hoy. El diputado [&hellip;]\" \/>\n<meta property=\"og:url\" content=\"https:\/\/soledaddurazo.com\/blog\/2021\/05\/25\/exhortaran-diputados-a-autoridad-estatal-para-hacer-frente-al-problema-de-la-sequia\/\" \/>\n<meta property=\"og:site_name\" content=\"Periodista SoledadDurazo.com\" \/>\n<meta property=\"article:publisher\" content=\"https:\/\/www.facebook.com\/soledad.durazo.9\/\" \/>\n<meta property=\"article:published_time\" content=\"2021-05-26T06:54:11+00:00\" \/>\n<meta property=\"og:image\" content=\"https:\/\/soledaddurazo.com\/storage\/2021\/05\/51203822190_6b66c22045_c-1.jpg\" \/>\n\t<meta property=\"og:image:width\" content=\"799\" \/>\n\t<meta property=\"og:image:height\" content=\"533\" \/>\n<meta name=\"twitter:card\" content=\"summary_large_image\" \/>\n<meta name=\"twitter:creator\" content=\"@SoledadDurazo\" \/>\n<meta name=\"twitter:site\" content=\"@SoledadDurazo\" \/>\n<meta name=\"twitter:label1\" content=\"Escrito por\" \/>\n\t<meta name=\"twitter:data1\" content=\"Redacci\u00f3n\" \/>\n\t<meta name=\"twitter:label2\" content=\"Tiempo de lectura\" \/>\n\t<meta name=\"twitter:data2\" content=\"2 minutos\" \/>\n<script type=\"application\/ld+json\" class=\"yoast-schema-graph\">{\"@context\":\"https:\/\/schema.org\",\"@graph\":[{\"@type\":\"Organization\",\"@id\":\"https:\/\/soledaddurazo.com\/#organization\",\"name\":\"Soledad Durazo\",\"url\":\"https:\/\/soledaddurazo.com\/\",\"sameAs\":[\"https:\/\/www.facebook.com\/soledad.durazo.9\/\",\"https:\/\/www.instagram.com\/soledaddurazo\",\"https:\/\/www.youtube.com\/channel\/UC9yGPw8-Vbl_B2XNkRwPS-w\",\"https:\/\/twitter.com\/SoledadDurazo\"],\"logo\":{\"@type\":\"ImageObject\",\"@id\":\"https:\/\/soledaddurazo.com\/#logo\",\"inLanguage\":\"es\",\"url\":\"https:\/\/soledaddurazo.com\/storage\/2021\/11\/nllp-720x375-1-2.png\",\"contentUrl\":\"https:\/\/soledaddurazo.com\/storage\/2021\/11\/nllp-720x375-1-2.png\",\"width\":720,\"height\":375,\"caption\":\"Soledad Durazo\"},\"image\":{\"@id\":\"https:\/\/soledaddurazo.com\/#logo\"}},{\"@type\":\"WebSite\",\"@id\":\"https:\/\/soledaddurazo.com\/#website\",\"url\":\"https:\/\/soledaddurazo.com\/\",\"name\":\"Periodista SoledadDurazo.com\",\"description\":\"Periodista sonorense. Directora de www.SoledadDurazo.com Columnista, conductora de radio y Tv. Catedr\\u00e1tica en la UNISON\",\"publisher\":{\"@id\":\"https:\/\/soledaddurazo.com\/#organization\"},\"potentialAction\":[{\"@type\":\"SearchAction\",\"target\":{\"@type\":\"EntryPoint\",\"urlTemplate\":\"https:\/\/soledaddurazo.com\/?s={search_term_string}\"},\"query-input\":\"required name=search_term_string\"}],\"inLanguage\":\"es\"},{\"@type\":\"ImageObject\",\"@id\":\"https:\/\/soledaddurazo.com\/blog\/2021\/05\/25\/exhortaran-diputados-a-autoridad-estatal-para-hacer-frente-al-problema-de-la-sequia\/#primaryimage\",\"inLanguage\":\"es\",\"url\":\"https:\/\/soledaddurazo.com\/storage\/2021\/05\/51203822190_6b66c22045_c-1.jpg\",\"contentUrl\":\"https:\/\/soledaddurazo.com\/storage\/2021\/05\/51203822190_6b66c22045_c-1.jpg\",\"width\":799,\"height\":533},{\"@type\":\"WebPage\",\"@id\":\"https:\/\/soledaddurazo.com\/blog\/2021\/05\/25\/exhortaran-diputados-a-autoridad-estatal-para-hacer-frente-al-problema-de-la-sequia\/#webpage\",\"url\":\"https:\/\/soledaddurazo.com\/blog\/2021\/05\/25\/exhortaran-diputados-a-autoridad-estatal-para-hacer-frente-al-problema-de-la-sequia\/\",\"name\":\"\\u00a0Exhortar\\u00e1n Diputados a autoridad estatal para hacer frente al problema de la sequ\\u00eda - Periodista SoledadDurazo.com\",\"isPartOf\":{\"@id\":\"https:\/\/soledaddurazo.com\/#website\"},\"primaryImageOfPage\":{\"@id\":\"https:\/\/soledaddurazo.com\/blog\/2021\/05\/25\/exhortaran-diputados-a-autoridad-estatal-para-hacer-frente-al-problema-de-la-sequia\/#primaryimage\"},\"datePublished\":\"2021-05-26T06:54:11+00:00\",\"dateModified\":\"2021-05-26T06:54:11+00:00\",\"breadcrumb\":{\"@id\":\"https:\/\/soledaddurazo.com\/blog\/2021\/05\/25\/exhortaran-diputados-a-autoridad-estatal-para-hacer-frente-al-problema-de-la-sequia\/#breadcrumb\"},\"inLanguage\":\"es\",\"potentialAction\":[{\"@type\":\"ReadAction\",\"target\":[\"https:\/\/soledaddurazo.com\/blog\/2021\/05\/25\/exhortaran-diputados-a-autoridad-estatal-para-hacer-frente-al-problema-de-la-sequia\/\"]}]},{\"@type\":\"BreadcrumbList\",\"@id\":\"https:\/\/soledaddurazo.com\/blog\/2021\/05\/25\/exhortaran-diputados-a-autoridad-estatal-para-hacer-frente-al-problema-de-la-sequia\/#breadcrumb\",\"itemListElement\":[{\"@type\":\"ListItem\",\"position\":1,\"name\":\"Home\",\"item\":\"https:\/\/soledaddurazo.com\/\"},{\"@type\":\"ListItem\",\"position\":2,\"name\":\"\\u00a0Exhortar\\u00e1n Diputados a autoridad estatal para hacer frente al problema de la sequ\\u00eda\"}]},{\"@type\":\"Article\",\"@id\":\"https:\/\/soledaddurazo.com\/blog\/2021\/05\/25\/exhortaran-diputados-a-autoridad-estatal-para-hacer-frente-al-problema-de-la-sequia\/#article\",\"isPartOf\":{\"@id\":\"https:\/\/soledaddurazo.com\/blog\/2021\/05\/25\/exhortaran-diputados-a-autoridad-estatal-para-hacer-frente-al-problema-de-la-sequia\/#webpage\"},\"author\":{\"@id\":\"https:\/\/soledaddurazo.com\/#\/schema\/person\/822d8e13aa288585e6546f179853758b\"},\"headline\":\"\\u00a0Exhortar\\u00e1n Diputados a autoridad estatal para hacer frente al problema de la sequ\\u00eda\",\"datePublished\":\"2021-05-26T06:54:11+00:00\",\"dateModified\":\"2021-05-26T06:54:11+00:00\",\"mainEntityOfPage\":{\"@id\":\"https:\/\/soledaddurazo.com\/blog\/2021\/05\/25\/exhortaran-diputados-a-autoridad-estatal-para-hacer-frente-al-problema-de-la-sequia\/#webpage\"},\"wordCount\":432,\"commentCount\":0,\"publisher\":{\"@id\":\"https:\/\/soledaddurazo.com\/#organization\"},\"image\":{\"@id\":\"https:\/\/soledaddurazo.com\/blog\/2021\/05\/25\/exhortaran-diputados-a-autoridad-estatal-para-hacer-frente-al-problema-de-la-sequia\/#primaryimage\"},\"thumbnailUrl\":\"https:\/\/soledaddurazo.com\/storage\/2021\/05\/51203822190_6b66c22045_c-1.jpg\",\"articleSection\":[\"Mi Sonora\"],\"inLanguage\":\"es\",\"potentialAction\":[{\"@type\":\"CommentAction\",\"name\":\"Comment\",\"target\":[\"https:\/\/soledaddurazo.com\/blog\/2021\/05\/25\/exhortaran-diputados-a-autoridad-estatal-para-hacer-frente-al-problema-de-la-sequia\/#respond\"]}]},{\"@type\":\"Person\",\"@id\":\"https:\/\/soledaddurazo.com\/#\/schema\/person\/822d8e13aa288585e6546f179853758b\",\"name\":\"Redacci\\u00f3n\",\"image\":{\"@type\":\"ImageObject\",\"@id\":\"https:\/\/soledaddurazo.com\/#personlogo\",\"inLanguage\":\"es\",\"url\":\"https:\/\/secure.gravatar.com\/avatar\/c4e193752f756fd61f04deebed3a3a20dc188d37edb53682d313ac57f2725d54?s=96&d=mm&r=g\",\"contentUrl\":\"https:\/\/secure.gravatar.com\/avatar\/c4e193752f756fd61f04deebed3a3a20dc188d37edb53682d313ac57f2725d54?s=96&d=mm&r=g\",\"caption\":\"Redacci\\u00f3n\"},\"sameAs\":[\"https:\/\/soledaddurazo.com\"]}]}<\/script>\n ","yoast_head_json":{"title":"\u00a0Exhortar\u00e1n Diputados a autoridad estatal para hacer frente al problema de la sequ\u00eda - Periodista SoledadDurazo.com","robots":{"index":"index","follow":"follow","max-snippet":"max-snippet:-1","max-image-preview":"max-image-preview:large","max-video-preview":"max-video-preview:-1"},"canonical":"https:\/\/soledaddurazo.com\/blog\/2021\/05\/25\/exhortaran-diputados-a-autoridad-estatal-para-hacer-frente-al-problema-de-la-sequia\/","og_locale":"es_MX","og_type":"article","og_title":"\u00a0Exhortar\u00e1n Diputados a autoridad estatal para hacer frente al problema de la sequ\u00eda","og_description":"El Acuerdo mediante el cual se exhorta a las autoridades estatales para que apliquen los recursos suficientes y necesarios que se encuentren a su alcance, los cuales permitan hacer frente a la problem\u00e1tica provocada por la sequ\u00eda en el estado, aprob\u00f3 la mesa directiva de la Diputaci\u00f3n Permanente en la sesi\u00f3n de hoy. El diputado [&hellip;]","og_url":"https:\/\/soledaddurazo.com\/blog\/2021\/05\/25\/exhortaran-diputados-a-autoridad-estatal-para-hacer-frente-al-problema-de-la-sequia\/","og_site_name":"Periodista SoledadDurazo.com","article_publisher":"https:\/\/www.facebook.com\/soledad.durazo.9\/","article_published_time":"2021-05-26T06:54:11+00:00","og_image":[{"width":799,"height":533,"url":"https:\/\/soledaddurazo.com\/storage\/2021\/05\/51203822190_6b66c22045_c-1.jpg","type":"image\/jpeg"}],"twitter_card":"summary_large_image","twitter_creator":"@SoledadDurazo","twitter_site":"@SoledadDurazo","twitter_misc":{"Escrito por":"Redacci\u00f3n","Tiempo de lectura":"2 minutos"},"schema":{"@context":"https:\/\/schema.org","@graph":[{"@type":"Organization","@id":"https:\/\/soledaddurazo.com\/#organization","name":"Soledad Durazo","url":"https:\/\/soledaddurazo.com\/","sameAs":["https:\/\/www.facebook.com\/soledad.durazo.9\/","https:\/\/www.instagram.com\/soledaddurazo","https:\/\/www.youtube.com\/channel\/UC9yGPw8-Vbl_B2XNkRwPS-w","https:\/\/twitter.com\/SoledadDurazo"],"logo":{"@type":"ImageObject","@id":"https:\/\/soledaddurazo.com\/#logo","inLanguage":"es","url":"https:\/\/soledaddurazo.com\/storage\/2021\/11\/nllp-720x375-1-2.png","contentUrl":"https:\/\/soledaddurazo.com\/storage\/2021\/11\/nllp-720x375-1-2.png","width":720,"height":375,"caption":"Soledad Durazo"},"image":{"@id":"https:\/\/soledaddurazo.com\/#logo"}},{"@type":"WebSite","@id":"https:\/\/soledaddurazo.com\/#website","url":"https:\/\/soledaddurazo.com\/","name":"Periodista SoledadDurazo.com","description":"Periodista sonorense. Directora de www.SoledadDurazo.com Columnista, conductora de radio y Tv. Catedr\u00e1tica en la UNISON","publisher":{"@id":"https:\/\/soledaddurazo.com\/#organization"},"potentialAction":[{"@type":"SearchAction","target":{"@type":"EntryPoint","urlTemplate":"https:\/\/soledaddurazo.com\/?s={search_term_string}"},"query-input":"required name=search_term_string"}],"inLanguage":"es"},{"@type":"ImageObject","@id":"https:\/\/soledaddurazo.com\/blog\/2021\/05\/25\/exhortaran-diputados-a-autoridad-estatal-para-hacer-frente-al-problema-de-la-sequia\/#primaryimage","inLanguage":"es","url":"https:\/\/soledaddurazo.com\/storage\/2021\/05\/51203822190_6b66c22045_c-1.jpg","contentUrl":"https:\/\/soledaddurazo.com\/storage\/2021\/05\/51203822190_6b66c22045_c-1.jpg","width":799,"height":533},{"@type":"WebPage","@id":"https:\/\/soledaddurazo.com\/blog\/2021\/05\/25\/exhortaran-diputados-a-autoridad-estatal-para-hacer-frente-al-problema-de-la-sequia\/#webpage","url":"https:\/\/soledaddurazo.com\/blog\/2021\/05\/25\/exhortaran-diputados-a-autoridad-estatal-para-hacer-frente-al-problema-de-la-sequia\/","name":"\u00a0Exhortar\u00e1n Diputados a autoridad estatal para hacer frente al problema de la sequ\u00eda - Periodista SoledadDurazo.com","isPartOf":{"@id":"https:\/\/soledaddurazo.com\/#website"},"primaryImageOfPage":{"@id":"https:\/\/soledaddurazo.com\/blog\/2021\/05\/25\/exhortaran-diputados-a-autoridad-estatal-para-hacer-frente-al-problema-de-la-sequia\/#primaryimage"},"datePublished":"2021-05-26T06:54:11+00:00","dateModified":"2021-05-26T06:54:11+00:00","breadcrumb":{"@id":"https:\/\/soledaddurazo.com\/blog\/2021\/05\/25\/exhortaran-diputados-a-autoridad-estatal-para-hacer-frente-al-problema-de-la-sequia\/#breadcrumb"},"inLanguage":"es","potentialAction":[{"@type":"ReadAction","target":["https:\/\/soledaddurazo.com\/blog\/2021\/05\/25\/exhortaran-diputados-a-autoridad-estatal-para-hacer-frente-al-problema-de-la-sequia\/"]}]},{"@type":"BreadcrumbList","@id":"https:\/\/soledaddurazo.com\/blog\/2021\/05\/25\/exhortaran-diputados-a-autoridad-estatal-para-hacer-frente-al-problema-de-la-sequia\/#breadcrumb","itemListElement":[{"@type":"ListItem","position":1,"name":"Home","item":"https:\/\/soledaddurazo.com\/"},{"@type":"ListItem","position":2,"name":"\u00a0Exhortar\u00e1n Diputados a autoridad estatal para hacer frente al problema de la sequ\u00eda"}]},{"@type":"Article","@id":"https:\/\/soledaddurazo.com\/blog\/2021\/05\/25\/exhortaran-diputados-a-autoridad-estatal-para-hacer-frente-al-problema-de-la-sequia\/#article","isPartOf":{"@id":"https:\/\/soledaddurazo.com\/blog\/2021\/05\/25\/exhortaran-diputados-a-autoridad-estatal-para-hacer-frente-al-problema-de-la-sequia\/#webpage"},"author":{"@id":"https:\/\/soledaddurazo.com\/#\/schema\/person\/822d8e13aa288585e6546f179853758b"},"headline":"\u00a0Exhortar\u00e1n Diputados a autoridad estatal para hacer frente al problema de la sequ\u00eda","datePublished":"2021-05-26T06:54:11+00:00","dateModified":"2021-05-26T06:54:11+00:00","mainEntityOfPage":{"@id":"https:\/\/soledaddurazo.com\/blog\/2021\/05\/25\/exhortaran-diputados-a-autoridad-estatal-para-hacer-frente-al-problema-de-la-sequia\/#webpage"},"wordCount":432,"commentCount":0,"publisher":{"@id":"https:\/\/soledaddurazo.com\/#organization"},"image":{"@id":"https:\/\/soledaddurazo.com\/blog\/2021\/05\/25\/exhortaran-diputados-a-autoridad-estatal-para-hacer-frente-al-problema-de-la-sequia\/#primaryimage"},"thumbnailUrl":"https:\/\/soledaddurazo.com\/storage\/2021\/05\/51203822190_6b66c22045_c-1.jpg","articleSection":["Mi Sonora"],"inLanguage":"es","potentialAction":[{"@type":"CommentAction","name":"Comment","target":["https:\/\/soledaddurazo.com\/blog\/2021\/05\/25\/exhortaran-diputados-a-autoridad-estatal-para-hacer-frente-al-problema-de-la-sequia\/#respond"]}]},{"@type":"Person","@id":"https:\/\/soledaddurazo.com\/#\/schema\/person\/822d8e13aa288585e6546f179853758b","name":"Redacci\u00f3n","image":{"@type":"ImageObject","@id":"https:\/\/soledaddurazo.com\/#personlogo","inLanguage":"es","url":"https:\/\/secure.gravatar.com\/avatar\/c4e193752f756fd61f04deebed3a3a20dc188d37edb53682d313ac57f2725d54?s=96&d=mm&r=g","contentUrl":"https:\/\/secure.gravatar.com\/avatar\/c4e193752f756fd61f04deebed3a3a20dc188d37edb53682d313ac57f2725d54?s=96&d=mm&r=g","caption":"Redacci\u00f3n"},"sameAs":["https:\/\/soledaddurazo.com"]}]}},"_links":{"self":[{"href":"https:\/\/soledaddurazo.com\/api\/wp\/v2\/posts\/8518","targetHints":{"allow":["GET"]}}],"collection":[{"href":"https:\/\/soledaddurazo.com\/api\/wp\/v2\/posts"}],"about":[{"href":"https:\/\/soledaddurazo.com\/api\/wp\/v2\/types\/post"}],"author":[{"embeddable":true,"href":"https:\/\/soledaddurazo.com\/api\/wp\/v2\/users\/1"}],"replies":[{"embeddable":true,"href":"https:\/\/soledaddurazo.com\/api\/wp\/v2\/comments?post=8518"}],"version-history":[{"count":1,"href":"https:\/\/soledaddurazo.com\/api\/wp\/v2\/posts\/8518\/revisions"}],"predecessor-version":[{"id":8520,"href":"https:\/\/soledaddurazo.com\/api\/wp\/v2\/posts\/8518\/revisions\/8520"}],"wp:featuredmedia":[{"embeddable":true,"href":"https:\/\/soledaddurazo.com\/api\/wp\/v2\/media\/8519"}],"wp:attachment":[{"href":"https:\/\/soledaddurazo.com\/api\/wp\/v2\/media?parent=8518"}],"wp:term":[{"taxonomy":"category","embeddable":true,"href":"https:\/\/soledaddurazo.com\/api\/wp\/v2\/categories?post=8518"},{"taxonomy":"post_tag","embeddable":true,"href":"https:\/\/soledaddurazo.com\/api\/wp\/v2\/tags?post=8518"}],"curies":[{"name":"wp","href":"https:\/\/api.w.org\/{rel}","templated":true}]}}