{"id":8510,"date":"2021-05-25T01:20:21","date_gmt":"2021-05-25T08:20:21","guid":{"rendered":"https:\/\/soledaddurazo.com\/?p=8510"},"modified":"2021-05-25T01:20:21","modified_gmt":"2021-05-25T08:20:21","slug":"confirman-45-nuevos-casos-y-cero-defunciones-por-covid-19-en-sonora","status":"publish","type":"post","link":"https:\/\/soledaddurazo.com\/blog\/2021\/05\/25\/confirman-45-nuevos-casos-y-cero-defunciones-por-covid-19-en-sonora\/","title":{"rendered":"Confirman 45 nuevos casos y cero defunciones por COVID-19 en Sonora"},"content":{"rendered":"<p>La Secretar\u00eda de Salud en Sonora inform\u00f3 que este d\u00eda se confirmaron 45 nuevos casos por COVID-19, en 23 mujeres y 22 hombres y no se registraron defunciones.<\/p>\n<p>De los contagios nuevos, 21 pacientes son residentes de Hermosillo, de San Luis R\u00edo Colorado y Puerto Pe\u00f1asco 5 cada uno; Y\u00e9cora y Cajeme 4 cada uno; Caborxa 3; Nogales, Guaymas y \u00c1lamos 1 cada uno. Con ellos se acumulan 74 mil 316 casos en total.<\/p>\n<p>Se confirmaron 3 casos pedi\u00e1tricos, en 2 ni\u00f1as y 1 ni\u00f1o; acumul\u00e1ndose mil 390 casos en total. Hoy no se confirmaron casos en mujeres embarazadas.<\/p>\n<p>Al momento, se han realizado 133 mil 127 pruebas, de las cuales 74 mil 316 han sido casos confirmados y 58 mil 811 casos descartados.<\/p>\n<p>Se ha diagnosticado 4 mil 582 personas con cuadro leve, siendo 680 activos y 3 mil 902 con seguimiento terminado; 64 personas se encuentran hospitalizadas, 7 estables, 43 graves y 15 en estado cr\u00edtico.<\/p>\n<p>A la fecha, 67 mil 248 personas se han curado en Sonora.<\/p>\n<p>Casos COVID-19 en Sonora 74,316 casos confirmados y 6,324 defunciones<\/p>\n<p>Defunciones registradas el 24 de mayo de 2021: 0<\/p>\n<p>Casos confirmados el 24 de mayo de 2021: 45<br \/>\nHermosillo: 25<br \/>\nSan Luis R\u00edo Colorado: 5<br \/>\nPuerto Pe\u00f1asco: 5<br \/>\nY\u00e9cora: 4<br \/>\nCajeme: 4<br \/>\nCaborca: 3<br \/>\nNogales: 1<br \/>\nGuaymas: 1<br \/>\n\u00c1lamos: 1<\/p>\n<p>Mujeres: 23\/ Hombres: 22<\/p>\n<p>Instituci\u00f3n M\u00e9dica<br \/>\nSecretar\u00eda de Salud: 37<br \/>\nIMSS: 7<br \/>\nIsssteson: 1<\/p>\n<p>Acumulados<br \/>\nDefunciones: 6,324<br \/>\nHermosillo: 2,077<br \/>\nCajeme: 1,090<br \/>\nNogales: 505<br \/>\nSan Luis R\u00edo Colorado: 505<br \/>\nGuaymas: 373<br \/>\nNavojoa: 281<br \/>\nAgua Prieta: 224<br \/>\nCaborca: 177<br \/>\nHuatabampo: 152<br \/>\nCananea: 118<br \/>\nEmpalme: 117<br \/>\nEtchojoa: 95<br \/>\nMagdalena: 77<br \/>\nPuerto Pe\u00f1asco: 76<br \/>\nNacozari de Garc\u00eda: 54<br \/>\nBenito Ju\u00e1rez: 47<br \/>\nSanta Ana: 44<br \/>\nB\u00e1cum: 43<br \/>\nSan Ignacio R\u00edo Muerto: 24<br \/>\n\u00cdmuris: 22<br \/>\nGral. Plutarco El\u00edas Calles: 22<br \/>\n\u00c1lamos: 18<br \/>\nFronteras: 17<br \/>\nPitiquito: 17<br \/>\nCumpas: 16<br \/>\nNaco: 10<br \/>\nMoctezuma: 10<br \/>\nUres: 9<br \/>\nRosario: 9<br \/>\nSahuaripa: 8<br \/>\nVilla Hidalgo: 7<br \/>\nBavi\u00e1cora: 7<br \/>\nBacoachi: 7<br \/>\nAltar: 7<br \/>\nBenjam\u00edn Hill: 6<br \/>\nSan Miguel de Horcasitas: 5<br \/>\nAconchi: 5<br \/>\nS\u00e1ric: 4<br \/>\nRay\u00f3n: 3<br \/>\nCarb\u00f3: 3<br \/>\nQuiriego: 3<br \/>\nBacerac: 3<br \/>\nArizpe: 3<br \/>\nBan\u00e1michi: 3<br \/>\nBavispe: 2<br \/>\nN\u00e1cori Chico: 2<br \/>\nSan Pedro de la Cueva: 2<br \/>\nArivechi: 2<br \/>\nCucurpe: 2<br \/>\nHu\u00e9pac: 2<br \/>\nTepache: 2<br \/>\nOpodepe: 1<br \/>\nSan Felipe de Jes\u00fas: 1<br \/>\nGranados: 1<br \/>\nOquitoa: 1<br \/>\nSanta Cruz: 1<br \/>\nMazat\u00e1n: 1<\/p>\n<p>Mujeres: 2,709\/Hombres: 3,615<\/p>\n<p>Instituci\u00f3n M\u00e9dica<br \/>\nIMSS: 3,987<br \/>\nSecretar\u00eda de Salud: 1,776<br \/>\nIsssteson: 417<br \/>\nIssste: 135<br \/>\nSedena: 5<br \/>\nSemar: 4<\/p>\n<p>Total de casos confirmados: 74,316<br \/>\nHermosillo: 34,615 municipio con mayor incidencia con un 47% del total.<br \/>\nCajeme: 10,460 que representan el 14% del total.<br \/>\nNogales: 4,626 que representan el 6% del total<br \/>\nGuaymas: 3,545 que representan el 5% del total<br \/>\nCaborca: 3,207<br \/>\nSan Luis R\u00edo Colorado: 3,205<br \/>\nNavojoa: 3,170<br \/>\nCananea: 1,912<br \/>\nHuatabampo: 1,469<br \/>\nEmpalme: 1,341<br \/>\nAgua Prieta: 1,242<br \/>\nEtchojoa: 710<br \/>\nMagdalena: 625<br \/>\nPuerto Pe\u00f1asco: 537<br \/>\nSanta Ana: 376<br \/>\nNacozari de Garc\u00eda: 339<br \/>\nB\u00e1cum: 283<br \/>\nPitiquito: 282<br \/>\n\u00c1lamos: 265<br \/>\nBenito Ju\u00e1rez: 218<br \/>\nGral. Plutarco El\u00edas Calles: 215<br \/>\nSan Ignacio R\u00edo Muerto: 187<br \/>\nSahuaripa: 155<br \/>\nBavi\u00e1cora: 133<br \/>\n\u00cdmuris: 110<br \/>\nAltar: 103<br \/>\nUres: 91<br \/>\nMoctezuma: 75<br \/>\nCumpas: 71<br \/>\nRosario: 68<br \/>\nN\u00e1cori Chico: 64<br \/>\nY\u00e9cora: 56<br \/>\nBacoachi: 51<br \/>\nFronteras: 45<br \/>\nBenjam\u00edn Hill: 45<br \/>\nNaco: 37<br \/>\nArizpe: 32<br \/>\nAconchi: 32<br \/>\nS\u00e1ric: 28<br \/>\nCarb\u00f3: 26<br \/>\nArivechi: 22<br \/>\nSan Miguel de Horcasitas: 18<br \/>\nVilla Hidalgo: 16<br \/>\nGranados: 15<br \/>\nTrincheras: 14<br \/>\nBan\u00e1michi: 14<br \/>\nQuiriego: 14<br \/>\nSan Pedro de la Cueva: 13<br \/>\nCucurpe: 13<br \/>\nRay\u00f3n: 12<br \/>\nTepache: 11<br \/>\nHu\u00e1sabas: 11<br \/>\nBacerac: 8<br \/>\nHuachinera: 7<br \/>\nBavispe: 7<br \/>\n\u00d3navas: 6<br \/>\nVilla Pesqueira: 6<br \/>\nSan Javier: 6<br \/>\nTubutama: 6<br \/>\nDivisaderos: 5<br \/>\nBacad\u00e9huachi: 5<br \/>\nSan Felipe de Jes\u00fas: 5<br \/>\nHu\u00e9pac: 5<br \/>\nMazat\u00e1n: 5<br \/>\nBacanora: 4<br \/>\nSanta Cruz: 4<br \/>\nOpodepe: 4<br \/>\nOquitoa: 3<br \/>\nLa Colorada: 2<br \/>\n\u00c1til: 2<br \/>\nSoyopa: 1<br \/>\nSuaqui Grande: 1<\/p>\n<p>Mujeres: 39,965\/Hombres: 34,351<\/p>\n<p>Instituci\u00f3n M\u00e9dica<br \/>\nSecretar\u00eda de Salud: 51,135<br \/>\nIMSS: 15,781<br \/>\nIsssteson: 6,031<br \/>\nIssste: 1,130<br \/>\nSedena: 224<br \/>\nSemar: 15<\/p>\n<p>Casos estudiados: 133,127<br \/>\nConfirmados: 74,316<br \/>\nDescartados: 58,811<br \/>\nCuadro leve: 4,582<br \/>\nPacientes activos: 680<br \/>\nPacientes en seguimiento terminado: 3,902<br \/>\nCurados: 63,346<br \/>\nHospitalizados: 64<br \/>\nEstables: 7<br \/>\nGraves: 42<br \/>\nPacientes graves con ventilaci\u00f3n mec\u00e1nica invasiva: 15<\/p>\n","protected":false},"excerpt":{"rendered":"<p>La Secretar\u00eda de Salud en Sonora inform\u00f3 que este d\u00eda se confirmaron 45 nuevos casos por COVID-19, en 23 mujeres y 22 hombres y no se registraron defunciones. De los contagios nuevos, 21 pacientes son residentes de Hermosillo, de San Luis R\u00edo Colorado y Puerto Pe\u00f1asco 5 cada uno; Y\u00e9cora y Cajeme 4 cada uno; [&hellip;]<\/p>\n","protected":false},"author":1,"featured_media":8511,"comment_status":"open","ping_status":"open","sticky":false,"template":"","format":"standard","meta":{"footnotes":""},"categories":[159],"tags":[],"class_list":["post"],"yoast_head":" \n<title>Confirman 45 nuevos casos y cero defunciones por COVID-19 en Sonora - Periodista SoledadDurazo.com<\/title>\n<meta name=\"robots\" content=\"index, follow, max-snippet:-1, max-image-preview:large, max-video-preview:-1\" \/>\n<link rel=\"canonical\" href=\"https:\/\/soledaddurazo.com\/blog\/2021\/05\/25\/confirman-45-nuevos-casos-y-cero-defunciones-por-covid-19-en-sonora\/\" \/>\n<meta property=\"og:locale\" content=\"es_MX\" \/>\n<meta property=\"og:type\" content=\"article\" \/>\n<meta property=\"og:title\" content=\"Confirman 45 nuevos casos y cero defunciones por COVID-19 en Sonora\" \/>\n<meta property=\"og:description\" content=\"La Secretar\u00eda de Salud en Sonora inform\u00f3 que este d\u00eda se confirmaron 45 nuevos casos por COVID-19, en 23 mujeres y 22 hombres y no se registraron defunciones. De los contagios nuevos, 21 pacientes son residentes de Hermosillo, de San Luis R\u00edo Colorado y Puerto Pe\u00f1asco 5 cada uno; Y\u00e9cora y Cajeme 4 cada uno; [&hellip;]\" \/>\n<meta property=\"og:url\" content=\"https:\/\/soledaddurazo.com\/blog\/2021\/05\/25\/confirman-45-nuevos-casos-y-cero-defunciones-por-covid-19-en-sonora\/\" \/>\n<meta property=\"og:site_name\" content=\"Periodista SoledadDurazo.com\" \/>\n<meta property=\"article:publisher\" content=\"https:\/\/www.facebook.com\/soledad.durazo.9\/\" \/>\n<meta property=\"article:published_time\" content=\"2021-05-25T08:20:21+00:00\" \/>\n<meta property=\"og:image\" content=\"https:\/\/soledaddurazo.com\/storage\/2021\/05\/unnamed-4.jpg\" \/>\n\t<meta property=\"og:image:width\" content=\"512\" \/>\n\t<meta property=\"og:image:height\" content=\"288\" \/>\n<meta name=\"twitter:card\" content=\"summary_large_image\" \/>\n<meta name=\"twitter:creator\" content=\"@SoledadDurazo\" \/>\n<meta name=\"twitter:site\" content=\"@SoledadDurazo\" \/>\n<meta name=\"twitter:label1\" content=\"Escrito por\" \/>\n\t<meta name=\"twitter:data1\" content=\"Redacci\u00f3n\" \/>\n\t<meta name=\"twitter:label2\" content=\"Tiempo de lectura\" \/>\n\t<meta name=\"twitter:data2\" content=\"3 minutos\" \/>\n<script type=\"application\/ld+json\" class=\"yoast-schema-graph\">{\"@context\":\"https:\/\/schema.org\",\"@graph\":[{\"@type\":\"Organization\",\"@id\":\"https:\/\/soledaddurazo.com\/#organization\",\"name\":\"Soledad Durazo\",\"url\":\"https:\/\/soledaddurazo.com\/\",\"sameAs\":[\"https:\/\/www.facebook.com\/soledad.durazo.9\/\",\"https:\/\/www.instagram.com\/soledaddurazo\",\"https:\/\/www.youtube.com\/channel\/UC9yGPw8-Vbl_B2XNkRwPS-w\",\"https:\/\/twitter.com\/SoledadDurazo\"],\"logo\":{\"@type\":\"ImageObject\",\"@id\":\"https:\/\/soledaddurazo.com\/#logo\",\"inLanguage\":\"es\",\"url\":\"https:\/\/soledaddurazo.com\/storage\/2021\/11\/nllp-720x375-1-2.png\",\"contentUrl\":\"https:\/\/soledaddurazo.com\/storage\/2021\/11\/nllp-720x375-1-2.png\",\"width\":720,\"height\":375,\"caption\":\"Soledad Durazo\"},\"image\":{\"@id\":\"https:\/\/soledaddurazo.com\/#logo\"}},{\"@type\":\"WebSite\",\"@id\":\"https:\/\/soledaddurazo.com\/#website\",\"url\":\"https:\/\/soledaddurazo.com\/\",\"name\":\"Periodista SoledadDurazo.com\",\"description\":\"Periodista sonorense. Directora de www.SoledadDurazo.com Columnista, conductora de radio y Tv. Catedr\\u00e1tica en la UNISON\",\"publisher\":{\"@id\":\"https:\/\/soledaddurazo.com\/#organization\"},\"potentialAction\":[{\"@type\":\"SearchAction\",\"target\":{\"@type\":\"EntryPoint\",\"urlTemplate\":\"https:\/\/soledaddurazo.com\/?s={search_term_string}\"},\"query-input\":\"required name=search_term_string\"}],\"inLanguage\":\"es\"},{\"@type\":\"ImageObject\",\"@id\":\"https:\/\/soledaddurazo.com\/blog\/2021\/05\/25\/confirman-45-nuevos-casos-y-cero-defunciones-por-covid-19-en-sonora\/#primaryimage\",\"inLanguage\":\"es\",\"url\":\"https:\/\/soledaddurazo.com\/storage\/2021\/05\/unnamed-4.jpg\",\"contentUrl\":\"https:\/\/soledaddurazo.com\/storage\/2021\/05\/unnamed-4.jpg\",\"width\":512,\"height\":288},{\"@type\":\"WebPage\",\"@id\":\"https:\/\/soledaddurazo.com\/blog\/2021\/05\/25\/confirman-45-nuevos-casos-y-cero-defunciones-por-covid-19-en-sonora\/#webpage\",\"url\":\"https:\/\/soledaddurazo.com\/blog\/2021\/05\/25\/confirman-45-nuevos-casos-y-cero-defunciones-por-covid-19-en-sonora\/\",\"name\":\"Confirman 45 nuevos casos y cero defunciones por COVID-19 en Sonora - Periodista SoledadDurazo.com\",\"isPartOf\":{\"@id\":\"https:\/\/soledaddurazo.com\/#website\"},\"primaryImageOfPage\":{\"@id\":\"https:\/\/soledaddurazo.com\/blog\/2021\/05\/25\/confirman-45-nuevos-casos-y-cero-defunciones-por-covid-19-en-sonora\/#primaryimage\"},\"datePublished\":\"2021-05-25T08:20:21+00:00\",\"dateModified\":\"2021-05-25T08:20:21+00:00\",\"breadcrumb\":{\"@id\":\"https:\/\/soledaddurazo.com\/blog\/2021\/05\/25\/confirman-45-nuevos-casos-y-cero-defunciones-por-covid-19-en-sonora\/#breadcrumb\"},\"inLanguage\":\"es\",\"potentialAction\":[{\"@type\":\"ReadAction\",\"target\":[\"https:\/\/soledaddurazo.com\/blog\/2021\/05\/25\/confirman-45-nuevos-casos-y-cero-defunciones-por-covid-19-en-sonora\/\"]}]},{\"@type\":\"BreadcrumbList\",\"@id\":\"https:\/\/soledaddurazo.com\/blog\/2021\/05\/25\/confirman-45-nuevos-casos-y-cero-defunciones-por-covid-19-en-sonora\/#breadcrumb\",\"itemListElement\":[{\"@type\":\"ListItem\",\"position\":1,\"name\":\"Home\",\"item\":\"https:\/\/soledaddurazo.com\/\"},{\"@type\":\"ListItem\",\"position\":2,\"name\":\"Confirman 45 nuevos casos y cero defunciones por COVID-19 en Sonora\"}]},{\"@type\":\"Article\",\"@id\":\"https:\/\/soledaddurazo.com\/blog\/2021\/05\/25\/confirman-45-nuevos-casos-y-cero-defunciones-por-covid-19-en-sonora\/#article\",\"isPartOf\":{\"@id\":\"https:\/\/soledaddurazo.com\/blog\/2021\/05\/25\/confirman-45-nuevos-casos-y-cero-defunciones-por-covid-19-en-sonora\/#webpage\"},\"author\":{\"@id\":\"https:\/\/soledaddurazo.com\/#\/schema\/person\/822d8e13aa288585e6546f179853758b\"},\"headline\":\"Confirman 45 nuevos casos y cero defunciones por COVID-19 en Sonora\",\"datePublished\":\"2021-05-25T08:20:21+00:00\",\"dateModified\":\"2021-05-25T08:20:21+00:00\",\"mainEntityOfPage\":{\"@id\":\"https:\/\/soledaddurazo.com\/blog\/2021\/05\/25\/confirman-45-nuevos-casos-y-cero-defunciones-por-covid-19-en-sonora\/#webpage\"},\"wordCount\":516,\"commentCount\":0,\"publisher\":{\"@id\":\"https:\/\/soledaddurazo.com\/#organization\"},\"image\":{\"@id\":\"https:\/\/soledaddurazo.com\/blog\/2021\/05\/25\/confirman-45-nuevos-casos-y-cero-defunciones-por-covid-19-en-sonora\/#primaryimage\"},\"thumbnailUrl\":\"https:\/\/soledaddurazo.com\/storage\/2021\/05\/unnamed-4.jpg\",\"articleSection\":[\"Mi Sonora\"],\"inLanguage\":\"es\",\"potentialAction\":[{\"@type\":\"CommentAction\",\"name\":\"Comment\",\"target\":[\"https:\/\/soledaddurazo.com\/blog\/2021\/05\/25\/confirman-45-nuevos-casos-y-cero-defunciones-por-covid-19-en-sonora\/#respond\"]}]},{\"@type\":\"Person\",\"@id\":\"https:\/\/soledaddurazo.com\/#\/schema\/person\/822d8e13aa288585e6546f179853758b\",\"name\":\"Redacci\\u00f3n\",\"image\":{\"@type\":\"ImageObject\",\"@id\":\"https:\/\/soledaddurazo.com\/#personlogo\",\"inLanguage\":\"es\",\"url\":\"https:\/\/secure.gravatar.com\/avatar\/c4e193752f756fd61f04deebed3a3a20dc188d37edb53682d313ac57f2725d54?s=96&d=mm&r=g\",\"contentUrl\":\"https:\/\/secure.gravatar.com\/avatar\/c4e193752f756fd61f04deebed3a3a20dc188d37edb53682d313ac57f2725d54?s=96&d=mm&r=g\",\"caption\":\"Redacci\\u00f3n\"},\"sameAs\":[\"https:\/\/soledaddurazo.com\"]}]}<\/script>\n ","yoast_head_json":{"title":"Confirman 45 nuevos casos y cero defunciones por COVID-19 en Sonora - Periodista SoledadDurazo.com","robots":{"index":"index","follow":"follow","max-snippet":"max-snippet:-1","max-image-preview":"max-image-preview:large","max-video-preview":"max-video-preview:-1"},"canonical":"https:\/\/soledaddurazo.com\/blog\/2021\/05\/25\/confirman-45-nuevos-casos-y-cero-defunciones-por-covid-19-en-sonora\/","og_locale":"es_MX","og_type":"article","og_title":"Confirman 45 nuevos casos y cero defunciones por COVID-19 en Sonora","og_description":"La Secretar\u00eda de Salud en Sonora inform\u00f3 que este d\u00eda se confirmaron 45 nuevos casos por COVID-19, en 23 mujeres y 22 hombres y no se registraron defunciones. De los contagios nuevos, 21 pacientes son residentes de Hermosillo, de San Luis R\u00edo Colorado y Puerto Pe\u00f1asco 5 cada uno; Y\u00e9cora y Cajeme 4 cada uno; [&hellip;]","og_url":"https:\/\/soledaddurazo.com\/blog\/2021\/05\/25\/confirman-45-nuevos-casos-y-cero-defunciones-por-covid-19-en-sonora\/","og_site_name":"Periodista SoledadDurazo.com","article_publisher":"https:\/\/www.facebook.com\/soledad.durazo.9\/","article_published_time":"2021-05-25T08:20:21+00:00","og_image":[{"width":512,"height":288,"url":"https:\/\/soledaddurazo.com\/storage\/2021\/05\/unnamed-4.jpg","type":"image\/jpeg"}],"twitter_card":"summary_large_image","twitter_creator":"@SoledadDurazo","twitter_site":"@SoledadDurazo","twitter_misc":{"Escrito por":"Redacci\u00f3n","Tiempo de lectura":"3 minutos"},"schema":{"@context":"https:\/\/schema.org","@graph":[{"@type":"Organization","@id":"https:\/\/soledaddurazo.com\/#organization","name":"Soledad Durazo","url":"https:\/\/soledaddurazo.com\/","sameAs":["https:\/\/www.facebook.com\/soledad.durazo.9\/","https:\/\/www.instagram.com\/soledaddurazo","https:\/\/www.youtube.com\/channel\/UC9yGPw8-Vbl_B2XNkRwPS-w","https:\/\/twitter.com\/SoledadDurazo"],"logo":{"@type":"ImageObject","@id":"https:\/\/soledaddurazo.com\/#logo","inLanguage":"es","url":"https:\/\/soledaddurazo.com\/storage\/2021\/11\/nllp-720x375-1-2.png","contentUrl":"https:\/\/soledaddurazo.com\/storage\/2021\/11\/nllp-720x375-1-2.png","width":720,"height":375,"caption":"Soledad Durazo"},"image":{"@id":"https:\/\/soledaddurazo.com\/#logo"}},{"@type":"WebSite","@id":"https:\/\/soledaddurazo.com\/#website","url":"https:\/\/soledaddurazo.com\/","name":"Periodista SoledadDurazo.com","description":"Periodista sonorense. Directora de www.SoledadDurazo.com Columnista, conductora de radio y Tv. Catedr\u00e1tica en la UNISON","publisher":{"@id":"https:\/\/soledaddurazo.com\/#organization"},"potentialAction":[{"@type":"SearchAction","target":{"@type":"EntryPoint","urlTemplate":"https:\/\/soledaddurazo.com\/?s={search_term_string}"},"query-input":"required name=search_term_string"}],"inLanguage":"es"},{"@type":"ImageObject","@id":"https:\/\/soledaddurazo.com\/blog\/2021\/05\/25\/confirman-45-nuevos-casos-y-cero-defunciones-por-covid-19-en-sonora\/#primaryimage","inLanguage":"es","url":"https:\/\/soledaddurazo.com\/storage\/2021\/05\/unnamed-4.jpg","contentUrl":"https:\/\/soledaddurazo.com\/storage\/2021\/05\/unnamed-4.jpg","width":512,"height":288},{"@type":"WebPage","@id":"https:\/\/soledaddurazo.com\/blog\/2021\/05\/25\/confirman-45-nuevos-casos-y-cero-defunciones-por-covid-19-en-sonora\/#webpage","url":"https:\/\/soledaddurazo.com\/blog\/2021\/05\/25\/confirman-45-nuevos-casos-y-cero-defunciones-por-covid-19-en-sonora\/","name":"Confirman 45 nuevos casos y cero defunciones por COVID-19 en Sonora - Periodista SoledadDurazo.com","isPartOf":{"@id":"https:\/\/soledaddurazo.com\/#website"},"primaryImageOfPage":{"@id":"https:\/\/soledaddurazo.com\/blog\/2021\/05\/25\/confirman-45-nuevos-casos-y-cero-defunciones-por-covid-19-en-sonora\/#primaryimage"},"datePublished":"2021-05-25T08:20:21+00:00","dateModified":"2021-05-25T08:20:21+00:00","breadcrumb":{"@id":"https:\/\/soledaddurazo.com\/blog\/2021\/05\/25\/confirman-45-nuevos-casos-y-cero-defunciones-por-covid-19-en-sonora\/#breadcrumb"},"inLanguage":"es","potentialAction":[{"@type":"ReadAction","target":["https:\/\/soledaddurazo.com\/blog\/2021\/05\/25\/confirman-45-nuevos-casos-y-cero-defunciones-por-covid-19-en-sonora\/"]}]},{"@type":"BreadcrumbList","@id":"https:\/\/soledaddurazo.com\/blog\/2021\/05\/25\/confirman-45-nuevos-casos-y-cero-defunciones-por-covid-19-en-sonora\/#breadcrumb","itemListElement":[{"@type":"ListItem","position":1,"name":"Home","item":"https:\/\/soledaddurazo.com\/"},{"@type":"ListItem","position":2,"name":"Confirman 45 nuevos casos y cero defunciones por COVID-19 en Sonora"}]},{"@type":"Article","@id":"https:\/\/soledaddurazo.com\/blog\/2021\/05\/25\/confirman-45-nuevos-casos-y-cero-defunciones-por-covid-19-en-sonora\/#article","isPartOf":{"@id":"https:\/\/soledaddurazo.com\/blog\/2021\/05\/25\/confirman-45-nuevos-casos-y-cero-defunciones-por-covid-19-en-sonora\/#webpage"},"author":{"@id":"https:\/\/soledaddurazo.com\/#\/schema\/person\/822d8e13aa288585e6546f179853758b"},"headline":"Confirman 45 nuevos casos y cero defunciones por COVID-19 en Sonora","datePublished":"2021-05-25T08:20:21+00:00","dateModified":"2021-05-25T08:20:21+00:00","mainEntityOfPage":{"@id":"https:\/\/soledaddurazo.com\/blog\/2021\/05\/25\/confirman-45-nuevos-casos-y-cero-defunciones-por-covid-19-en-sonora\/#webpage"},"wordCount":516,"commentCount":0,"publisher":{"@id":"https:\/\/soledaddurazo.com\/#organization"},"image":{"@id":"https:\/\/soledaddurazo.com\/blog\/2021\/05\/25\/confirman-45-nuevos-casos-y-cero-defunciones-por-covid-19-en-sonora\/#primaryimage"},"thumbnailUrl":"https:\/\/soledaddurazo.com\/storage\/2021\/05\/unnamed-4.jpg","articleSection":["Mi Sonora"],"inLanguage":"es","potentialAction":[{"@type":"CommentAction","name":"Comment","target":["https:\/\/soledaddurazo.com\/blog\/2021\/05\/25\/confirman-45-nuevos-casos-y-cero-defunciones-por-covid-19-en-sonora\/#respond"]}]},{"@type":"Person","@id":"https:\/\/soledaddurazo.com\/#\/schema\/person\/822d8e13aa288585e6546f179853758b","name":"Redacci\u00f3n","image":{"@type":"ImageObject","@id":"https:\/\/soledaddurazo.com\/#personlogo","inLanguage":"es","url":"https:\/\/secure.gravatar.com\/avatar\/c4e193752f756fd61f04deebed3a3a20dc188d37edb53682d313ac57f2725d54?s=96&d=mm&r=g","contentUrl":"https:\/\/secure.gravatar.com\/avatar\/c4e193752f756fd61f04deebed3a3a20dc188d37edb53682d313ac57f2725d54?s=96&d=mm&r=g","caption":"Redacci\u00f3n"},"sameAs":["https:\/\/soledaddurazo.com"]}]}},"_links":{"self":[{"href":"https:\/\/soledaddurazo.com\/api\/wp\/v2\/posts\/8510","targetHints":{"allow":["GET"]}}],"collection":[{"href":"https:\/\/soledaddurazo.com\/api\/wp\/v2\/posts"}],"about":[{"href":"https:\/\/soledaddurazo.com\/api\/wp\/v2\/types\/post"}],"author":[{"embeddable":true,"href":"https:\/\/soledaddurazo.com\/api\/wp\/v2\/users\/1"}],"replies":[{"embeddable":true,"href":"https:\/\/soledaddurazo.com\/api\/wp\/v2\/comments?post=8510"}],"version-history":[{"count":1,"href":"https:\/\/soledaddurazo.com\/api\/wp\/v2\/posts\/8510\/revisions"}],"predecessor-version":[{"id":8512,"href":"https:\/\/soledaddurazo.com\/api\/wp\/v2\/posts\/8510\/revisions\/8512"}],"wp:featuredmedia":[{"embeddable":true,"href":"https:\/\/soledaddurazo.com\/api\/wp\/v2\/media\/8511"}],"wp:attachment":[{"href":"https:\/\/soledaddurazo.com\/api\/wp\/v2\/media?parent=8510"}],"wp:term":[{"taxonomy":"category","embeddable":true,"href":"https:\/\/soledaddurazo.com\/api\/wp\/v2\/categories?post=8510"},{"taxonomy":"post_tag","embeddable":true,"href":"https:\/\/soledaddurazo.com\/api\/wp\/v2\/tags?post=8510"}],"curies":[{"name":"wp","href":"https:\/\/api.w.org\/{rel}","templated":true}]}}