{"id":8266,"date":"2021-05-13T00:26:27","date_gmt":"2021-05-13T07:26:27","guid":{"rendered":"https:\/\/soledaddurazo.com\/?p=8266"},"modified":"2021-05-19T00:02:22","modified_gmt":"2021-05-19T07:02:22","slug":"tu-olfato-tras-padecer-covid-ya-no-es-el-mismo-esto-te-interesa","status":"publish","type":"post","link":"https:\/\/soledaddurazo.com\/blog\/2021\/05\/13\/tu-olfato-tras-padecer-covid-ya-no-es-el-mismo-esto-te-interesa\/","title":{"rendered":"\u00bfTu olfato tras padecer Covid ya no es el mismo? Esto te interesa"},"content":{"rendered":"<p class=\"letter-capitular\">La p\u00e9rdida del olfato era una afectaci\u00f3n a la que se le daba muy poca importancia, incluso los estudios sobre ello eran muy pocos, sin embargo, a partir de que lleg\u00f3 el\u00a0<strong>covid-19,<\/strong>\u00a0el inter\u00e9s creci\u00f3 ya que es uno de los s\u00edntomas m\u00e1s caracter\u00edsticos en las personas que lo padecen y no todos recuperan este sentido en forma inmediata.<\/p>\n<p>La p\u00e9rdida del olfato tiene diversos or\u00edgenes, entre ellos infecciones virales respiratorias y alergias; aqu\u00ed es una p\u00e9rdida moderada y temporal; pero las personas que tienen enfermedades neurodegenerativas (Alzheimer, Parkinson, depresi\u00f3n y otras) tambi\u00e9n experimentan perdida de olfato m\u00e1s marcada y permanente.<\/p>\n<div class=\"teads-inread\">\n<div>\n<div id=\"teads0\" class=\"teads-player\">Para las personas que padecieron covid y que no han recuperado su sentido del olfato hay t\u00e9cnicas olfativas.<\/div>\n<\/div>\n<\/div>\n<p>Estas tienen que ver con exponer a la persona a diversos olores, esta debe ser breve (no m\u00e1s de 30 segundos) y repetida (varias veces al d\u00eda), adem\u00e1s con olores muy caracter\u00edsticos que no se confundan con otros como la madera, alg\u00fan c\u00edtrico, el caf\u00e9, dulce, algo quemado o rancio.<\/p>\n<p>Se fundan en la capacidad cerebral para distinguir, clasificar, discriminar, guardar y recordar olores, apela a la memoria olfativa.<\/p>\n<p>A la persona con p\u00e9rdida de olfato, tambi\u00e9n se le pueden presentan recipientes de vidrio con los olores, pueden ser a trav\u00e9s de aceites esenciales de eucalipto, lim\u00f3n, menta, clavo, rosa y dem\u00e1s. Se le expone por un breve lapso de unos segundos, en este caso el ejercicio completo debe durar cerca de 2 minutos y se realiza en la ma\u00f1ana y la tarde.<\/p>\n<p>En caso de no experimentar ninguna mejora en un lapso de 3 meses es necesario acudir a un otorrinolaring\u00f3logo para que revise el caso y otorgue otro m\u00e9todo.<\/p>\n","protected":false},"excerpt":{"rendered":"<p>La p\u00e9rdida del olfato era una afectaci\u00f3n a la que se le daba muy poca importancia, incluso los estudios sobre ello eran muy pocos, sin embargo, a partir de que lleg\u00f3 el\u00a0covid-19,\u00a0el inter\u00e9s creci\u00f3 ya que es uno de los s\u00edntomas m\u00e1s caracter\u00edsticos en las personas que lo padecen y no todos recuperan este sentido [&hellip;]<\/p>\n","protected":false},"author":1,"featured_media":8267,"comment_status":"open","ping_status":"open","sticky":false,"template":"","format":"standard","meta":{"footnotes":""},"categories":[160,153],"tags":[],"class_list":["post"],"yoast_head":" \n<title>\u00bfTu olfato tras padecer Covid ya no es el mismo? Esto te interesa - Periodista SoledadDurazo.com<\/title>\n<meta name=\"robots\" content=\"index, follow, max-snippet:-1, max-image-preview:large, max-video-preview:-1\" \/>\n<link rel=\"canonical\" href=\"https:\/\/soledaddurazo.com\/blog\/2021\/05\/13\/tu-olfato-tras-padecer-covid-ya-no-es-el-mismo-esto-te-interesa\/\" \/>\n<meta property=\"og:locale\" content=\"es_MX\" \/>\n<meta property=\"og:type\" content=\"article\" \/>\n<meta property=\"og:title\" content=\"\u00bfTu olfato tras padecer Covid ya no es el mismo? Esto te interesa\" \/>\n<meta property=\"og:description\" content=\"La p\u00e9rdida del olfato era una afectaci\u00f3n a la que se le daba muy poca importancia, incluso los estudios sobre ello eran muy pocos, sin embargo, a partir de que lleg\u00f3 el\u00a0covid-19,\u00a0el inter\u00e9s creci\u00f3 ya que es uno de los s\u00edntomas m\u00e1s caracter\u00edsticos en las personas que lo padecen y no todos recuperan este sentido [&hellip;]\" \/>\n<meta property=\"og:url\" content=\"https:\/\/soledaddurazo.com\/blog\/2021\/05\/13\/tu-olfato-tras-padecer-covid-ya-no-es-el-mismo-esto-te-interesa\/\" \/>\n<meta property=\"og:site_name\" content=\"Periodista SoledadDurazo.com\" \/>\n<meta property=\"article:publisher\" content=\"https:\/\/www.facebook.com\/soledad.durazo.9\/\" \/>\n<meta property=\"article:published_time\" content=\"2021-05-13T07:26:27+00:00\" \/>\n<meta property=\"article:modified_time\" content=\"2021-05-19T07:02:22+00:00\" \/>\n<meta property=\"og:image\" content=\"https:\/\/soledaddurazo.com\/storage\/2021\/05\/unnamed-1-1.jpg\" \/>\n\t<meta property=\"og:image:width\" content=\"512\" \/>\n\t<meta property=\"og:image:height\" content=\"287\" \/>\n<meta name=\"twitter:card\" content=\"summary_large_image\" \/>\n<meta name=\"twitter:creator\" content=\"@SoledadDurazo\" \/>\n<meta name=\"twitter:site\" content=\"@SoledadDurazo\" \/>\n<meta name=\"twitter:label1\" content=\"Escrito por\" \/>\n\t<meta name=\"twitter:data1\" content=\"Redacci\u00f3n\" \/>\n\t<meta name=\"twitter:label2\" content=\"Tiempo de lectura\" \/>\n\t<meta name=\"twitter:data2\" content=\"2 minutos\" \/>\n<script type=\"application\/ld+json\" class=\"yoast-schema-graph\">{\"@context\":\"https:\/\/schema.org\",\"@graph\":[{\"@type\":\"Organization\",\"@id\":\"https:\/\/soledaddurazo.com\/#organization\",\"name\":\"Soledad Durazo\",\"url\":\"https:\/\/soledaddurazo.com\/\",\"sameAs\":[\"https:\/\/www.facebook.com\/soledad.durazo.9\/\",\"https:\/\/www.instagram.com\/soledaddurazo\",\"https:\/\/www.youtube.com\/channel\/UC9yGPw8-Vbl_B2XNkRwPS-w\",\"https:\/\/twitter.com\/SoledadDurazo\"],\"logo\":{\"@type\":\"ImageObject\",\"@id\":\"https:\/\/soledaddurazo.com\/#logo\",\"inLanguage\":\"es\",\"url\":\"https:\/\/soledaddurazo.com\/storage\/2021\/11\/nllp-720x375-1-2.png\",\"contentUrl\":\"https:\/\/soledaddurazo.com\/storage\/2021\/11\/nllp-720x375-1-2.png\",\"width\":720,\"height\":375,\"caption\":\"Soledad Durazo\"},\"image\":{\"@id\":\"https:\/\/soledaddurazo.com\/#logo\"}},{\"@type\":\"WebSite\",\"@id\":\"https:\/\/soledaddurazo.com\/#website\",\"url\":\"https:\/\/soledaddurazo.com\/\",\"name\":\"Periodista SoledadDurazo.com\",\"description\":\"Periodista sonorense. Directora de www.SoledadDurazo.com Columnista, conductora de radio y Tv. Catedr\\u00e1tica en la UNISON\",\"publisher\":{\"@id\":\"https:\/\/soledaddurazo.com\/#organization\"},\"potentialAction\":[{\"@type\":\"SearchAction\",\"target\":{\"@type\":\"EntryPoint\",\"urlTemplate\":\"https:\/\/soledaddurazo.com\/?s={search_term_string}\"},\"query-input\":\"required name=search_term_string\"}],\"inLanguage\":\"es\"},{\"@type\":\"ImageObject\",\"@id\":\"https:\/\/soledaddurazo.com\/blog\/2021\/05\/13\/tu-olfato-tras-padecer-covid-ya-no-es-el-mismo-esto-te-interesa\/#primaryimage\",\"inLanguage\":\"es\",\"url\":\"https:\/\/soledaddurazo.com\/storage\/2021\/05\/unnamed-1-1.jpg\",\"contentUrl\":\"https:\/\/soledaddurazo.com\/storage\/2021\/05\/unnamed-1-1.jpg\",\"width\":512,\"height\":287},{\"@type\":\"WebPage\",\"@id\":\"https:\/\/soledaddurazo.com\/blog\/2021\/05\/13\/tu-olfato-tras-padecer-covid-ya-no-es-el-mismo-esto-te-interesa\/#webpage\",\"url\":\"https:\/\/soledaddurazo.com\/blog\/2021\/05\/13\/tu-olfato-tras-padecer-covid-ya-no-es-el-mismo-esto-te-interesa\/\",\"name\":\"\\u00bfTu olfato tras padecer Covid ya no es el mismo? Esto te interesa - Periodista SoledadDurazo.com\",\"isPartOf\":{\"@id\":\"https:\/\/soledaddurazo.com\/#website\"},\"primaryImageOfPage\":{\"@id\":\"https:\/\/soledaddurazo.com\/blog\/2021\/05\/13\/tu-olfato-tras-padecer-covid-ya-no-es-el-mismo-esto-te-interesa\/#primaryimage\"},\"datePublished\":\"2021-05-13T07:26:27+00:00\",\"dateModified\":\"2021-05-19T07:02:22+00:00\",\"breadcrumb\":{\"@id\":\"https:\/\/soledaddurazo.com\/blog\/2021\/05\/13\/tu-olfato-tras-padecer-covid-ya-no-es-el-mismo-esto-te-interesa\/#breadcrumb\"},\"inLanguage\":\"es\",\"potentialAction\":[{\"@type\":\"ReadAction\",\"target\":[\"https:\/\/soledaddurazo.com\/blog\/2021\/05\/13\/tu-olfato-tras-padecer-covid-ya-no-es-el-mismo-esto-te-interesa\/\"]}]},{\"@type\":\"BreadcrumbList\",\"@id\":\"https:\/\/soledaddurazo.com\/blog\/2021\/05\/13\/tu-olfato-tras-padecer-covid-ya-no-es-el-mismo-esto-te-interesa\/#breadcrumb\",\"itemListElement\":[{\"@type\":\"ListItem\",\"position\":1,\"name\":\"Home\",\"item\":\"https:\/\/soledaddurazo.com\/\"},{\"@type\":\"ListItem\",\"position\":2,\"name\":\"\\u00bfTu olfato tras padecer Covid ya no es el mismo? Esto te interesa\"}]},{\"@type\":\"Article\",\"@id\":\"https:\/\/soledaddurazo.com\/blog\/2021\/05\/13\/tu-olfato-tras-padecer-covid-ya-no-es-el-mismo-esto-te-interesa\/#article\",\"isPartOf\":{\"@id\":\"https:\/\/soledaddurazo.com\/blog\/2021\/05\/13\/tu-olfato-tras-padecer-covid-ya-no-es-el-mismo-esto-te-interesa\/#webpage\"},\"author\":{\"@id\":\"https:\/\/soledaddurazo.com\/#\/schema\/person\/822d8e13aa288585e6546f179853758b\"},\"headline\":\"\\u00bfTu olfato tras padecer Covid ya no es el mismo? Esto te interesa\",\"datePublished\":\"2021-05-13T07:26:27+00:00\",\"dateModified\":\"2021-05-19T07:02:22+00:00\",\"mainEntityOfPage\":{\"@id\":\"https:\/\/soledaddurazo.com\/blog\/2021\/05\/13\/tu-olfato-tras-padecer-covid-ya-no-es-el-mismo-esto-te-interesa\/#webpage\"},\"wordCount\":318,\"commentCount\":0,\"publisher\":{\"@id\":\"https:\/\/soledaddurazo.com\/#organization\"},\"image\":{\"@id\":\"https:\/\/soledaddurazo.com\/blog\/2021\/05\/13\/tu-olfato-tras-padecer-covid-ya-no-es-el-mismo-esto-te-interesa\/#primaryimage\"},\"thumbnailUrl\":\"https:\/\/soledaddurazo.com\/storage\/2021\/05\/unnamed-1-1.jpg\",\"articleSection\":[\"Mas noticias\",\"principal\"],\"inLanguage\":\"es\",\"potentialAction\":[{\"@type\":\"CommentAction\",\"name\":\"Comment\",\"target\":[\"https:\/\/soledaddurazo.com\/blog\/2021\/05\/13\/tu-olfato-tras-padecer-covid-ya-no-es-el-mismo-esto-te-interesa\/#respond\"]}]},{\"@type\":\"Person\",\"@id\":\"https:\/\/soledaddurazo.com\/#\/schema\/person\/822d8e13aa288585e6546f179853758b\",\"name\":\"Redacci\\u00f3n\",\"image\":{\"@type\":\"ImageObject\",\"@id\":\"https:\/\/soledaddurazo.com\/#personlogo\",\"inLanguage\":\"es\",\"url\":\"https:\/\/secure.gravatar.com\/avatar\/c4e193752f756fd61f04deebed3a3a20dc188d37edb53682d313ac57f2725d54?s=96&d=mm&r=g\",\"contentUrl\":\"https:\/\/secure.gravatar.com\/avatar\/c4e193752f756fd61f04deebed3a3a20dc188d37edb53682d313ac57f2725d54?s=96&d=mm&r=g\",\"caption\":\"Redacci\\u00f3n\"},\"sameAs\":[\"https:\/\/soledaddurazo.com\"]}]}<\/script>\n ","yoast_head_json":{"title":"\u00bfTu olfato tras padecer Covid ya no es el mismo? Esto te interesa - Periodista SoledadDurazo.com","robots":{"index":"index","follow":"follow","max-snippet":"max-snippet:-1","max-image-preview":"max-image-preview:large","max-video-preview":"max-video-preview:-1"},"canonical":"https:\/\/soledaddurazo.com\/blog\/2021\/05\/13\/tu-olfato-tras-padecer-covid-ya-no-es-el-mismo-esto-te-interesa\/","og_locale":"es_MX","og_type":"article","og_title":"\u00bfTu olfato tras padecer Covid ya no es el mismo? Esto te interesa","og_description":"La p\u00e9rdida del olfato era una afectaci\u00f3n a la que se le daba muy poca importancia, incluso los estudios sobre ello eran muy pocos, sin embargo, a partir de que lleg\u00f3 el\u00a0covid-19,\u00a0el inter\u00e9s creci\u00f3 ya que es uno de los s\u00edntomas m\u00e1s caracter\u00edsticos en las personas que lo padecen y no todos recuperan este sentido [&hellip;]","og_url":"https:\/\/soledaddurazo.com\/blog\/2021\/05\/13\/tu-olfato-tras-padecer-covid-ya-no-es-el-mismo-esto-te-interesa\/","og_site_name":"Periodista SoledadDurazo.com","article_publisher":"https:\/\/www.facebook.com\/soledad.durazo.9\/","article_published_time":"2021-05-13T07:26:27+00:00","article_modified_time":"2021-05-19T07:02:22+00:00","og_image":[{"width":512,"height":287,"url":"https:\/\/soledaddurazo.com\/storage\/2021\/05\/unnamed-1-1.jpg","type":"image\/jpeg"}],"twitter_card":"summary_large_image","twitter_creator":"@SoledadDurazo","twitter_site":"@SoledadDurazo","twitter_misc":{"Escrito por":"Redacci\u00f3n","Tiempo de lectura":"2 minutos"},"schema":{"@context":"https:\/\/schema.org","@graph":[{"@type":"Organization","@id":"https:\/\/soledaddurazo.com\/#organization","name":"Soledad Durazo","url":"https:\/\/soledaddurazo.com\/","sameAs":["https:\/\/www.facebook.com\/soledad.durazo.9\/","https:\/\/www.instagram.com\/soledaddurazo","https:\/\/www.youtube.com\/channel\/UC9yGPw8-Vbl_B2XNkRwPS-w","https:\/\/twitter.com\/SoledadDurazo"],"logo":{"@type":"ImageObject","@id":"https:\/\/soledaddurazo.com\/#logo","inLanguage":"es","url":"https:\/\/soledaddurazo.com\/storage\/2021\/11\/nllp-720x375-1-2.png","contentUrl":"https:\/\/soledaddurazo.com\/storage\/2021\/11\/nllp-720x375-1-2.png","width":720,"height":375,"caption":"Soledad Durazo"},"image":{"@id":"https:\/\/soledaddurazo.com\/#logo"}},{"@type":"WebSite","@id":"https:\/\/soledaddurazo.com\/#website","url":"https:\/\/soledaddurazo.com\/","name":"Periodista SoledadDurazo.com","description":"Periodista sonorense. Directora de www.SoledadDurazo.com Columnista, conductora de radio y Tv. Catedr\u00e1tica en la UNISON","publisher":{"@id":"https:\/\/soledaddurazo.com\/#organization"},"potentialAction":[{"@type":"SearchAction","target":{"@type":"EntryPoint","urlTemplate":"https:\/\/soledaddurazo.com\/?s={search_term_string}"},"query-input":"required name=search_term_string"}],"inLanguage":"es"},{"@type":"ImageObject","@id":"https:\/\/soledaddurazo.com\/blog\/2021\/05\/13\/tu-olfato-tras-padecer-covid-ya-no-es-el-mismo-esto-te-interesa\/#primaryimage","inLanguage":"es","url":"https:\/\/soledaddurazo.com\/storage\/2021\/05\/unnamed-1-1.jpg","contentUrl":"https:\/\/soledaddurazo.com\/storage\/2021\/05\/unnamed-1-1.jpg","width":512,"height":287},{"@type":"WebPage","@id":"https:\/\/soledaddurazo.com\/blog\/2021\/05\/13\/tu-olfato-tras-padecer-covid-ya-no-es-el-mismo-esto-te-interesa\/#webpage","url":"https:\/\/soledaddurazo.com\/blog\/2021\/05\/13\/tu-olfato-tras-padecer-covid-ya-no-es-el-mismo-esto-te-interesa\/","name":"\u00bfTu olfato tras padecer Covid ya no es el mismo? Esto te interesa - Periodista SoledadDurazo.com","isPartOf":{"@id":"https:\/\/soledaddurazo.com\/#website"},"primaryImageOfPage":{"@id":"https:\/\/soledaddurazo.com\/blog\/2021\/05\/13\/tu-olfato-tras-padecer-covid-ya-no-es-el-mismo-esto-te-interesa\/#primaryimage"},"datePublished":"2021-05-13T07:26:27+00:00","dateModified":"2021-05-19T07:02:22+00:00","breadcrumb":{"@id":"https:\/\/soledaddurazo.com\/blog\/2021\/05\/13\/tu-olfato-tras-padecer-covid-ya-no-es-el-mismo-esto-te-interesa\/#breadcrumb"},"inLanguage":"es","potentialAction":[{"@type":"ReadAction","target":["https:\/\/soledaddurazo.com\/blog\/2021\/05\/13\/tu-olfato-tras-padecer-covid-ya-no-es-el-mismo-esto-te-interesa\/"]}]},{"@type":"BreadcrumbList","@id":"https:\/\/soledaddurazo.com\/blog\/2021\/05\/13\/tu-olfato-tras-padecer-covid-ya-no-es-el-mismo-esto-te-interesa\/#breadcrumb","itemListElement":[{"@type":"ListItem","position":1,"name":"Home","item":"https:\/\/soledaddurazo.com\/"},{"@type":"ListItem","position":2,"name":"\u00bfTu olfato tras padecer Covid ya no es el mismo? Esto te interesa"}]},{"@type":"Article","@id":"https:\/\/soledaddurazo.com\/blog\/2021\/05\/13\/tu-olfato-tras-padecer-covid-ya-no-es-el-mismo-esto-te-interesa\/#article","isPartOf":{"@id":"https:\/\/soledaddurazo.com\/blog\/2021\/05\/13\/tu-olfato-tras-padecer-covid-ya-no-es-el-mismo-esto-te-interesa\/#webpage"},"author":{"@id":"https:\/\/soledaddurazo.com\/#\/schema\/person\/822d8e13aa288585e6546f179853758b"},"headline":"\u00bfTu olfato tras padecer Covid ya no es el mismo? Esto te interesa","datePublished":"2021-05-13T07:26:27+00:00","dateModified":"2021-05-19T07:02:22+00:00","mainEntityOfPage":{"@id":"https:\/\/soledaddurazo.com\/blog\/2021\/05\/13\/tu-olfato-tras-padecer-covid-ya-no-es-el-mismo-esto-te-interesa\/#webpage"},"wordCount":318,"commentCount":0,"publisher":{"@id":"https:\/\/soledaddurazo.com\/#organization"},"image":{"@id":"https:\/\/soledaddurazo.com\/blog\/2021\/05\/13\/tu-olfato-tras-padecer-covid-ya-no-es-el-mismo-esto-te-interesa\/#primaryimage"},"thumbnailUrl":"https:\/\/soledaddurazo.com\/storage\/2021\/05\/unnamed-1-1.jpg","articleSection":["Mas noticias","principal"],"inLanguage":"es","potentialAction":[{"@type":"CommentAction","name":"Comment","target":["https:\/\/soledaddurazo.com\/blog\/2021\/05\/13\/tu-olfato-tras-padecer-covid-ya-no-es-el-mismo-esto-te-interesa\/#respond"]}]},{"@type":"Person","@id":"https:\/\/soledaddurazo.com\/#\/schema\/person\/822d8e13aa288585e6546f179853758b","name":"Redacci\u00f3n","image":{"@type":"ImageObject","@id":"https:\/\/soledaddurazo.com\/#personlogo","inLanguage":"es","url":"https:\/\/secure.gravatar.com\/avatar\/c4e193752f756fd61f04deebed3a3a20dc188d37edb53682d313ac57f2725d54?s=96&d=mm&r=g","contentUrl":"https:\/\/secure.gravatar.com\/avatar\/c4e193752f756fd61f04deebed3a3a20dc188d37edb53682d313ac57f2725d54?s=96&d=mm&r=g","caption":"Redacci\u00f3n"},"sameAs":["https:\/\/soledaddurazo.com"]}]}},"_links":{"self":[{"href":"https:\/\/soledaddurazo.com\/api\/wp\/v2\/posts\/8266","targetHints":{"allow":["GET"]}}],"collection":[{"href":"https:\/\/soledaddurazo.com\/api\/wp\/v2\/posts"}],"about":[{"href":"https:\/\/soledaddurazo.com\/api\/wp\/v2\/types\/post"}],"author":[{"embeddable":true,"href":"https:\/\/soledaddurazo.com\/api\/wp\/v2\/users\/1"}],"replies":[{"embeddable":true,"href":"https:\/\/soledaddurazo.com\/api\/wp\/v2\/comments?post=8266"}],"version-history":[{"count":1,"href":"https:\/\/soledaddurazo.com\/api\/wp\/v2\/posts\/8266\/revisions"}],"predecessor-version":[{"id":8268,"href":"https:\/\/soledaddurazo.com\/api\/wp\/v2\/posts\/8266\/revisions\/8268"}],"wp:featuredmedia":[{"embeddable":true,"href":"https:\/\/soledaddurazo.com\/api\/wp\/v2\/media\/8267"}],"wp:attachment":[{"href":"https:\/\/soledaddurazo.com\/api\/wp\/v2\/media?parent=8266"}],"wp:term":[{"taxonomy":"category","embeddable":true,"href":"https:\/\/soledaddurazo.com\/api\/wp\/v2\/categories?post=8266"},{"taxonomy":"post_tag","embeddable":true,"href":"https:\/\/soledaddurazo.com\/api\/wp\/v2\/tags?post=8266"}],"curies":[{"name":"wp","href":"https:\/\/api.w.org\/{rel}","templated":true}]}}