{"id":8012,"date":"2021-05-03T01:04:53","date_gmt":"2021-05-03T08:04:53","guid":{"rendered":"https:\/\/soledaddurazo.com\/?p=8012"},"modified":"2021-05-03T01:04:53","modified_gmt":"2021-05-03T08:04:53","slug":"retoma-actividades-presenciales-programa-de-salud-mental-ponte-frente-al-espejo","status":"publish","type":"post","link":"https:\/\/soledaddurazo.com\/blog\/2021\/05\/03\/retoma-actividades-presenciales-programa-de-salud-mental-ponte-frente-al-espejo\/","title":{"rendered":"Retoma actividades presenciales programa de salud mental \u201cPonte Frente al Espejo\u201d"},"content":{"rendered":"<table border=\"0\" width=\"768px\">\n<tbody>\n<tr>\n<td><span style=\"font-family: Arial, Helvetica, sans-serif; font-size: small;\">Tras un lapso de m\u00e1s de un a\u00f1o por la contingencia mundial de COVID-19, el Programa de Salud Mental \u201cPonte Frente al Espejo\u201d retom\u00f3 sus actividades de manera presencial, realizando pl\u00e1ticas y talleres en empresas e instituciones de la entidad con todos los protocolos contra contagios de Coronavirus inform\u00f3 Enrique Clausen Iberri.<\/p>\n<p>Luego de confirmarse una defunci\u00f3n m\u00e1s y 51 nuevos casos por COVID-19, el secretario de Salud destac\u00f3 que este programa ha probado ser una herramienta eficaz para detectar casos de depresi\u00f3n y ansiedad en la poblaci\u00f3n.<\/p>\n<p>\u201cTe comento que, con las charlas v\u00eda zoom, en 2020 se impactaron a 5 mil 304 personas con el mensaje de Ponte frente al Espejo, mensaje de esperanza, de que hay un camino para salir adelante ante las situaciones de ansiedad y depresi\u00f3n; T\u00fa, \u00bfQu\u00e9 ves cuando te ves? Ponte Frente Al Espejo, solicita ayuda al primer s\u00edntoma de depresi\u00f3n\u201d, expres\u00f3.<\/p>\n<p>En cuanto a los datos estad\u00edsticos de hoy, 65 mil 698 personas se han recuperado en Sonora, cuatro pacientes COVID fueron dados de alta, se confirm\u00f3 un deceso en un hombre; residente de Hermosillo; derechohabiente del IMSS; con lo que se acumulan 6 mil 250 defunciones.<\/p>\n<p>Hoy se suman 51 nuevos casos por COVID, en 28 hombres y 23 mujeres; residentes de Hermosillo 20; Caborca ocho; Cajeme siete; Nogales cuatro; San Luis R\u00edo Colorado y Guaymas tres cada uno; \u00c1til dos; Navojoa, Sahuaripa, Huatabampo y Altar uno cada uno. Con ellos se acumulan 72 mil 989 casos en total desde el inicio de la pandemia en la entidad.<\/p>\n<p>Se confirm\u00f3 un caso pedi\u00e1trico en una ni\u00f1a; acumul\u00e1ndose mil 350 en total; y un caso en una mujer embarazada; acumul\u00e1ndose 491 en total. De los 51 casos confirmados hoy, dos fueron en trabajadores de la salud de diferentes instituciones.<\/p>\n<p>Al momento, se han realizado 129 mil 297 pruebas; 72 mil 989 casos se han confirmado, y descartado 56 mil 308; 9 mil 502 personas presentan cuadro leve (954 activos y 8,548 seguimiento terminado); se han curado 57 mil 150 pacientes; 87 personas est\u00e1n hospitalizados (14 estables, 48 graves, 25 cr\u00edticos).<\/p>\n<p>Casos COVID-19 en Sonora 72,989 casos confirmados y 6,250 defunciones<\/p>\n<p>Defunciones registradas el 2 de mayo de 2021: 1<br \/>\nHermosillo: 1<\/p>\n<p>Hombres: 1<\/p>\n<p>Instituci\u00f3n M\u00e9dica<br \/>\nIMSS: 1<\/p>\n<p>Casos confirmados el 2 de mayo de 2021: 51<br \/>\nHermosillo: 20<br \/>\nCaborca: 8<br \/>\nCajeme: 7<br \/>\nNogales: 4<br \/>\nSan Luis R\u00edo Colorado: 3<br \/>\n\u00c1til: 2<br \/>\nNavojoa: 1<br \/>\nSahuaripa: 1<br \/>\nHuatabampo: 1<br \/>\nAltar: 1<\/p>\n<p>Mujeres: 28\/ Hombres: 23<\/p>\n<p>Instituci\u00f3n M\u00e9dica<br \/>\nSecretar\u00eda de Salud: 26<br \/>\nIMSS: 15<br \/>\nIsssteson: 10<\/p>\n<p>Acumulados<br \/>\nDefunciones: 6,250<br \/>\nHermosillo: 2,058<br \/>\nCajeme: 1,076<br \/>\nNogales: 500<br \/>\nSan Luis R\u00edo Colorado: 497<br \/>\nGuaymas: 371<br \/>\nNavojoa: 280<br \/>\nAgua Prieta: 221<br \/>\nCaborca: 168<br \/>\nHuatabampo: 149<br \/>\nCananea: 118<br \/>\nEmpalme: 117<br \/>\nEtchojoa: 95<br \/>\nPuerto Pe\u00f1asco: 76<br \/>\nMagdalena: 75<br \/>\nNacozari de Garc\u00eda: 54<br \/>\nBenito Ju\u00e1rez: 44<br \/>\nSanta Ana: 43<br \/>\nB\u00e1cum: 43<br \/>\nSan Ignacio R\u00edo Muerto: 24<br \/>\n\u00cdmuris: 22<br \/>\nGral. Plutarco El\u00edas Calles: 22<br \/>\n\u00c1lamos: 18<br \/>\nFronteras: 17<br \/>\nPitiquito: 16<br \/>\nCumpas: 15<br \/>\nNaco: 10<br \/>\nMoctezuma: 10<br \/>\nUres: 9<br \/>\nRosario: 9<br \/>\nSahuaripa: 8<br \/>\nVilla Hidalgo: 7<br \/>\nBavi\u00e1cora: 7<br \/>\nBacoachi: 7<br \/>\nBenjam\u00edn Hill: 6<br \/>\nAltar: 6<br \/>\nSan Miguel de Horcasitas: 5<br \/>\nAconchi: 5<br \/>\nS\u00e1ric: 4<br \/>\nRay\u00f3n: 3<br \/>\nCarb\u00f3: 3<br \/>\nQuiriego: 3<br \/>\nBacerac: 3<br \/>\nArizpe: 3<br \/>\nBan\u00e1michi: 3<br \/>\nBavispe: 2<br \/>\nN\u00e1cori Chico: 2<br \/>\nSan Pedro de la Cueva: 2<br \/>\nArivechi: 2<br \/>\nCucurpe: 2<br \/>\nHu\u00e9pac: 2<br \/>\nTepache: 2<br \/>\nOpodepe: 1<br \/>\nSan Felipe de Jes\u00fas: 1<br \/>\nGranados: 1<br \/>\nOquitoa: 1<br \/>\nSanta Cruz: 1<br \/>\nMazat\u00e1n: 1<\/p>\n<p>Mujeres: 2,680\/Hombres: 3,570<\/p>\n<p>Instituci\u00f3n M\u00e9dica<br \/>\nIMSS: 3,942<br \/>\nSecretar\u00eda de Salud: 1,754<br \/>\nIsssteson: 417<br \/>\nIssste: 128<br \/>\nSedena: 5<br \/>\nSemar: 4<\/p>\n<p>Total de casos confirmados: 72,989<br \/>\nHermosillo: 34,051 municipio con mayor incidencia con un 47% del total.<br \/>\nCajeme: 10,310 que representan el 14% del total.<br \/>\nNogales: 4,535 que representan el 6% del total<br \/>\nGuaymas: 3,450 que representan el 5% del total<br \/>\nCaborca: 3,136<br \/>\nSan Luis R\u00edo Colorado: 3,113<br \/>\nNavojoa: 3,083<br \/>\nCananea: 1,901<br \/>\nHuatabampo: 1,436<br \/>\nEmpalme: 1,319<br \/>\nAgua Prieta: 1,226<br \/>\nEtchojoa: 705<br \/>\nMagdalena: 621<br \/>\nPuerto Pe\u00f1asco: 513<br \/>\nSanta Ana: 373<br \/>\nNacozari de Garc\u00eda: 337<br \/>\nB\u00e1cum: 283<br \/>\nPitiquito: 277<br \/>\n\u00c1lamos: 256<br \/>\nBenito Ju\u00e1rez: 217<br \/>\nGral. Plutarco El\u00edas Calles: 211<br \/>\nSan Ignacio R\u00edo Muerto: 182<br \/>\nSahuaripa: 155<br \/>\nBavi\u00e1cora: 133<br \/>\n\u00cdmuris: 110<br \/>\nAltar: 98<br \/>\nUres: 91<br \/>\nMoctezuma: 73<br \/>\nCumpas: 70<br \/>\nRosario: 67<br \/>\nN\u00e1cori Chico: 64<br \/>\nBacoachi: 51<br \/>\nFronteras: 45<br \/>\nY\u00e9cora: 44<br \/>\nBenjam\u00edn Hill: 38<br \/>\nNaco: 35<br \/>\nArizpe: 32<br \/>\nAconchi: 32<br \/>\nS\u00e1ric: 27<br \/>\nCarb\u00f3: 25<br \/>\nArivechi: 22<br \/>\nSan Miguel de Horcasitas: 18<br \/>\nVilla Hidalgo: 16<br \/>\nGranados: 15<br \/>\nTrincheras: 14<br \/>\nBan\u00e1michi: 14<br \/>\nQuiriego: 14<br \/>\nSan Pedro de la Cueva: 13<br \/>\nCucurpe: 13<br \/>\nRay\u00f3n: 11<br \/>\nTepache: 11<br \/>\nHu\u00e1sabas: 11<br \/>\nBacerac: 8<br \/>\nHuachinera: 7<br \/>\nBavispe: 7<br \/>\n\u00d3navas: 6<br \/>\nVilla Pesqueira: 6<br \/>\nSan Javier: 6<br \/>\nTubutama: 6<br \/>\nDivisaderos: 5<br \/>\nBacad\u00e9huachi: 5<br \/>\nSan Felipe de Jes\u00fas: 5<br \/>\nHu\u00e9pac: 5<br \/>\nMazat\u00e1n: 5<br \/>\nBacanora: 4<br \/>\nSanta Cruz: 4<br \/>\nOpodepe: 4<br \/>\nOquitoa: 3<br \/>\nLa Colorada: 2<br \/>\n\u00c1til: 2<br \/>\nSoyopa: 1<br \/>\nSuaqui Grande: 1<\/p>\n<p>Mujeres: 39,251\/Hombres: 33,738<\/p>\n<p>Instituci\u00f3n M\u00e9dica<br \/>\nSecretar\u00eda de Salud: 50,412<br \/>\nIMSS: 15,328<br \/>\nIsssteson: 5,889<br \/>\nIssste: 1,121<br \/>\nSedena: 224<br \/>\nSemar: 15<\/p>\n<p>Casos estudiados: 129,297<br \/>\nConfirmados: 72,989<br \/>\nDescartados: 56,308<br \/>\nCuadro leve: 9,502<br \/>\nPacientes activos: 954<br \/>\nPacientes en seguimiento terminado: 8,548<br \/>\nCurados: 57,150<br \/>\nHospitalizados: 87<br \/>\nEstables: 14<br \/>\nGraves: 48<br \/>\nPacientes graves con ventilaci\u00f3n mec\u00e1nica invasiva: 25<\/p>\n<p><\/span><\/td>\n<\/tr>\n<\/tbody>\n<\/table>\n","protected":false},"excerpt":{"rendered":"<p>Tras un lapso de m\u00e1s de un a\u00f1o por la contingencia mundial de COVID-19, el Programa de Salud Mental \u201cPonte Frente al Espejo\u201d retom\u00f3 sus actividades de manera presencial, realizando pl\u00e1ticas y talleres en empresas e instituciones de la entidad con todos los protocolos contra contagios de Coronavirus inform\u00f3 Enrique Clausen Iberri. Luego de confirmarse [&hellip;]<\/p>\n","protected":false},"author":1,"featured_media":8013,"comment_status":"open","ping_status":"open","sticky":false,"template":"","format":"standard","meta":{"footnotes":""},"categories":[159],"tags":[],"class_list":["post"],"yoast_head":" \n<title>Retoma actividades presenciales programa de salud mental \u201cPonte Frente al Espejo\u201d - Periodista SoledadDurazo.com<\/title>\n<meta name=\"robots\" content=\"index, follow, max-snippet:-1, max-image-preview:large, max-video-preview:-1\" \/>\n<link rel=\"canonical\" href=\"https:\/\/soledaddurazo.com\/blog\/2021\/05\/03\/retoma-actividades-presenciales-programa-de-salud-mental-ponte-frente-al-espejo\/\" \/>\n<meta property=\"og:locale\" content=\"es_MX\" \/>\n<meta property=\"og:type\" content=\"article\" \/>\n<meta property=\"og:title\" content=\"Retoma actividades presenciales programa de salud mental \u201cPonte Frente al Espejo\u201d\" \/>\n<meta property=\"og:description\" content=\"Tras un lapso de m\u00e1s de un a\u00f1o por la contingencia mundial de COVID-19, el Programa de Salud Mental \u201cPonte Frente al Espejo\u201d retom\u00f3 sus actividades de manera presencial, realizando pl\u00e1ticas y talleres en empresas e instituciones de la entidad con todos los protocolos contra contagios de Coronavirus inform\u00f3 Enrique Clausen Iberri. Luego de confirmarse [&hellip;]\" \/>\n<meta property=\"og:url\" content=\"https:\/\/soledaddurazo.com\/blog\/2021\/05\/03\/retoma-actividades-presenciales-programa-de-salud-mental-ponte-frente-al-espejo\/\" \/>\n<meta property=\"og:site_name\" content=\"Periodista SoledadDurazo.com\" \/>\n<meta property=\"article:publisher\" content=\"https:\/\/www.facebook.com\/soledad.durazo.9\/\" \/>\n<meta property=\"article:published_time\" content=\"2021-05-03T08:04:53+00:00\" \/>\n<meta property=\"og:image\" content=\"https:\/\/soledaddurazo.com\/storage\/2021\/05\/unnamed-1.jpg\" \/>\n\t<meta property=\"og:image:width\" content=\"512\" \/>\n\t<meta property=\"og:image:height\" content=\"173\" \/>\n<meta name=\"twitter:card\" content=\"summary_large_image\" \/>\n<meta name=\"twitter:creator\" content=\"@SoledadDurazo\" \/>\n<meta name=\"twitter:site\" content=\"@SoledadDurazo\" \/>\n<meta name=\"twitter:label1\" content=\"Escrito por\" \/>\n\t<meta name=\"twitter:data1\" content=\"Redacci\u00f3n\" \/>\n\t<meta name=\"twitter:label2\" content=\"Tiempo de lectura\" \/>\n\t<meta name=\"twitter:data2\" content=\"3 minutos\" \/>\n<script type=\"application\/ld+json\" class=\"yoast-schema-graph\">{\"@context\":\"https:\/\/schema.org\",\"@graph\":[{\"@type\":\"Organization\",\"@id\":\"https:\/\/soledaddurazo.com\/#organization\",\"name\":\"Soledad Durazo\",\"url\":\"https:\/\/soledaddurazo.com\/\",\"sameAs\":[\"https:\/\/www.facebook.com\/soledad.durazo.9\/\",\"https:\/\/www.instagram.com\/soledaddurazo\",\"https:\/\/www.youtube.com\/channel\/UC9yGPw8-Vbl_B2XNkRwPS-w\",\"https:\/\/twitter.com\/SoledadDurazo\"],\"logo\":{\"@type\":\"ImageObject\",\"@id\":\"https:\/\/soledaddurazo.com\/#logo\",\"inLanguage\":\"es\",\"url\":\"https:\/\/soledaddurazo.com\/storage\/2021\/11\/nllp-720x375-1-2.png\",\"contentUrl\":\"https:\/\/soledaddurazo.com\/storage\/2021\/11\/nllp-720x375-1-2.png\",\"width\":720,\"height\":375,\"caption\":\"Soledad Durazo\"},\"image\":{\"@id\":\"https:\/\/soledaddurazo.com\/#logo\"}},{\"@type\":\"WebSite\",\"@id\":\"https:\/\/soledaddurazo.com\/#website\",\"url\":\"https:\/\/soledaddurazo.com\/\",\"name\":\"Periodista SoledadDurazo.com\",\"description\":\"Periodista sonorense. Directora de www.SoledadDurazo.com Columnista, conductora de radio y Tv. Catedr\\u00e1tica en la UNISON\",\"publisher\":{\"@id\":\"https:\/\/soledaddurazo.com\/#organization\"},\"potentialAction\":[{\"@type\":\"SearchAction\",\"target\":{\"@type\":\"EntryPoint\",\"urlTemplate\":\"https:\/\/soledaddurazo.com\/?s={search_term_string}\"},\"query-input\":\"required name=search_term_string\"}],\"inLanguage\":\"es\"},{\"@type\":\"ImageObject\",\"@id\":\"https:\/\/soledaddurazo.com\/blog\/2021\/05\/03\/retoma-actividades-presenciales-programa-de-salud-mental-ponte-frente-al-espejo\/#primaryimage\",\"inLanguage\":\"es\",\"url\":\"https:\/\/soledaddurazo.com\/storage\/2021\/05\/unnamed-1.jpg\",\"contentUrl\":\"https:\/\/soledaddurazo.com\/storage\/2021\/05\/unnamed-1.jpg\",\"width\":512,\"height\":173},{\"@type\":\"WebPage\",\"@id\":\"https:\/\/soledaddurazo.com\/blog\/2021\/05\/03\/retoma-actividades-presenciales-programa-de-salud-mental-ponte-frente-al-espejo\/#webpage\",\"url\":\"https:\/\/soledaddurazo.com\/blog\/2021\/05\/03\/retoma-actividades-presenciales-programa-de-salud-mental-ponte-frente-al-espejo\/\",\"name\":\"Retoma actividades presenciales programa de salud mental \\u201cPonte Frente al Espejo\\u201d - Periodista SoledadDurazo.com\",\"isPartOf\":{\"@id\":\"https:\/\/soledaddurazo.com\/#website\"},\"primaryImageOfPage\":{\"@id\":\"https:\/\/soledaddurazo.com\/blog\/2021\/05\/03\/retoma-actividades-presenciales-programa-de-salud-mental-ponte-frente-al-espejo\/#primaryimage\"},\"datePublished\":\"2021-05-03T08:04:53+00:00\",\"dateModified\":\"2021-05-03T08:04:53+00:00\",\"breadcrumb\":{\"@id\":\"https:\/\/soledaddurazo.com\/blog\/2021\/05\/03\/retoma-actividades-presenciales-programa-de-salud-mental-ponte-frente-al-espejo\/#breadcrumb\"},\"inLanguage\":\"es\",\"potentialAction\":[{\"@type\":\"ReadAction\",\"target\":[\"https:\/\/soledaddurazo.com\/blog\/2021\/05\/03\/retoma-actividades-presenciales-programa-de-salud-mental-ponte-frente-al-espejo\/\"]}]},{\"@type\":\"BreadcrumbList\",\"@id\":\"https:\/\/soledaddurazo.com\/blog\/2021\/05\/03\/retoma-actividades-presenciales-programa-de-salud-mental-ponte-frente-al-espejo\/#breadcrumb\",\"itemListElement\":[{\"@type\":\"ListItem\",\"position\":1,\"name\":\"Home\",\"item\":\"https:\/\/soledaddurazo.com\/\"},{\"@type\":\"ListItem\",\"position\":2,\"name\":\"Retoma actividades presenciales programa de salud mental \\u201cPonte Frente al Espejo\\u201d\"}]},{\"@type\":\"Article\",\"@id\":\"https:\/\/soledaddurazo.com\/blog\/2021\/05\/03\/retoma-actividades-presenciales-programa-de-salud-mental-ponte-frente-al-espejo\/#article\",\"isPartOf\":{\"@id\":\"https:\/\/soledaddurazo.com\/blog\/2021\/05\/03\/retoma-actividades-presenciales-programa-de-salud-mental-ponte-frente-al-espejo\/#webpage\"},\"author\":{\"@id\":\"https:\/\/soledaddurazo.com\/#\/schema\/person\/822d8e13aa288585e6546f179853758b\"},\"headline\":\"Retoma actividades presenciales programa de salud mental \\u201cPonte Frente al Espejo\\u201d\",\"datePublished\":\"2021-05-03T08:04:53+00:00\",\"dateModified\":\"2021-05-03T08:04:53+00:00\",\"mainEntityOfPage\":{\"@id\":\"https:\/\/soledaddurazo.com\/blog\/2021\/05\/03\/retoma-actividades-presenciales-programa-de-salud-mental-ponte-frente-al-espejo\/#webpage\"},\"wordCount\":707,\"commentCount\":0,\"publisher\":{\"@id\":\"https:\/\/soledaddurazo.com\/#organization\"},\"image\":{\"@id\":\"https:\/\/soledaddurazo.com\/blog\/2021\/05\/03\/retoma-actividades-presenciales-programa-de-salud-mental-ponte-frente-al-espejo\/#primaryimage\"},\"thumbnailUrl\":\"https:\/\/soledaddurazo.com\/storage\/2021\/05\/unnamed-1.jpg\",\"articleSection\":[\"Mi Sonora\"],\"inLanguage\":\"es\",\"potentialAction\":[{\"@type\":\"CommentAction\",\"name\":\"Comment\",\"target\":[\"https:\/\/soledaddurazo.com\/blog\/2021\/05\/03\/retoma-actividades-presenciales-programa-de-salud-mental-ponte-frente-al-espejo\/#respond\"]}]},{\"@type\":\"Person\",\"@id\":\"https:\/\/soledaddurazo.com\/#\/schema\/person\/822d8e13aa288585e6546f179853758b\",\"name\":\"Redacci\\u00f3n\",\"image\":{\"@type\":\"ImageObject\",\"@id\":\"https:\/\/soledaddurazo.com\/#personlogo\",\"inLanguage\":\"es\",\"url\":\"https:\/\/secure.gravatar.com\/avatar\/c4e193752f756fd61f04deebed3a3a20dc188d37edb53682d313ac57f2725d54?s=96&d=mm&r=g\",\"contentUrl\":\"https:\/\/secure.gravatar.com\/avatar\/c4e193752f756fd61f04deebed3a3a20dc188d37edb53682d313ac57f2725d54?s=96&d=mm&r=g\",\"caption\":\"Redacci\\u00f3n\"},\"sameAs\":[\"https:\/\/soledaddurazo.com\"]}]}<\/script>\n ","yoast_head_json":{"title":"Retoma actividades presenciales programa de salud mental \u201cPonte Frente al Espejo\u201d - Periodista SoledadDurazo.com","robots":{"index":"index","follow":"follow","max-snippet":"max-snippet:-1","max-image-preview":"max-image-preview:large","max-video-preview":"max-video-preview:-1"},"canonical":"https:\/\/soledaddurazo.com\/blog\/2021\/05\/03\/retoma-actividades-presenciales-programa-de-salud-mental-ponte-frente-al-espejo\/","og_locale":"es_MX","og_type":"article","og_title":"Retoma actividades presenciales programa de salud mental \u201cPonte Frente al Espejo\u201d","og_description":"Tras un lapso de m\u00e1s de un a\u00f1o por la contingencia mundial de COVID-19, el Programa de Salud Mental \u201cPonte Frente al Espejo\u201d retom\u00f3 sus actividades de manera presencial, realizando pl\u00e1ticas y talleres en empresas e instituciones de la entidad con todos los protocolos contra contagios de Coronavirus inform\u00f3 Enrique Clausen Iberri. Luego de confirmarse [&hellip;]","og_url":"https:\/\/soledaddurazo.com\/blog\/2021\/05\/03\/retoma-actividades-presenciales-programa-de-salud-mental-ponte-frente-al-espejo\/","og_site_name":"Periodista SoledadDurazo.com","article_publisher":"https:\/\/www.facebook.com\/soledad.durazo.9\/","article_published_time":"2021-05-03T08:04:53+00:00","og_image":[{"width":512,"height":173,"url":"https:\/\/soledaddurazo.com\/storage\/2021\/05\/unnamed-1.jpg","type":"image\/jpeg"}],"twitter_card":"summary_large_image","twitter_creator":"@SoledadDurazo","twitter_site":"@SoledadDurazo","twitter_misc":{"Escrito por":"Redacci\u00f3n","Tiempo de lectura":"3 minutos"},"schema":{"@context":"https:\/\/schema.org","@graph":[{"@type":"Organization","@id":"https:\/\/soledaddurazo.com\/#organization","name":"Soledad Durazo","url":"https:\/\/soledaddurazo.com\/","sameAs":["https:\/\/www.facebook.com\/soledad.durazo.9\/","https:\/\/www.instagram.com\/soledaddurazo","https:\/\/www.youtube.com\/channel\/UC9yGPw8-Vbl_B2XNkRwPS-w","https:\/\/twitter.com\/SoledadDurazo"],"logo":{"@type":"ImageObject","@id":"https:\/\/soledaddurazo.com\/#logo","inLanguage":"es","url":"https:\/\/soledaddurazo.com\/storage\/2021\/11\/nllp-720x375-1-2.png","contentUrl":"https:\/\/soledaddurazo.com\/storage\/2021\/11\/nllp-720x375-1-2.png","width":720,"height":375,"caption":"Soledad Durazo"},"image":{"@id":"https:\/\/soledaddurazo.com\/#logo"}},{"@type":"WebSite","@id":"https:\/\/soledaddurazo.com\/#website","url":"https:\/\/soledaddurazo.com\/","name":"Periodista SoledadDurazo.com","description":"Periodista sonorense. Directora de www.SoledadDurazo.com Columnista, conductora de radio y Tv. Catedr\u00e1tica en la UNISON","publisher":{"@id":"https:\/\/soledaddurazo.com\/#organization"},"potentialAction":[{"@type":"SearchAction","target":{"@type":"EntryPoint","urlTemplate":"https:\/\/soledaddurazo.com\/?s={search_term_string}"},"query-input":"required name=search_term_string"}],"inLanguage":"es"},{"@type":"ImageObject","@id":"https:\/\/soledaddurazo.com\/blog\/2021\/05\/03\/retoma-actividades-presenciales-programa-de-salud-mental-ponte-frente-al-espejo\/#primaryimage","inLanguage":"es","url":"https:\/\/soledaddurazo.com\/storage\/2021\/05\/unnamed-1.jpg","contentUrl":"https:\/\/soledaddurazo.com\/storage\/2021\/05\/unnamed-1.jpg","width":512,"height":173},{"@type":"WebPage","@id":"https:\/\/soledaddurazo.com\/blog\/2021\/05\/03\/retoma-actividades-presenciales-programa-de-salud-mental-ponte-frente-al-espejo\/#webpage","url":"https:\/\/soledaddurazo.com\/blog\/2021\/05\/03\/retoma-actividades-presenciales-programa-de-salud-mental-ponte-frente-al-espejo\/","name":"Retoma actividades presenciales programa de salud mental \u201cPonte Frente al Espejo\u201d - Periodista SoledadDurazo.com","isPartOf":{"@id":"https:\/\/soledaddurazo.com\/#website"},"primaryImageOfPage":{"@id":"https:\/\/soledaddurazo.com\/blog\/2021\/05\/03\/retoma-actividades-presenciales-programa-de-salud-mental-ponte-frente-al-espejo\/#primaryimage"},"datePublished":"2021-05-03T08:04:53+00:00","dateModified":"2021-05-03T08:04:53+00:00","breadcrumb":{"@id":"https:\/\/soledaddurazo.com\/blog\/2021\/05\/03\/retoma-actividades-presenciales-programa-de-salud-mental-ponte-frente-al-espejo\/#breadcrumb"},"inLanguage":"es","potentialAction":[{"@type":"ReadAction","target":["https:\/\/soledaddurazo.com\/blog\/2021\/05\/03\/retoma-actividades-presenciales-programa-de-salud-mental-ponte-frente-al-espejo\/"]}]},{"@type":"BreadcrumbList","@id":"https:\/\/soledaddurazo.com\/blog\/2021\/05\/03\/retoma-actividades-presenciales-programa-de-salud-mental-ponte-frente-al-espejo\/#breadcrumb","itemListElement":[{"@type":"ListItem","position":1,"name":"Home","item":"https:\/\/soledaddurazo.com\/"},{"@type":"ListItem","position":2,"name":"Retoma actividades presenciales programa de salud mental \u201cPonte Frente al Espejo\u201d"}]},{"@type":"Article","@id":"https:\/\/soledaddurazo.com\/blog\/2021\/05\/03\/retoma-actividades-presenciales-programa-de-salud-mental-ponte-frente-al-espejo\/#article","isPartOf":{"@id":"https:\/\/soledaddurazo.com\/blog\/2021\/05\/03\/retoma-actividades-presenciales-programa-de-salud-mental-ponte-frente-al-espejo\/#webpage"},"author":{"@id":"https:\/\/soledaddurazo.com\/#\/schema\/person\/822d8e13aa288585e6546f179853758b"},"headline":"Retoma actividades presenciales programa de salud mental \u201cPonte Frente al Espejo\u201d","datePublished":"2021-05-03T08:04:53+00:00","dateModified":"2021-05-03T08:04:53+00:00","mainEntityOfPage":{"@id":"https:\/\/soledaddurazo.com\/blog\/2021\/05\/03\/retoma-actividades-presenciales-programa-de-salud-mental-ponte-frente-al-espejo\/#webpage"},"wordCount":707,"commentCount":0,"publisher":{"@id":"https:\/\/soledaddurazo.com\/#organization"},"image":{"@id":"https:\/\/soledaddurazo.com\/blog\/2021\/05\/03\/retoma-actividades-presenciales-programa-de-salud-mental-ponte-frente-al-espejo\/#primaryimage"},"thumbnailUrl":"https:\/\/soledaddurazo.com\/storage\/2021\/05\/unnamed-1.jpg","articleSection":["Mi Sonora"],"inLanguage":"es","potentialAction":[{"@type":"CommentAction","name":"Comment","target":["https:\/\/soledaddurazo.com\/blog\/2021\/05\/03\/retoma-actividades-presenciales-programa-de-salud-mental-ponte-frente-al-espejo\/#respond"]}]},{"@type":"Person","@id":"https:\/\/soledaddurazo.com\/#\/schema\/person\/822d8e13aa288585e6546f179853758b","name":"Redacci\u00f3n","image":{"@type":"ImageObject","@id":"https:\/\/soledaddurazo.com\/#personlogo","inLanguage":"es","url":"https:\/\/secure.gravatar.com\/avatar\/c4e193752f756fd61f04deebed3a3a20dc188d37edb53682d313ac57f2725d54?s=96&d=mm&r=g","contentUrl":"https:\/\/secure.gravatar.com\/avatar\/c4e193752f756fd61f04deebed3a3a20dc188d37edb53682d313ac57f2725d54?s=96&d=mm&r=g","caption":"Redacci\u00f3n"},"sameAs":["https:\/\/soledaddurazo.com"]}]}},"_links":{"self":[{"href":"https:\/\/soledaddurazo.com\/api\/wp\/v2\/posts\/8012","targetHints":{"allow":["GET"]}}],"collection":[{"href":"https:\/\/soledaddurazo.com\/api\/wp\/v2\/posts"}],"about":[{"href":"https:\/\/soledaddurazo.com\/api\/wp\/v2\/types\/post"}],"author":[{"embeddable":true,"href":"https:\/\/soledaddurazo.com\/api\/wp\/v2\/users\/1"}],"replies":[{"embeddable":true,"href":"https:\/\/soledaddurazo.com\/api\/wp\/v2\/comments?post=8012"}],"version-history":[{"count":1,"href":"https:\/\/soledaddurazo.com\/api\/wp\/v2\/posts\/8012\/revisions"}],"predecessor-version":[{"id":8014,"href":"https:\/\/soledaddurazo.com\/api\/wp\/v2\/posts\/8012\/revisions\/8014"}],"wp:featuredmedia":[{"embeddable":true,"href":"https:\/\/soledaddurazo.com\/api\/wp\/v2\/media\/8013"}],"wp:attachment":[{"href":"https:\/\/soledaddurazo.com\/api\/wp\/v2\/media?parent=8012"}],"wp:term":[{"taxonomy":"category","embeddable":true,"href":"https:\/\/soledaddurazo.com\/api\/wp\/v2\/categories?post=8012"},{"taxonomy":"post_tag","embeddable":true,"href":"https:\/\/soledaddurazo.com\/api\/wp\/v2\/tags?post=8012"}],"curies":[{"name":"wp","href":"https:\/\/api.w.org\/{rel}","templated":true}]}}