{"id":8008,"date":"2021-05-03T00:59:32","date_gmt":"2021-05-03T07:59:32","guid":{"rendered":"https:\/\/soledaddurazo.com\/?p=8008"},"modified":"2021-05-03T00:59:32","modified_gmt":"2021-05-03T07:59:32","slug":"de-gira-gobernadora-por-san-felipe-de-jesus-y-aconchi-con-acciones-de-salud-y-educacion","status":"publish","type":"post","link":"https:\/\/soledaddurazo.com\/blog\/2021\/05\/03\/de-gira-gobernadora-por-san-felipe-de-jesus-y-aconchi-con-acciones-de-salud-y-educacion\/","title":{"rendered":"De gira Gobernadora por San Felipe de Jes\u00fas y Aconchi con acciones de salud y educaci\u00f3n"},"content":{"rendered":"<p>Para conocer y atender las peticiones de la ciudadan\u00eda es importante estar cerca de ellos, asistiendo a las comunidades y escuch\u00e1ndolos, resalt\u00f3 la gobernadora Claudia Pavlovich Arellano, al presenciar la entrega de becas por parte del Instituto de Becas y Cr\u00e9dito Educativo de Sonora para alumnas y alumnos de educaci\u00f3n b\u00e1sica en San Felipe de Jes\u00fas y Aconchi.<\/p>\n<p>Junto con Yazmina Anaya Camargo, directora del Instituto, la mandataria estatal atestigu\u00f3 la entrega de becas para alumnas y alumnos de educaci\u00f3n b\u00e1sica y explic\u00f3 que en atenci\u00f3n a las medidas sanitarias por la pandemia de COVID-19 se est\u00e1 realizando esta entrega con todos los protocolos.<\/p>\n<p>\u201cSiempre les dije que para m\u00ed era muy importante estar cerca de mi gente, y la \u00fanica forma era estar ah\u00ed, desde los escritorios no se puede uno enterar de nada, solamente yendo a las comunidades, escuch\u00e1ndolas\u201d, expres\u00f3 la gobernadora.<\/p>\n<p>Delfina Lilian Ochoa, presidenta municipal de San Felipe de Jes\u00fas, agradeci\u00f3 esta entrega, ya que dijo que ser\u00e1 de gran utilidad para todas y todos los estudiantes en su comunidad.<\/p>\n<p>\u201cQuiero darle las gracias, yo s\u00e9 que nuestros ni\u00f1os, nuestros alumnos aqu\u00ed en la escuela, aqu\u00ed en San Felipe de Jes\u00fas est\u00e1n muy agradecidos por esta atenci\u00f3n, que sabemos que es una meta que se propuso hacer desde el inicio de su gobierno, estamos en este d\u00eda y lo est\u00e1 cumpliendo al pie de la letra\u201d, se\u00f1al\u00f3.<\/p>\n<p>En San Felipe de Jes\u00fas, la gobernadora Pavlovich visit\u00f3 el Centro de Salud Rural, donde supervis\u00f3 su correcto funcionamiento adem\u00e1s de saludar al personal del sector salud que ah\u00ed labora.<\/p>\n<p>Al arribar a Aconchi la gobernadora Pavlovich se encontr\u00f3 con habitantes de este municipio quienes estaban en la plaza principal recogiendo sus becas, ah\u00ed refrend\u00f3 su compromiso por seguir trabajando por todas y todos los sonorenses hasta el \u00faltimo d\u00eda de su administraci\u00f3n.<\/p>\n<p>\u201cSigo trabajando hasta el \u00faltimo minuto, como gobernadora, ya me quedan cuatro meses y medio, ha sido una experiencia muy importante para m\u00ed, una gran responsabilidad y un gran compromiso servir, nos toc\u00f3 una \u00e9poca muy complicada con la pandemia, todos hemos perdido a alguien, seres queridos o a un amigo, pero eso nos va a hacer sacar lo mejor de nosotros mismos, ser mejores personas, ser solidarios, ser m\u00e1s unidos\u201d, asever\u00f3.<\/p>\n<p>Celia Nares Loera, presidenta municipal de Aconchi, reconoci\u00f3 el apoyo a las y los j\u00f3venes de esta comunidad del R\u00edo Sonora a trav\u00e9s de las becas para continuar con sus estudios.<\/p>\n<p>\u201cBienvenida a Aconchi en su sexta visita, es una oportunidad muy especial aqu\u00ed, en esta ocasi\u00f3n con esta entrega de becas para alumnos de nuestra comunidad\u201d, dijo.<\/p>\n","protected":false},"excerpt":{"rendered":"<p>Para conocer y atender las peticiones de la ciudadan\u00eda es importante estar cerca de ellos, asistiendo a las comunidades y escuch\u00e1ndolos, resalt\u00f3 la gobernadora Claudia Pavlovich Arellano, al presenciar la entrega de becas por parte del Instituto de Becas y Cr\u00e9dito Educativo de Sonora para alumnas y alumnos de educaci\u00f3n b\u00e1sica en San Felipe de [&hellip;]<\/p>\n","protected":false},"author":1,"featured_media":8009,"comment_status":"open","ping_status":"open","sticky":false,"template":"","format":"standard","meta":{"footnotes":""},"categories":[159],"tags":[],"class_list":["post"],"yoast_head":" \n<title>De gira Gobernadora por San Felipe de Jes\u00fas y Aconchi con acciones de salud y educaci\u00f3n - Periodista SoledadDurazo.com<\/title>\n<meta name=\"robots\" content=\"index, follow, max-snippet:-1, max-image-preview:large, max-video-preview:-1\" \/>\n<link rel=\"canonical\" href=\"https:\/\/soledaddurazo.com\/blog\/2021\/05\/03\/de-gira-gobernadora-por-san-felipe-de-jesus-y-aconchi-con-acciones-de-salud-y-educacion\/\" \/>\n<meta property=\"og:locale\" content=\"es_MX\" \/>\n<meta property=\"og:type\" content=\"article\" \/>\n<meta property=\"og:title\" content=\"De gira Gobernadora por San Felipe de Jes\u00fas y Aconchi con acciones de salud y educaci\u00f3n\" \/>\n<meta property=\"og:description\" content=\"Para conocer y atender las peticiones de la ciudadan\u00eda es importante estar cerca de ellos, asistiendo a las comunidades y escuch\u00e1ndolos, resalt\u00f3 la gobernadora Claudia Pavlovich Arellano, al presenciar la entrega de becas por parte del Instituto de Becas y Cr\u00e9dito Educativo de Sonora para alumnas y alumnos de educaci\u00f3n b\u00e1sica en San Felipe de [&hellip;]\" \/>\n<meta property=\"og:url\" content=\"https:\/\/soledaddurazo.com\/blog\/2021\/05\/03\/de-gira-gobernadora-por-san-felipe-de-jesus-y-aconchi-con-acciones-de-salud-y-educacion\/\" \/>\n<meta property=\"og:site_name\" content=\"Periodista SoledadDurazo.com\" \/>\n<meta property=\"article:publisher\" content=\"https:\/\/www.facebook.com\/soledad.durazo.9\/\" \/>\n<meta property=\"article:published_time\" content=\"2021-05-03T07:59:32+00:00\" \/>\n<meta property=\"og:image\" content=\"https:\/\/soledaddurazo.com\/storage\/2021\/05\/image00008-2-scaled.jpeg\" \/>\n\t<meta property=\"og:image:width\" content=\"2560\" \/>\n\t<meta property=\"og:image:height\" content=\"1707\" \/>\n<meta name=\"twitter:card\" content=\"summary_large_image\" \/>\n<meta name=\"twitter:creator\" content=\"@SoledadDurazo\" \/>\n<meta name=\"twitter:site\" content=\"@SoledadDurazo\" \/>\n<meta name=\"twitter:label1\" content=\"Escrito por\" \/>\n\t<meta name=\"twitter:data1\" content=\"Redacci\u00f3n\" \/>\n\t<meta name=\"twitter:label2\" content=\"Tiempo de lectura\" \/>\n\t<meta name=\"twitter:data2\" content=\"2 minutos\" \/>\n<script type=\"application\/ld+json\" class=\"yoast-schema-graph\">{\"@context\":\"https:\/\/schema.org\",\"@graph\":[{\"@type\":\"Organization\",\"@id\":\"https:\/\/soledaddurazo.com\/#organization\",\"name\":\"Soledad Durazo\",\"url\":\"https:\/\/soledaddurazo.com\/\",\"sameAs\":[\"https:\/\/www.facebook.com\/soledad.durazo.9\/\",\"https:\/\/www.instagram.com\/soledaddurazo\",\"https:\/\/www.youtube.com\/channel\/UC9yGPw8-Vbl_B2XNkRwPS-w\",\"https:\/\/twitter.com\/SoledadDurazo\"],\"logo\":{\"@type\":\"ImageObject\",\"@id\":\"https:\/\/soledaddurazo.com\/#logo\",\"inLanguage\":\"es\",\"url\":\"https:\/\/soledaddurazo.com\/storage\/2021\/11\/nllp-720x375-1-2.png\",\"contentUrl\":\"https:\/\/soledaddurazo.com\/storage\/2021\/11\/nllp-720x375-1-2.png\",\"width\":720,\"height\":375,\"caption\":\"Soledad Durazo\"},\"image\":{\"@id\":\"https:\/\/soledaddurazo.com\/#logo\"}},{\"@type\":\"WebSite\",\"@id\":\"https:\/\/soledaddurazo.com\/#website\",\"url\":\"https:\/\/soledaddurazo.com\/\",\"name\":\"Periodista SoledadDurazo.com\",\"description\":\"Periodista sonorense. Directora de www.SoledadDurazo.com Columnista, conductora de radio y Tv. Catedr\\u00e1tica en la UNISON\",\"publisher\":{\"@id\":\"https:\/\/soledaddurazo.com\/#organization\"},\"potentialAction\":[{\"@type\":\"SearchAction\",\"target\":{\"@type\":\"EntryPoint\",\"urlTemplate\":\"https:\/\/soledaddurazo.com\/?s={search_term_string}\"},\"query-input\":\"required name=search_term_string\"}],\"inLanguage\":\"es\"},{\"@type\":\"ImageObject\",\"@id\":\"https:\/\/soledaddurazo.com\/blog\/2021\/05\/03\/de-gira-gobernadora-por-san-felipe-de-jesus-y-aconchi-con-acciones-de-salud-y-educacion\/#primaryimage\",\"inLanguage\":\"es\",\"url\":\"https:\/\/soledaddurazo.com\/storage\/2021\/05\/image00008-2-scaled.jpeg\",\"contentUrl\":\"https:\/\/soledaddurazo.com\/storage\/2021\/05\/image00008-2-scaled.jpeg\",\"width\":2560,\"height\":1707},{\"@type\":\"WebPage\",\"@id\":\"https:\/\/soledaddurazo.com\/blog\/2021\/05\/03\/de-gira-gobernadora-por-san-felipe-de-jesus-y-aconchi-con-acciones-de-salud-y-educacion\/#webpage\",\"url\":\"https:\/\/soledaddurazo.com\/blog\/2021\/05\/03\/de-gira-gobernadora-por-san-felipe-de-jesus-y-aconchi-con-acciones-de-salud-y-educacion\/\",\"name\":\"De gira Gobernadora por San Felipe de Jes\\u00fas y Aconchi con acciones de salud y educaci\\u00f3n - Periodista SoledadDurazo.com\",\"isPartOf\":{\"@id\":\"https:\/\/soledaddurazo.com\/#website\"},\"primaryImageOfPage\":{\"@id\":\"https:\/\/soledaddurazo.com\/blog\/2021\/05\/03\/de-gira-gobernadora-por-san-felipe-de-jesus-y-aconchi-con-acciones-de-salud-y-educacion\/#primaryimage\"},\"datePublished\":\"2021-05-03T07:59:32+00:00\",\"dateModified\":\"2021-05-03T07:59:32+00:00\",\"breadcrumb\":{\"@id\":\"https:\/\/soledaddurazo.com\/blog\/2021\/05\/03\/de-gira-gobernadora-por-san-felipe-de-jesus-y-aconchi-con-acciones-de-salud-y-educacion\/#breadcrumb\"},\"inLanguage\":\"es\",\"potentialAction\":[{\"@type\":\"ReadAction\",\"target\":[\"https:\/\/soledaddurazo.com\/blog\/2021\/05\/03\/de-gira-gobernadora-por-san-felipe-de-jesus-y-aconchi-con-acciones-de-salud-y-educacion\/\"]}]},{\"@type\":\"BreadcrumbList\",\"@id\":\"https:\/\/soledaddurazo.com\/blog\/2021\/05\/03\/de-gira-gobernadora-por-san-felipe-de-jesus-y-aconchi-con-acciones-de-salud-y-educacion\/#breadcrumb\",\"itemListElement\":[{\"@type\":\"ListItem\",\"position\":1,\"name\":\"Home\",\"item\":\"https:\/\/soledaddurazo.com\/\"},{\"@type\":\"ListItem\",\"position\":2,\"name\":\"De gira Gobernadora por San Felipe de Jes\\u00fas y Aconchi con acciones de salud y educaci\\u00f3n\"}]},{\"@type\":\"Article\",\"@id\":\"https:\/\/soledaddurazo.com\/blog\/2021\/05\/03\/de-gira-gobernadora-por-san-felipe-de-jesus-y-aconchi-con-acciones-de-salud-y-educacion\/#article\",\"isPartOf\":{\"@id\":\"https:\/\/soledaddurazo.com\/blog\/2021\/05\/03\/de-gira-gobernadora-por-san-felipe-de-jesus-y-aconchi-con-acciones-de-salud-y-educacion\/#webpage\"},\"author\":{\"@id\":\"https:\/\/soledaddurazo.com\/#\/schema\/person\/822d8e13aa288585e6546f179853758b\"},\"headline\":\"De gira Gobernadora por San Felipe de Jes\\u00fas y Aconchi con acciones de salud y educaci\\u00f3n\",\"datePublished\":\"2021-05-03T07:59:32+00:00\",\"dateModified\":\"2021-05-03T07:59:32+00:00\",\"mainEntityOfPage\":{\"@id\":\"https:\/\/soledaddurazo.com\/blog\/2021\/05\/03\/de-gira-gobernadora-por-san-felipe-de-jesus-y-aconchi-con-acciones-de-salud-y-educacion\/#webpage\"},\"wordCount\":478,\"commentCount\":0,\"publisher\":{\"@id\":\"https:\/\/soledaddurazo.com\/#organization\"},\"image\":{\"@id\":\"https:\/\/soledaddurazo.com\/blog\/2021\/05\/03\/de-gira-gobernadora-por-san-felipe-de-jesus-y-aconchi-con-acciones-de-salud-y-educacion\/#primaryimage\"},\"thumbnailUrl\":\"https:\/\/soledaddurazo.com\/storage\/2021\/05\/image00008-2-scaled.jpeg\",\"articleSection\":[\"Mi Sonora\"],\"inLanguage\":\"es\",\"potentialAction\":[{\"@type\":\"CommentAction\",\"name\":\"Comment\",\"target\":[\"https:\/\/soledaddurazo.com\/blog\/2021\/05\/03\/de-gira-gobernadora-por-san-felipe-de-jesus-y-aconchi-con-acciones-de-salud-y-educacion\/#respond\"]}]},{\"@type\":\"Person\",\"@id\":\"https:\/\/soledaddurazo.com\/#\/schema\/person\/822d8e13aa288585e6546f179853758b\",\"name\":\"Redacci\\u00f3n\",\"image\":{\"@type\":\"ImageObject\",\"@id\":\"https:\/\/soledaddurazo.com\/#personlogo\",\"inLanguage\":\"es\",\"url\":\"https:\/\/secure.gravatar.com\/avatar\/c4e193752f756fd61f04deebed3a3a20dc188d37edb53682d313ac57f2725d54?s=96&d=mm&r=g\",\"contentUrl\":\"https:\/\/secure.gravatar.com\/avatar\/c4e193752f756fd61f04deebed3a3a20dc188d37edb53682d313ac57f2725d54?s=96&d=mm&r=g\",\"caption\":\"Redacci\\u00f3n\"},\"sameAs\":[\"https:\/\/soledaddurazo.com\"]}]}<\/script>\n ","yoast_head_json":{"title":"De gira Gobernadora por San Felipe de Jes\u00fas y Aconchi con acciones de salud y educaci\u00f3n - Periodista SoledadDurazo.com","robots":{"index":"index","follow":"follow","max-snippet":"max-snippet:-1","max-image-preview":"max-image-preview:large","max-video-preview":"max-video-preview:-1"},"canonical":"https:\/\/soledaddurazo.com\/blog\/2021\/05\/03\/de-gira-gobernadora-por-san-felipe-de-jesus-y-aconchi-con-acciones-de-salud-y-educacion\/","og_locale":"es_MX","og_type":"article","og_title":"De gira Gobernadora por San Felipe de Jes\u00fas y Aconchi con acciones de salud y educaci\u00f3n","og_description":"Para conocer y atender las peticiones de la ciudadan\u00eda es importante estar cerca de ellos, asistiendo a las comunidades y escuch\u00e1ndolos, resalt\u00f3 la gobernadora Claudia Pavlovich Arellano, al presenciar la entrega de becas por parte del Instituto de Becas y Cr\u00e9dito Educativo de Sonora para alumnas y alumnos de educaci\u00f3n b\u00e1sica en San Felipe de [&hellip;]","og_url":"https:\/\/soledaddurazo.com\/blog\/2021\/05\/03\/de-gira-gobernadora-por-san-felipe-de-jesus-y-aconchi-con-acciones-de-salud-y-educacion\/","og_site_name":"Periodista SoledadDurazo.com","article_publisher":"https:\/\/www.facebook.com\/soledad.durazo.9\/","article_published_time":"2021-05-03T07:59:32+00:00","og_image":[{"width":2560,"height":1707,"url":"https:\/\/soledaddurazo.com\/storage\/2021\/05\/image00008-2-scaled.jpeg","type":"image\/jpeg"}],"twitter_card":"summary_large_image","twitter_creator":"@SoledadDurazo","twitter_site":"@SoledadDurazo","twitter_misc":{"Escrito por":"Redacci\u00f3n","Tiempo de lectura":"2 minutos"},"schema":{"@context":"https:\/\/schema.org","@graph":[{"@type":"Organization","@id":"https:\/\/soledaddurazo.com\/#organization","name":"Soledad Durazo","url":"https:\/\/soledaddurazo.com\/","sameAs":["https:\/\/www.facebook.com\/soledad.durazo.9\/","https:\/\/www.instagram.com\/soledaddurazo","https:\/\/www.youtube.com\/channel\/UC9yGPw8-Vbl_B2XNkRwPS-w","https:\/\/twitter.com\/SoledadDurazo"],"logo":{"@type":"ImageObject","@id":"https:\/\/soledaddurazo.com\/#logo","inLanguage":"es","url":"https:\/\/soledaddurazo.com\/storage\/2021\/11\/nllp-720x375-1-2.png","contentUrl":"https:\/\/soledaddurazo.com\/storage\/2021\/11\/nllp-720x375-1-2.png","width":720,"height":375,"caption":"Soledad Durazo"},"image":{"@id":"https:\/\/soledaddurazo.com\/#logo"}},{"@type":"WebSite","@id":"https:\/\/soledaddurazo.com\/#website","url":"https:\/\/soledaddurazo.com\/","name":"Periodista SoledadDurazo.com","description":"Periodista sonorense. Directora de www.SoledadDurazo.com Columnista, conductora de radio y Tv. Catedr\u00e1tica en la UNISON","publisher":{"@id":"https:\/\/soledaddurazo.com\/#organization"},"potentialAction":[{"@type":"SearchAction","target":{"@type":"EntryPoint","urlTemplate":"https:\/\/soledaddurazo.com\/?s={search_term_string}"},"query-input":"required name=search_term_string"}],"inLanguage":"es"},{"@type":"ImageObject","@id":"https:\/\/soledaddurazo.com\/blog\/2021\/05\/03\/de-gira-gobernadora-por-san-felipe-de-jesus-y-aconchi-con-acciones-de-salud-y-educacion\/#primaryimage","inLanguage":"es","url":"https:\/\/soledaddurazo.com\/storage\/2021\/05\/image00008-2-scaled.jpeg","contentUrl":"https:\/\/soledaddurazo.com\/storage\/2021\/05\/image00008-2-scaled.jpeg","width":2560,"height":1707},{"@type":"WebPage","@id":"https:\/\/soledaddurazo.com\/blog\/2021\/05\/03\/de-gira-gobernadora-por-san-felipe-de-jesus-y-aconchi-con-acciones-de-salud-y-educacion\/#webpage","url":"https:\/\/soledaddurazo.com\/blog\/2021\/05\/03\/de-gira-gobernadora-por-san-felipe-de-jesus-y-aconchi-con-acciones-de-salud-y-educacion\/","name":"De gira Gobernadora por San Felipe de Jes\u00fas y Aconchi con acciones de salud y educaci\u00f3n - Periodista SoledadDurazo.com","isPartOf":{"@id":"https:\/\/soledaddurazo.com\/#website"},"primaryImageOfPage":{"@id":"https:\/\/soledaddurazo.com\/blog\/2021\/05\/03\/de-gira-gobernadora-por-san-felipe-de-jesus-y-aconchi-con-acciones-de-salud-y-educacion\/#primaryimage"},"datePublished":"2021-05-03T07:59:32+00:00","dateModified":"2021-05-03T07:59:32+00:00","breadcrumb":{"@id":"https:\/\/soledaddurazo.com\/blog\/2021\/05\/03\/de-gira-gobernadora-por-san-felipe-de-jesus-y-aconchi-con-acciones-de-salud-y-educacion\/#breadcrumb"},"inLanguage":"es","potentialAction":[{"@type":"ReadAction","target":["https:\/\/soledaddurazo.com\/blog\/2021\/05\/03\/de-gira-gobernadora-por-san-felipe-de-jesus-y-aconchi-con-acciones-de-salud-y-educacion\/"]}]},{"@type":"BreadcrumbList","@id":"https:\/\/soledaddurazo.com\/blog\/2021\/05\/03\/de-gira-gobernadora-por-san-felipe-de-jesus-y-aconchi-con-acciones-de-salud-y-educacion\/#breadcrumb","itemListElement":[{"@type":"ListItem","position":1,"name":"Home","item":"https:\/\/soledaddurazo.com\/"},{"@type":"ListItem","position":2,"name":"De gira Gobernadora por San Felipe de Jes\u00fas y Aconchi con acciones de salud y educaci\u00f3n"}]},{"@type":"Article","@id":"https:\/\/soledaddurazo.com\/blog\/2021\/05\/03\/de-gira-gobernadora-por-san-felipe-de-jesus-y-aconchi-con-acciones-de-salud-y-educacion\/#article","isPartOf":{"@id":"https:\/\/soledaddurazo.com\/blog\/2021\/05\/03\/de-gira-gobernadora-por-san-felipe-de-jesus-y-aconchi-con-acciones-de-salud-y-educacion\/#webpage"},"author":{"@id":"https:\/\/soledaddurazo.com\/#\/schema\/person\/822d8e13aa288585e6546f179853758b"},"headline":"De gira Gobernadora por San Felipe de Jes\u00fas y Aconchi con acciones de salud y educaci\u00f3n","datePublished":"2021-05-03T07:59:32+00:00","dateModified":"2021-05-03T07:59:32+00:00","mainEntityOfPage":{"@id":"https:\/\/soledaddurazo.com\/blog\/2021\/05\/03\/de-gira-gobernadora-por-san-felipe-de-jesus-y-aconchi-con-acciones-de-salud-y-educacion\/#webpage"},"wordCount":478,"commentCount":0,"publisher":{"@id":"https:\/\/soledaddurazo.com\/#organization"},"image":{"@id":"https:\/\/soledaddurazo.com\/blog\/2021\/05\/03\/de-gira-gobernadora-por-san-felipe-de-jesus-y-aconchi-con-acciones-de-salud-y-educacion\/#primaryimage"},"thumbnailUrl":"https:\/\/soledaddurazo.com\/storage\/2021\/05\/image00008-2-scaled.jpeg","articleSection":["Mi Sonora"],"inLanguage":"es","potentialAction":[{"@type":"CommentAction","name":"Comment","target":["https:\/\/soledaddurazo.com\/blog\/2021\/05\/03\/de-gira-gobernadora-por-san-felipe-de-jesus-y-aconchi-con-acciones-de-salud-y-educacion\/#respond"]}]},{"@type":"Person","@id":"https:\/\/soledaddurazo.com\/#\/schema\/person\/822d8e13aa288585e6546f179853758b","name":"Redacci\u00f3n","image":{"@type":"ImageObject","@id":"https:\/\/soledaddurazo.com\/#personlogo","inLanguage":"es","url":"https:\/\/secure.gravatar.com\/avatar\/c4e193752f756fd61f04deebed3a3a20dc188d37edb53682d313ac57f2725d54?s=96&d=mm&r=g","contentUrl":"https:\/\/secure.gravatar.com\/avatar\/c4e193752f756fd61f04deebed3a3a20dc188d37edb53682d313ac57f2725d54?s=96&d=mm&r=g","caption":"Redacci\u00f3n"},"sameAs":["https:\/\/soledaddurazo.com"]}]}},"_links":{"self":[{"href":"https:\/\/soledaddurazo.com\/api\/wp\/v2\/posts\/8008","targetHints":{"allow":["GET"]}}],"collection":[{"href":"https:\/\/soledaddurazo.com\/api\/wp\/v2\/posts"}],"about":[{"href":"https:\/\/soledaddurazo.com\/api\/wp\/v2\/types\/post"}],"author":[{"embeddable":true,"href":"https:\/\/soledaddurazo.com\/api\/wp\/v2\/users\/1"}],"replies":[{"embeddable":true,"href":"https:\/\/soledaddurazo.com\/api\/wp\/v2\/comments?post=8008"}],"version-history":[{"count":2,"href":"https:\/\/soledaddurazo.com\/api\/wp\/v2\/posts\/8008\/revisions"}],"predecessor-version":[{"id":8011,"href":"https:\/\/soledaddurazo.com\/api\/wp\/v2\/posts\/8008\/revisions\/8011"}],"wp:featuredmedia":[{"embeddable":true,"href":"https:\/\/soledaddurazo.com\/api\/wp\/v2\/media\/8009"}],"wp:attachment":[{"href":"https:\/\/soledaddurazo.com\/api\/wp\/v2\/media?parent=8008"}],"wp:term":[{"taxonomy":"category","embeddable":true,"href":"https:\/\/soledaddurazo.com\/api\/wp\/v2\/categories?post=8008"},{"taxonomy":"post_tag","embeddable":true,"href":"https:\/\/soledaddurazo.com\/api\/wp\/v2\/tags?post=8008"}],"curies":[{"name":"wp","href":"https:\/\/api.w.org\/{rel}","templated":true}]}}