{"id":7780,"date":"2021-04-22T00:41:31","date_gmt":"2021-04-22T07:41:31","guid":{"rendered":"https:\/\/soledaddurazo.com\/?p=7780"},"modified":"2021-04-22T00:41:31","modified_gmt":"2021-04-22T07:41:31","slug":"se-registran-en-sonora-8-decesos-y-136-nuevos-casos-positivos-de-covid","status":"publish","type":"post","link":"https:\/\/soledaddurazo.com\/blog\/2021\/04\/22\/se-registran-en-sonora-8-decesos-y-136-nuevos-casos-positivos-de-covid\/","title":{"rendered":"Se registran en Sonora 8 decesos y 136 nuevos casos positivos de Covid"},"content":{"rendered":"<p>Estudios han probado que debido al confinamiento provocado por la pandemia por el COVID-19, se han adquirido h\u00e1bitas alimenticios irregulares y sedentarismo, lo que podr\u00eda ocasionar que un posible contagio se agrave ante esta situaci\u00f3n, de ah\u00ed la importancia de evitar un mayor consumo de calor\u00edas, enfatiz\u00f3 Enrique Clausen Iberri, tras informarse que este d\u00eda se registraron ocho decesos y 136 nuevos casos en el estado.<\/p>\n<p>El secretario de Salud se\u00f1al\u00f3 que es importante llevar una adecuada alimentaci\u00f3n y ejercitarse, para evitar provocar que factores puedan agravar su salud ante un posible contagio por COVID-19.<\/p>\n<p>\u201cEstudios han probado que el confinamiento por la pandemia de COVID-19 ha provocado patrones de alimentaci\u00f3n irregulares y sedentarismo. Esto ha llevado a un mayor consumo de calor\u00edas y al riesgo de mal nutrici\u00f3n. La recomendaci\u00f3n de los expertos es disminuir el consumo de alimentos ricos en grasas, az\u00facares y aumentar el consumo de frutas y verduras, adem\u00e1s de una rutina de ejercicio. Hay que evitar factores que puedan agravar el COVID-19\u201d, expres\u00f3.<\/p>\n<p>Este mi\u00e9rcoles, se confirmaron ocho decesos m\u00e1s en Sonora, en seis mujeres y dos hombres; dos de ellos residentes de Cajeme; dos de Hermosillo; uno de Huatabampo; uno de Bacoachi; uno de B\u00e1cum y uno de Agua Prieta; cinco de las personas fallecidas eran derechohabientes del IMSS; dos de la Secretar\u00eda de Salud y uno del Isssteson, con los que se acumulan 6 mil 180 defunciones en la entidad desde el inicio de la pandemia.<\/p>\n<p>Asimismo, se registraron 136 nuevos casos por COVID-19, en 69 mujeres y 67 hombres, para un total de 72 mil casos en la entidad. De los contagios nuevos, 60 son residentes de Hermosillo; 25 de Cajeme; nueve de \u00cdmuris; seis de Caborca; cinco de Agua Prieta; cinco de Navojoa; cuatro de San Ignacio R\u00edo Muerto; cuatro de San Luis R\u00edo Colorado; tres de Huatabampo; tres de Guaymas; dos de Nogales; dos de Magdalena; dos de Benito Ju\u00e1rez; dos de Cananea; uno de \u00c1lamos; uno de Carb\u00f3; uno de Empalme y uno de Puerto Pe\u00f1asco.<\/p>\n<p>Hoy se confirmaron tres casos pedi\u00e1tricos, en dos ni\u00f1as y un ni\u00f1o, para un total de mil 316; tambi\u00e9n se confirm\u00f3 un caso en una mujer embarazada, acumul\u00e1ndose 486; dos de los 136 casos son en trabajadores de la salud de diversas instituciones. Este mi\u00e9rcoles, 10 pacientes fueron dados de alta y hasta el momento 64 mil 982 personas se han recuperado en la entidad.<\/p>\n<p>Al momento, se han realizado 126 mil 962 pruebas; se han confirmado 72 mil casos y se han descartado 54 mil 962; en total ocho mil 547 casos han sido cuadros leves; 715 activos y siete mil 832 concluyeron su seguimiento; 57 mil 150 pacientes se han curado y 123 pacientes se encuentran hospitalizados, 26 de ellos estables, 70 graves y 27 cr\u00edticos.<\/p>\n<p>Casos COVID-19 en Sonora 72,000 casos confirmados y 6,180 defunciones<\/p>\n<p>Defunciones registradas el 21 de abril de 2021: 8<br \/>\nCajeme: 2<br \/>\nHermosillo: 2<br \/>\nHuatabampo: 1<br \/>\nBacoachi: 1<br \/>\nB\u00e1cum: 1<br \/>\nAgua Prieta: 1<\/p>\n<p>Instituci\u00f3n M\u00e9dica<br \/>\nIMSS: 5<br \/>\nSecretar\u00eda de Salud: 2<br \/>\nIsssteson: 1<\/p>\n<p>Casos confirmados el 21 de abril de 2021: 136<br \/>\nHermosillo: 60<br \/>\nCajeme: 25<br \/>\n\u00cdmuris: 9<br \/>\nCaborca: 6<br \/>\nAgua Prieta: 5<br \/>\nNavojoa: 5<br \/>\nSan Ignacio R\u00edo Muerto: 4<br \/>\nSan Luis R\u00edo Colorado: 4<br \/>\nHuatabampo: 3<br \/>\nGuaymas: 3<br \/>\nNogales: 2<br \/>\nMagdalena: 2<br \/>\nBenito Ju\u00e1rez: 2<br \/>\nCananea: 2<br \/>\n\u00c1lamos: 1<br \/>\nCarb\u00f3: 1<br \/>\nEmpalme: 1<br \/>\nPuerto Pe\u00f1asco: 1<\/p>\n<p>Mujeres: 69\/ Hombres: 67<\/p>\n<p>Instituci\u00f3n M\u00e9dica<br \/>\nSecretar\u00eda de Salud: 57<br \/>\nIsssteson: 41<br \/>\nIMSS: 33<br \/>\nIssste: 5<\/p>\n<p>Acumulados<br \/>\nDefunciones: 6,180<br \/>\nHermosillo: 2,028<br \/>\nCajeme: 1,065<br \/>\nNogales: 496<br \/>\nSan Luis R\u00edo Colorado: 495<br \/>\nGuaymas: 369<br \/>\nNavojoa: 279<br \/>\nAgua Prieta: 219<br \/>\nCaborca: 164<br \/>\nHuatabampo: 144<br \/>\nCananea: 117<br \/>\nEmpalme: 117<br \/>\nEtchojoa: 94<br \/>\nPuerto Pe\u00f1asco: 76<br \/>\nMagdalena: 75<br \/>\nNacozari de Garc\u00eda: 53<br \/>\nBenito Ju\u00e1rez: 43<br \/>\nSanta Ana: 43<br \/>\nB\u00e1cum: 43<br \/>\nSan Ignacio R\u00edo Muerto: 23<br \/>\n\u00cdmuris: 22<br \/>\nGral. Plutarco El\u00edas Calles: 22<br \/>\nFronteras: 17<br \/>\n\u00c1lamos: 17<br \/>\nPitiquito: 15<br \/>\nCumpas: 14<br \/>\nNaco: 10<br \/>\nMoctezuma: 10<br \/>\nUres: 9<br \/>\nRosario: 9<br \/>\nSahuaripa: 8<br \/>\nVilla Hidalgo: 7<br \/>\nBavi\u00e1cora: 7<br \/>\nBacoachi: 7<br \/>\nBenjam\u00edn Hill: 6<br \/>\nAltar: 6<br \/>\nSan Miguel de Horcasitas: 5<br \/>\nAconchi: 4<br \/>\nS\u00e1ric: 4<br \/>\nRay\u00f3n: 3<br \/>\nCarb\u00f3: 3<br \/>\nQuiriego: 3<br \/>\nBacerac: 3<br \/>\nArizpe: 3<br \/>\nBan\u00e1michi: 3<br \/>\nBavispe: 2<br \/>\nN\u00e1cori Chico: 2<br \/>\nSan Pedro de la Cueva: 2<br \/>\nArivechi: 2<br \/>\nCucurpe: 2<br \/>\nHu\u00e9pac: 2<br \/>\nTepache: 2<br \/>\nOpodepe: 1<br \/>\nSan Felipe de Jes\u00fas: 1<br \/>\nGranados: 1<br \/>\nOquitoa: 1<br \/>\nSanta Cruz: 1<br \/>\nMazat\u00e1n: 1<\/p>\n<p>Mujeres: 2,651\/Hombres: 3,529<\/p>\n<p>Instituci\u00f3n M\u00e9dica<br \/>\nIMSS: 3,890<br \/>\nSecretar\u00eda de Salud: 1,739<br \/>\nIsssteson: 415<br \/>\nIssste: 127<br \/>\nSedena: 5<br \/>\nSemar: 4<\/p>\n<p>Total de casos confirmados: 72,000<br \/>\nHermosillo: 33,593 municipio con mayor incidencia con un 47% del total.<br \/>\nCajeme: 10,145 que representan el 14% del total.<br \/>\nNogales: 4,507 que representan el 6% del total<br \/>\nGuaymas: 3,407 que representan el 5% del total<br \/>\nSan Luis R\u00edo Colorado: 3,075<br \/>\nCaborca: 3,067<br \/>\nNavojoa: 3,045<br \/>\nCananea: 1,895<br \/>\nHuatabampo: 1,410<br \/>\nEmpalme: 1,303<br \/>\nAgua Prieta: 1,214<br \/>\nEtchojoa: 704<br \/>\nMagdalena: 617<br \/>\nPuerto Pe\u00f1asco: 504<br \/>\nSanta Ana: 373<br \/>\nNacozari de Garc\u00eda: 337<br \/>\nB\u00e1cum: 280<br \/>\nPitiquito: 274<br \/>\n\u00c1lamos: 248<br \/>\nBenito Ju\u00e1rez: 213<br \/>\nGral. Plutarco El\u00edas Calles: 209<br \/>\nSan Ignacio R\u00edo Muerto: 178<br \/>\nSahuaripa: 154<br \/>\nBavi\u00e1cora: 133<br \/>\n\u00cdmuris: 110<br \/>\nAltar: 94<br \/>\nUres: 91<br \/>\nCumpas: 70<br \/>\nMoctezuma: 70<br \/>\nRosario: 66<br \/>\nBacoachi: 51<br \/>\nFronteras: 45<br \/>\nY\u00e9cora: 44<br \/>\nBenjam\u00edn Hill: 38<br \/>\nNaco: 34<br \/>\nArizpe: 32<br \/>\nAconchi: 31<br \/>\nN\u00e1cori Chico: 30<br \/>\nS\u00e1ric: 26<br \/>\nCarb\u00f3: 25<br \/>\nArivechi: 22<br \/>\nSan Miguel de Horcasitas: 18<br \/>\nVilla Hidalgo: 16<br \/>\nGranados: 15<br \/>\nTrincheras: 14<br \/>\nBan\u00e1michi: 14<br \/>\nQuiriego: 14<br \/>\nSan Pedro de la Cueva: 13<br \/>\nCucurpe: 13<br \/>\nRay\u00f3n: 11<br \/>\nTepache: 11<br \/>\nHu\u00e1sabas: 11<br \/>\nBacerac: 8<br \/>\nHuachinera: 7<br \/>\nBavispe: 7<br \/>\n\u00d3navas: 6<br \/>\nVilla Pesqueira: 6<br \/>\nSan Javier: 6<br \/>\nTubutama: 6<br \/>\nDivisaderos: 5<br \/>\nBacad\u00e9huachi: 5<br \/>\nSan Felipe de Jes\u00fas: 5<br \/>\nHu\u00e9pac: 5<br \/>\nMazat\u00e1n: 5<br \/>\nBacanora: 4<br \/>\nSanta Cruz: 4<br \/>\nOpodepe: 4<br \/>\nOquitoa: 3<br \/>\nLa Colorada: 2<br \/>\nSoyopa: 1<br \/>\nSuaqui Grande: 1<\/p>\n<p>Mujeres: 38,711\/Hombres: 33,289<\/p>\n<p>Instituci\u00f3n M\u00e9dica<br \/>\nSecretar\u00eda de Salud: 49,894<br \/>\nIMSS: 15,078<br \/>\nIsssteson: 5,672<br \/>\nIssste: 1,117<br \/>\nSedena: 224<br \/>\nSemar: 15<\/p>\n<p>Casos estudiados: 126,962<br \/>\nConfirmados: 72,000<br \/>\nDescartados: 54,962<br \/>\nCuadro leve: 8,547<br \/>\nPacientes activos: 715<br \/>\nPacientes en seguimiento terminado: 7,832<br \/>\nCurados: 57,150<br \/>\nHospitalizados: 123<br \/>\nEstables: 26<br \/>\nGraves: 70<br \/>\nPacientes graves con ventilaci\u00f3n mec\u00e1nica invasiva: 27<\/p>\n","protected":false},"excerpt":{"rendered":"<p>Estudios han probado que debido al confinamiento provocado por la pandemia por el COVID-19, se han adquirido h\u00e1bitas alimenticios irregulares y sedentarismo, lo que podr\u00eda ocasionar que un posible contagio se agrave ante esta situaci\u00f3n, de ah\u00ed la importancia de evitar un mayor consumo de calor\u00edas, enfatiz\u00f3 Enrique Clausen Iberri, tras informarse que este d\u00eda [&hellip;]<\/p>\n","protected":false},"author":1,"featured_media":7781,"comment_status":"open","ping_status":"open","sticky":false,"template":"","format":"standard","meta":{"footnotes":""},"categories":[159],"tags":[],"class_list":["post"],"yoast_head":" \n<title>Se registran en Sonora 8 decesos y 136 nuevos casos positivos de Covid - Periodista SoledadDurazo.com<\/title>\n<meta name=\"robots\" content=\"index, follow, max-snippet:-1, max-image-preview:large, max-video-preview:-1\" \/>\n<link rel=\"canonical\" href=\"https:\/\/soledaddurazo.com\/blog\/2021\/04\/22\/se-registran-en-sonora-8-decesos-y-136-nuevos-casos-positivos-de-covid\/\" \/>\n<meta property=\"og:locale\" content=\"es_MX\" \/>\n<meta property=\"og:type\" content=\"article\" \/>\n<meta property=\"og:title\" content=\"Se registran en Sonora 8 decesos y 136 nuevos casos positivos de Covid\" \/>\n<meta property=\"og:description\" content=\"Estudios han probado que debido al confinamiento provocado por la pandemia por el COVID-19, se han adquirido h\u00e1bitas alimenticios irregulares y sedentarismo, lo que podr\u00eda ocasionar que un posible contagio se agrave ante esta situaci\u00f3n, de ah\u00ed la importancia de evitar un mayor consumo de calor\u00edas, enfatiz\u00f3 Enrique Clausen Iberri, tras informarse que este d\u00eda [&hellip;]\" \/>\n<meta property=\"og:url\" content=\"https:\/\/soledaddurazo.com\/blog\/2021\/04\/22\/se-registran-en-sonora-8-decesos-y-136-nuevos-casos-positivos-de-covid\/\" \/>\n<meta property=\"og:site_name\" content=\"Periodista SoledadDurazo.com\" \/>\n<meta property=\"article:publisher\" content=\"https:\/\/www.facebook.com\/soledad.durazo.9\/\" \/>\n<meta property=\"article:published_time\" content=\"2021-04-22T07:41:31+00:00\" \/>\n<meta property=\"og:image\" content=\"https:\/\/soledaddurazo.com\/storage\/2021\/04\/450808120.jpeg\" \/>\n\t<meta property=\"og:image:width\" content=\"800\" \/>\n\t<meta property=\"og:image:height\" content=\"460\" \/>\n<meta name=\"twitter:card\" content=\"summary_large_image\" \/>\n<meta name=\"twitter:creator\" content=\"@SoledadDurazo\" \/>\n<meta name=\"twitter:site\" content=\"@SoledadDurazo\" \/>\n<meta name=\"twitter:label1\" content=\"Escrito por\" \/>\n\t<meta name=\"twitter:data1\" content=\"Redacci\u00f3n\" \/>\n\t<meta name=\"twitter:label2\" content=\"Tiempo de lectura\" \/>\n\t<meta name=\"twitter:data2\" content=\"4 minutos\" \/>\n<script type=\"application\/ld+json\" class=\"yoast-schema-graph\">{\"@context\":\"https:\/\/schema.org\",\"@graph\":[{\"@type\":\"Organization\",\"@id\":\"https:\/\/soledaddurazo.com\/#organization\",\"name\":\"Soledad Durazo\",\"url\":\"https:\/\/soledaddurazo.com\/\",\"sameAs\":[\"https:\/\/www.facebook.com\/soledad.durazo.9\/\",\"https:\/\/www.instagram.com\/soledaddurazo\",\"https:\/\/www.youtube.com\/channel\/UC9yGPw8-Vbl_B2XNkRwPS-w\",\"https:\/\/twitter.com\/SoledadDurazo\"],\"logo\":{\"@type\":\"ImageObject\",\"@id\":\"https:\/\/soledaddurazo.com\/#logo\",\"inLanguage\":\"es\",\"url\":\"https:\/\/soledaddurazo.com\/storage\/2021\/11\/nllp-720x375-1-2.png\",\"contentUrl\":\"https:\/\/soledaddurazo.com\/storage\/2021\/11\/nllp-720x375-1-2.png\",\"width\":720,\"height\":375,\"caption\":\"Soledad Durazo\"},\"image\":{\"@id\":\"https:\/\/soledaddurazo.com\/#logo\"}},{\"@type\":\"WebSite\",\"@id\":\"https:\/\/soledaddurazo.com\/#website\",\"url\":\"https:\/\/soledaddurazo.com\/\",\"name\":\"Periodista SoledadDurazo.com\",\"description\":\"Periodista sonorense. Directora de www.SoledadDurazo.com Columnista, conductora de radio y Tv. Catedr\\u00e1tica en la UNISON\",\"publisher\":{\"@id\":\"https:\/\/soledaddurazo.com\/#organization\"},\"potentialAction\":[{\"@type\":\"SearchAction\",\"target\":{\"@type\":\"EntryPoint\",\"urlTemplate\":\"https:\/\/soledaddurazo.com\/?s={search_term_string}\"},\"query-input\":\"required name=search_term_string\"}],\"inLanguage\":\"es\"},{\"@type\":\"ImageObject\",\"@id\":\"https:\/\/soledaddurazo.com\/blog\/2021\/04\/22\/se-registran-en-sonora-8-decesos-y-136-nuevos-casos-positivos-de-covid\/#primaryimage\",\"inLanguage\":\"es\",\"url\":\"https:\/\/soledaddurazo.com\/storage\/2021\/04\/450808120.jpeg\",\"contentUrl\":\"https:\/\/soledaddurazo.com\/storage\/2021\/04\/450808120.jpeg\",\"width\":800,\"height\":460},{\"@type\":\"WebPage\",\"@id\":\"https:\/\/soledaddurazo.com\/blog\/2021\/04\/22\/se-registran-en-sonora-8-decesos-y-136-nuevos-casos-positivos-de-covid\/#webpage\",\"url\":\"https:\/\/soledaddurazo.com\/blog\/2021\/04\/22\/se-registran-en-sonora-8-decesos-y-136-nuevos-casos-positivos-de-covid\/\",\"name\":\"Se registran en Sonora 8 decesos y 136 nuevos casos positivos de Covid - Periodista SoledadDurazo.com\",\"isPartOf\":{\"@id\":\"https:\/\/soledaddurazo.com\/#website\"},\"primaryImageOfPage\":{\"@id\":\"https:\/\/soledaddurazo.com\/blog\/2021\/04\/22\/se-registran-en-sonora-8-decesos-y-136-nuevos-casos-positivos-de-covid\/#primaryimage\"},\"datePublished\":\"2021-04-22T07:41:31+00:00\",\"dateModified\":\"2021-04-22T07:41:31+00:00\",\"breadcrumb\":{\"@id\":\"https:\/\/soledaddurazo.com\/blog\/2021\/04\/22\/se-registran-en-sonora-8-decesos-y-136-nuevos-casos-positivos-de-covid\/#breadcrumb\"},\"inLanguage\":\"es\",\"potentialAction\":[{\"@type\":\"ReadAction\",\"target\":[\"https:\/\/soledaddurazo.com\/blog\/2021\/04\/22\/se-registran-en-sonora-8-decesos-y-136-nuevos-casos-positivos-de-covid\/\"]}]},{\"@type\":\"BreadcrumbList\",\"@id\":\"https:\/\/soledaddurazo.com\/blog\/2021\/04\/22\/se-registran-en-sonora-8-decesos-y-136-nuevos-casos-positivos-de-covid\/#breadcrumb\",\"itemListElement\":[{\"@type\":\"ListItem\",\"position\":1,\"name\":\"Home\",\"item\":\"https:\/\/soledaddurazo.com\/\"},{\"@type\":\"ListItem\",\"position\":2,\"name\":\"Se registran en Sonora 8 decesos y 136 nuevos casos positivos de Covid\"}]},{\"@type\":\"Article\",\"@id\":\"https:\/\/soledaddurazo.com\/blog\/2021\/04\/22\/se-registran-en-sonora-8-decesos-y-136-nuevos-casos-positivos-de-covid\/#article\",\"isPartOf\":{\"@id\":\"https:\/\/soledaddurazo.com\/blog\/2021\/04\/22\/se-registran-en-sonora-8-decesos-y-136-nuevos-casos-positivos-de-covid\/#webpage\"},\"author\":{\"@id\":\"https:\/\/soledaddurazo.com\/#\/schema\/person\/822d8e13aa288585e6546f179853758b\"},\"headline\":\"Se registran en Sonora 8 decesos y 136 nuevos casos positivos de Covid\",\"datePublished\":\"2021-04-22T07:41:31+00:00\",\"dateModified\":\"2021-04-22T07:41:31+00:00\",\"mainEntityOfPage\":{\"@id\":\"https:\/\/soledaddurazo.com\/blog\/2021\/04\/22\/se-registran-en-sonora-8-decesos-y-136-nuevos-casos-positivos-de-covid\/#webpage\"},\"wordCount\":865,\"commentCount\":0,\"publisher\":{\"@id\":\"https:\/\/soledaddurazo.com\/#organization\"},\"image\":{\"@id\":\"https:\/\/soledaddurazo.com\/blog\/2021\/04\/22\/se-registran-en-sonora-8-decesos-y-136-nuevos-casos-positivos-de-covid\/#primaryimage\"},\"thumbnailUrl\":\"https:\/\/soledaddurazo.com\/storage\/2021\/04\/450808120.jpeg\",\"articleSection\":[\"Mi Sonora\"],\"inLanguage\":\"es\",\"potentialAction\":[{\"@type\":\"CommentAction\",\"name\":\"Comment\",\"target\":[\"https:\/\/soledaddurazo.com\/blog\/2021\/04\/22\/se-registran-en-sonora-8-decesos-y-136-nuevos-casos-positivos-de-covid\/#respond\"]}]},{\"@type\":\"Person\",\"@id\":\"https:\/\/soledaddurazo.com\/#\/schema\/person\/822d8e13aa288585e6546f179853758b\",\"name\":\"Redacci\\u00f3n\",\"image\":{\"@type\":\"ImageObject\",\"@id\":\"https:\/\/soledaddurazo.com\/#personlogo\",\"inLanguage\":\"es\",\"url\":\"https:\/\/secure.gravatar.com\/avatar\/c4e193752f756fd61f04deebed3a3a20dc188d37edb53682d313ac57f2725d54?s=96&d=mm&r=g\",\"contentUrl\":\"https:\/\/secure.gravatar.com\/avatar\/c4e193752f756fd61f04deebed3a3a20dc188d37edb53682d313ac57f2725d54?s=96&d=mm&r=g\",\"caption\":\"Redacci\\u00f3n\"},\"sameAs\":[\"https:\/\/soledaddurazo.com\"]}]}<\/script>\n ","yoast_head_json":{"title":"Se registran en Sonora 8 decesos y 136 nuevos casos positivos de Covid - Periodista SoledadDurazo.com","robots":{"index":"index","follow":"follow","max-snippet":"max-snippet:-1","max-image-preview":"max-image-preview:large","max-video-preview":"max-video-preview:-1"},"canonical":"https:\/\/soledaddurazo.com\/blog\/2021\/04\/22\/se-registran-en-sonora-8-decesos-y-136-nuevos-casos-positivos-de-covid\/","og_locale":"es_MX","og_type":"article","og_title":"Se registran en Sonora 8 decesos y 136 nuevos casos positivos de Covid","og_description":"Estudios han probado que debido al confinamiento provocado por la pandemia por el COVID-19, se han adquirido h\u00e1bitas alimenticios irregulares y sedentarismo, lo que podr\u00eda ocasionar que un posible contagio se agrave ante esta situaci\u00f3n, de ah\u00ed la importancia de evitar un mayor consumo de calor\u00edas, enfatiz\u00f3 Enrique Clausen Iberri, tras informarse que este d\u00eda [&hellip;]","og_url":"https:\/\/soledaddurazo.com\/blog\/2021\/04\/22\/se-registran-en-sonora-8-decesos-y-136-nuevos-casos-positivos-de-covid\/","og_site_name":"Periodista SoledadDurazo.com","article_publisher":"https:\/\/www.facebook.com\/soledad.durazo.9\/","article_published_time":"2021-04-22T07:41:31+00:00","og_image":[{"width":800,"height":460,"url":"https:\/\/soledaddurazo.com\/storage\/2021\/04\/450808120.jpeg","type":"image\/jpeg"}],"twitter_card":"summary_large_image","twitter_creator":"@SoledadDurazo","twitter_site":"@SoledadDurazo","twitter_misc":{"Escrito por":"Redacci\u00f3n","Tiempo de lectura":"4 minutos"},"schema":{"@context":"https:\/\/schema.org","@graph":[{"@type":"Organization","@id":"https:\/\/soledaddurazo.com\/#organization","name":"Soledad Durazo","url":"https:\/\/soledaddurazo.com\/","sameAs":["https:\/\/www.facebook.com\/soledad.durazo.9\/","https:\/\/www.instagram.com\/soledaddurazo","https:\/\/www.youtube.com\/channel\/UC9yGPw8-Vbl_B2XNkRwPS-w","https:\/\/twitter.com\/SoledadDurazo"],"logo":{"@type":"ImageObject","@id":"https:\/\/soledaddurazo.com\/#logo","inLanguage":"es","url":"https:\/\/soledaddurazo.com\/storage\/2021\/11\/nllp-720x375-1-2.png","contentUrl":"https:\/\/soledaddurazo.com\/storage\/2021\/11\/nllp-720x375-1-2.png","width":720,"height":375,"caption":"Soledad Durazo"},"image":{"@id":"https:\/\/soledaddurazo.com\/#logo"}},{"@type":"WebSite","@id":"https:\/\/soledaddurazo.com\/#website","url":"https:\/\/soledaddurazo.com\/","name":"Periodista SoledadDurazo.com","description":"Periodista sonorense. Directora de www.SoledadDurazo.com Columnista, conductora de radio y Tv. Catedr\u00e1tica en la UNISON","publisher":{"@id":"https:\/\/soledaddurazo.com\/#organization"},"potentialAction":[{"@type":"SearchAction","target":{"@type":"EntryPoint","urlTemplate":"https:\/\/soledaddurazo.com\/?s={search_term_string}"},"query-input":"required name=search_term_string"}],"inLanguage":"es"},{"@type":"ImageObject","@id":"https:\/\/soledaddurazo.com\/blog\/2021\/04\/22\/se-registran-en-sonora-8-decesos-y-136-nuevos-casos-positivos-de-covid\/#primaryimage","inLanguage":"es","url":"https:\/\/soledaddurazo.com\/storage\/2021\/04\/450808120.jpeg","contentUrl":"https:\/\/soledaddurazo.com\/storage\/2021\/04\/450808120.jpeg","width":800,"height":460},{"@type":"WebPage","@id":"https:\/\/soledaddurazo.com\/blog\/2021\/04\/22\/se-registran-en-sonora-8-decesos-y-136-nuevos-casos-positivos-de-covid\/#webpage","url":"https:\/\/soledaddurazo.com\/blog\/2021\/04\/22\/se-registran-en-sonora-8-decesos-y-136-nuevos-casos-positivos-de-covid\/","name":"Se registran en Sonora 8 decesos y 136 nuevos casos positivos de Covid - Periodista SoledadDurazo.com","isPartOf":{"@id":"https:\/\/soledaddurazo.com\/#website"},"primaryImageOfPage":{"@id":"https:\/\/soledaddurazo.com\/blog\/2021\/04\/22\/se-registran-en-sonora-8-decesos-y-136-nuevos-casos-positivos-de-covid\/#primaryimage"},"datePublished":"2021-04-22T07:41:31+00:00","dateModified":"2021-04-22T07:41:31+00:00","breadcrumb":{"@id":"https:\/\/soledaddurazo.com\/blog\/2021\/04\/22\/se-registran-en-sonora-8-decesos-y-136-nuevos-casos-positivos-de-covid\/#breadcrumb"},"inLanguage":"es","potentialAction":[{"@type":"ReadAction","target":["https:\/\/soledaddurazo.com\/blog\/2021\/04\/22\/se-registran-en-sonora-8-decesos-y-136-nuevos-casos-positivos-de-covid\/"]}]},{"@type":"BreadcrumbList","@id":"https:\/\/soledaddurazo.com\/blog\/2021\/04\/22\/se-registran-en-sonora-8-decesos-y-136-nuevos-casos-positivos-de-covid\/#breadcrumb","itemListElement":[{"@type":"ListItem","position":1,"name":"Home","item":"https:\/\/soledaddurazo.com\/"},{"@type":"ListItem","position":2,"name":"Se registran en Sonora 8 decesos y 136 nuevos casos positivos de Covid"}]},{"@type":"Article","@id":"https:\/\/soledaddurazo.com\/blog\/2021\/04\/22\/se-registran-en-sonora-8-decesos-y-136-nuevos-casos-positivos-de-covid\/#article","isPartOf":{"@id":"https:\/\/soledaddurazo.com\/blog\/2021\/04\/22\/se-registran-en-sonora-8-decesos-y-136-nuevos-casos-positivos-de-covid\/#webpage"},"author":{"@id":"https:\/\/soledaddurazo.com\/#\/schema\/person\/822d8e13aa288585e6546f179853758b"},"headline":"Se registran en Sonora 8 decesos y 136 nuevos casos positivos de Covid","datePublished":"2021-04-22T07:41:31+00:00","dateModified":"2021-04-22T07:41:31+00:00","mainEntityOfPage":{"@id":"https:\/\/soledaddurazo.com\/blog\/2021\/04\/22\/se-registran-en-sonora-8-decesos-y-136-nuevos-casos-positivos-de-covid\/#webpage"},"wordCount":865,"commentCount":0,"publisher":{"@id":"https:\/\/soledaddurazo.com\/#organization"},"image":{"@id":"https:\/\/soledaddurazo.com\/blog\/2021\/04\/22\/se-registran-en-sonora-8-decesos-y-136-nuevos-casos-positivos-de-covid\/#primaryimage"},"thumbnailUrl":"https:\/\/soledaddurazo.com\/storage\/2021\/04\/450808120.jpeg","articleSection":["Mi Sonora"],"inLanguage":"es","potentialAction":[{"@type":"CommentAction","name":"Comment","target":["https:\/\/soledaddurazo.com\/blog\/2021\/04\/22\/se-registran-en-sonora-8-decesos-y-136-nuevos-casos-positivos-de-covid\/#respond"]}]},{"@type":"Person","@id":"https:\/\/soledaddurazo.com\/#\/schema\/person\/822d8e13aa288585e6546f179853758b","name":"Redacci\u00f3n","image":{"@type":"ImageObject","@id":"https:\/\/soledaddurazo.com\/#personlogo","inLanguage":"es","url":"https:\/\/secure.gravatar.com\/avatar\/c4e193752f756fd61f04deebed3a3a20dc188d37edb53682d313ac57f2725d54?s=96&d=mm&r=g","contentUrl":"https:\/\/secure.gravatar.com\/avatar\/c4e193752f756fd61f04deebed3a3a20dc188d37edb53682d313ac57f2725d54?s=96&d=mm&r=g","caption":"Redacci\u00f3n"},"sameAs":["https:\/\/soledaddurazo.com"]}]}},"_links":{"self":[{"href":"https:\/\/soledaddurazo.com\/api\/wp\/v2\/posts\/7780","targetHints":{"allow":["GET"]}}],"collection":[{"href":"https:\/\/soledaddurazo.com\/api\/wp\/v2\/posts"}],"about":[{"href":"https:\/\/soledaddurazo.com\/api\/wp\/v2\/types\/post"}],"author":[{"embeddable":true,"href":"https:\/\/soledaddurazo.com\/api\/wp\/v2\/users\/1"}],"replies":[{"embeddable":true,"href":"https:\/\/soledaddurazo.com\/api\/wp\/v2\/comments?post=7780"}],"version-history":[{"count":1,"href":"https:\/\/soledaddurazo.com\/api\/wp\/v2\/posts\/7780\/revisions"}],"predecessor-version":[{"id":7782,"href":"https:\/\/soledaddurazo.com\/api\/wp\/v2\/posts\/7780\/revisions\/7782"}],"wp:featuredmedia":[{"embeddable":true,"href":"https:\/\/soledaddurazo.com\/api\/wp\/v2\/media\/7781"}],"wp:attachment":[{"href":"https:\/\/soledaddurazo.com\/api\/wp\/v2\/media?parent=7780"}],"wp:term":[{"taxonomy":"category","embeddable":true,"href":"https:\/\/soledaddurazo.com\/api\/wp\/v2\/categories?post=7780"},{"taxonomy":"post_tag","embeddable":true,"href":"https:\/\/soledaddurazo.com\/api\/wp\/v2\/tags?post=7780"}],"curies":[{"name":"wp","href":"https:\/\/api.w.org\/{rel}","templated":true}]}}