{"id":7260,"date":"2021-03-31T00:42:00","date_gmt":"2021-03-31T07:42:00","guid":{"rendered":"https:\/\/soledaddurazo.com\/?p=7260"},"modified":"2021-03-31T00:42:00","modified_gmt":"2021-03-31T07:42:00","slug":"habra-recoleccion-de-basura-regular-en-dias-santos","status":"publish","type":"post","link":"https:\/\/soledaddurazo.com\/blog\/2021\/03\/31\/habra-recoleccion-de-basura-regular-en-dias-santos\/","title":{"rendered":"Habr\u00e1 Recolecci\u00f3n de Basura regular en d\u00edas santos"},"content":{"rendered":"<p>El Director de Servicios P\u00fablicos Municipales, Gino Saracco Morales, inform\u00f3 que los pr\u00f3ximos jueves 1,\u00a0 viernes 2 y s\u00e1bado 3 de abril, s\u00ed se contar\u00e1 con el servicio de Recolecci\u00f3n de Basura como es habitual, aunque son d\u00edas que usualmente no se labora.<\/p>\n<p>Destac\u00f3 que despu\u00e9s de realizar una nueva evaluaci\u00f3n sobre la cantidad de personas que se quedar\u00edan en casa debido a la pandemia, se opt\u00f3 por no suspender el servicio como se hab\u00eda anunciado.<\/p>\n<p>\u201cEstamos viviendo una situaci\u00f3n extraordinaria y todos los d\u00edas recibimos informaci\u00f3n nueva, raz\u00f3n por la cual debemos hacer ajustes de manera frecuente. Es as\u00ed que, reconsideramos la decisi\u00f3n y para brindar apoyo a las familias que se quedar\u00e1n en casa es que s\u00ed se brindar\u00e1 el servicio de manera normal\u201d, apunt\u00f3.<\/p>\n<p>Saracco Morales mencion\u00f3 que los ciudadanos pueden sacar sus desechos los d\u00edas que les corresponda con toda confianza.<\/p>\n","protected":false},"excerpt":{"rendered":"<p>El Director de Servicios P\u00fablicos Municipales, Gino Saracco Morales, inform\u00f3 que los pr\u00f3ximos jueves 1,\u00a0 viernes 2 y s\u00e1bado 3 de abril, s\u00ed se contar\u00e1 con el servicio de Recolecci\u00f3n de Basura como es habitual, aunque son d\u00edas que usualmente no se labora. Destac\u00f3 que despu\u00e9s de realizar una nueva evaluaci\u00f3n sobre la cantidad de [&hellip;]<\/p>\n","protected":false},"author":1,"featured_media":7261,"comment_status":"open","ping_status":"open","sticky":false,"template":"","format":"standard","meta":{"footnotes":""},"categories":[159],"tags":[],"class_list":["post"],"yoast_head":" \n<title>Habr\u00e1 Recolecci\u00f3n de Basura regular en d\u00edas santos - Periodista SoledadDurazo.com<\/title>\n<meta name=\"robots\" content=\"index, follow, max-snippet:-1, max-image-preview:large, max-video-preview:-1\" \/>\n<link rel=\"canonical\" href=\"https:\/\/soledaddurazo.com\/blog\/2021\/03\/31\/habra-recoleccion-de-basura-regular-en-dias-santos\/\" \/>\n<meta property=\"og:locale\" content=\"es_MX\" \/>\n<meta property=\"og:type\" content=\"article\" \/>\n<meta property=\"og:title\" content=\"Habr\u00e1 Recolecci\u00f3n de Basura regular en d\u00edas santos\" \/>\n<meta property=\"og:description\" content=\"El Director de Servicios P\u00fablicos Municipales, Gino Saracco Morales, inform\u00f3 que los pr\u00f3ximos jueves 1,\u00a0 viernes 2 y s\u00e1bado 3 de abril, s\u00ed se contar\u00e1 con el servicio de Recolecci\u00f3n de Basura como es habitual, aunque son d\u00edas que usualmente no se labora. Destac\u00f3 que despu\u00e9s de realizar una nueva evaluaci\u00f3n sobre la cantidad de [&hellip;]\" \/>\n<meta property=\"og:url\" content=\"https:\/\/soledaddurazo.com\/blog\/2021\/03\/31\/habra-recoleccion-de-basura-regular-en-dias-santos\/\" \/>\n<meta property=\"og:site_name\" content=\"Periodista SoledadDurazo.com\" \/>\n<meta property=\"article:publisher\" content=\"https:\/\/www.facebook.com\/soledad.durazo.9\/\" \/>\n<meta property=\"article:published_time\" content=\"2021-03-31T07:42:00+00:00\" \/>\n<meta property=\"og:image\" content=\"https:\/\/soledaddurazo.com\/storage\/2021\/03\/RECOLECCION-SEMANA-SANTA.jpeg\" \/>\n\t<meta property=\"og:image:width\" content=\"1042\" \/>\n\t<meta property=\"og:image:height\" content=\"1042\" \/>\n<meta name=\"twitter:card\" content=\"summary_large_image\" \/>\n<meta name=\"twitter:creator\" content=\"@SoledadDurazo\" \/>\n<meta name=\"twitter:site\" content=\"@SoledadDurazo\" \/>\n<meta name=\"twitter:label1\" content=\"Escrito por\" \/>\n\t<meta name=\"twitter:data1\" content=\"Redacci\u00f3n\" \/>\n\t<meta name=\"twitter:label2\" content=\"Tiempo de lectura\" \/>\n\t<meta name=\"twitter:data2\" content=\"1 minuto\" \/>\n<script type=\"application\/ld+json\" class=\"yoast-schema-graph\">{\"@context\":\"https:\/\/schema.org\",\"@graph\":[{\"@type\":\"Organization\",\"@id\":\"https:\/\/soledaddurazo.com\/#organization\",\"name\":\"Soledad Durazo\",\"url\":\"https:\/\/soledaddurazo.com\/\",\"sameAs\":[\"https:\/\/www.facebook.com\/soledad.durazo.9\/\",\"https:\/\/www.instagram.com\/soledaddurazo\",\"https:\/\/www.youtube.com\/channel\/UC9yGPw8-Vbl_B2XNkRwPS-w\",\"https:\/\/twitter.com\/SoledadDurazo\"],\"logo\":{\"@type\":\"ImageObject\",\"@id\":\"https:\/\/soledaddurazo.com\/#logo\",\"inLanguage\":\"es\",\"url\":\"https:\/\/soledaddurazo.com\/storage\/2021\/11\/nllp-720x375-1-2.png\",\"contentUrl\":\"https:\/\/soledaddurazo.com\/storage\/2021\/11\/nllp-720x375-1-2.png\",\"width\":720,\"height\":375,\"caption\":\"Soledad Durazo\"},\"image\":{\"@id\":\"https:\/\/soledaddurazo.com\/#logo\"}},{\"@type\":\"WebSite\",\"@id\":\"https:\/\/soledaddurazo.com\/#website\",\"url\":\"https:\/\/soledaddurazo.com\/\",\"name\":\"Periodista SoledadDurazo.com\",\"description\":\"Periodista sonorense. Directora de www.SoledadDurazo.com Columnista, conductora de radio y Tv. Catedr\\u00e1tica en la UNISON\",\"publisher\":{\"@id\":\"https:\/\/soledaddurazo.com\/#organization\"},\"potentialAction\":[{\"@type\":\"SearchAction\",\"target\":{\"@type\":\"EntryPoint\",\"urlTemplate\":\"https:\/\/soledaddurazo.com\/?s={search_term_string}\"},\"query-input\":\"required name=search_term_string\"}],\"inLanguage\":\"es\"},{\"@type\":\"ImageObject\",\"@id\":\"https:\/\/soledaddurazo.com\/blog\/2021\/03\/31\/habra-recoleccion-de-basura-regular-en-dias-santos\/#primaryimage\",\"inLanguage\":\"es\",\"url\":\"https:\/\/soledaddurazo.com\/storage\/2021\/03\/RECOLECCION-SEMANA-SANTA.jpeg\",\"contentUrl\":\"https:\/\/soledaddurazo.com\/storage\/2021\/03\/RECOLECCION-SEMANA-SANTA.jpeg\",\"width\":1042,\"height\":1042},{\"@type\":\"WebPage\",\"@id\":\"https:\/\/soledaddurazo.com\/blog\/2021\/03\/31\/habra-recoleccion-de-basura-regular-en-dias-santos\/#webpage\",\"url\":\"https:\/\/soledaddurazo.com\/blog\/2021\/03\/31\/habra-recoleccion-de-basura-regular-en-dias-santos\/\",\"name\":\"Habr\\u00e1 Recolecci\\u00f3n de Basura regular en d\\u00edas santos - Periodista SoledadDurazo.com\",\"isPartOf\":{\"@id\":\"https:\/\/soledaddurazo.com\/#website\"},\"primaryImageOfPage\":{\"@id\":\"https:\/\/soledaddurazo.com\/blog\/2021\/03\/31\/habra-recoleccion-de-basura-regular-en-dias-santos\/#primaryimage\"},\"datePublished\":\"2021-03-31T07:42:00+00:00\",\"dateModified\":\"2021-03-31T07:42:00+00:00\",\"breadcrumb\":{\"@id\":\"https:\/\/soledaddurazo.com\/blog\/2021\/03\/31\/habra-recoleccion-de-basura-regular-en-dias-santos\/#breadcrumb\"},\"inLanguage\":\"es\",\"potentialAction\":[{\"@type\":\"ReadAction\",\"target\":[\"https:\/\/soledaddurazo.com\/blog\/2021\/03\/31\/habra-recoleccion-de-basura-regular-en-dias-santos\/\"]}]},{\"@type\":\"BreadcrumbList\",\"@id\":\"https:\/\/soledaddurazo.com\/blog\/2021\/03\/31\/habra-recoleccion-de-basura-regular-en-dias-santos\/#breadcrumb\",\"itemListElement\":[{\"@type\":\"ListItem\",\"position\":1,\"name\":\"Home\",\"item\":\"https:\/\/soledaddurazo.com\/\"},{\"@type\":\"ListItem\",\"position\":2,\"name\":\"Habr\\u00e1 Recolecci\\u00f3n de Basura regular en d\\u00edas santos\"}]},{\"@type\":\"Article\",\"@id\":\"https:\/\/soledaddurazo.com\/blog\/2021\/03\/31\/habra-recoleccion-de-basura-regular-en-dias-santos\/#article\",\"isPartOf\":{\"@id\":\"https:\/\/soledaddurazo.com\/blog\/2021\/03\/31\/habra-recoleccion-de-basura-regular-en-dias-santos\/#webpage\"},\"author\":{\"@id\":\"https:\/\/soledaddurazo.com\/#\/schema\/person\/822d8e13aa288585e6546f179853758b\"},\"headline\":\"Habr\\u00e1 Recolecci\\u00f3n de Basura regular en d\\u00edas santos\",\"datePublished\":\"2021-03-31T07:42:00+00:00\",\"dateModified\":\"2021-03-31T07:42:00+00:00\",\"mainEntityOfPage\":{\"@id\":\"https:\/\/soledaddurazo.com\/blog\/2021\/03\/31\/habra-recoleccion-de-basura-regular-en-dias-santos\/#webpage\"},\"wordCount\":168,\"commentCount\":0,\"publisher\":{\"@id\":\"https:\/\/soledaddurazo.com\/#organization\"},\"image\":{\"@id\":\"https:\/\/soledaddurazo.com\/blog\/2021\/03\/31\/habra-recoleccion-de-basura-regular-en-dias-santos\/#primaryimage\"},\"thumbnailUrl\":\"https:\/\/soledaddurazo.com\/storage\/2021\/03\/RECOLECCION-SEMANA-SANTA.jpeg\",\"articleSection\":[\"Mi Sonora\"],\"inLanguage\":\"es\",\"potentialAction\":[{\"@type\":\"CommentAction\",\"name\":\"Comment\",\"target\":[\"https:\/\/soledaddurazo.com\/blog\/2021\/03\/31\/habra-recoleccion-de-basura-regular-en-dias-santos\/#respond\"]}]},{\"@type\":\"Person\",\"@id\":\"https:\/\/soledaddurazo.com\/#\/schema\/person\/822d8e13aa288585e6546f179853758b\",\"name\":\"Redacci\\u00f3n\",\"image\":{\"@type\":\"ImageObject\",\"@id\":\"https:\/\/soledaddurazo.com\/#personlogo\",\"inLanguage\":\"es\",\"url\":\"https:\/\/secure.gravatar.com\/avatar\/c4e193752f756fd61f04deebed3a3a20dc188d37edb53682d313ac57f2725d54?s=96&d=mm&r=g\",\"contentUrl\":\"https:\/\/secure.gravatar.com\/avatar\/c4e193752f756fd61f04deebed3a3a20dc188d37edb53682d313ac57f2725d54?s=96&d=mm&r=g\",\"caption\":\"Redacci\\u00f3n\"},\"sameAs\":[\"https:\/\/soledaddurazo.com\"]}]}<\/script>\n ","yoast_head_json":{"title":"Habr\u00e1 Recolecci\u00f3n de Basura regular en d\u00edas santos - Periodista SoledadDurazo.com","robots":{"index":"index","follow":"follow","max-snippet":"max-snippet:-1","max-image-preview":"max-image-preview:large","max-video-preview":"max-video-preview:-1"},"canonical":"https:\/\/soledaddurazo.com\/blog\/2021\/03\/31\/habra-recoleccion-de-basura-regular-en-dias-santos\/","og_locale":"es_MX","og_type":"article","og_title":"Habr\u00e1 Recolecci\u00f3n de Basura regular en d\u00edas santos","og_description":"El Director de Servicios P\u00fablicos Municipales, Gino Saracco Morales, inform\u00f3 que los pr\u00f3ximos jueves 1,\u00a0 viernes 2 y s\u00e1bado 3 de abril, s\u00ed se contar\u00e1 con el servicio de Recolecci\u00f3n de Basura como es habitual, aunque son d\u00edas que usualmente no se labora. Destac\u00f3 que despu\u00e9s de realizar una nueva evaluaci\u00f3n sobre la cantidad de [&hellip;]","og_url":"https:\/\/soledaddurazo.com\/blog\/2021\/03\/31\/habra-recoleccion-de-basura-regular-en-dias-santos\/","og_site_name":"Periodista SoledadDurazo.com","article_publisher":"https:\/\/www.facebook.com\/soledad.durazo.9\/","article_published_time":"2021-03-31T07:42:00+00:00","og_image":[{"width":1042,"height":1042,"url":"https:\/\/soledaddurazo.com\/storage\/2021\/03\/RECOLECCION-SEMANA-SANTA.jpeg","type":"image\/jpeg"}],"twitter_card":"summary_large_image","twitter_creator":"@SoledadDurazo","twitter_site":"@SoledadDurazo","twitter_misc":{"Escrito por":"Redacci\u00f3n","Tiempo de lectura":"1 minuto"},"schema":{"@context":"https:\/\/schema.org","@graph":[{"@type":"Organization","@id":"https:\/\/soledaddurazo.com\/#organization","name":"Soledad Durazo","url":"https:\/\/soledaddurazo.com\/","sameAs":["https:\/\/www.facebook.com\/soledad.durazo.9\/","https:\/\/www.instagram.com\/soledaddurazo","https:\/\/www.youtube.com\/channel\/UC9yGPw8-Vbl_B2XNkRwPS-w","https:\/\/twitter.com\/SoledadDurazo"],"logo":{"@type":"ImageObject","@id":"https:\/\/soledaddurazo.com\/#logo","inLanguage":"es","url":"https:\/\/soledaddurazo.com\/storage\/2021\/11\/nllp-720x375-1-2.png","contentUrl":"https:\/\/soledaddurazo.com\/storage\/2021\/11\/nllp-720x375-1-2.png","width":720,"height":375,"caption":"Soledad Durazo"},"image":{"@id":"https:\/\/soledaddurazo.com\/#logo"}},{"@type":"WebSite","@id":"https:\/\/soledaddurazo.com\/#website","url":"https:\/\/soledaddurazo.com\/","name":"Periodista SoledadDurazo.com","description":"Periodista sonorense. Directora de www.SoledadDurazo.com Columnista, conductora de radio y Tv. Catedr\u00e1tica en la UNISON","publisher":{"@id":"https:\/\/soledaddurazo.com\/#organization"},"potentialAction":[{"@type":"SearchAction","target":{"@type":"EntryPoint","urlTemplate":"https:\/\/soledaddurazo.com\/?s={search_term_string}"},"query-input":"required name=search_term_string"}],"inLanguage":"es"},{"@type":"ImageObject","@id":"https:\/\/soledaddurazo.com\/blog\/2021\/03\/31\/habra-recoleccion-de-basura-regular-en-dias-santos\/#primaryimage","inLanguage":"es","url":"https:\/\/soledaddurazo.com\/storage\/2021\/03\/RECOLECCION-SEMANA-SANTA.jpeg","contentUrl":"https:\/\/soledaddurazo.com\/storage\/2021\/03\/RECOLECCION-SEMANA-SANTA.jpeg","width":1042,"height":1042},{"@type":"WebPage","@id":"https:\/\/soledaddurazo.com\/blog\/2021\/03\/31\/habra-recoleccion-de-basura-regular-en-dias-santos\/#webpage","url":"https:\/\/soledaddurazo.com\/blog\/2021\/03\/31\/habra-recoleccion-de-basura-regular-en-dias-santos\/","name":"Habr\u00e1 Recolecci\u00f3n de Basura regular en d\u00edas santos - Periodista SoledadDurazo.com","isPartOf":{"@id":"https:\/\/soledaddurazo.com\/#website"},"primaryImageOfPage":{"@id":"https:\/\/soledaddurazo.com\/blog\/2021\/03\/31\/habra-recoleccion-de-basura-regular-en-dias-santos\/#primaryimage"},"datePublished":"2021-03-31T07:42:00+00:00","dateModified":"2021-03-31T07:42:00+00:00","breadcrumb":{"@id":"https:\/\/soledaddurazo.com\/blog\/2021\/03\/31\/habra-recoleccion-de-basura-regular-en-dias-santos\/#breadcrumb"},"inLanguage":"es","potentialAction":[{"@type":"ReadAction","target":["https:\/\/soledaddurazo.com\/blog\/2021\/03\/31\/habra-recoleccion-de-basura-regular-en-dias-santos\/"]}]},{"@type":"BreadcrumbList","@id":"https:\/\/soledaddurazo.com\/blog\/2021\/03\/31\/habra-recoleccion-de-basura-regular-en-dias-santos\/#breadcrumb","itemListElement":[{"@type":"ListItem","position":1,"name":"Home","item":"https:\/\/soledaddurazo.com\/"},{"@type":"ListItem","position":2,"name":"Habr\u00e1 Recolecci\u00f3n de Basura regular en d\u00edas santos"}]},{"@type":"Article","@id":"https:\/\/soledaddurazo.com\/blog\/2021\/03\/31\/habra-recoleccion-de-basura-regular-en-dias-santos\/#article","isPartOf":{"@id":"https:\/\/soledaddurazo.com\/blog\/2021\/03\/31\/habra-recoleccion-de-basura-regular-en-dias-santos\/#webpage"},"author":{"@id":"https:\/\/soledaddurazo.com\/#\/schema\/person\/822d8e13aa288585e6546f179853758b"},"headline":"Habr\u00e1 Recolecci\u00f3n de Basura regular en d\u00edas santos","datePublished":"2021-03-31T07:42:00+00:00","dateModified":"2021-03-31T07:42:00+00:00","mainEntityOfPage":{"@id":"https:\/\/soledaddurazo.com\/blog\/2021\/03\/31\/habra-recoleccion-de-basura-regular-en-dias-santos\/#webpage"},"wordCount":168,"commentCount":0,"publisher":{"@id":"https:\/\/soledaddurazo.com\/#organization"},"image":{"@id":"https:\/\/soledaddurazo.com\/blog\/2021\/03\/31\/habra-recoleccion-de-basura-regular-en-dias-santos\/#primaryimage"},"thumbnailUrl":"https:\/\/soledaddurazo.com\/storage\/2021\/03\/RECOLECCION-SEMANA-SANTA.jpeg","articleSection":["Mi Sonora"],"inLanguage":"es","potentialAction":[{"@type":"CommentAction","name":"Comment","target":["https:\/\/soledaddurazo.com\/blog\/2021\/03\/31\/habra-recoleccion-de-basura-regular-en-dias-santos\/#respond"]}]},{"@type":"Person","@id":"https:\/\/soledaddurazo.com\/#\/schema\/person\/822d8e13aa288585e6546f179853758b","name":"Redacci\u00f3n","image":{"@type":"ImageObject","@id":"https:\/\/soledaddurazo.com\/#personlogo","inLanguage":"es","url":"https:\/\/secure.gravatar.com\/avatar\/c4e193752f756fd61f04deebed3a3a20dc188d37edb53682d313ac57f2725d54?s=96&d=mm&r=g","contentUrl":"https:\/\/secure.gravatar.com\/avatar\/c4e193752f756fd61f04deebed3a3a20dc188d37edb53682d313ac57f2725d54?s=96&d=mm&r=g","caption":"Redacci\u00f3n"},"sameAs":["https:\/\/soledaddurazo.com"]}]}},"_links":{"self":[{"href":"https:\/\/soledaddurazo.com\/api\/wp\/v2\/posts\/7260","targetHints":{"allow":["GET"]}}],"collection":[{"href":"https:\/\/soledaddurazo.com\/api\/wp\/v2\/posts"}],"about":[{"href":"https:\/\/soledaddurazo.com\/api\/wp\/v2\/types\/post"}],"author":[{"embeddable":true,"href":"https:\/\/soledaddurazo.com\/api\/wp\/v2\/users\/1"}],"replies":[{"embeddable":true,"href":"https:\/\/soledaddurazo.com\/api\/wp\/v2\/comments?post=7260"}],"version-history":[{"count":1,"href":"https:\/\/soledaddurazo.com\/api\/wp\/v2\/posts\/7260\/revisions"}],"predecessor-version":[{"id":7262,"href":"https:\/\/soledaddurazo.com\/api\/wp\/v2\/posts\/7260\/revisions\/7262"}],"wp:featuredmedia":[{"embeddable":true,"href":"https:\/\/soledaddurazo.com\/api\/wp\/v2\/media\/7261"}],"wp:attachment":[{"href":"https:\/\/soledaddurazo.com\/api\/wp\/v2\/media?parent=7260"}],"wp:term":[{"taxonomy":"category","embeddable":true,"href":"https:\/\/soledaddurazo.com\/api\/wp\/v2\/categories?post=7260"},{"taxonomy":"post_tag","embeddable":true,"href":"https:\/\/soledaddurazo.com\/api\/wp\/v2\/tags?post=7260"}],"curies":[{"name":"wp","href":"https:\/\/api.w.org\/{rel}","templated":true}]}}