{"id":6988,"date":"2021-03-19T00:32:26","date_gmt":"2021-03-19T07:32:26","guid":{"rendered":"https:\/\/soledaddurazo.com\/?p=6988"},"modified":"2021-03-19T00:32:26","modified_gmt":"2021-03-19T07:32:26","slug":"rinde-resultados-la-megarregion-en-materia-educativa-y-de-capacitacion-docente","status":"publish","type":"post","link":"https:\/\/soledaddurazo.com\/blog\/2021\/03\/19\/rinde-resultados-la-megarregion-en-materia-educativa-y-de-capacitacion-docente\/","title":{"rendered":"Rinde resultados la Megarregi\u00f3n en materia educativa y de capacitaci\u00f3n docente"},"content":{"rendered":"<p>Un reconocimiento a la Universidad Estatal de Arizona (ASU) y a su presidente Michael M. Crow, por dise\u00f1ar e impartir la segunda capacitaci\u00f3n \u201cLa era del aprendizaje activo\u201d y a los 600 docentes y coordinadores de Educaci\u00f3n Media Superior y Superior por participar y egresar satisfactoriamente de este curso, hizo la gobernadora Claudia Pavlovich Arellano, al celebrar la coordinaci\u00f3n entre Sonora y Arizona para buscar mejores t\u00e9cnicas que fortalezcan la formaci\u00f3n de las y los estudiantes sonorenses.<\/p>\n<p>La mandataria estatal, atestigu\u00f3 la graduaci\u00f3n virtual de los egresados del curso, acompa\u00f1ada del secretario de Educaci\u00f3n y Cultura, V\u00edctor Guerrero Gonz\u00e1lez y del subsecretario de Educaci\u00f3n Media Superior y Superior, On\u00e9simo Mariscales Delgadillo, agradeci\u00f3 a las y los docentes de 10 instituciones, (seis de nivel superior y cuatro de educaci\u00f3n media superior) por continuar prepar\u00e1ndose en innovaci\u00f3n tecnol\u00f3gica para fortalecer la educaci\u00f3n de j\u00f3venes sonorenses; con ello, dijo, la megarregi\u00f3n Sonora-Arizona se sigue consolidando, brindando oportunidades que hacen m\u00e1s competitivos a los estudiantes de estos dos estados fronterizos.<\/p>\n<p>\u201cPara mantener ese liderazgo, sin duda la innovaci\u00f3n y la colaboraci\u00f3n entre las universidades de ambos lados de la frontera ha sido important\u00edsima y para m\u00ed este curso donde estos 600 graduantes docentes terminan con \u00e9xito esta era de aprendizaje activo forma parte de ese objetivo, yo les quiero agradecer a todos su trabajo, esmero, tenacidad, perseverancia, porque, sin duda, eso es lo que nos va a mantener en los primeros lugares en educaci\u00f3n, siempre innovando, sobre todo en tiempos tan complicados\u201d, expres\u00f3.<\/p>\n<p>La gobernadora Pavlovich reconoci\u00f3 a Michael M. Crow, presidente de la Universidad Estatal de Arizona (ASU por sus siglas en ingl\u00e9s), y a Rafael Rangel Sostmann, asesor del presidente de la Universidad Estatal de Arizona (ASU), por impulsar este tipo de iniciativas que benefician a Sonora y Arizona y que marcar\u00e1 un antes y un despu\u00e9s para estos 600 docentes y coordinadores que culminan su capacitaci\u00f3n.<\/p>\n<p>Michael M. Crow y Rafael Rangel Sostmann coincidieron en que este tipo de capacitaciones contribuye a reducir la brecha entre universidades y preparatorias de ambos estados fronterizos y que, al estar constantemente innovando, se pueden lograr grandes cambios a favor de la educaci\u00f3n.<\/p>\n<p>En representaci\u00f3n de los 600 docentes y coordinadores, Paulina Jim\u00e9nez Williams, maestra del Conalep Plantel Hermosillo II, detall\u00f3 que con los conocimientos adquiridos en el curso \u201cLa era del aprendizaje activo\u201d, podr\u00e1n mejorar el nivel de inter\u00e9s y aprendizaje de los alumnos adapt\u00e1ndolos a diferentes ramas de la tecnolog\u00eda.<\/p>\n<p>\u201cNos ayud\u00f3 a adoptar modelos educativos en la era de un aprendizaje activo, en realidad tuvo un impacto muy positivo ya que se tuvo la oportunidad de utilizar, conocer, emplear, las tecnolog\u00edas para el desarrollo de nuevos modelos de ense\u00f1anza y mejorar con ello el aprendizaje de nuestros alumnos\u201d, destac\u00f3.<\/p>\n<p>Eduardo Medina, maestro del ITH, coment\u00f3 que en este curso pudieron ver diferentes plataformas, estrategias, y sobre todo aprender lo que otras universidades en el mundo imparten, estos conocimientos, dijo, podr\u00e1n adaptarlos en Sonora para lograr alumnos de excelencia que puedan competir a nivel mundial.<\/p>\n<p>\u201cEl gran liderazgo de la gobernadora es muy importante porque estamos integrando esta \u00e1rea regional Sonora-Arizona donde estamos compartiendo todos los adelantos, esas tecnolog\u00edas y estamos viendo las fortalezas y debilidades que tenemos; me llev\u00f3 a manejar de manera m\u00e1s inteligente, m\u00e1s ordenada, organizada, lo que son mis cursos, para poder tener empat\u00eda con mis alumnos y de alguna manera transmitirles de diferente manera\u201d, destac\u00f3.<\/p>\n<p>Los 600 docentes y coordinadores que participaron en este curso fueron de las siguientes instituciones educativas: Colegio de Bachilleres del Estado de Sonora; Colegio de Educaci\u00f3n Profesional T\u00e9cnica del Estado de Sonora (Conalep) Agua Prieta, Hermosillo 1, Hermosillo 2; Direcci\u00f3n General de Educaci\u00f3n Tecnol\u00f3gica Industrial (DGETI); Direcci\u00f3n General de Educaci\u00f3n de Ciencia y Tecnolog\u00eda del Mar (DGECyTM); Centro Regional de Formaci\u00f3n Profesional Docente de Sonora (CRESON); Tecnol\u00f3gico Nacional de M\u00e9xico (TecNM) Hermosillo; Universidad Tecnol\u00f3gica de Guaymas (UTG); Universidad Tecnol\u00f3gica de Hermosillo (UTH); Universidad Tecnol\u00f3gica del Sur de Sonora (UTS); Universidad de Sonora (Unison).<\/p>\n","protected":false},"excerpt":{"rendered":"<p>Un reconocimiento a la Universidad Estatal de Arizona (ASU) y a su presidente Michael M. Crow, por dise\u00f1ar e impartir la segunda capacitaci\u00f3n \u201cLa era del aprendizaje activo\u201d y a los 600 docentes y coordinadores de Educaci\u00f3n Media Superior y Superior por participar y egresar satisfactoriamente de este curso, hizo la gobernadora Claudia Pavlovich Arellano, [&hellip;]<\/p>\n","protected":false},"author":1,"featured_media":6989,"comment_status":"open","ping_status":"open","sticky":false,"template":"","format":"standard","meta":{"footnotes":""},"categories":[159],"tags":[],"class_list":["post"],"yoast_head":" \n<title>Rinde resultados la Megarregi\u00f3n en materia educativa y de capacitaci\u00f3n docente - Periodista SoledadDurazo.com<\/title>\n<meta name=\"robots\" content=\"index, follow, max-snippet:-1, max-image-preview:large, max-video-preview:-1\" \/>\n<link rel=\"canonical\" href=\"https:\/\/soledaddurazo.com\/blog\/2021\/03\/19\/rinde-resultados-la-megarregion-en-materia-educativa-y-de-capacitacion-docente\/\" \/>\n<meta property=\"og:locale\" content=\"es_MX\" \/>\n<meta property=\"og:type\" content=\"article\" \/>\n<meta property=\"og:title\" content=\"Rinde resultados la Megarregi\u00f3n en materia educativa y de capacitaci\u00f3n docente\" \/>\n<meta property=\"og:description\" content=\"Un reconocimiento a la Universidad Estatal de Arizona (ASU) y a su presidente Michael M. Crow, por dise\u00f1ar e impartir la segunda capacitaci\u00f3n \u201cLa era del aprendizaje activo\u201d y a los 600 docentes y coordinadores de Educaci\u00f3n Media Superior y Superior por participar y egresar satisfactoriamente de este curso, hizo la gobernadora Claudia Pavlovich Arellano, [&hellip;]\" \/>\n<meta property=\"og:url\" content=\"https:\/\/soledaddurazo.com\/blog\/2021\/03\/19\/rinde-resultados-la-megarregion-en-materia-educativa-y-de-capacitacion-docente\/\" \/>\n<meta property=\"og:site_name\" content=\"Periodista SoledadDurazo.com\" \/>\n<meta property=\"article:publisher\" content=\"https:\/\/www.facebook.com\/soledad.durazo.9\/\" \/>\n<meta property=\"article:published_time\" content=\"2021-03-19T07:32:26+00:00\" \/>\n<meta property=\"og:image\" content=\"https:\/\/soledaddurazo.com\/storage\/2021\/03\/698854265.jpg\" \/>\n\t<meta property=\"og:image:width\" content=\"600\" \/>\n\t<meta property=\"og:image:height\" content=\"451\" \/>\n<meta name=\"twitter:card\" content=\"summary_large_image\" \/>\n<meta name=\"twitter:creator\" content=\"@SoledadDurazo\" \/>\n<meta name=\"twitter:site\" content=\"@SoledadDurazo\" \/>\n<meta name=\"twitter:label1\" content=\"Escrito por\" \/>\n\t<meta name=\"twitter:data1\" content=\"Redacci\u00f3n\" \/>\n\t<meta name=\"twitter:label2\" content=\"Tiempo de lectura\" \/>\n\t<meta name=\"twitter:data2\" content=\"4 minutos\" \/>\n<script type=\"application\/ld+json\" class=\"yoast-schema-graph\">{\"@context\":\"https:\/\/schema.org\",\"@graph\":[{\"@type\":\"Organization\",\"@id\":\"https:\/\/soledaddurazo.com\/#organization\",\"name\":\"Soledad Durazo\",\"url\":\"https:\/\/soledaddurazo.com\/\",\"sameAs\":[\"https:\/\/www.facebook.com\/soledad.durazo.9\/\",\"https:\/\/www.instagram.com\/soledaddurazo\",\"https:\/\/www.youtube.com\/channel\/UC9yGPw8-Vbl_B2XNkRwPS-w\",\"https:\/\/twitter.com\/SoledadDurazo\"],\"logo\":{\"@type\":\"ImageObject\",\"@id\":\"https:\/\/soledaddurazo.com\/#logo\",\"inLanguage\":\"es\",\"url\":\"https:\/\/soledaddurazo.com\/storage\/2021\/11\/nllp-720x375-1-2.png\",\"contentUrl\":\"https:\/\/soledaddurazo.com\/storage\/2021\/11\/nllp-720x375-1-2.png\",\"width\":720,\"height\":375,\"caption\":\"Soledad Durazo\"},\"image\":{\"@id\":\"https:\/\/soledaddurazo.com\/#logo\"}},{\"@type\":\"WebSite\",\"@id\":\"https:\/\/soledaddurazo.com\/#website\",\"url\":\"https:\/\/soledaddurazo.com\/\",\"name\":\"Periodista SoledadDurazo.com\",\"description\":\"Periodista sonorense. Directora de www.SoledadDurazo.com Columnista, conductora de radio y Tv. Catedr\\u00e1tica en la UNISON\",\"publisher\":{\"@id\":\"https:\/\/soledaddurazo.com\/#organization\"},\"potentialAction\":[{\"@type\":\"SearchAction\",\"target\":{\"@type\":\"EntryPoint\",\"urlTemplate\":\"https:\/\/soledaddurazo.com\/?s={search_term_string}\"},\"query-input\":\"required name=search_term_string\"}],\"inLanguage\":\"es\"},{\"@type\":\"ImageObject\",\"@id\":\"https:\/\/soledaddurazo.com\/blog\/2021\/03\/19\/rinde-resultados-la-megarregion-en-materia-educativa-y-de-capacitacion-docente\/#primaryimage\",\"inLanguage\":\"es\",\"url\":\"https:\/\/soledaddurazo.com\/storage\/2021\/03\/698854265.jpg\",\"contentUrl\":\"https:\/\/soledaddurazo.com\/storage\/2021\/03\/698854265.jpg\",\"width\":600,\"height\":451},{\"@type\":\"WebPage\",\"@id\":\"https:\/\/soledaddurazo.com\/blog\/2021\/03\/19\/rinde-resultados-la-megarregion-en-materia-educativa-y-de-capacitacion-docente\/#webpage\",\"url\":\"https:\/\/soledaddurazo.com\/blog\/2021\/03\/19\/rinde-resultados-la-megarregion-en-materia-educativa-y-de-capacitacion-docente\/\",\"name\":\"Rinde resultados la Megarregi\\u00f3n en materia educativa y de capacitaci\\u00f3n docente - Periodista SoledadDurazo.com\",\"isPartOf\":{\"@id\":\"https:\/\/soledaddurazo.com\/#website\"},\"primaryImageOfPage\":{\"@id\":\"https:\/\/soledaddurazo.com\/blog\/2021\/03\/19\/rinde-resultados-la-megarregion-en-materia-educativa-y-de-capacitacion-docente\/#primaryimage\"},\"datePublished\":\"2021-03-19T07:32:26+00:00\",\"dateModified\":\"2021-03-19T07:32:26+00:00\",\"breadcrumb\":{\"@id\":\"https:\/\/soledaddurazo.com\/blog\/2021\/03\/19\/rinde-resultados-la-megarregion-en-materia-educativa-y-de-capacitacion-docente\/#breadcrumb\"},\"inLanguage\":\"es\",\"potentialAction\":[{\"@type\":\"ReadAction\",\"target\":[\"https:\/\/soledaddurazo.com\/blog\/2021\/03\/19\/rinde-resultados-la-megarregion-en-materia-educativa-y-de-capacitacion-docente\/\"]}]},{\"@type\":\"BreadcrumbList\",\"@id\":\"https:\/\/soledaddurazo.com\/blog\/2021\/03\/19\/rinde-resultados-la-megarregion-en-materia-educativa-y-de-capacitacion-docente\/#breadcrumb\",\"itemListElement\":[{\"@type\":\"ListItem\",\"position\":1,\"name\":\"Home\",\"item\":\"https:\/\/soledaddurazo.com\/\"},{\"@type\":\"ListItem\",\"position\":2,\"name\":\"Rinde resultados la Megarregi\\u00f3n en materia educativa y de capacitaci\\u00f3n docente\"}]},{\"@type\":\"Article\",\"@id\":\"https:\/\/soledaddurazo.com\/blog\/2021\/03\/19\/rinde-resultados-la-megarregion-en-materia-educativa-y-de-capacitacion-docente\/#article\",\"isPartOf\":{\"@id\":\"https:\/\/soledaddurazo.com\/blog\/2021\/03\/19\/rinde-resultados-la-megarregion-en-materia-educativa-y-de-capacitacion-docente\/#webpage\"},\"author\":{\"@id\":\"https:\/\/soledaddurazo.com\/#\/schema\/person\/822d8e13aa288585e6546f179853758b\"},\"headline\":\"Rinde resultados la Megarregi\\u00f3n en materia educativa y de capacitaci\\u00f3n docente\",\"datePublished\":\"2021-03-19T07:32:26+00:00\",\"dateModified\":\"2021-03-19T07:32:26+00:00\",\"mainEntityOfPage\":{\"@id\":\"https:\/\/soledaddurazo.com\/blog\/2021\/03\/19\/rinde-resultados-la-megarregion-en-materia-educativa-y-de-capacitacion-docente\/#webpage\"},\"wordCount\":721,\"commentCount\":0,\"publisher\":{\"@id\":\"https:\/\/soledaddurazo.com\/#organization\"},\"image\":{\"@id\":\"https:\/\/soledaddurazo.com\/blog\/2021\/03\/19\/rinde-resultados-la-megarregion-en-materia-educativa-y-de-capacitacion-docente\/#primaryimage\"},\"thumbnailUrl\":\"https:\/\/soledaddurazo.com\/storage\/2021\/03\/698854265.jpg\",\"articleSection\":[\"Mi Sonora\"],\"inLanguage\":\"es\",\"potentialAction\":[{\"@type\":\"CommentAction\",\"name\":\"Comment\",\"target\":[\"https:\/\/soledaddurazo.com\/blog\/2021\/03\/19\/rinde-resultados-la-megarregion-en-materia-educativa-y-de-capacitacion-docente\/#respond\"]}]},{\"@type\":\"Person\",\"@id\":\"https:\/\/soledaddurazo.com\/#\/schema\/person\/822d8e13aa288585e6546f179853758b\",\"name\":\"Redacci\\u00f3n\",\"image\":{\"@type\":\"ImageObject\",\"@id\":\"https:\/\/soledaddurazo.com\/#personlogo\",\"inLanguage\":\"es\",\"url\":\"https:\/\/secure.gravatar.com\/avatar\/c4e193752f756fd61f04deebed3a3a20dc188d37edb53682d313ac57f2725d54?s=96&d=mm&r=g\",\"contentUrl\":\"https:\/\/secure.gravatar.com\/avatar\/c4e193752f756fd61f04deebed3a3a20dc188d37edb53682d313ac57f2725d54?s=96&d=mm&r=g\",\"caption\":\"Redacci\\u00f3n\"},\"sameAs\":[\"https:\/\/soledaddurazo.com\"]}]}<\/script>\n ","yoast_head_json":{"title":"Rinde resultados la Megarregi\u00f3n en materia educativa y de capacitaci\u00f3n docente - Periodista SoledadDurazo.com","robots":{"index":"index","follow":"follow","max-snippet":"max-snippet:-1","max-image-preview":"max-image-preview:large","max-video-preview":"max-video-preview:-1"},"canonical":"https:\/\/soledaddurazo.com\/blog\/2021\/03\/19\/rinde-resultados-la-megarregion-en-materia-educativa-y-de-capacitacion-docente\/","og_locale":"es_MX","og_type":"article","og_title":"Rinde resultados la Megarregi\u00f3n en materia educativa y de capacitaci\u00f3n docente","og_description":"Un reconocimiento a la Universidad Estatal de Arizona (ASU) y a su presidente Michael M. Crow, por dise\u00f1ar e impartir la segunda capacitaci\u00f3n \u201cLa era del aprendizaje activo\u201d y a los 600 docentes y coordinadores de Educaci\u00f3n Media Superior y Superior por participar y egresar satisfactoriamente de este curso, hizo la gobernadora Claudia Pavlovich Arellano, [&hellip;]","og_url":"https:\/\/soledaddurazo.com\/blog\/2021\/03\/19\/rinde-resultados-la-megarregion-en-materia-educativa-y-de-capacitacion-docente\/","og_site_name":"Periodista SoledadDurazo.com","article_publisher":"https:\/\/www.facebook.com\/soledad.durazo.9\/","article_published_time":"2021-03-19T07:32:26+00:00","og_image":[{"width":600,"height":451,"url":"https:\/\/soledaddurazo.com\/storage\/2021\/03\/698854265.jpg","type":"image\/jpeg"}],"twitter_card":"summary_large_image","twitter_creator":"@SoledadDurazo","twitter_site":"@SoledadDurazo","twitter_misc":{"Escrito por":"Redacci\u00f3n","Tiempo de lectura":"4 minutos"},"schema":{"@context":"https:\/\/schema.org","@graph":[{"@type":"Organization","@id":"https:\/\/soledaddurazo.com\/#organization","name":"Soledad Durazo","url":"https:\/\/soledaddurazo.com\/","sameAs":["https:\/\/www.facebook.com\/soledad.durazo.9\/","https:\/\/www.instagram.com\/soledaddurazo","https:\/\/www.youtube.com\/channel\/UC9yGPw8-Vbl_B2XNkRwPS-w","https:\/\/twitter.com\/SoledadDurazo"],"logo":{"@type":"ImageObject","@id":"https:\/\/soledaddurazo.com\/#logo","inLanguage":"es","url":"https:\/\/soledaddurazo.com\/storage\/2021\/11\/nllp-720x375-1-2.png","contentUrl":"https:\/\/soledaddurazo.com\/storage\/2021\/11\/nllp-720x375-1-2.png","width":720,"height":375,"caption":"Soledad Durazo"},"image":{"@id":"https:\/\/soledaddurazo.com\/#logo"}},{"@type":"WebSite","@id":"https:\/\/soledaddurazo.com\/#website","url":"https:\/\/soledaddurazo.com\/","name":"Periodista SoledadDurazo.com","description":"Periodista sonorense. Directora de www.SoledadDurazo.com Columnista, conductora de radio y Tv. Catedr\u00e1tica en la UNISON","publisher":{"@id":"https:\/\/soledaddurazo.com\/#organization"},"potentialAction":[{"@type":"SearchAction","target":{"@type":"EntryPoint","urlTemplate":"https:\/\/soledaddurazo.com\/?s={search_term_string}"},"query-input":"required name=search_term_string"}],"inLanguage":"es"},{"@type":"ImageObject","@id":"https:\/\/soledaddurazo.com\/blog\/2021\/03\/19\/rinde-resultados-la-megarregion-en-materia-educativa-y-de-capacitacion-docente\/#primaryimage","inLanguage":"es","url":"https:\/\/soledaddurazo.com\/storage\/2021\/03\/698854265.jpg","contentUrl":"https:\/\/soledaddurazo.com\/storage\/2021\/03\/698854265.jpg","width":600,"height":451},{"@type":"WebPage","@id":"https:\/\/soledaddurazo.com\/blog\/2021\/03\/19\/rinde-resultados-la-megarregion-en-materia-educativa-y-de-capacitacion-docente\/#webpage","url":"https:\/\/soledaddurazo.com\/blog\/2021\/03\/19\/rinde-resultados-la-megarregion-en-materia-educativa-y-de-capacitacion-docente\/","name":"Rinde resultados la Megarregi\u00f3n en materia educativa y de capacitaci\u00f3n docente - Periodista SoledadDurazo.com","isPartOf":{"@id":"https:\/\/soledaddurazo.com\/#website"},"primaryImageOfPage":{"@id":"https:\/\/soledaddurazo.com\/blog\/2021\/03\/19\/rinde-resultados-la-megarregion-en-materia-educativa-y-de-capacitacion-docente\/#primaryimage"},"datePublished":"2021-03-19T07:32:26+00:00","dateModified":"2021-03-19T07:32:26+00:00","breadcrumb":{"@id":"https:\/\/soledaddurazo.com\/blog\/2021\/03\/19\/rinde-resultados-la-megarregion-en-materia-educativa-y-de-capacitacion-docente\/#breadcrumb"},"inLanguage":"es","potentialAction":[{"@type":"ReadAction","target":["https:\/\/soledaddurazo.com\/blog\/2021\/03\/19\/rinde-resultados-la-megarregion-en-materia-educativa-y-de-capacitacion-docente\/"]}]},{"@type":"BreadcrumbList","@id":"https:\/\/soledaddurazo.com\/blog\/2021\/03\/19\/rinde-resultados-la-megarregion-en-materia-educativa-y-de-capacitacion-docente\/#breadcrumb","itemListElement":[{"@type":"ListItem","position":1,"name":"Home","item":"https:\/\/soledaddurazo.com\/"},{"@type":"ListItem","position":2,"name":"Rinde resultados la Megarregi\u00f3n en materia educativa y de capacitaci\u00f3n docente"}]},{"@type":"Article","@id":"https:\/\/soledaddurazo.com\/blog\/2021\/03\/19\/rinde-resultados-la-megarregion-en-materia-educativa-y-de-capacitacion-docente\/#article","isPartOf":{"@id":"https:\/\/soledaddurazo.com\/blog\/2021\/03\/19\/rinde-resultados-la-megarregion-en-materia-educativa-y-de-capacitacion-docente\/#webpage"},"author":{"@id":"https:\/\/soledaddurazo.com\/#\/schema\/person\/822d8e13aa288585e6546f179853758b"},"headline":"Rinde resultados la Megarregi\u00f3n en materia educativa y de capacitaci\u00f3n docente","datePublished":"2021-03-19T07:32:26+00:00","dateModified":"2021-03-19T07:32:26+00:00","mainEntityOfPage":{"@id":"https:\/\/soledaddurazo.com\/blog\/2021\/03\/19\/rinde-resultados-la-megarregion-en-materia-educativa-y-de-capacitacion-docente\/#webpage"},"wordCount":721,"commentCount":0,"publisher":{"@id":"https:\/\/soledaddurazo.com\/#organization"},"image":{"@id":"https:\/\/soledaddurazo.com\/blog\/2021\/03\/19\/rinde-resultados-la-megarregion-en-materia-educativa-y-de-capacitacion-docente\/#primaryimage"},"thumbnailUrl":"https:\/\/soledaddurazo.com\/storage\/2021\/03\/698854265.jpg","articleSection":["Mi Sonora"],"inLanguage":"es","potentialAction":[{"@type":"CommentAction","name":"Comment","target":["https:\/\/soledaddurazo.com\/blog\/2021\/03\/19\/rinde-resultados-la-megarregion-en-materia-educativa-y-de-capacitacion-docente\/#respond"]}]},{"@type":"Person","@id":"https:\/\/soledaddurazo.com\/#\/schema\/person\/822d8e13aa288585e6546f179853758b","name":"Redacci\u00f3n","image":{"@type":"ImageObject","@id":"https:\/\/soledaddurazo.com\/#personlogo","inLanguage":"es","url":"https:\/\/secure.gravatar.com\/avatar\/c4e193752f756fd61f04deebed3a3a20dc188d37edb53682d313ac57f2725d54?s=96&d=mm&r=g","contentUrl":"https:\/\/secure.gravatar.com\/avatar\/c4e193752f756fd61f04deebed3a3a20dc188d37edb53682d313ac57f2725d54?s=96&d=mm&r=g","caption":"Redacci\u00f3n"},"sameAs":["https:\/\/soledaddurazo.com"]}]}},"_links":{"self":[{"href":"https:\/\/soledaddurazo.com\/api\/wp\/v2\/posts\/6988","targetHints":{"allow":["GET"]}}],"collection":[{"href":"https:\/\/soledaddurazo.com\/api\/wp\/v2\/posts"}],"about":[{"href":"https:\/\/soledaddurazo.com\/api\/wp\/v2\/types\/post"}],"author":[{"embeddable":true,"href":"https:\/\/soledaddurazo.com\/api\/wp\/v2\/users\/1"}],"replies":[{"embeddable":true,"href":"https:\/\/soledaddurazo.com\/api\/wp\/v2\/comments?post=6988"}],"version-history":[{"count":1,"href":"https:\/\/soledaddurazo.com\/api\/wp\/v2\/posts\/6988\/revisions"}],"predecessor-version":[{"id":6990,"href":"https:\/\/soledaddurazo.com\/api\/wp\/v2\/posts\/6988\/revisions\/6990"}],"wp:featuredmedia":[{"embeddable":true,"href":"https:\/\/soledaddurazo.com\/api\/wp\/v2\/media\/6989"}],"wp:attachment":[{"href":"https:\/\/soledaddurazo.com\/api\/wp\/v2\/media?parent=6988"}],"wp:term":[{"taxonomy":"category","embeddable":true,"href":"https:\/\/soledaddurazo.com\/api\/wp\/v2\/categories?post=6988"},{"taxonomy":"post_tag","embeddable":true,"href":"https:\/\/soledaddurazo.com\/api\/wp\/v2\/tags?post=6988"}],"curies":[{"name":"wp","href":"https:\/\/api.w.org\/{rel}","templated":true}]}}