{"id":6904,"date":"2021-03-16T00:10:43","date_gmt":"2021-03-16T07:10:43","guid":{"rendered":"https:\/\/soledaddurazo.com\/?p=6904"},"modified":"2021-03-16T00:10:43","modified_gmt":"2021-03-16T07:10:43","slug":"realizaran-homenaje-a-personal-medico-personas-fallecidas-y-enfermos-de-covid-19-a-un-ano-del-primer-caso-positivo-en-la-entidad","status":"publish","type":"post","link":"https:\/\/soledaddurazo.com\/blog\/2021\/03\/16\/realizaran-homenaje-a-personal-medico-personas-fallecidas-y-enfermos-de-covid-19-a-un-ano-del-primer-caso-positivo-en-la-entidad\/","title":{"rendered":"Realizar\u00e1n homenaje a personal medico, personas fallecidas y enfermos de COVID-19 a un a\u00f1o del primer caso positivo en la entidad"},"content":{"rendered":"<p>Con el prop\u00f3sito de homenajear a fallecidos y enfermos por COVID-19, as\u00ed como a todo el personal de salud que ha brindado atenci\u00f3n en esta pandemia, la gobernadora Claudia Pavlovich Arellano y la Secretar\u00eda de Salud conmemorar\u00e1n un a\u00f1o del primer caso confirmado en la entidad, inform\u00f3 Enrique Clausen Iberri.<\/p>\n<p>El secretario de Salud en Sonora explic\u00f3 que este 16 de marzo, a las 9:00 horas se oficiar\u00e1 por parte del Arzobispo de Hermosillo Don Ruy Rend\u00f3n Leal una misa conmemorativa, que ser\u00e1 transmitida por Televisa y Telemax y tambi\u00e9n en vivo por Facebook en las cuentas de la dependencia y del Gobierno del Estado.<\/p>\n<p>Agreg\u00f3 que a las 12:00 horas, junto a la mandataria estatal sostendr\u00e1n una conferencia virtual con el boxeador \u00d3scar Valdez, campe\u00f3n s\u00faper pluma del CMB, tambi\u00e9n por las citadas televisoras y transmisi\u00f3n en vivo de Facebook, quien enviar\u00e1 un mensaje de superaci\u00f3n a las y los sonorenses.<\/p>\n<p>\u2018\u2019\u00d3scar Valdez nos compartir\u00e1 un mensaje de superaci\u00f3n, c\u00f3mo a\u00fan en tiempos dif\u00edciles se puede salir adelante, sobre todo los tiempos tan complicados que ha tra\u00eddo para todos esta pandemia\u2019\u2019, declar\u00f3.<\/p>\n<p>Adem\u00e1s, invit\u00f3 a sumarse a un acto conmemorativo que ser\u00e1 encabezado tambi\u00e9n por la mandataria estatal, a las 14:30 horas, el cual consiste en participar con un minuto de aplausos o tocar el claxon justo a esa hora, acciones que se realizar\u00e1n a manera de homenaje en las explanadas de los hospitales de la Secretar\u00eda de Salud en el estado y, en el caso de Hermosillo, a las afueras del Hospital General del Estado.<\/p>\n<p>\u2018\u2019Te invito a unirte a un acto conmemorativo en recuerdo de los fallecidos y para pedir por la salud de los enfermos de COVID-19 as\u00ed como por todo nuestro personal de salud que sigue en la batalla contra este virus; ma\u00f1ana a las 2:30 de la tarde, por un minuto, aplaude o toca tu claxon en honor a ellos\u2019\u2019, se\u00f1al\u00f3.<\/p>\n","protected":false},"excerpt":{"rendered":"<p>Con el prop\u00f3sito de homenajear a fallecidos y enfermos por COVID-19, as\u00ed como a todo el personal de salud que ha brindado atenci\u00f3n en esta pandemia, la gobernadora Claudia Pavlovich Arellano y la Secretar\u00eda de Salud conmemorar\u00e1n un a\u00f1o del primer caso confirmado en la entidad, inform\u00f3 Enrique Clausen Iberri. El secretario de Salud en [&hellip;]<\/p>\n","protected":false},"author":1,"featured_media":0,"comment_status":"open","ping_status":"open","sticky":false,"template":"","format":"standard","meta":{"footnotes":""},"categories":[159],"tags":[],"class_list":["post"],"yoast_head":" \n<title>Realizar\u00e1n homenaje a personal medico, personas fallecidas y enfermos de COVID-19 a un a\u00f1o del primer caso positivo en la entidad - Periodista SoledadDurazo.com<\/title>\n<meta name=\"robots\" content=\"index, follow, max-snippet:-1, max-image-preview:large, max-video-preview:-1\" \/>\n<link rel=\"canonical\" href=\"https:\/\/soledaddurazo.com\/blog\/2021\/03\/16\/realizaran-homenaje-a-personal-medico-personas-fallecidas-y-enfermos-de-covid-19-a-un-ano-del-primer-caso-positivo-en-la-entidad\/\" \/>\n<meta property=\"og:locale\" content=\"es_MX\" \/>\n<meta property=\"og:type\" content=\"article\" \/>\n<meta property=\"og:title\" content=\"Realizar\u00e1n homenaje a personal medico, personas fallecidas y enfermos de COVID-19 a un a\u00f1o del primer caso positivo en la entidad\" \/>\n<meta property=\"og:description\" content=\"Con el prop\u00f3sito de homenajear a fallecidos y enfermos por COVID-19, as\u00ed como a todo el personal de salud que ha brindado atenci\u00f3n en esta pandemia, la gobernadora Claudia Pavlovich Arellano y la Secretar\u00eda de Salud conmemorar\u00e1n un a\u00f1o del primer caso confirmado en la entidad, inform\u00f3 Enrique Clausen Iberri. El secretario de Salud en [&hellip;]\" \/>\n<meta property=\"og:url\" content=\"https:\/\/soledaddurazo.com\/blog\/2021\/03\/16\/realizaran-homenaje-a-personal-medico-personas-fallecidas-y-enfermos-de-covid-19-a-un-ano-del-primer-caso-positivo-en-la-entidad\/\" \/>\n<meta property=\"og:site_name\" content=\"Periodista SoledadDurazo.com\" \/>\n<meta property=\"article:publisher\" content=\"https:\/\/www.facebook.com\/soledad.durazo.9\/\" \/>\n<meta property=\"article:published_time\" content=\"2021-03-16T07:10:43+00:00\" \/>\n<meta name=\"twitter:card\" content=\"summary_large_image\" \/>\n<meta name=\"twitter:creator\" content=\"@SoledadDurazo\" \/>\n<meta name=\"twitter:site\" content=\"@SoledadDurazo\" \/>\n<meta name=\"twitter:label1\" content=\"Escrito por\" \/>\n\t<meta name=\"twitter:data1\" content=\"Redacci\u00f3n\" \/>\n\t<meta name=\"twitter:label2\" content=\"Tiempo de lectura\" \/>\n\t<meta name=\"twitter:data2\" content=\"2 minutos\" \/>\n<script type=\"application\/ld+json\" class=\"yoast-schema-graph\">{\"@context\":\"https:\/\/schema.org\",\"@graph\":[{\"@type\":\"Organization\",\"@id\":\"https:\/\/soledaddurazo.com\/#organization\",\"name\":\"Soledad Durazo\",\"url\":\"https:\/\/soledaddurazo.com\/\",\"sameAs\":[\"https:\/\/www.facebook.com\/soledad.durazo.9\/\",\"https:\/\/www.instagram.com\/soledaddurazo\",\"https:\/\/www.youtube.com\/channel\/UC9yGPw8-Vbl_B2XNkRwPS-w\",\"https:\/\/twitter.com\/SoledadDurazo\"],\"logo\":{\"@type\":\"ImageObject\",\"@id\":\"https:\/\/soledaddurazo.com\/#logo\",\"inLanguage\":\"es\",\"url\":\"https:\/\/soledaddurazo.com\/storage\/2021\/11\/nllp-720x375-1-2.png\",\"contentUrl\":\"https:\/\/soledaddurazo.com\/storage\/2021\/11\/nllp-720x375-1-2.png\",\"width\":720,\"height\":375,\"caption\":\"Soledad Durazo\"},\"image\":{\"@id\":\"https:\/\/soledaddurazo.com\/#logo\"}},{\"@type\":\"WebSite\",\"@id\":\"https:\/\/soledaddurazo.com\/#website\",\"url\":\"https:\/\/soledaddurazo.com\/\",\"name\":\"Periodista SoledadDurazo.com\",\"description\":\"Periodista sonorense. Directora de www.SoledadDurazo.com Columnista, conductora de radio y Tv. Catedr\\u00e1tica en la UNISON\",\"publisher\":{\"@id\":\"https:\/\/soledaddurazo.com\/#organization\"},\"potentialAction\":[{\"@type\":\"SearchAction\",\"target\":{\"@type\":\"EntryPoint\",\"urlTemplate\":\"https:\/\/soledaddurazo.com\/?s={search_term_string}\"},\"query-input\":\"required name=search_term_string\"}],\"inLanguage\":\"es\"},{\"@type\":\"WebPage\",\"@id\":\"https:\/\/soledaddurazo.com\/blog\/2021\/03\/16\/realizaran-homenaje-a-personal-medico-personas-fallecidas-y-enfermos-de-covid-19-a-un-ano-del-primer-caso-positivo-en-la-entidad\/#webpage\",\"url\":\"https:\/\/soledaddurazo.com\/blog\/2021\/03\/16\/realizaran-homenaje-a-personal-medico-personas-fallecidas-y-enfermos-de-covid-19-a-un-ano-del-primer-caso-positivo-en-la-entidad\/\",\"name\":\"Realizar\\u00e1n homenaje a personal medico, personas fallecidas y enfermos de COVID-19 a un a\\u00f1o del primer caso positivo en la entidad - Periodista SoledadDurazo.com\",\"isPartOf\":{\"@id\":\"https:\/\/soledaddurazo.com\/#website\"},\"datePublished\":\"2021-03-16T07:10:43+00:00\",\"dateModified\":\"2021-03-16T07:10:43+00:00\",\"breadcrumb\":{\"@id\":\"https:\/\/soledaddurazo.com\/blog\/2021\/03\/16\/realizaran-homenaje-a-personal-medico-personas-fallecidas-y-enfermos-de-covid-19-a-un-ano-del-primer-caso-positivo-en-la-entidad\/#breadcrumb\"},\"inLanguage\":\"es\",\"potentialAction\":[{\"@type\":\"ReadAction\",\"target\":[\"https:\/\/soledaddurazo.com\/blog\/2021\/03\/16\/realizaran-homenaje-a-personal-medico-personas-fallecidas-y-enfermos-de-covid-19-a-un-ano-del-primer-caso-positivo-en-la-entidad\/\"]}]},{\"@type\":\"BreadcrumbList\",\"@id\":\"https:\/\/soledaddurazo.com\/blog\/2021\/03\/16\/realizaran-homenaje-a-personal-medico-personas-fallecidas-y-enfermos-de-covid-19-a-un-ano-del-primer-caso-positivo-en-la-entidad\/#breadcrumb\",\"itemListElement\":[{\"@type\":\"ListItem\",\"position\":1,\"name\":\"Home\",\"item\":\"https:\/\/soledaddurazo.com\/\"},{\"@type\":\"ListItem\",\"position\":2,\"name\":\"Realizar\\u00e1n homenaje a personal medico, personas fallecidas y enfermos de COVID-19 a un a\\u00f1o del primer caso positivo en la entidad\"}]},{\"@type\":\"Article\",\"@id\":\"https:\/\/soledaddurazo.com\/blog\/2021\/03\/16\/realizaran-homenaje-a-personal-medico-personas-fallecidas-y-enfermos-de-covid-19-a-un-ano-del-primer-caso-positivo-en-la-entidad\/#article\",\"isPartOf\":{\"@id\":\"https:\/\/soledaddurazo.com\/blog\/2021\/03\/16\/realizaran-homenaje-a-personal-medico-personas-fallecidas-y-enfermos-de-covid-19-a-un-ano-del-primer-caso-positivo-en-la-entidad\/#webpage\"},\"author\":{\"@id\":\"https:\/\/soledaddurazo.com\/#\/schema\/person\/822d8e13aa288585e6546f179853758b\"},\"headline\":\"Realizar\\u00e1n homenaje a personal medico, personas fallecidas y enfermos de COVID-19 a un a\\u00f1o del primer caso positivo en la entidad\",\"datePublished\":\"2021-03-16T07:10:43+00:00\",\"dateModified\":\"2021-03-16T07:10:43+00:00\",\"mainEntityOfPage\":{\"@id\":\"https:\/\/soledaddurazo.com\/blog\/2021\/03\/16\/realizaran-homenaje-a-personal-medico-personas-fallecidas-y-enfermos-de-covid-19-a-un-ano-del-primer-caso-positivo-en-la-entidad\/#webpage\"},\"wordCount\":359,\"commentCount\":0,\"publisher\":{\"@id\":\"https:\/\/soledaddurazo.com\/#organization\"},\"articleSection\":[\"Mi Sonora\"],\"inLanguage\":\"es\",\"potentialAction\":[{\"@type\":\"CommentAction\",\"name\":\"Comment\",\"target\":[\"https:\/\/soledaddurazo.com\/blog\/2021\/03\/16\/realizaran-homenaje-a-personal-medico-personas-fallecidas-y-enfermos-de-covid-19-a-un-ano-del-primer-caso-positivo-en-la-entidad\/#respond\"]}]},{\"@type\":\"Person\",\"@id\":\"https:\/\/soledaddurazo.com\/#\/schema\/person\/822d8e13aa288585e6546f179853758b\",\"name\":\"Redacci\\u00f3n\",\"image\":{\"@type\":\"ImageObject\",\"@id\":\"https:\/\/soledaddurazo.com\/#personlogo\",\"inLanguage\":\"es\",\"url\":\"https:\/\/secure.gravatar.com\/avatar\/c4e193752f756fd61f04deebed3a3a20dc188d37edb53682d313ac57f2725d54?s=96&d=mm&r=g\",\"contentUrl\":\"https:\/\/secure.gravatar.com\/avatar\/c4e193752f756fd61f04deebed3a3a20dc188d37edb53682d313ac57f2725d54?s=96&d=mm&r=g\",\"caption\":\"Redacci\\u00f3n\"},\"sameAs\":[\"https:\/\/soledaddurazo.com\"]}]}<\/script>\n ","yoast_head_json":{"title":"Realizar\u00e1n homenaje a personal medico, personas fallecidas y enfermos de COVID-19 a un a\u00f1o del primer caso positivo en la entidad - Periodista SoledadDurazo.com","robots":{"index":"index","follow":"follow","max-snippet":"max-snippet:-1","max-image-preview":"max-image-preview:large","max-video-preview":"max-video-preview:-1"},"canonical":"https:\/\/soledaddurazo.com\/blog\/2021\/03\/16\/realizaran-homenaje-a-personal-medico-personas-fallecidas-y-enfermos-de-covid-19-a-un-ano-del-primer-caso-positivo-en-la-entidad\/","og_locale":"es_MX","og_type":"article","og_title":"Realizar\u00e1n homenaje a personal medico, personas fallecidas y enfermos de COVID-19 a un a\u00f1o del primer caso positivo en la entidad","og_description":"Con el prop\u00f3sito de homenajear a fallecidos y enfermos por COVID-19, as\u00ed como a todo el personal de salud que ha brindado atenci\u00f3n en esta pandemia, la gobernadora Claudia Pavlovich Arellano y la Secretar\u00eda de Salud conmemorar\u00e1n un a\u00f1o del primer caso confirmado en la entidad, inform\u00f3 Enrique Clausen Iberri. El secretario de Salud en [&hellip;]","og_url":"https:\/\/soledaddurazo.com\/blog\/2021\/03\/16\/realizaran-homenaje-a-personal-medico-personas-fallecidas-y-enfermos-de-covid-19-a-un-ano-del-primer-caso-positivo-en-la-entidad\/","og_site_name":"Periodista SoledadDurazo.com","article_publisher":"https:\/\/www.facebook.com\/soledad.durazo.9\/","article_published_time":"2021-03-16T07:10:43+00:00","twitter_card":"summary_large_image","twitter_creator":"@SoledadDurazo","twitter_site":"@SoledadDurazo","twitter_misc":{"Escrito por":"Redacci\u00f3n","Tiempo de lectura":"2 minutos"},"schema":{"@context":"https:\/\/schema.org","@graph":[{"@type":"Organization","@id":"https:\/\/soledaddurazo.com\/#organization","name":"Soledad Durazo","url":"https:\/\/soledaddurazo.com\/","sameAs":["https:\/\/www.facebook.com\/soledad.durazo.9\/","https:\/\/www.instagram.com\/soledaddurazo","https:\/\/www.youtube.com\/channel\/UC9yGPw8-Vbl_B2XNkRwPS-w","https:\/\/twitter.com\/SoledadDurazo"],"logo":{"@type":"ImageObject","@id":"https:\/\/soledaddurazo.com\/#logo","inLanguage":"es","url":"https:\/\/soledaddurazo.com\/storage\/2021\/11\/nllp-720x375-1-2.png","contentUrl":"https:\/\/soledaddurazo.com\/storage\/2021\/11\/nllp-720x375-1-2.png","width":720,"height":375,"caption":"Soledad Durazo"},"image":{"@id":"https:\/\/soledaddurazo.com\/#logo"}},{"@type":"WebSite","@id":"https:\/\/soledaddurazo.com\/#website","url":"https:\/\/soledaddurazo.com\/","name":"Periodista SoledadDurazo.com","description":"Periodista sonorense. Directora de www.SoledadDurazo.com Columnista, conductora de radio y Tv. Catedr\u00e1tica en la UNISON","publisher":{"@id":"https:\/\/soledaddurazo.com\/#organization"},"potentialAction":[{"@type":"SearchAction","target":{"@type":"EntryPoint","urlTemplate":"https:\/\/soledaddurazo.com\/?s={search_term_string}"},"query-input":"required name=search_term_string"}],"inLanguage":"es"},{"@type":"WebPage","@id":"https:\/\/soledaddurazo.com\/blog\/2021\/03\/16\/realizaran-homenaje-a-personal-medico-personas-fallecidas-y-enfermos-de-covid-19-a-un-ano-del-primer-caso-positivo-en-la-entidad\/#webpage","url":"https:\/\/soledaddurazo.com\/blog\/2021\/03\/16\/realizaran-homenaje-a-personal-medico-personas-fallecidas-y-enfermos-de-covid-19-a-un-ano-del-primer-caso-positivo-en-la-entidad\/","name":"Realizar\u00e1n homenaje a personal medico, personas fallecidas y enfermos de COVID-19 a un a\u00f1o del primer caso positivo en la entidad - Periodista SoledadDurazo.com","isPartOf":{"@id":"https:\/\/soledaddurazo.com\/#website"},"datePublished":"2021-03-16T07:10:43+00:00","dateModified":"2021-03-16T07:10:43+00:00","breadcrumb":{"@id":"https:\/\/soledaddurazo.com\/blog\/2021\/03\/16\/realizaran-homenaje-a-personal-medico-personas-fallecidas-y-enfermos-de-covid-19-a-un-ano-del-primer-caso-positivo-en-la-entidad\/#breadcrumb"},"inLanguage":"es","potentialAction":[{"@type":"ReadAction","target":["https:\/\/soledaddurazo.com\/blog\/2021\/03\/16\/realizaran-homenaje-a-personal-medico-personas-fallecidas-y-enfermos-de-covid-19-a-un-ano-del-primer-caso-positivo-en-la-entidad\/"]}]},{"@type":"BreadcrumbList","@id":"https:\/\/soledaddurazo.com\/blog\/2021\/03\/16\/realizaran-homenaje-a-personal-medico-personas-fallecidas-y-enfermos-de-covid-19-a-un-ano-del-primer-caso-positivo-en-la-entidad\/#breadcrumb","itemListElement":[{"@type":"ListItem","position":1,"name":"Home","item":"https:\/\/soledaddurazo.com\/"},{"@type":"ListItem","position":2,"name":"Realizar\u00e1n homenaje a personal medico, personas fallecidas y enfermos de COVID-19 a un a\u00f1o del primer caso positivo en la entidad"}]},{"@type":"Article","@id":"https:\/\/soledaddurazo.com\/blog\/2021\/03\/16\/realizaran-homenaje-a-personal-medico-personas-fallecidas-y-enfermos-de-covid-19-a-un-ano-del-primer-caso-positivo-en-la-entidad\/#article","isPartOf":{"@id":"https:\/\/soledaddurazo.com\/blog\/2021\/03\/16\/realizaran-homenaje-a-personal-medico-personas-fallecidas-y-enfermos-de-covid-19-a-un-ano-del-primer-caso-positivo-en-la-entidad\/#webpage"},"author":{"@id":"https:\/\/soledaddurazo.com\/#\/schema\/person\/822d8e13aa288585e6546f179853758b"},"headline":"Realizar\u00e1n homenaje a personal medico, personas fallecidas y enfermos de COVID-19 a un a\u00f1o del primer caso positivo en la entidad","datePublished":"2021-03-16T07:10:43+00:00","dateModified":"2021-03-16T07:10:43+00:00","mainEntityOfPage":{"@id":"https:\/\/soledaddurazo.com\/blog\/2021\/03\/16\/realizaran-homenaje-a-personal-medico-personas-fallecidas-y-enfermos-de-covid-19-a-un-ano-del-primer-caso-positivo-en-la-entidad\/#webpage"},"wordCount":359,"commentCount":0,"publisher":{"@id":"https:\/\/soledaddurazo.com\/#organization"},"articleSection":["Mi Sonora"],"inLanguage":"es","potentialAction":[{"@type":"CommentAction","name":"Comment","target":["https:\/\/soledaddurazo.com\/blog\/2021\/03\/16\/realizaran-homenaje-a-personal-medico-personas-fallecidas-y-enfermos-de-covid-19-a-un-ano-del-primer-caso-positivo-en-la-entidad\/#respond"]}]},{"@type":"Person","@id":"https:\/\/soledaddurazo.com\/#\/schema\/person\/822d8e13aa288585e6546f179853758b","name":"Redacci\u00f3n","image":{"@type":"ImageObject","@id":"https:\/\/soledaddurazo.com\/#personlogo","inLanguage":"es","url":"https:\/\/secure.gravatar.com\/avatar\/c4e193752f756fd61f04deebed3a3a20dc188d37edb53682d313ac57f2725d54?s=96&d=mm&r=g","contentUrl":"https:\/\/secure.gravatar.com\/avatar\/c4e193752f756fd61f04deebed3a3a20dc188d37edb53682d313ac57f2725d54?s=96&d=mm&r=g","caption":"Redacci\u00f3n"},"sameAs":["https:\/\/soledaddurazo.com"]}]}},"_links":{"self":[{"href":"https:\/\/soledaddurazo.com\/api\/wp\/v2\/posts\/6904","targetHints":{"allow":["GET"]}}],"collection":[{"href":"https:\/\/soledaddurazo.com\/api\/wp\/v2\/posts"}],"about":[{"href":"https:\/\/soledaddurazo.com\/api\/wp\/v2\/types\/post"}],"author":[{"embeddable":true,"href":"https:\/\/soledaddurazo.com\/api\/wp\/v2\/users\/1"}],"replies":[{"embeddable":true,"href":"https:\/\/soledaddurazo.com\/api\/wp\/v2\/comments?post=6904"}],"version-history":[{"count":1,"href":"https:\/\/soledaddurazo.com\/api\/wp\/v2\/posts\/6904\/revisions"}],"predecessor-version":[{"id":6906,"href":"https:\/\/soledaddurazo.com\/api\/wp\/v2\/posts\/6904\/revisions\/6906"}],"wp:attachment":[{"href":"https:\/\/soledaddurazo.com\/api\/wp\/v2\/media?parent=6904"}],"wp:term":[{"taxonomy":"category","embeddable":true,"href":"https:\/\/soledaddurazo.com\/api\/wp\/v2\/categories?post=6904"},{"taxonomy":"post_tag","embeddable":true,"href":"https:\/\/soledaddurazo.com\/api\/wp\/v2\/tags?post=6904"}],"curies":[{"name":"wp","href":"https:\/\/api.w.org\/{rel}","templated":true}]}}