{"id":6901,"date":"2021-03-16T00:00:23","date_gmt":"2021-03-16T07:00:23","guid":{"rendered":"https:\/\/soledaddurazo.com\/?p=6901"},"modified":"2021-03-16T00:00:23","modified_gmt":"2021-03-16T07:00:23","slug":"es-sonora-primer-lugar-nacional-en-tasa-de-crecimiento-del-empleo","status":"publish","type":"post","link":"https:\/\/soledaddurazo.com\/blog\/2021\/03\/16\/es-sonora-primer-lugar-nacional-en-tasa-de-crecimiento-del-empleo\/","title":{"rendered":"Es Sonora primer lugar nacional en tasa de crecimiento del empleo"},"content":{"rendered":"<p>Con base en las cifras proporcionadas por el Instituto Mexicano del Seguro Social (IMSS), Sonora se coloc\u00f3 como el estado con mayor crecimiento en la tasa de empleo durante enero y febrero de este a\u00f1o con un crecimiento de 3.9% y se ubic\u00f3 en segundo lugar a nivel nacional en la generaci\u00f3n de nuevos empleos con 23 mil 550 puestos de trabajo.<\/p>\n<p>As\u00ed lo inform\u00f3 el secretario de Econom\u00eda en el estado, Jorge Vidal Ahumada, durante una reuni\u00f3n encabezada por la gobernadora Claudia Pavlovich Arellano con su Gabinete Legal, en la que se analizaron los avances de cada una de las dependencias estatales y donde la mandataria reiter\u00f3 la necesidad de proteger la salud de las y los sonorenses.<\/p>\n<p>\u201cLo que estamos haciendo durante los meses que lleva esta pandemia de COVID-19, es priorizar la salud de las y los sonorenses, pero tambi\u00e9n atender el tema de la reactivaci\u00f3n econ\u00f3mica de manera id\u00f3nea, la generaci\u00f3n de empleos, establecer e implementar protocolos sanitarios que permitan una reactivaci\u00f3n econ\u00f3mica segura que nos permita atraer nuevas inversiones y fuentes de empleos\u201d, se\u00f1al\u00f3 la mandataria sonorense tras escuchar el informe del secretario de Econom\u00eda.<\/p>\n<p>En la reuni\u00f3n, el secretario Vidal Ahumada mencion\u00f3 que como resultado de las acciones del Pacto para Que Siga Sonora, impulsado por la mandataria estatal y diferentes sectores de la sociedad para contener los efectos de la pandemia y en el que se prioriz\u00f3 la salud de las y los sonorenses, m\u00e1s empresas se establecieron en el estado y est\u00e1n generando empleos.<\/p>\n<p>\u201cEn febrero de 2021 se crearon 11 mil 547 nuevos empleos en el estado, con lo que Sonora se coloca en el segundo lugar a nivel nacional en mayor generaci\u00f3n de puestos de trabajo, esto por segundo mes consecutivo; con este registro se coloca en primer lugar nacional en cuanto a tasa de crecimiento del empleo en 2021 con 3.9%, lo que significa un acumulado de 23 mil 550 empleos nuevos en el primer bimestre del a\u00f1o\u201d, indic\u00f3.<\/p>\n<p>Vidal Ahumada explic\u00f3 que los 11 mil 547 empleos generados en Sonora, es la tercera mayor cifra mensual para un mes de febrero en la entidad y destac\u00f3 que las tres mayores cifras de creaci\u00f3n de empleo en el estado se han registrado en la actual administraci\u00f3n estatal.<\/p>\n<p>\u201cTradicionalmente, los meses de febrero en Sonora han sido de creaci\u00f3n de nuevos empleos, sin registrar p\u00e9rdidas\u201d, coment\u00f3.<\/p>\n<p>Detall\u00f3 que se han recibido m\u00e1s de 6 mil millones de d\u00f3lares de inversi\u00f3n extranjera directa; solo Ford, Constellation Brands y AT Engine suman 4 mil millones de d\u00f3lares (de inversi\u00f3n); adem\u00e1s, se han creado m\u00e1s de 3 mil 300 empresas formales en Sonora durante el actual sexenio, gracias a las facilidades que se han proporcionado a las compa\u00f1\u00edas para establecerse en la entidad y generar m\u00e1s empleos.<\/p>\n","protected":false},"excerpt":{"rendered":"<p>Con base en las cifras proporcionadas por el Instituto Mexicano del Seguro Social (IMSS), Sonora se coloc\u00f3 como el estado con mayor crecimiento en la tasa de empleo durante enero y febrero de este a\u00f1o con un crecimiento de 3.9% y se ubic\u00f3 en segundo lugar a nivel nacional en la generaci\u00f3n de nuevos empleos [&hellip;]<\/p>\n","protected":false},"author":1,"featured_media":6902,"comment_status":"open","ping_status":"open","sticky":false,"template":"","format":"standard","meta":{"footnotes":""},"categories":[159],"tags":[],"class_list":["post"],"yoast_head":" \n<title>Es Sonora primer lugar nacional en tasa de crecimiento del empleo - Periodista SoledadDurazo.com<\/title>\n<meta name=\"robots\" content=\"index, follow, max-snippet:-1, max-image-preview:large, max-video-preview:-1\" \/>\n<link rel=\"canonical\" href=\"https:\/\/soledaddurazo.com\/blog\/2021\/03\/16\/es-sonora-primer-lugar-nacional-en-tasa-de-crecimiento-del-empleo\/\" \/>\n<meta property=\"og:locale\" content=\"es_MX\" \/>\n<meta property=\"og:type\" content=\"article\" \/>\n<meta property=\"og:title\" content=\"Es Sonora primer lugar nacional en tasa de crecimiento del empleo\" \/>\n<meta property=\"og:description\" content=\"Con base en las cifras proporcionadas por el Instituto Mexicano del Seguro Social (IMSS), Sonora se coloc\u00f3 como el estado con mayor crecimiento en la tasa de empleo durante enero y febrero de este a\u00f1o con un crecimiento de 3.9% y se ubic\u00f3 en segundo lugar a nivel nacional en la generaci\u00f3n de nuevos empleos [&hellip;]\" \/>\n<meta property=\"og:url\" content=\"https:\/\/soledaddurazo.com\/blog\/2021\/03\/16\/es-sonora-primer-lugar-nacional-en-tasa-de-crecimiento-del-empleo\/\" \/>\n<meta property=\"og:site_name\" content=\"Periodista SoledadDurazo.com\" \/>\n<meta property=\"article:publisher\" content=\"https:\/\/www.facebook.com\/soledad.durazo.9\/\" \/>\n<meta property=\"article:published_time\" content=\"2021-03-16T07:00:23+00:00\" \/>\n<meta property=\"og:image\" content=\"https:\/\/soledaddurazo.com\/storage\/2021\/03\/f608x342-337887_367610_0.jpg\" \/>\n\t<meta property=\"og:image:width\" content=\"608\" \/>\n\t<meta property=\"og:image:height\" content=\"342\" \/>\n<meta name=\"twitter:card\" content=\"summary_large_image\" \/>\n<meta name=\"twitter:creator\" content=\"@SoledadDurazo\" \/>\n<meta name=\"twitter:site\" content=\"@SoledadDurazo\" \/>\n<meta name=\"twitter:label1\" content=\"Escrito por\" \/>\n\t<meta name=\"twitter:data1\" content=\"Redacci\u00f3n\" \/>\n\t<meta name=\"twitter:label2\" content=\"Tiempo de lectura\" \/>\n\t<meta name=\"twitter:data2\" content=\"2 minutos\" \/>\n<script type=\"application\/ld+json\" class=\"yoast-schema-graph\">{\"@context\":\"https:\/\/schema.org\",\"@graph\":[{\"@type\":\"Organization\",\"@id\":\"https:\/\/soledaddurazo.com\/#organization\",\"name\":\"Soledad Durazo\",\"url\":\"https:\/\/soledaddurazo.com\/\",\"sameAs\":[\"https:\/\/www.facebook.com\/soledad.durazo.9\/\",\"https:\/\/www.instagram.com\/soledaddurazo\",\"https:\/\/www.youtube.com\/channel\/UC9yGPw8-Vbl_B2XNkRwPS-w\",\"https:\/\/twitter.com\/SoledadDurazo\"],\"logo\":{\"@type\":\"ImageObject\",\"@id\":\"https:\/\/soledaddurazo.com\/#logo\",\"inLanguage\":\"es\",\"url\":\"https:\/\/soledaddurazo.com\/storage\/2021\/11\/nllp-720x375-1-2.png\",\"contentUrl\":\"https:\/\/soledaddurazo.com\/storage\/2021\/11\/nllp-720x375-1-2.png\",\"width\":720,\"height\":375,\"caption\":\"Soledad Durazo\"},\"image\":{\"@id\":\"https:\/\/soledaddurazo.com\/#logo\"}},{\"@type\":\"WebSite\",\"@id\":\"https:\/\/soledaddurazo.com\/#website\",\"url\":\"https:\/\/soledaddurazo.com\/\",\"name\":\"Periodista SoledadDurazo.com\",\"description\":\"Periodista sonorense. Directora de www.SoledadDurazo.com Columnista, conductora de radio y Tv. Catedr\\u00e1tica en la UNISON\",\"publisher\":{\"@id\":\"https:\/\/soledaddurazo.com\/#organization\"},\"potentialAction\":[{\"@type\":\"SearchAction\",\"target\":{\"@type\":\"EntryPoint\",\"urlTemplate\":\"https:\/\/soledaddurazo.com\/?s={search_term_string}\"},\"query-input\":\"required name=search_term_string\"}],\"inLanguage\":\"es\"},{\"@type\":\"ImageObject\",\"@id\":\"https:\/\/soledaddurazo.com\/blog\/2021\/03\/16\/es-sonora-primer-lugar-nacional-en-tasa-de-crecimiento-del-empleo\/#primaryimage\",\"inLanguage\":\"es\",\"url\":\"https:\/\/soledaddurazo.com\/storage\/2021\/03\/f608x342-337887_367610_0.jpg\",\"contentUrl\":\"https:\/\/soledaddurazo.com\/storage\/2021\/03\/f608x342-337887_367610_0.jpg\",\"width\":608,\"height\":342},{\"@type\":\"WebPage\",\"@id\":\"https:\/\/soledaddurazo.com\/blog\/2021\/03\/16\/es-sonora-primer-lugar-nacional-en-tasa-de-crecimiento-del-empleo\/#webpage\",\"url\":\"https:\/\/soledaddurazo.com\/blog\/2021\/03\/16\/es-sonora-primer-lugar-nacional-en-tasa-de-crecimiento-del-empleo\/\",\"name\":\"Es Sonora primer lugar nacional en tasa de crecimiento del empleo - Periodista SoledadDurazo.com\",\"isPartOf\":{\"@id\":\"https:\/\/soledaddurazo.com\/#website\"},\"primaryImageOfPage\":{\"@id\":\"https:\/\/soledaddurazo.com\/blog\/2021\/03\/16\/es-sonora-primer-lugar-nacional-en-tasa-de-crecimiento-del-empleo\/#primaryimage\"},\"datePublished\":\"2021-03-16T07:00:23+00:00\",\"dateModified\":\"2021-03-16T07:00:23+00:00\",\"breadcrumb\":{\"@id\":\"https:\/\/soledaddurazo.com\/blog\/2021\/03\/16\/es-sonora-primer-lugar-nacional-en-tasa-de-crecimiento-del-empleo\/#breadcrumb\"},\"inLanguage\":\"es\",\"potentialAction\":[{\"@type\":\"ReadAction\",\"target\":[\"https:\/\/soledaddurazo.com\/blog\/2021\/03\/16\/es-sonora-primer-lugar-nacional-en-tasa-de-crecimiento-del-empleo\/\"]}]},{\"@type\":\"BreadcrumbList\",\"@id\":\"https:\/\/soledaddurazo.com\/blog\/2021\/03\/16\/es-sonora-primer-lugar-nacional-en-tasa-de-crecimiento-del-empleo\/#breadcrumb\",\"itemListElement\":[{\"@type\":\"ListItem\",\"position\":1,\"name\":\"Home\",\"item\":\"https:\/\/soledaddurazo.com\/\"},{\"@type\":\"ListItem\",\"position\":2,\"name\":\"Es Sonora primer lugar nacional en tasa de crecimiento del empleo\"}]},{\"@type\":\"Article\",\"@id\":\"https:\/\/soledaddurazo.com\/blog\/2021\/03\/16\/es-sonora-primer-lugar-nacional-en-tasa-de-crecimiento-del-empleo\/#article\",\"isPartOf\":{\"@id\":\"https:\/\/soledaddurazo.com\/blog\/2021\/03\/16\/es-sonora-primer-lugar-nacional-en-tasa-de-crecimiento-del-empleo\/#webpage\"},\"author\":{\"@id\":\"https:\/\/soledaddurazo.com\/#\/schema\/person\/822d8e13aa288585e6546f179853758b\"},\"headline\":\"Es Sonora primer lugar nacional en tasa de crecimiento del empleo\",\"datePublished\":\"2021-03-16T07:00:23+00:00\",\"dateModified\":\"2021-03-16T07:00:23+00:00\",\"mainEntityOfPage\":{\"@id\":\"https:\/\/soledaddurazo.com\/blog\/2021\/03\/16\/es-sonora-primer-lugar-nacional-en-tasa-de-crecimiento-del-empleo\/#webpage\"},\"wordCount\":490,\"commentCount\":0,\"publisher\":{\"@id\":\"https:\/\/soledaddurazo.com\/#organization\"},\"image\":{\"@id\":\"https:\/\/soledaddurazo.com\/blog\/2021\/03\/16\/es-sonora-primer-lugar-nacional-en-tasa-de-crecimiento-del-empleo\/#primaryimage\"},\"thumbnailUrl\":\"https:\/\/soledaddurazo.com\/storage\/2021\/03\/f608x342-337887_367610_0.jpg\",\"articleSection\":[\"Mi Sonora\"],\"inLanguage\":\"es\",\"potentialAction\":[{\"@type\":\"CommentAction\",\"name\":\"Comment\",\"target\":[\"https:\/\/soledaddurazo.com\/blog\/2021\/03\/16\/es-sonora-primer-lugar-nacional-en-tasa-de-crecimiento-del-empleo\/#respond\"]}]},{\"@type\":\"Person\",\"@id\":\"https:\/\/soledaddurazo.com\/#\/schema\/person\/822d8e13aa288585e6546f179853758b\",\"name\":\"Redacci\\u00f3n\",\"image\":{\"@type\":\"ImageObject\",\"@id\":\"https:\/\/soledaddurazo.com\/#personlogo\",\"inLanguage\":\"es\",\"url\":\"https:\/\/secure.gravatar.com\/avatar\/c4e193752f756fd61f04deebed3a3a20dc188d37edb53682d313ac57f2725d54?s=96&d=mm&r=g\",\"contentUrl\":\"https:\/\/secure.gravatar.com\/avatar\/c4e193752f756fd61f04deebed3a3a20dc188d37edb53682d313ac57f2725d54?s=96&d=mm&r=g\",\"caption\":\"Redacci\\u00f3n\"},\"sameAs\":[\"https:\/\/soledaddurazo.com\"]}]}<\/script>\n ","yoast_head_json":{"title":"Es Sonora primer lugar nacional en tasa de crecimiento del empleo - Periodista SoledadDurazo.com","robots":{"index":"index","follow":"follow","max-snippet":"max-snippet:-1","max-image-preview":"max-image-preview:large","max-video-preview":"max-video-preview:-1"},"canonical":"https:\/\/soledaddurazo.com\/blog\/2021\/03\/16\/es-sonora-primer-lugar-nacional-en-tasa-de-crecimiento-del-empleo\/","og_locale":"es_MX","og_type":"article","og_title":"Es Sonora primer lugar nacional en tasa de crecimiento del empleo","og_description":"Con base en las cifras proporcionadas por el Instituto Mexicano del Seguro Social (IMSS), Sonora se coloc\u00f3 como el estado con mayor crecimiento en la tasa de empleo durante enero y febrero de este a\u00f1o con un crecimiento de 3.9% y se ubic\u00f3 en segundo lugar a nivel nacional en la generaci\u00f3n de nuevos empleos [&hellip;]","og_url":"https:\/\/soledaddurazo.com\/blog\/2021\/03\/16\/es-sonora-primer-lugar-nacional-en-tasa-de-crecimiento-del-empleo\/","og_site_name":"Periodista SoledadDurazo.com","article_publisher":"https:\/\/www.facebook.com\/soledad.durazo.9\/","article_published_time":"2021-03-16T07:00:23+00:00","og_image":[{"width":608,"height":342,"url":"https:\/\/soledaddurazo.com\/storage\/2021\/03\/f608x342-337887_367610_0.jpg","type":"image\/jpeg"}],"twitter_card":"summary_large_image","twitter_creator":"@SoledadDurazo","twitter_site":"@SoledadDurazo","twitter_misc":{"Escrito por":"Redacci\u00f3n","Tiempo de lectura":"2 minutos"},"schema":{"@context":"https:\/\/schema.org","@graph":[{"@type":"Organization","@id":"https:\/\/soledaddurazo.com\/#organization","name":"Soledad Durazo","url":"https:\/\/soledaddurazo.com\/","sameAs":["https:\/\/www.facebook.com\/soledad.durazo.9\/","https:\/\/www.instagram.com\/soledaddurazo","https:\/\/www.youtube.com\/channel\/UC9yGPw8-Vbl_B2XNkRwPS-w","https:\/\/twitter.com\/SoledadDurazo"],"logo":{"@type":"ImageObject","@id":"https:\/\/soledaddurazo.com\/#logo","inLanguage":"es","url":"https:\/\/soledaddurazo.com\/storage\/2021\/11\/nllp-720x375-1-2.png","contentUrl":"https:\/\/soledaddurazo.com\/storage\/2021\/11\/nllp-720x375-1-2.png","width":720,"height":375,"caption":"Soledad Durazo"},"image":{"@id":"https:\/\/soledaddurazo.com\/#logo"}},{"@type":"WebSite","@id":"https:\/\/soledaddurazo.com\/#website","url":"https:\/\/soledaddurazo.com\/","name":"Periodista SoledadDurazo.com","description":"Periodista sonorense. Directora de www.SoledadDurazo.com Columnista, conductora de radio y Tv. Catedr\u00e1tica en la UNISON","publisher":{"@id":"https:\/\/soledaddurazo.com\/#organization"},"potentialAction":[{"@type":"SearchAction","target":{"@type":"EntryPoint","urlTemplate":"https:\/\/soledaddurazo.com\/?s={search_term_string}"},"query-input":"required name=search_term_string"}],"inLanguage":"es"},{"@type":"ImageObject","@id":"https:\/\/soledaddurazo.com\/blog\/2021\/03\/16\/es-sonora-primer-lugar-nacional-en-tasa-de-crecimiento-del-empleo\/#primaryimage","inLanguage":"es","url":"https:\/\/soledaddurazo.com\/storage\/2021\/03\/f608x342-337887_367610_0.jpg","contentUrl":"https:\/\/soledaddurazo.com\/storage\/2021\/03\/f608x342-337887_367610_0.jpg","width":608,"height":342},{"@type":"WebPage","@id":"https:\/\/soledaddurazo.com\/blog\/2021\/03\/16\/es-sonora-primer-lugar-nacional-en-tasa-de-crecimiento-del-empleo\/#webpage","url":"https:\/\/soledaddurazo.com\/blog\/2021\/03\/16\/es-sonora-primer-lugar-nacional-en-tasa-de-crecimiento-del-empleo\/","name":"Es Sonora primer lugar nacional en tasa de crecimiento del empleo - Periodista SoledadDurazo.com","isPartOf":{"@id":"https:\/\/soledaddurazo.com\/#website"},"primaryImageOfPage":{"@id":"https:\/\/soledaddurazo.com\/blog\/2021\/03\/16\/es-sonora-primer-lugar-nacional-en-tasa-de-crecimiento-del-empleo\/#primaryimage"},"datePublished":"2021-03-16T07:00:23+00:00","dateModified":"2021-03-16T07:00:23+00:00","breadcrumb":{"@id":"https:\/\/soledaddurazo.com\/blog\/2021\/03\/16\/es-sonora-primer-lugar-nacional-en-tasa-de-crecimiento-del-empleo\/#breadcrumb"},"inLanguage":"es","potentialAction":[{"@type":"ReadAction","target":["https:\/\/soledaddurazo.com\/blog\/2021\/03\/16\/es-sonora-primer-lugar-nacional-en-tasa-de-crecimiento-del-empleo\/"]}]},{"@type":"BreadcrumbList","@id":"https:\/\/soledaddurazo.com\/blog\/2021\/03\/16\/es-sonora-primer-lugar-nacional-en-tasa-de-crecimiento-del-empleo\/#breadcrumb","itemListElement":[{"@type":"ListItem","position":1,"name":"Home","item":"https:\/\/soledaddurazo.com\/"},{"@type":"ListItem","position":2,"name":"Es Sonora primer lugar nacional en tasa de crecimiento del empleo"}]},{"@type":"Article","@id":"https:\/\/soledaddurazo.com\/blog\/2021\/03\/16\/es-sonora-primer-lugar-nacional-en-tasa-de-crecimiento-del-empleo\/#article","isPartOf":{"@id":"https:\/\/soledaddurazo.com\/blog\/2021\/03\/16\/es-sonora-primer-lugar-nacional-en-tasa-de-crecimiento-del-empleo\/#webpage"},"author":{"@id":"https:\/\/soledaddurazo.com\/#\/schema\/person\/822d8e13aa288585e6546f179853758b"},"headline":"Es Sonora primer lugar nacional en tasa de crecimiento del empleo","datePublished":"2021-03-16T07:00:23+00:00","dateModified":"2021-03-16T07:00:23+00:00","mainEntityOfPage":{"@id":"https:\/\/soledaddurazo.com\/blog\/2021\/03\/16\/es-sonora-primer-lugar-nacional-en-tasa-de-crecimiento-del-empleo\/#webpage"},"wordCount":490,"commentCount":0,"publisher":{"@id":"https:\/\/soledaddurazo.com\/#organization"},"image":{"@id":"https:\/\/soledaddurazo.com\/blog\/2021\/03\/16\/es-sonora-primer-lugar-nacional-en-tasa-de-crecimiento-del-empleo\/#primaryimage"},"thumbnailUrl":"https:\/\/soledaddurazo.com\/storage\/2021\/03\/f608x342-337887_367610_0.jpg","articleSection":["Mi Sonora"],"inLanguage":"es","potentialAction":[{"@type":"CommentAction","name":"Comment","target":["https:\/\/soledaddurazo.com\/blog\/2021\/03\/16\/es-sonora-primer-lugar-nacional-en-tasa-de-crecimiento-del-empleo\/#respond"]}]},{"@type":"Person","@id":"https:\/\/soledaddurazo.com\/#\/schema\/person\/822d8e13aa288585e6546f179853758b","name":"Redacci\u00f3n","image":{"@type":"ImageObject","@id":"https:\/\/soledaddurazo.com\/#personlogo","inLanguage":"es","url":"https:\/\/secure.gravatar.com\/avatar\/c4e193752f756fd61f04deebed3a3a20dc188d37edb53682d313ac57f2725d54?s=96&d=mm&r=g","contentUrl":"https:\/\/secure.gravatar.com\/avatar\/c4e193752f756fd61f04deebed3a3a20dc188d37edb53682d313ac57f2725d54?s=96&d=mm&r=g","caption":"Redacci\u00f3n"},"sameAs":["https:\/\/soledaddurazo.com"]}]}},"_links":{"self":[{"href":"https:\/\/soledaddurazo.com\/api\/wp\/v2\/posts\/6901","targetHints":{"allow":["GET"]}}],"collection":[{"href":"https:\/\/soledaddurazo.com\/api\/wp\/v2\/posts"}],"about":[{"href":"https:\/\/soledaddurazo.com\/api\/wp\/v2\/types\/post"}],"author":[{"embeddable":true,"href":"https:\/\/soledaddurazo.com\/api\/wp\/v2\/users\/1"}],"replies":[{"embeddable":true,"href":"https:\/\/soledaddurazo.com\/api\/wp\/v2\/comments?post=6901"}],"version-history":[{"count":1,"href":"https:\/\/soledaddurazo.com\/api\/wp\/v2\/posts\/6901\/revisions"}],"predecessor-version":[{"id":6903,"href":"https:\/\/soledaddurazo.com\/api\/wp\/v2\/posts\/6901\/revisions\/6903"}],"wp:featuredmedia":[{"embeddable":true,"href":"https:\/\/soledaddurazo.com\/api\/wp\/v2\/media\/6902"}],"wp:attachment":[{"href":"https:\/\/soledaddurazo.com\/api\/wp\/v2\/media?parent=6901"}],"wp:term":[{"taxonomy":"category","embeddable":true,"href":"https:\/\/soledaddurazo.com\/api\/wp\/v2\/categories?post=6901"},{"taxonomy":"post_tag","embeddable":true,"href":"https:\/\/soledaddurazo.com\/api\/wp\/v2\/tags?post=6901"}],"curies":[{"name":"wp","href":"https:\/\/api.w.org\/{rel}","templated":true}]}}