{"id":6836,"date":"2021-03-12T00:16:54","date_gmt":"2021-03-12T07:16:54","guid":{"rendered":"https:\/\/soledaddurazo.com\/?p=6836"},"modified":"2021-03-12T00:18:30","modified_gmt":"2021-03-12T07:18:30","slug":"vamos-a-impulsar-el-potencial-de-la-frontera-sonorense","status":"publish","type":"post","link":"https:\/\/soledaddurazo.com\/blog\/2021\/03\/12\/vamos-a-impulsar-el-potencial-de-la-frontera-sonorense\/","title":{"rendered":"Vamos a impulsar el potencial de la frontera Sonorense"},"content":{"rendered":"<p>\u201cTenemos que tener la prioridad de qu\u00e9 es lo que espera la ciudadan\u00eda. En Sonora somos grandes y necesitamos obras que impulsen el potencial de esta tierra\u201d indic\u00f3 Ricardo Bours Castelo en reuni\u00f3n con integrantes del Consejo Empresarial de Nogales.<\/p>\n<p>&nbsp;<\/p>\n<p>El candidato a gobernador de Sonora por Movimiento Ciudadano, se\u00f1al\u00f3 que van a recuperar el tiempo perdido por los malos gobiernos y a echar a andar el desarrollo econ\u00f3mico en cada regi\u00f3n del estado.<\/p>\n<p>&nbsp;<\/p>\n<p>Durante la pl\u00e1tica coment\u00f3 sobre los ineficientes sistemas de administraci\u00f3n del agua en los que se desperdicia el 50% del agua de Nogales por las condiciones de las tuber\u00edas y nadie ha querido entrar.<\/p>\n<p>&nbsp;<\/p>\n<p>Tambi\u00e9n se\u00f1al\u00f3 que hay que priorizar el tema de calles y avenidas, las rutas de transporte r\u00e1pido ya que no es posible que los ciudadanos de Nogales sigan padeciendo el problema de viabilidad.<\/p>\n<p>&nbsp;<\/p>\n<p>Ricardo Bours, agreg\u00f3 que mejorar\u00e1 el entorno del Estado, por eso uno de los objetivos de sus recorridos es un Sonora m\u00e1s alegre m\u00e1s bonito, porque hay que ver los positivo.<\/p>\n<p>&nbsp;<\/p>\n<p>El candidato de Movimiento Ciudadano dijo que tenemos que empezar a enfrentar uno por uno los problemas, tener la capacidad de detectarlos, como el caso de los taxis piratas que representan un gran problema de seguridad.<\/p>\n<p>&nbsp;<\/p>\n<p>En materia de procuraci\u00f3n de justicia, Ricardo Bour habl\u00f3 de los porcentajes presupuestales de cada dependencia aut\u00f3noma para que puedan capacitarse y planear su desarrollo.<\/p>\n<p>&nbsp;<\/p>\n<p>\u201cNecesitamos dejar de trabajar con n\u00fameros falsos para poder justificar las acciones, el gobierno quiere proyectar un &#8220;falso estado de bienestar &#8220;.<\/p>\n<p>&nbsp;<\/p>\n<p>Es necesario trabajar con informaci\u00f3n real, si podemos establecer informaci\u00f3n real que sea medible y comparable, as\u00ed podemos darle seguimiento y resolver problemas de manera m\u00e1s efectiva y eficiente. \u201cYo soy un fan\u00e1tico de la transparencia\u201d se\u00f1al\u00f3.<\/p>\n<p>&nbsp;<\/p>\n<p>En cuanto a oportunidades de empleos, coment\u00f3 que hay que impulsar las oportunidades de trabajo en una ciudad como nogales ya que el crimen organizado est\u00e1 tan organizado que hasta inhibe la oferta de empleo de las empresas por la inseguridad, por ello coment\u00f3 que va a establecer juntas de concertaci\u00f3n y bienestar en las colonias de cada municipio para que ellos decidan qu\u00e9 obra va primero con base en las necesidades del lugar.<\/p>\n<p>&nbsp;<\/p>\n","protected":false},"excerpt":{"rendered":"<p>\u201cTenemos que tener la prioridad de qu\u00e9 es lo que espera la ciudadan\u00eda. En Sonora somos grandes y necesitamos obras que impulsen el potencial de esta tierra\u201d indic\u00f3 Ricardo Bours Castelo en reuni\u00f3n con integrantes del Consejo Empresarial de Nogales. &nbsp; El candidato a gobernador de Sonora por Movimiento Ciudadano, se\u00f1al\u00f3 que van a recuperar [&hellip;]<\/p>\n","protected":false},"author":1,"featured_media":6837,"comment_status":"open","ping_status":"open","sticky":false,"template":"","format":"standard","meta":{"footnotes":""},"categories":[175],"tags":[],"class_list":["post"],"yoast_head":" \n<title>Vamos a impulsar el potencial de la frontera Sonorense - Periodista SoledadDurazo.com<\/title>\n<meta name=\"robots\" content=\"index, follow, max-snippet:-1, max-image-preview:large, max-video-preview:-1\" \/>\n<link rel=\"canonical\" href=\"https:\/\/soledaddurazo.com\/blog\/2021\/03\/12\/vamos-a-impulsar-el-potencial-de-la-frontera-sonorense\/\" \/>\n<meta property=\"og:locale\" content=\"es_MX\" \/>\n<meta property=\"og:type\" content=\"article\" \/>\n<meta property=\"og:title\" content=\"Vamos a impulsar el potencial de la frontera Sonorense\" \/>\n<meta property=\"og:description\" content=\"\u201cTenemos que tener la prioridad de qu\u00e9 es lo que espera la ciudadan\u00eda. En Sonora somos grandes y necesitamos obras que impulsen el potencial de esta tierra\u201d indic\u00f3 Ricardo Bours Castelo en reuni\u00f3n con integrantes del Consejo Empresarial de Nogales. &nbsp; El candidato a gobernador de Sonora por Movimiento Ciudadano, se\u00f1al\u00f3 que van a recuperar [&hellip;]\" \/>\n<meta property=\"og:url\" content=\"https:\/\/soledaddurazo.com\/blog\/2021\/03\/12\/vamos-a-impulsar-el-potencial-de-la-frontera-sonorense\/\" \/>\n<meta property=\"og:site_name\" content=\"Periodista SoledadDurazo.com\" \/>\n<meta property=\"article:publisher\" content=\"https:\/\/www.facebook.com\/soledad.durazo.9\/\" \/>\n<meta property=\"article:published_time\" content=\"2021-03-12T07:16:54+00:00\" \/>\n<meta property=\"article:modified_time\" content=\"2021-03-12T07:18:30+00:00\" \/>\n<meta property=\"og:image\" content=\"https:\/\/soledaddurazo.com\/storage\/2021\/03\/11032021-RBC-NOGALES-EMPRESARIOS.jpeg\" \/>\n\t<meta property=\"og:image:width\" content=\"1280\" \/>\n\t<meta property=\"og:image:height\" content=\"852\" \/>\n<meta name=\"twitter:card\" content=\"summary_large_image\" \/>\n<meta name=\"twitter:creator\" content=\"@SoledadDurazo\" \/>\n<meta name=\"twitter:site\" content=\"@SoledadDurazo\" \/>\n<meta name=\"twitter:label1\" content=\"Escrito por\" \/>\n\t<meta name=\"twitter:data1\" content=\"Redacci\u00f3n\" \/>\n\t<meta name=\"twitter:label2\" content=\"Tiempo de lectura\" \/>\n\t<meta name=\"twitter:data2\" content=\"2 minutos\" \/>\n<script type=\"application\/ld+json\" class=\"yoast-schema-graph\">{\"@context\":\"https:\/\/schema.org\",\"@graph\":[{\"@type\":\"Organization\",\"@id\":\"https:\/\/soledaddurazo.com\/#organization\",\"name\":\"Soledad Durazo\",\"url\":\"https:\/\/soledaddurazo.com\/\",\"sameAs\":[\"https:\/\/www.facebook.com\/soledad.durazo.9\/\",\"https:\/\/www.instagram.com\/soledaddurazo\",\"https:\/\/www.youtube.com\/channel\/UC9yGPw8-Vbl_B2XNkRwPS-w\",\"https:\/\/twitter.com\/SoledadDurazo\"],\"logo\":{\"@type\":\"ImageObject\",\"@id\":\"https:\/\/soledaddurazo.com\/#logo\",\"inLanguage\":\"es\",\"url\":\"https:\/\/soledaddurazo.com\/storage\/2021\/11\/nllp-720x375-1-2.png\",\"contentUrl\":\"https:\/\/soledaddurazo.com\/storage\/2021\/11\/nllp-720x375-1-2.png\",\"width\":720,\"height\":375,\"caption\":\"Soledad Durazo\"},\"image\":{\"@id\":\"https:\/\/soledaddurazo.com\/#logo\"}},{\"@type\":\"WebSite\",\"@id\":\"https:\/\/soledaddurazo.com\/#website\",\"url\":\"https:\/\/soledaddurazo.com\/\",\"name\":\"Periodista SoledadDurazo.com\",\"description\":\"Periodista sonorense. Directora de www.SoledadDurazo.com Columnista, conductora de radio y Tv. Catedr\\u00e1tica en la UNISON\",\"publisher\":{\"@id\":\"https:\/\/soledaddurazo.com\/#organization\"},\"potentialAction\":[{\"@type\":\"SearchAction\",\"target\":{\"@type\":\"EntryPoint\",\"urlTemplate\":\"https:\/\/soledaddurazo.com\/?s={search_term_string}\"},\"query-input\":\"required name=search_term_string\"}],\"inLanguage\":\"es\"},{\"@type\":\"ImageObject\",\"@id\":\"https:\/\/soledaddurazo.com\/blog\/2021\/03\/12\/vamos-a-impulsar-el-potencial-de-la-frontera-sonorense\/#primaryimage\",\"inLanguage\":\"es\",\"url\":\"https:\/\/soledaddurazo.com\/storage\/2021\/03\/11032021-RBC-NOGALES-EMPRESARIOS.jpeg\",\"contentUrl\":\"https:\/\/soledaddurazo.com\/storage\/2021\/03\/11032021-RBC-NOGALES-EMPRESARIOS.jpeg\",\"width\":1280,\"height\":852},{\"@type\":\"WebPage\",\"@id\":\"https:\/\/soledaddurazo.com\/blog\/2021\/03\/12\/vamos-a-impulsar-el-potencial-de-la-frontera-sonorense\/#webpage\",\"url\":\"https:\/\/soledaddurazo.com\/blog\/2021\/03\/12\/vamos-a-impulsar-el-potencial-de-la-frontera-sonorense\/\",\"name\":\"Vamos a impulsar el potencial de la frontera Sonorense - Periodista SoledadDurazo.com\",\"isPartOf\":{\"@id\":\"https:\/\/soledaddurazo.com\/#website\"},\"primaryImageOfPage\":{\"@id\":\"https:\/\/soledaddurazo.com\/blog\/2021\/03\/12\/vamos-a-impulsar-el-potencial-de-la-frontera-sonorense\/#primaryimage\"},\"datePublished\":\"2021-03-12T07:16:54+00:00\",\"dateModified\":\"2021-03-12T07:18:30+00:00\",\"breadcrumb\":{\"@id\":\"https:\/\/soledaddurazo.com\/blog\/2021\/03\/12\/vamos-a-impulsar-el-potencial-de-la-frontera-sonorense\/#breadcrumb\"},\"inLanguage\":\"es\",\"potentialAction\":[{\"@type\":\"ReadAction\",\"target\":[\"https:\/\/soledaddurazo.com\/blog\/2021\/03\/12\/vamos-a-impulsar-el-potencial-de-la-frontera-sonorense\/\"]}]},{\"@type\":\"BreadcrumbList\",\"@id\":\"https:\/\/soledaddurazo.com\/blog\/2021\/03\/12\/vamos-a-impulsar-el-potencial-de-la-frontera-sonorense\/#breadcrumb\",\"itemListElement\":[{\"@type\":\"ListItem\",\"position\":1,\"name\":\"Home\",\"item\":\"https:\/\/soledaddurazo.com\/\"},{\"@type\":\"ListItem\",\"position\":2,\"name\":\"Vamos a impulsar el potencial de la frontera Sonorense\"}]},{\"@type\":\"Article\",\"@id\":\"https:\/\/soledaddurazo.com\/blog\/2021\/03\/12\/vamos-a-impulsar-el-potencial-de-la-frontera-sonorense\/#article\",\"isPartOf\":{\"@id\":\"https:\/\/soledaddurazo.com\/blog\/2021\/03\/12\/vamos-a-impulsar-el-potencial-de-la-frontera-sonorense\/#webpage\"},\"author\":{\"@id\":\"https:\/\/soledaddurazo.com\/#\/schema\/person\/822d8e13aa288585e6546f179853758b\"},\"headline\":\"Vamos a impulsar el potencial de la frontera Sonorense\",\"datePublished\":\"2021-03-12T07:16:54+00:00\",\"dateModified\":\"2021-03-12T07:18:30+00:00\",\"mainEntityOfPage\":{\"@id\":\"https:\/\/soledaddurazo.com\/blog\/2021\/03\/12\/vamos-a-impulsar-el-potencial-de-la-frontera-sonorense\/#webpage\"},\"wordCount\":405,\"commentCount\":0,\"publisher\":{\"@id\":\"https:\/\/soledaddurazo.com\/#organization\"},\"image\":{\"@id\":\"https:\/\/soledaddurazo.com\/blog\/2021\/03\/12\/vamos-a-impulsar-el-potencial-de-la-frontera-sonorense\/#primaryimage\"},\"thumbnailUrl\":\"https:\/\/soledaddurazo.com\/storage\/2021\/03\/11032021-RBC-NOGALES-EMPRESARIOS.jpeg\",\"articleSection\":[\"Sonora 20-21\"],\"inLanguage\":\"es\",\"potentialAction\":[{\"@type\":\"CommentAction\",\"name\":\"Comment\",\"target\":[\"https:\/\/soledaddurazo.com\/blog\/2021\/03\/12\/vamos-a-impulsar-el-potencial-de-la-frontera-sonorense\/#respond\"]}]},{\"@type\":\"Person\",\"@id\":\"https:\/\/soledaddurazo.com\/#\/schema\/person\/822d8e13aa288585e6546f179853758b\",\"name\":\"Redacci\\u00f3n\",\"image\":{\"@type\":\"ImageObject\",\"@id\":\"https:\/\/soledaddurazo.com\/#personlogo\",\"inLanguage\":\"es\",\"url\":\"https:\/\/secure.gravatar.com\/avatar\/c4e193752f756fd61f04deebed3a3a20dc188d37edb53682d313ac57f2725d54?s=96&d=mm&r=g\",\"contentUrl\":\"https:\/\/secure.gravatar.com\/avatar\/c4e193752f756fd61f04deebed3a3a20dc188d37edb53682d313ac57f2725d54?s=96&d=mm&r=g\",\"caption\":\"Redacci\\u00f3n\"},\"sameAs\":[\"https:\/\/soledaddurazo.com\"]}]}<\/script>\n ","yoast_head_json":{"title":"Vamos a impulsar el potencial de la frontera Sonorense - Periodista SoledadDurazo.com","robots":{"index":"index","follow":"follow","max-snippet":"max-snippet:-1","max-image-preview":"max-image-preview:large","max-video-preview":"max-video-preview:-1"},"canonical":"https:\/\/soledaddurazo.com\/blog\/2021\/03\/12\/vamos-a-impulsar-el-potencial-de-la-frontera-sonorense\/","og_locale":"es_MX","og_type":"article","og_title":"Vamos a impulsar el potencial de la frontera Sonorense","og_description":"\u201cTenemos que tener la prioridad de qu\u00e9 es lo que espera la ciudadan\u00eda. En Sonora somos grandes y necesitamos obras que impulsen el potencial de esta tierra\u201d indic\u00f3 Ricardo Bours Castelo en reuni\u00f3n con integrantes del Consejo Empresarial de Nogales. &nbsp; El candidato a gobernador de Sonora por Movimiento Ciudadano, se\u00f1al\u00f3 que van a recuperar [&hellip;]","og_url":"https:\/\/soledaddurazo.com\/blog\/2021\/03\/12\/vamos-a-impulsar-el-potencial-de-la-frontera-sonorense\/","og_site_name":"Periodista SoledadDurazo.com","article_publisher":"https:\/\/www.facebook.com\/soledad.durazo.9\/","article_published_time":"2021-03-12T07:16:54+00:00","article_modified_time":"2021-03-12T07:18:30+00:00","og_image":[{"width":1280,"height":852,"url":"https:\/\/soledaddurazo.com\/storage\/2021\/03\/11032021-RBC-NOGALES-EMPRESARIOS.jpeg","type":"image\/jpeg"}],"twitter_card":"summary_large_image","twitter_creator":"@SoledadDurazo","twitter_site":"@SoledadDurazo","twitter_misc":{"Escrito por":"Redacci\u00f3n","Tiempo de lectura":"2 minutos"},"schema":{"@context":"https:\/\/schema.org","@graph":[{"@type":"Organization","@id":"https:\/\/soledaddurazo.com\/#organization","name":"Soledad Durazo","url":"https:\/\/soledaddurazo.com\/","sameAs":["https:\/\/www.facebook.com\/soledad.durazo.9\/","https:\/\/www.instagram.com\/soledaddurazo","https:\/\/www.youtube.com\/channel\/UC9yGPw8-Vbl_B2XNkRwPS-w","https:\/\/twitter.com\/SoledadDurazo"],"logo":{"@type":"ImageObject","@id":"https:\/\/soledaddurazo.com\/#logo","inLanguage":"es","url":"https:\/\/soledaddurazo.com\/storage\/2021\/11\/nllp-720x375-1-2.png","contentUrl":"https:\/\/soledaddurazo.com\/storage\/2021\/11\/nllp-720x375-1-2.png","width":720,"height":375,"caption":"Soledad Durazo"},"image":{"@id":"https:\/\/soledaddurazo.com\/#logo"}},{"@type":"WebSite","@id":"https:\/\/soledaddurazo.com\/#website","url":"https:\/\/soledaddurazo.com\/","name":"Periodista SoledadDurazo.com","description":"Periodista sonorense. Directora de www.SoledadDurazo.com Columnista, conductora de radio y Tv. Catedr\u00e1tica en la UNISON","publisher":{"@id":"https:\/\/soledaddurazo.com\/#organization"},"potentialAction":[{"@type":"SearchAction","target":{"@type":"EntryPoint","urlTemplate":"https:\/\/soledaddurazo.com\/?s={search_term_string}"},"query-input":"required name=search_term_string"}],"inLanguage":"es"},{"@type":"ImageObject","@id":"https:\/\/soledaddurazo.com\/blog\/2021\/03\/12\/vamos-a-impulsar-el-potencial-de-la-frontera-sonorense\/#primaryimage","inLanguage":"es","url":"https:\/\/soledaddurazo.com\/storage\/2021\/03\/11032021-RBC-NOGALES-EMPRESARIOS.jpeg","contentUrl":"https:\/\/soledaddurazo.com\/storage\/2021\/03\/11032021-RBC-NOGALES-EMPRESARIOS.jpeg","width":1280,"height":852},{"@type":"WebPage","@id":"https:\/\/soledaddurazo.com\/blog\/2021\/03\/12\/vamos-a-impulsar-el-potencial-de-la-frontera-sonorense\/#webpage","url":"https:\/\/soledaddurazo.com\/blog\/2021\/03\/12\/vamos-a-impulsar-el-potencial-de-la-frontera-sonorense\/","name":"Vamos a impulsar el potencial de la frontera Sonorense - Periodista SoledadDurazo.com","isPartOf":{"@id":"https:\/\/soledaddurazo.com\/#website"},"primaryImageOfPage":{"@id":"https:\/\/soledaddurazo.com\/blog\/2021\/03\/12\/vamos-a-impulsar-el-potencial-de-la-frontera-sonorense\/#primaryimage"},"datePublished":"2021-03-12T07:16:54+00:00","dateModified":"2021-03-12T07:18:30+00:00","breadcrumb":{"@id":"https:\/\/soledaddurazo.com\/blog\/2021\/03\/12\/vamos-a-impulsar-el-potencial-de-la-frontera-sonorense\/#breadcrumb"},"inLanguage":"es","potentialAction":[{"@type":"ReadAction","target":["https:\/\/soledaddurazo.com\/blog\/2021\/03\/12\/vamos-a-impulsar-el-potencial-de-la-frontera-sonorense\/"]}]},{"@type":"BreadcrumbList","@id":"https:\/\/soledaddurazo.com\/blog\/2021\/03\/12\/vamos-a-impulsar-el-potencial-de-la-frontera-sonorense\/#breadcrumb","itemListElement":[{"@type":"ListItem","position":1,"name":"Home","item":"https:\/\/soledaddurazo.com\/"},{"@type":"ListItem","position":2,"name":"Vamos a impulsar el potencial de la frontera Sonorense"}]},{"@type":"Article","@id":"https:\/\/soledaddurazo.com\/blog\/2021\/03\/12\/vamos-a-impulsar-el-potencial-de-la-frontera-sonorense\/#article","isPartOf":{"@id":"https:\/\/soledaddurazo.com\/blog\/2021\/03\/12\/vamos-a-impulsar-el-potencial-de-la-frontera-sonorense\/#webpage"},"author":{"@id":"https:\/\/soledaddurazo.com\/#\/schema\/person\/822d8e13aa288585e6546f179853758b"},"headline":"Vamos a impulsar el potencial de la frontera Sonorense","datePublished":"2021-03-12T07:16:54+00:00","dateModified":"2021-03-12T07:18:30+00:00","mainEntityOfPage":{"@id":"https:\/\/soledaddurazo.com\/blog\/2021\/03\/12\/vamos-a-impulsar-el-potencial-de-la-frontera-sonorense\/#webpage"},"wordCount":405,"commentCount":0,"publisher":{"@id":"https:\/\/soledaddurazo.com\/#organization"},"image":{"@id":"https:\/\/soledaddurazo.com\/blog\/2021\/03\/12\/vamos-a-impulsar-el-potencial-de-la-frontera-sonorense\/#primaryimage"},"thumbnailUrl":"https:\/\/soledaddurazo.com\/storage\/2021\/03\/11032021-RBC-NOGALES-EMPRESARIOS.jpeg","articleSection":["Sonora 20-21"],"inLanguage":"es","potentialAction":[{"@type":"CommentAction","name":"Comment","target":["https:\/\/soledaddurazo.com\/blog\/2021\/03\/12\/vamos-a-impulsar-el-potencial-de-la-frontera-sonorense\/#respond"]}]},{"@type":"Person","@id":"https:\/\/soledaddurazo.com\/#\/schema\/person\/822d8e13aa288585e6546f179853758b","name":"Redacci\u00f3n","image":{"@type":"ImageObject","@id":"https:\/\/soledaddurazo.com\/#personlogo","inLanguage":"es","url":"https:\/\/secure.gravatar.com\/avatar\/c4e193752f756fd61f04deebed3a3a20dc188d37edb53682d313ac57f2725d54?s=96&d=mm&r=g","contentUrl":"https:\/\/secure.gravatar.com\/avatar\/c4e193752f756fd61f04deebed3a3a20dc188d37edb53682d313ac57f2725d54?s=96&d=mm&r=g","caption":"Redacci\u00f3n"},"sameAs":["https:\/\/soledaddurazo.com"]}]}},"_links":{"self":[{"href":"https:\/\/soledaddurazo.com\/api\/wp\/v2\/posts\/6836","targetHints":{"allow":["GET"]}}],"collection":[{"href":"https:\/\/soledaddurazo.com\/api\/wp\/v2\/posts"}],"about":[{"href":"https:\/\/soledaddurazo.com\/api\/wp\/v2\/types\/post"}],"author":[{"embeddable":true,"href":"https:\/\/soledaddurazo.com\/api\/wp\/v2\/users\/1"}],"replies":[{"embeddable":true,"href":"https:\/\/soledaddurazo.com\/api\/wp\/v2\/comments?post=6836"}],"version-history":[{"count":1,"href":"https:\/\/soledaddurazo.com\/api\/wp\/v2\/posts\/6836\/revisions"}],"predecessor-version":[{"id":6838,"href":"https:\/\/soledaddurazo.com\/api\/wp\/v2\/posts\/6836\/revisions\/6838"}],"wp:featuredmedia":[{"embeddable":true,"href":"https:\/\/soledaddurazo.com\/api\/wp\/v2\/media\/6837"}],"wp:attachment":[{"href":"https:\/\/soledaddurazo.com\/api\/wp\/v2\/media?parent=6836"}],"wp:term":[{"taxonomy":"category","embeddable":true,"href":"https:\/\/soledaddurazo.com\/api\/wp\/v2\/categories?post=6836"},{"taxonomy":"post_tag","embeddable":true,"href":"https:\/\/soledaddurazo.com\/api\/wp\/v2\/tags?post=6836"}],"curies":[{"name":"wp","href":"https:\/\/api.w.org\/{rel}","templated":true}]}}