{"id":6707,"date":"2021-03-08T01:15:18","date_gmt":"2021-03-08T08:15:18","guid":{"rendered":"https:\/\/soledaddurazo.com\/?p=6707"},"modified":"2021-03-15T00:55:14","modified_gmt":"2021-03-15T07:55:14","slug":"por-que-se-celebra-el-8-de-marzo-el-dia-internacional-de-la-mujer","status":"publish","type":"post","link":"https:\/\/soledaddurazo.com\/blog\/2021\/03\/08\/por-que-se-celebra-el-8-de-marzo-el-dia-internacional-de-la-mujer\/","title":{"rendered":"Por qu\u00e9 se conmemora el 8 de marzo el D\u00eda Internacional de la Mujer"},"content":{"rendered":"<p>Cada 8 de marzo se conmemora la lucha de las mujeres por la igualdad de derechos. Un d\u00eda para recordar todos los avances y tambi\u00e9n para reivindicar el trabajo que a\u00fan queda por hacer ante las desigualdades que contin\u00faan produci\u00e9ndose entre hombres y mujeres en todo el mundo.<\/p>\n<p>Oficialmente, el D\u00eda Internacional de la Mujer se oficializ\u00f3 el 8 de marzo desde el a\u00f1o 1975, cuando fue institucionalizado por las Naciones Unidas. Dos a\u00f1os m\u00e1s tarde, en diciembre de 1977, la Asamblea General formul\u00f3 una resoluci\u00f3n proclamando un D\u00eda de las Naciones Unidas para los Derechos de la Mujer y la Paz Internacional.<\/p>\n<p>\u00bfCu\u00e1les fueron los or\u00edgenes en Estados Unidos?<br \/>\nEste d\u00eda tiene sus antecedentes en las m\u00faltiples manifestaciones y luchas de las mujeres a finales del siglo XIX y principios del XX que reclamaban por sus derechos, como el derecho a voto, a la igualdad entre sexos y a mejores condiciones de trabajo.<\/p>\n<p id=\"m143-142-144\" class=\"paragraph \">Seg\u00fan las fuentes hist\u00f3ricas,\u00a0<strong>uno de los or\u00edgenes se remonta al a\u00f1o 1909<\/strong>, cuando surgi\u00f3 un movimiento en Estados Unidos tras una\u00a0<strong>declaraci\u00f3n del Partido Socialista de los Estados Unidos de Am\u00e9rica un 28 de febrero<\/strong>\u00a0por la que se celebr\u00f3 el primer D\u00eda Nacional de la Mujer. Poco antes, en\u00a0<strong>1908, hab\u00eda tenido lugar una de las marchas m\u00e1s hist\u00f3ricas<\/strong>\u00a0del movimiento de las mujeres en Nueva York con unas 15.000 asistentes que se manifestaron para reivindicar condiciones dignas en el trabajo y el derecho al voto.<\/p>\n<p id=\"m148-147-149\" class=\"paragraph \">Sin embargo,\u00a0como recalcan desde Naciones Unidas,\u00a0<strong>uno de los hitos m\u00e1s importantes del movimiento feminista en EE.\u00a0UU. se remonta al a\u00f1o 1848<\/strong>, cuando las norteamericanas\u00a0Elizabeth Cady Stanton y Lucretia Mott concentraron a cientos de personas en la primera convenci\u00f3n nacional de mujeres en Nueva York ante la prohibici\u00f3n que imped\u00eda hablar a las mujeres en un evento contra la esclavitud.<\/p>\n<p id=\"m153-152-154\" class=\"paragraph \">Otros dos acontecimientos que pudieron servir como precedentes de la instauraci\u00f3n de este d\u00eda fueron la huelga de trabajadoras textiles en Nueva York el\u00a0<strong>8 de marzo de 1857 para protestar por las duras condiciones y la explotaci\u00f3n laboral.<\/strong>\u00a0El segundo acontecimiento hace referencia a la muerte de m\u00e1s de cien trabajadoras en marzo 1911 tras el\u00a0<strong>incendio de la f\u00e1brica\u00a0Triangle Shirtwaist de Nueva York.<\/strong>\u00a0No pudieron salir del edificio, ya que las puertas fueron cerradas.<\/p>\n<h2 id=\"m158-157-159\">\u00bfY en Europa? \u00bfEn qu\u00e9 a\u00f1o se comenz\u00f3 a celebrar?<\/h2>\n<p id=\"m163-162-164\" class=\"paragraph \"><strong>Uno de los precedentes de este d\u00eda en Europa tuvo lugar en 1910<\/strong>\u00a0cuando cientos de personas procedentes de 17 pa\u00edses se reunieron en\u00a0Copenhague (Dinamarca) en la\u00a0<strong>Segunda Conferencia Internacional de Mujeres Socialistas para luchar por el sufragio femenino universal<\/strong>. All\u00ed fue donde la activista alemana,\u00a0Clara Zetkin, proclam\u00f3 la creaci\u00f3n de un D\u00eda Internacional de la Mujer el 8 de marzo.<\/p>\n<p id=\"m168-167-169\" class=\"paragraph \"><strong>Las primeras conmemoraciones fueron en Europa y Estados Unidos de este d\u00eda comenzaron en 1911<\/strong>\u00a0y &#8220;la fecha elegida fue el 19 de marzo en conmemoraci\u00f3n de la Revoluci\u00f3n de 1848 y de la Comuna de Par\u00eds&#8221;, destaca la ONU.\u00a0<strong>En el a\u00f1o 1913<\/strong>, en el marco de los movimientos por la paz que surgieron por la Primera Guerra Mundial, las mujeres de Rusia decidieron celebrar el primer D\u00eda Internacional de la Mujer el \u00faltimo domingo de febrero.\u00a0<strong>En algunos pa\u00edses europeos se conmemor\u00f3 oficialmente el 8 de marzo.<\/strong><\/p>\n<p id=\"m173-172-174\" class=\"paragraph \">Despu\u00e9s de la Segunda Guerra Mundial, el D\u00eda de la Mujer comenz\u00f3 a celebrarse este d\u00eda en una gran mayor\u00eda de pa\u00edses y finalmente\u00a0<strong>fue reconocido por la ONU en el a\u00f1o 1977.<\/strong><\/p>\n<p>&nbsp;<\/p>\n<p>&nbsp;<\/p>\n","protected":false},"excerpt":{"rendered":"<p>Cada 8 de marzo se conmemora la lucha de las mujeres por la igualdad de derechos. Un d\u00eda para recordar todos los avances y tambi\u00e9n para reivindicar el trabajo que a\u00fan queda por hacer ante las desigualdades que contin\u00faan produci\u00e9ndose entre hombres y mujeres en todo el mundo. Oficialmente, el D\u00eda Internacional de la Mujer [&hellip;]<\/p>\n","protected":false},"author":1,"featured_media":6708,"comment_status":"open","ping_status":"open","sticky":false,"template":"","format":"standard","meta":{"footnotes":""},"categories":[160,153],"tags":[],"class_list":["post"],"yoast_head":" \n<title>Por qu\u00e9 se conmemora el 8 de marzo el D\u00eda Internacional de la Mujer - Periodista SoledadDurazo.com<\/title>\n<meta name=\"robots\" content=\"index, follow, max-snippet:-1, max-image-preview:large, max-video-preview:-1\" \/>\n<link rel=\"canonical\" href=\"https:\/\/soledaddurazo.com\/blog\/2021\/03\/08\/por-que-se-celebra-el-8-de-marzo-el-dia-internacional-de-la-mujer\/\" \/>\n<meta property=\"og:locale\" content=\"es_MX\" \/>\n<meta property=\"og:type\" content=\"article\" \/>\n<meta property=\"og:title\" content=\"Por qu\u00e9 se conmemora el 8 de marzo el D\u00eda Internacional de la Mujer\" \/>\n<meta property=\"og:description\" content=\"Cada 8 de marzo se conmemora la lucha de las mujeres por la igualdad de derechos. Un d\u00eda para recordar todos los avances y tambi\u00e9n para reivindicar el trabajo que a\u00fan queda por hacer ante las desigualdades que contin\u00faan produci\u00e9ndose entre hombres y mujeres en todo el mundo. Oficialmente, el D\u00eda Internacional de la Mujer [&hellip;]\" \/>\n<meta property=\"og:url\" content=\"https:\/\/soledaddurazo.com\/blog\/2021\/03\/08\/por-que-se-celebra-el-8-de-marzo-el-dia-internacional-de-la-mujer\/\" \/>\n<meta property=\"og:site_name\" content=\"Periodista SoledadDurazo.com\" \/>\n<meta property=\"article:publisher\" content=\"https:\/\/www.facebook.com\/soledad.durazo.9\/\" \/>\n<meta property=\"article:published_time\" content=\"2021-03-08T08:15:18+00:00\" \/>\n<meta property=\"article:modified_time\" content=\"2021-03-15T07:55:14+00:00\" \/>\n<meta property=\"og:image\" content=\"https:\/\/soledaddurazo.com\/storage\/2021\/03\/archivo-manifestacion-del-8m-dia-internacional-de-la-mujer-en-madrid-a-8-de-marzo-de-2020.jpeg\" \/>\n\t<meta property=\"og:image:width\" content=\"656\" \/>\n\t<meta property=\"og:image:height\" content=\"370\" \/>\n<meta name=\"twitter:card\" content=\"summary_large_image\" \/>\n<meta name=\"twitter:creator\" content=\"@SoledadDurazo\" \/>\n<meta name=\"twitter:site\" content=\"@SoledadDurazo\" \/>\n<meta name=\"twitter:label1\" content=\"Escrito por\" \/>\n\t<meta name=\"twitter:data1\" content=\"Redacci\u00f3n\" \/>\n\t<meta name=\"twitter:label2\" content=\"Tiempo de lectura\" \/>\n\t<meta name=\"twitter:data2\" content=\"3 minutos\" \/>\n<script type=\"application\/ld+json\" class=\"yoast-schema-graph\">{\"@context\":\"https:\/\/schema.org\",\"@graph\":[{\"@type\":\"Organization\",\"@id\":\"https:\/\/soledaddurazo.com\/#organization\",\"name\":\"Soledad Durazo\",\"url\":\"https:\/\/soledaddurazo.com\/\",\"sameAs\":[\"https:\/\/www.facebook.com\/soledad.durazo.9\/\",\"https:\/\/www.instagram.com\/soledaddurazo\",\"https:\/\/www.youtube.com\/channel\/UC9yGPw8-Vbl_B2XNkRwPS-w\",\"https:\/\/twitter.com\/SoledadDurazo\"],\"logo\":{\"@type\":\"ImageObject\",\"@id\":\"https:\/\/soledaddurazo.com\/#logo\",\"inLanguage\":\"es\",\"url\":\"https:\/\/soledaddurazo.com\/storage\/2021\/11\/nllp-720x375-1-2.png\",\"contentUrl\":\"https:\/\/soledaddurazo.com\/storage\/2021\/11\/nllp-720x375-1-2.png\",\"width\":720,\"height\":375,\"caption\":\"Soledad Durazo\"},\"image\":{\"@id\":\"https:\/\/soledaddurazo.com\/#logo\"}},{\"@type\":\"WebSite\",\"@id\":\"https:\/\/soledaddurazo.com\/#website\",\"url\":\"https:\/\/soledaddurazo.com\/\",\"name\":\"Periodista SoledadDurazo.com\",\"description\":\"Periodista sonorense. Directora de www.SoledadDurazo.com Columnista, conductora de radio y Tv. Catedr\\u00e1tica en la UNISON\",\"publisher\":{\"@id\":\"https:\/\/soledaddurazo.com\/#organization\"},\"potentialAction\":[{\"@type\":\"SearchAction\",\"target\":{\"@type\":\"EntryPoint\",\"urlTemplate\":\"https:\/\/soledaddurazo.com\/?s={search_term_string}\"},\"query-input\":\"required name=search_term_string\"}],\"inLanguage\":\"es\"},{\"@type\":\"ImageObject\",\"@id\":\"https:\/\/soledaddurazo.com\/blog\/2021\/03\/08\/por-que-se-celebra-el-8-de-marzo-el-dia-internacional-de-la-mujer\/#primaryimage\",\"inLanguage\":\"es\",\"url\":\"https:\/\/soledaddurazo.com\/storage\/2021\/03\/archivo-manifestacion-del-8m-dia-internacional-de-la-mujer-en-madrid-a-8-de-marzo-de-2020.jpeg\",\"contentUrl\":\"https:\/\/soledaddurazo.com\/storage\/2021\/03\/archivo-manifestacion-del-8m-dia-internacional-de-la-mujer-en-madrid-a-8-de-marzo-de-2020.jpeg\",\"width\":656,\"height\":370},{\"@type\":\"WebPage\",\"@id\":\"https:\/\/soledaddurazo.com\/blog\/2021\/03\/08\/por-que-se-celebra-el-8-de-marzo-el-dia-internacional-de-la-mujer\/#webpage\",\"url\":\"https:\/\/soledaddurazo.com\/blog\/2021\/03\/08\/por-que-se-celebra-el-8-de-marzo-el-dia-internacional-de-la-mujer\/\",\"name\":\"Por qu\\u00e9 se conmemora el 8 de marzo el D\\u00eda Internacional de la Mujer - Periodista SoledadDurazo.com\",\"isPartOf\":{\"@id\":\"https:\/\/soledaddurazo.com\/#website\"},\"primaryImageOfPage\":{\"@id\":\"https:\/\/soledaddurazo.com\/blog\/2021\/03\/08\/por-que-se-celebra-el-8-de-marzo-el-dia-internacional-de-la-mujer\/#primaryimage\"},\"datePublished\":\"2021-03-08T08:15:18+00:00\",\"dateModified\":\"2021-03-15T07:55:14+00:00\",\"breadcrumb\":{\"@id\":\"https:\/\/soledaddurazo.com\/blog\/2021\/03\/08\/por-que-se-celebra-el-8-de-marzo-el-dia-internacional-de-la-mujer\/#breadcrumb\"},\"inLanguage\":\"es\",\"potentialAction\":[{\"@type\":\"ReadAction\",\"target\":[\"https:\/\/soledaddurazo.com\/blog\/2021\/03\/08\/por-que-se-celebra-el-8-de-marzo-el-dia-internacional-de-la-mujer\/\"]}]},{\"@type\":\"BreadcrumbList\",\"@id\":\"https:\/\/soledaddurazo.com\/blog\/2021\/03\/08\/por-que-se-celebra-el-8-de-marzo-el-dia-internacional-de-la-mujer\/#breadcrumb\",\"itemListElement\":[{\"@type\":\"ListItem\",\"position\":1,\"name\":\"Home\",\"item\":\"https:\/\/soledaddurazo.com\/\"},{\"@type\":\"ListItem\",\"position\":2,\"name\":\"Por qu\\u00e9 se conmemora el 8 de marzo el D\\u00eda Internacional de la Mujer\"}]},{\"@type\":\"Article\",\"@id\":\"https:\/\/soledaddurazo.com\/blog\/2021\/03\/08\/por-que-se-celebra-el-8-de-marzo-el-dia-internacional-de-la-mujer\/#article\",\"isPartOf\":{\"@id\":\"https:\/\/soledaddurazo.com\/blog\/2021\/03\/08\/por-que-se-celebra-el-8-de-marzo-el-dia-internacional-de-la-mujer\/#webpage\"},\"author\":{\"@id\":\"https:\/\/soledaddurazo.com\/#\/schema\/person\/822d8e13aa288585e6546f179853758b\"},\"headline\":\"Por qu\\u00e9 se conmemora el 8 de marzo el D\\u00eda Internacional de la Mujer\",\"datePublished\":\"2021-03-08T08:15:18+00:00\",\"dateModified\":\"2021-03-15T07:55:14+00:00\",\"mainEntityOfPage\":{\"@id\":\"https:\/\/soledaddurazo.com\/blog\/2021\/03\/08\/por-que-se-celebra-el-8-de-marzo-el-dia-internacional-de-la-mujer\/#webpage\"},\"wordCount\":625,\"commentCount\":0,\"publisher\":{\"@id\":\"https:\/\/soledaddurazo.com\/#organization\"},\"image\":{\"@id\":\"https:\/\/soledaddurazo.com\/blog\/2021\/03\/08\/por-que-se-celebra-el-8-de-marzo-el-dia-internacional-de-la-mujer\/#primaryimage\"},\"thumbnailUrl\":\"https:\/\/soledaddurazo.com\/storage\/2021\/03\/archivo-manifestacion-del-8m-dia-internacional-de-la-mujer-en-madrid-a-8-de-marzo-de-2020.jpeg\",\"articleSection\":[\"Mas noticias\",\"principal\"],\"inLanguage\":\"es\",\"potentialAction\":[{\"@type\":\"CommentAction\",\"name\":\"Comment\",\"target\":[\"https:\/\/soledaddurazo.com\/blog\/2021\/03\/08\/por-que-se-celebra-el-8-de-marzo-el-dia-internacional-de-la-mujer\/#respond\"]}]},{\"@type\":\"Person\",\"@id\":\"https:\/\/soledaddurazo.com\/#\/schema\/person\/822d8e13aa288585e6546f179853758b\",\"name\":\"Redacci\\u00f3n\",\"image\":{\"@type\":\"ImageObject\",\"@id\":\"https:\/\/soledaddurazo.com\/#personlogo\",\"inLanguage\":\"es\",\"url\":\"https:\/\/secure.gravatar.com\/avatar\/c4e193752f756fd61f04deebed3a3a20dc188d37edb53682d313ac57f2725d54?s=96&d=mm&r=g\",\"contentUrl\":\"https:\/\/secure.gravatar.com\/avatar\/c4e193752f756fd61f04deebed3a3a20dc188d37edb53682d313ac57f2725d54?s=96&d=mm&r=g\",\"caption\":\"Redacci\\u00f3n\"},\"sameAs\":[\"https:\/\/soledaddurazo.com\"]}]}<\/script>\n ","yoast_head_json":{"title":"Por qu\u00e9 se conmemora el 8 de marzo el D\u00eda Internacional de la Mujer - Periodista SoledadDurazo.com","robots":{"index":"index","follow":"follow","max-snippet":"max-snippet:-1","max-image-preview":"max-image-preview:large","max-video-preview":"max-video-preview:-1"},"canonical":"https:\/\/soledaddurazo.com\/blog\/2021\/03\/08\/por-que-se-celebra-el-8-de-marzo-el-dia-internacional-de-la-mujer\/","og_locale":"es_MX","og_type":"article","og_title":"Por qu\u00e9 se conmemora el 8 de marzo el D\u00eda Internacional de la Mujer","og_description":"Cada 8 de marzo se conmemora la lucha de las mujeres por la igualdad de derechos. Un d\u00eda para recordar todos los avances y tambi\u00e9n para reivindicar el trabajo que a\u00fan queda por hacer ante las desigualdades que contin\u00faan produci\u00e9ndose entre hombres y mujeres en todo el mundo. Oficialmente, el D\u00eda Internacional de la Mujer [&hellip;]","og_url":"https:\/\/soledaddurazo.com\/blog\/2021\/03\/08\/por-que-se-celebra-el-8-de-marzo-el-dia-internacional-de-la-mujer\/","og_site_name":"Periodista SoledadDurazo.com","article_publisher":"https:\/\/www.facebook.com\/soledad.durazo.9\/","article_published_time":"2021-03-08T08:15:18+00:00","article_modified_time":"2021-03-15T07:55:14+00:00","og_image":[{"width":656,"height":370,"url":"https:\/\/soledaddurazo.com\/storage\/2021\/03\/archivo-manifestacion-del-8m-dia-internacional-de-la-mujer-en-madrid-a-8-de-marzo-de-2020.jpeg","type":"image\/jpeg"}],"twitter_card":"summary_large_image","twitter_creator":"@SoledadDurazo","twitter_site":"@SoledadDurazo","twitter_misc":{"Escrito por":"Redacci\u00f3n","Tiempo de lectura":"3 minutos"},"schema":{"@context":"https:\/\/schema.org","@graph":[{"@type":"Organization","@id":"https:\/\/soledaddurazo.com\/#organization","name":"Soledad Durazo","url":"https:\/\/soledaddurazo.com\/","sameAs":["https:\/\/www.facebook.com\/soledad.durazo.9\/","https:\/\/www.instagram.com\/soledaddurazo","https:\/\/www.youtube.com\/channel\/UC9yGPw8-Vbl_B2XNkRwPS-w","https:\/\/twitter.com\/SoledadDurazo"],"logo":{"@type":"ImageObject","@id":"https:\/\/soledaddurazo.com\/#logo","inLanguage":"es","url":"https:\/\/soledaddurazo.com\/storage\/2021\/11\/nllp-720x375-1-2.png","contentUrl":"https:\/\/soledaddurazo.com\/storage\/2021\/11\/nllp-720x375-1-2.png","width":720,"height":375,"caption":"Soledad Durazo"},"image":{"@id":"https:\/\/soledaddurazo.com\/#logo"}},{"@type":"WebSite","@id":"https:\/\/soledaddurazo.com\/#website","url":"https:\/\/soledaddurazo.com\/","name":"Periodista SoledadDurazo.com","description":"Periodista sonorense. Directora de www.SoledadDurazo.com Columnista, conductora de radio y Tv. Catedr\u00e1tica en la UNISON","publisher":{"@id":"https:\/\/soledaddurazo.com\/#organization"},"potentialAction":[{"@type":"SearchAction","target":{"@type":"EntryPoint","urlTemplate":"https:\/\/soledaddurazo.com\/?s={search_term_string}"},"query-input":"required name=search_term_string"}],"inLanguage":"es"},{"@type":"ImageObject","@id":"https:\/\/soledaddurazo.com\/blog\/2021\/03\/08\/por-que-se-celebra-el-8-de-marzo-el-dia-internacional-de-la-mujer\/#primaryimage","inLanguage":"es","url":"https:\/\/soledaddurazo.com\/storage\/2021\/03\/archivo-manifestacion-del-8m-dia-internacional-de-la-mujer-en-madrid-a-8-de-marzo-de-2020.jpeg","contentUrl":"https:\/\/soledaddurazo.com\/storage\/2021\/03\/archivo-manifestacion-del-8m-dia-internacional-de-la-mujer-en-madrid-a-8-de-marzo-de-2020.jpeg","width":656,"height":370},{"@type":"WebPage","@id":"https:\/\/soledaddurazo.com\/blog\/2021\/03\/08\/por-que-se-celebra-el-8-de-marzo-el-dia-internacional-de-la-mujer\/#webpage","url":"https:\/\/soledaddurazo.com\/blog\/2021\/03\/08\/por-que-se-celebra-el-8-de-marzo-el-dia-internacional-de-la-mujer\/","name":"Por qu\u00e9 se conmemora el 8 de marzo el D\u00eda Internacional de la Mujer - Periodista SoledadDurazo.com","isPartOf":{"@id":"https:\/\/soledaddurazo.com\/#website"},"primaryImageOfPage":{"@id":"https:\/\/soledaddurazo.com\/blog\/2021\/03\/08\/por-que-se-celebra-el-8-de-marzo-el-dia-internacional-de-la-mujer\/#primaryimage"},"datePublished":"2021-03-08T08:15:18+00:00","dateModified":"2021-03-15T07:55:14+00:00","breadcrumb":{"@id":"https:\/\/soledaddurazo.com\/blog\/2021\/03\/08\/por-que-se-celebra-el-8-de-marzo-el-dia-internacional-de-la-mujer\/#breadcrumb"},"inLanguage":"es","potentialAction":[{"@type":"ReadAction","target":["https:\/\/soledaddurazo.com\/blog\/2021\/03\/08\/por-que-se-celebra-el-8-de-marzo-el-dia-internacional-de-la-mujer\/"]}]},{"@type":"BreadcrumbList","@id":"https:\/\/soledaddurazo.com\/blog\/2021\/03\/08\/por-que-se-celebra-el-8-de-marzo-el-dia-internacional-de-la-mujer\/#breadcrumb","itemListElement":[{"@type":"ListItem","position":1,"name":"Home","item":"https:\/\/soledaddurazo.com\/"},{"@type":"ListItem","position":2,"name":"Por qu\u00e9 se conmemora el 8 de marzo el D\u00eda Internacional de la Mujer"}]},{"@type":"Article","@id":"https:\/\/soledaddurazo.com\/blog\/2021\/03\/08\/por-que-se-celebra-el-8-de-marzo-el-dia-internacional-de-la-mujer\/#article","isPartOf":{"@id":"https:\/\/soledaddurazo.com\/blog\/2021\/03\/08\/por-que-se-celebra-el-8-de-marzo-el-dia-internacional-de-la-mujer\/#webpage"},"author":{"@id":"https:\/\/soledaddurazo.com\/#\/schema\/person\/822d8e13aa288585e6546f179853758b"},"headline":"Por qu\u00e9 se conmemora el 8 de marzo el D\u00eda Internacional de la Mujer","datePublished":"2021-03-08T08:15:18+00:00","dateModified":"2021-03-15T07:55:14+00:00","mainEntityOfPage":{"@id":"https:\/\/soledaddurazo.com\/blog\/2021\/03\/08\/por-que-se-celebra-el-8-de-marzo-el-dia-internacional-de-la-mujer\/#webpage"},"wordCount":625,"commentCount":0,"publisher":{"@id":"https:\/\/soledaddurazo.com\/#organization"},"image":{"@id":"https:\/\/soledaddurazo.com\/blog\/2021\/03\/08\/por-que-se-celebra-el-8-de-marzo-el-dia-internacional-de-la-mujer\/#primaryimage"},"thumbnailUrl":"https:\/\/soledaddurazo.com\/storage\/2021\/03\/archivo-manifestacion-del-8m-dia-internacional-de-la-mujer-en-madrid-a-8-de-marzo-de-2020.jpeg","articleSection":["Mas noticias","principal"],"inLanguage":"es","potentialAction":[{"@type":"CommentAction","name":"Comment","target":["https:\/\/soledaddurazo.com\/blog\/2021\/03\/08\/por-que-se-celebra-el-8-de-marzo-el-dia-internacional-de-la-mujer\/#respond"]}]},{"@type":"Person","@id":"https:\/\/soledaddurazo.com\/#\/schema\/person\/822d8e13aa288585e6546f179853758b","name":"Redacci\u00f3n","image":{"@type":"ImageObject","@id":"https:\/\/soledaddurazo.com\/#personlogo","inLanguage":"es","url":"https:\/\/secure.gravatar.com\/avatar\/c4e193752f756fd61f04deebed3a3a20dc188d37edb53682d313ac57f2725d54?s=96&d=mm&r=g","contentUrl":"https:\/\/secure.gravatar.com\/avatar\/c4e193752f756fd61f04deebed3a3a20dc188d37edb53682d313ac57f2725d54?s=96&d=mm&r=g","caption":"Redacci\u00f3n"},"sameAs":["https:\/\/soledaddurazo.com"]}]}},"_links":{"self":[{"href":"https:\/\/soledaddurazo.com\/api\/wp\/v2\/posts\/6707","targetHints":{"allow":["GET"]}}],"collection":[{"href":"https:\/\/soledaddurazo.com\/api\/wp\/v2\/posts"}],"about":[{"href":"https:\/\/soledaddurazo.com\/api\/wp\/v2\/types\/post"}],"author":[{"embeddable":true,"href":"https:\/\/soledaddurazo.com\/api\/wp\/v2\/users\/1"}],"replies":[{"embeddable":true,"href":"https:\/\/soledaddurazo.com\/api\/wp\/v2\/comments?post=6707"}],"version-history":[{"count":3,"href":"https:\/\/soledaddurazo.com\/api\/wp\/v2\/posts\/6707\/revisions"}],"predecessor-version":[{"id":6725,"href":"https:\/\/soledaddurazo.com\/api\/wp\/v2\/posts\/6707\/revisions\/6725"}],"wp:featuredmedia":[{"embeddable":true,"href":"https:\/\/soledaddurazo.com\/api\/wp\/v2\/media\/6708"}],"wp:attachment":[{"href":"https:\/\/soledaddurazo.com\/api\/wp\/v2\/media?parent=6707"}],"wp:term":[{"taxonomy":"category","embeddable":true,"href":"https:\/\/soledaddurazo.com\/api\/wp\/v2\/categories?post=6707"},{"taxonomy":"post_tag","embeddable":true,"href":"https:\/\/soledaddurazo.com\/api\/wp\/v2\/tags?post=6707"}],"curies":[{"name":"wp","href":"https:\/\/api.w.org\/{rel}","templated":true}]}}