{"id":6534,"date":"2021-03-01T02:40:55","date_gmt":"2021-03-01T09:40:55","guid":{"rendered":"https:\/\/soledaddurazo.com\/?p=6534"},"modified":"2021-03-01T02:40:55","modified_gmt":"2021-03-01T09:40:55","slug":"el-tema-de-seguridad-publica-se-debe-despartidizar-pide-el-borrego-a-los-gobiernos-egc","status":"publish","type":"post","link":"https:\/\/soledaddurazo.com\/blog\/2021\/03\/01\/el-tema-de-seguridad-publica-se-debe-despartidizar-pide-el-borrego-a-los-gobiernos-egc\/","title":{"rendered":"El tema de Seguridad P\u00fablica se debe despartidizar, pide \u201cEl Borrego\u201d a los gobiernos: EGC"},"content":{"rendered":"<p style=\"font-weight: 400;\">Para lograr estabilidad en materia de seguridad no solo en Sonora, sino en el resto del pa\u00eds, lo primero que debe hacerse es despartidizar el tema y hacer un verdadero trabajo coordinado entre gobiernos y sociedad, enfatiz\u00f3 Ernesto el \u201cBorrego\u201d G\u00e1ndara.<\/p>\n<p style=\"font-weight: 400;\">\n<p style=\"font-weight: 400;\">Durante una reuni\u00f3n v\u00eda Zoom con periodistas del Grupo Contrapunto 10, el Candidato a Gobernador por la Alianza \u201cVa por Sonora\u201d reconoci\u00f3 que es un tema que le preocupa como aspirante a un puesto de elecci\u00f3n popular, pero tambi\u00e9n como un ciudadano que quiere ver a la entidad como un lugar en el que se garantice la tranquilidad de sus habitantes.<\/p>\n<p style=\"font-weight: 400;\">\n<p style=\"font-weight: 400;\">\u201cLo primero que debemos hacer es despartidizarlo y desgobernalizarlo, no lo vamos a resolver ech\u00e1ndole la culpa al Gobierno Federal, al estatal o al municipal, es totalmente al rev\u00e9s\u201d, sentenci\u00f3 G\u00e1ndara Camou.<\/p>\n<p style=\"font-weight: 400;\">\n<p style=\"font-weight: 400;\">La Seguridad P\u00fablica ata\u00f1e a todos, dijo, por lo tanto, debe ser sin duda un tema a reforzar, evaluar el trabajo que desempe\u00f1an las dependencias de Gobierno, pero tambi\u00e9n al exterior, reforzar capacitaciones y reforzar contacto ciudadano.<\/p>\n<p style=\"font-weight: 400;\">\n<p style=\"font-weight: 400;\">\u201cHay muchas cuestiones pendientes, mucha circulaci\u00f3n de dinero, hay debilidad en las instituciones p\u00fablicas, eso desafortunadamente, todo lo que son intereses creados lo fortalece. En ese sentido hay que verlo de una manera muy seria m\u00e1s que andar buscando entre unos y otros no\u201d, agreg\u00f3 \u201cEl Borrego\u201d G\u00e1ndara.<\/p>\n<p style=\"font-weight: 400;\">\n<p style=\"font-weight: 400;\"><strong>Listo para arrancar campa\u00f1a<\/strong><\/p>\n<p style=\"font-weight: 400;\"><strong>\u00a0<\/strong><\/p>\n<p style=\"font-weight: 400;\">A seis d\u00edas de que culmine el proceso de intercampa\u00f1a y arranque de manera formal la campa\u00f1a electoral, Ernesto G\u00e1ndara dijo estar m\u00e1s que listo, pese a que son tiempos distintos en los que la pandemia por Coronavirus ha venido a modificar el contacto y la cercan\u00eda que se daba usualmente durante estos procesos.<\/p>\n<p style=\"font-weight: 400;\">\n<p style=\"font-weight: 400;\">\u201cSon tiempos distintos, ya todos sabemos que debemos limitar el contacto cara a cara, pero no por eso nos vamos a cerrar a seguir escuchando, seguir construyendo nuestro proyecto con lo que la gente quiere y necesita\u201d, mencion\u00f3 el Candidato.<\/p>\n<p style=\"font-weight: 400;\">\n<p style=\"font-weight: 400;\">Ser\u00e1 una campa\u00f1a integradora en donde todos tienen cabida, de propuestas, de reforzamiento de ideas, dando cumplimiento a los protocolos sanitarios y sacando el m\u00e1ximo provecho a la tecnolog\u00eda, explic\u00f3 G\u00e1ndara Camou.<\/p>\n<p style=\"font-weight: 400;\">\n<p style=\"font-weight: 400;\">Confi\u00f3 en el trabajo de las instituciones electorales como \u00e1rbitros mediadores en esta contienda, y se dijo seguro de que proveer\u00e1n \u201csuelo parejo\u201d a todos los aspirantes al cargo.<\/p>\n","protected":false},"excerpt":{"rendered":"<p>Para lograr estabilidad en materia de seguridad no solo en Sonora, sino en el resto del pa\u00eds, lo primero que debe hacerse es despartidizar el tema y hacer un verdadero trabajo coordinado entre gobiernos y sociedad, enfatiz\u00f3 Ernesto el \u201cBorrego\u201d G\u00e1ndara. Durante una reuni\u00f3n v\u00eda Zoom con periodistas del Grupo Contrapunto 10, el Candidato a [&hellip;]<\/p>\n","protected":false},"author":1,"featured_media":6535,"comment_status":"open","ping_status":"open","sticky":false,"template":"","format":"standard","meta":{"footnotes":""},"categories":[175],"tags":[],"class_list":["post"],"yoast_head":" \n<title>El tema de Seguridad P\u00fablica se debe despartidizar, pide \u201cEl Borrego\u201d a los gobiernos: EGC - Periodista SoledadDurazo.com<\/title>\n<meta name=\"robots\" content=\"index, follow, max-snippet:-1, max-image-preview:large, max-video-preview:-1\" \/>\n<link rel=\"canonical\" href=\"https:\/\/soledaddurazo.com\/blog\/2021\/03\/01\/el-tema-de-seguridad-publica-se-debe-despartidizar-pide-el-borrego-a-los-gobiernos-egc\/\" \/>\n<meta property=\"og:locale\" content=\"es_MX\" \/>\n<meta property=\"og:type\" content=\"article\" \/>\n<meta property=\"og:title\" content=\"El tema de Seguridad P\u00fablica se debe despartidizar, pide \u201cEl Borrego\u201d a los gobiernos: EGC\" \/>\n<meta property=\"og:description\" content=\"Para lograr estabilidad en materia de seguridad no solo en Sonora, sino en el resto del pa\u00eds, lo primero que debe hacerse es despartidizar el tema y hacer un verdadero trabajo coordinado entre gobiernos y sociedad, enfatiz\u00f3 Ernesto el \u201cBorrego\u201d G\u00e1ndara. Durante una reuni\u00f3n v\u00eda Zoom con periodistas del Grupo Contrapunto 10, el Candidato a [&hellip;]\" \/>\n<meta property=\"og:url\" content=\"https:\/\/soledaddurazo.com\/blog\/2021\/03\/01\/el-tema-de-seguridad-publica-se-debe-despartidizar-pide-el-borrego-a-los-gobiernos-egc\/\" \/>\n<meta property=\"og:site_name\" content=\"Periodista SoledadDurazo.com\" \/>\n<meta property=\"article:publisher\" content=\"https:\/\/www.facebook.com\/soledad.durazo.9\/\" \/>\n<meta property=\"article:published_time\" content=\"2021-03-01T09:40:55+00:00\" \/>\n<meta property=\"og:image\" content=\"https:\/\/soledaddurazo.com\/storage\/2021\/03\/EGC-27-FEB-1-scaled.jpg\" \/>\n\t<meta property=\"og:image:width\" content=\"2560\" \/>\n\t<meta property=\"og:image:height\" content=\"1707\" \/>\n<meta name=\"twitter:card\" content=\"summary_large_image\" \/>\n<meta name=\"twitter:creator\" content=\"@SoledadDurazo\" \/>\n<meta name=\"twitter:site\" content=\"@SoledadDurazo\" \/>\n<meta name=\"twitter:label1\" content=\"Escrito por\" \/>\n\t<meta name=\"twitter:data1\" content=\"Redacci\u00f3n\" \/>\n\t<meta name=\"twitter:label2\" content=\"Tiempo de lectura\" \/>\n\t<meta name=\"twitter:data2\" content=\"2 minutos\" \/>\n<script type=\"application\/ld+json\" class=\"yoast-schema-graph\">{\"@context\":\"https:\/\/schema.org\",\"@graph\":[{\"@type\":\"Organization\",\"@id\":\"https:\/\/soledaddurazo.com\/#organization\",\"name\":\"Soledad Durazo\",\"url\":\"https:\/\/soledaddurazo.com\/\",\"sameAs\":[\"https:\/\/www.facebook.com\/soledad.durazo.9\/\",\"https:\/\/www.instagram.com\/soledaddurazo\",\"https:\/\/www.youtube.com\/channel\/UC9yGPw8-Vbl_B2XNkRwPS-w\",\"https:\/\/twitter.com\/SoledadDurazo\"],\"logo\":{\"@type\":\"ImageObject\",\"@id\":\"https:\/\/soledaddurazo.com\/#logo\",\"inLanguage\":\"es\",\"url\":\"https:\/\/soledaddurazo.com\/storage\/2021\/11\/nllp-720x375-1-2.png\",\"contentUrl\":\"https:\/\/soledaddurazo.com\/storage\/2021\/11\/nllp-720x375-1-2.png\",\"width\":720,\"height\":375,\"caption\":\"Soledad Durazo\"},\"image\":{\"@id\":\"https:\/\/soledaddurazo.com\/#logo\"}},{\"@type\":\"WebSite\",\"@id\":\"https:\/\/soledaddurazo.com\/#website\",\"url\":\"https:\/\/soledaddurazo.com\/\",\"name\":\"Periodista SoledadDurazo.com\",\"description\":\"Periodista sonorense. Directora de www.SoledadDurazo.com Columnista, conductora de radio y Tv. Catedr\\u00e1tica en la UNISON\",\"publisher\":{\"@id\":\"https:\/\/soledaddurazo.com\/#organization\"},\"potentialAction\":[{\"@type\":\"SearchAction\",\"target\":{\"@type\":\"EntryPoint\",\"urlTemplate\":\"https:\/\/soledaddurazo.com\/?s={search_term_string}\"},\"query-input\":\"required name=search_term_string\"}],\"inLanguage\":\"es\"},{\"@type\":\"ImageObject\",\"@id\":\"https:\/\/soledaddurazo.com\/blog\/2021\/03\/01\/el-tema-de-seguridad-publica-se-debe-despartidizar-pide-el-borrego-a-los-gobiernos-egc\/#primaryimage\",\"inLanguage\":\"es\",\"url\":\"https:\/\/soledaddurazo.com\/storage\/2021\/03\/EGC-27-FEB-1-scaled.jpg\",\"contentUrl\":\"https:\/\/soledaddurazo.com\/storage\/2021\/03\/EGC-27-FEB-1-scaled.jpg\",\"width\":2560,\"height\":1707},{\"@type\":\"WebPage\",\"@id\":\"https:\/\/soledaddurazo.com\/blog\/2021\/03\/01\/el-tema-de-seguridad-publica-se-debe-despartidizar-pide-el-borrego-a-los-gobiernos-egc\/#webpage\",\"url\":\"https:\/\/soledaddurazo.com\/blog\/2021\/03\/01\/el-tema-de-seguridad-publica-se-debe-despartidizar-pide-el-borrego-a-los-gobiernos-egc\/\",\"name\":\"El tema de Seguridad P\\u00fablica se debe despartidizar, pide \\u201cEl Borrego\\u201d a los gobiernos: EGC - Periodista SoledadDurazo.com\",\"isPartOf\":{\"@id\":\"https:\/\/soledaddurazo.com\/#website\"},\"primaryImageOfPage\":{\"@id\":\"https:\/\/soledaddurazo.com\/blog\/2021\/03\/01\/el-tema-de-seguridad-publica-se-debe-despartidizar-pide-el-borrego-a-los-gobiernos-egc\/#primaryimage\"},\"datePublished\":\"2021-03-01T09:40:55+00:00\",\"dateModified\":\"2021-03-01T09:40:55+00:00\",\"breadcrumb\":{\"@id\":\"https:\/\/soledaddurazo.com\/blog\/2021\/03\/01\/el-tema-de-seguridad-publica-se-debe-despartidizar-pide-el-borrego-a-los-gobiernos-egc\/#breadcrumb\"},\"inLanguage\":\"es\",\"potentialAction\":[{\"@type\":\"ReadAction\",\"target\":[\"https:\/\/soledaddurazo.com\/blog\/2021\/03\/01\/el-tema-de-seguridad-publica-se-debe-despartidizar-pide-el-borrego-a-los-gobiernos-egc\/\"]}]},{\"@type\":\"BreadcrumbList\",\"@id\":\"https:\/\/soledaddurazo.com\/blog\/2021\/03\/01\/el-tema-de-seguridad-publica-se-debe-despartidizar-pide-el-borrego-a-los-gobiernos-egc\/#breadcrumb\",\"itemListElement\":[{\"@type\":\"ListItem\",\"position\":1,\"name\":\"Home\",\"item\":\"https:\/\/soledaddurazo.com\/\"},{\"@type\":\"ListItem\",\"position\":2,\"name\":\"El tema de Seguridad P\\u00fablica se debe despartidizar, pide \\u201cEl Borrego\\u201d a los gobiernos: EGC\"}]},{\"@type\":\"Article\",\"@id\":\"https:\/\/soledaddurazo.com\/blog\/2021\/03\/01\/el-tema-de-seguridad-publica-se-debe-despartidizar-pide-el-borrego-a-los-gobiernos-egc\/#article\",\"isPartOf\":{\"@id\":\"https:\/\/soledaddurazo.com\/blog\/2021\/03\/01\/el-tema-de-seguridad-publica-se-debe-despartidizar-pide-el-borrego-a-los-gobiernos-egc\/#webpage\"},\"author\":{\"@id\":\"https:\/\/soledaddurazo.com\/#\/schema\/person\/822d8e13aa288585e6546f179853758b\"},\"headline\":\"El tema de Seguridad P\\u00fablica se debe despartidizar, pide \\u201cEl Borrego\\u201d a los gobiernos: EGC\",\"datePublished\":\"2021-03-01T09:40:55+00:00\",\"dateModified\":\"2021-03-01T09:40:55+00:00\",\"mainEntityOfPage\":{\"@id\":\"https:\/\/soledaddurazo.com\/blog\/2021\/03\/01\/el-tema-de-seguridad-publica-se-debe-despartidizar-pide-el-borrego-a-los-gobiernos-egc\/#webpage\"},\"wordCount\":422,\"commentCount\":0,\"publisher\":{\"@id\":\"https:\/\/soledaddurazo.com\/#organization\"},\"image\":{\"@id\":\"https:\/\/soledaddurazo.com\/blog\/2021\/03\/01\/el-tema-de-seguridad-publica-se-debe-despartidizar-pide-el-borrego-a-los-gobiernos-egc\/#primaryimage\"},\"thumbnailUrl\":\"https:\/\/soledaddurazo.com\/storage\/2021\/03\/EGC-27-FEB-1-scaled.jpg\",\"articleSection\":[\"Sonora 20-21\"],\"inLanguage\":\"es\",\"potentialAction\":[{\"@type\":\"CommentAction\",\"name\":\"Comment\",\"target\":[\"https:\/\/soledaddurazo.com\/blog\/2021\/03\/01\/el-tema-de-seguridad-publica-se-debe-despartidizar-pide-el-borrego-a-los-gobiernos-egc\/#respond\"]}]},{\"@type\":\"Person\",\"@id\":\"https:\/\/soledaddurazo.com\/#\/schema\/person\/822d8e13aa288585e6546f179853758b\",\"name\":\"Redacci\\u00f3n\",\"image\":{\"@type\":\"ImageObject\",\"@id\":\"https:\/\/soledaddurazo.com\/#personlogo\",\"inLanguage\":\"es\",\"url\":\"https:\/\/secure.gravatar.com\/avatar\/c4e193752f756fd61f04deebed3a3a20dc188d37edb53682d313ac57f2725d54?s=96&d=mm&r=g\",\"contentUrl\":\"https:\/\/secure.gravatar.com\/avatar\/c4e193752f756fd61f04deebed3a3a20dc188d37edb53682d313ac57f2725d54?s=96&d=mm&r=g\",\"caption\":\"Redacci\\u00f3n\"},\"sameAs\":[\"https:\/\/soledaddurazo.com\"]}]}<\/script>\n ","yoast_head_json":{"title":"El tema de Seguridad P\u00fablica se debe despartidizar, pide \u201cEl Borrego\u201d a los gobiernos: EGC - Periodista SoledadDurazo.com","robots":{"index":"index","follow":"follow","max-snippet":"max-snippet:-1","max-image-preview":"max-image-preview:large","max-video-preview":"max-video-preview:-1"},"canonical":"https:\/\/soledaddurazo.com\/blog\/2021\/03\/01\/el-tema-de-seguridad-publica-se-debe-despartidizar-pide-el-borrego-a-los-gobiernos-egc\/","og_locale":"es_MX","og_type":"article","og_title":"El tema de Seguridad P\u00fablica se debe despartidizar, pide \u201cEl Borrego\u201d a los gobiernos: EGC","og_description":"Para lograr estabilidad en materia de seguridad no solo en Sonora, sino en el resto del pa\u00eds, lo primero que debe hacerse es despartidizar el tema y hacer un verdadero trabajo coordinado entre gobiernos y sociedad, enfatiz\u00f3 Ernesto el \u201cBorrego\u201d G\u00e1ndara. Durante una reuni\u00f3n v\u00eda Zoom con periodistas del Grupo Contrapunto 10, el Candidato a [&hellip;]","og_url":"https:\/\/soledaddurazo.com\/blog\/2021\/03\/01\/el-tema-de-seguridad-publica-se-debe-despartidizar-pide-el-borrego-a-los-gobiernos-egc\/","og_site_name":"Periodista SoledadDurazo.com","article_publisher":"https:\/\/www.facebook.com\/soledad.durazo.9\/","article_published_time":"2021-03-01T09:40:55+00:00","og_image":[{"width":2560,"height":1707,"url":"https:\/\/soledaddurazo.com\/storage\/2021\/03\/EGC-27-FEB-1-scaled.jpg","type":"image\/jpeg"}],"twitter_card":"summary_large_image","twitter_creator":"@SoledadDurazo","twitter_site":"@SoledadDurazo","twitter_misc":{"Escrito por":"Redacci\u00f3n","Tiempo de lectura":"2 minutos"},"schema":{"@context":"https:\/\/schema.org","@graph":[{"@type":"Organization","@id":"https:\/\/soledaddurazo.com\/#organization","name":"Soledad Durazo","url":"https:\/\/soledaddurazo.com\/","sameAs":["https:\/\/www.facebook.com\/soledad.durazo.9\/","https:\/\/www.instagram.com\/soledaddurazo","https:\/\/www.youtube.com\/channel\/UC9yGPw8-Vbl_B2XNkRwPS-w","https:\/\/twitter.com\/SoledadDurazo"],"logo":{"@type":"ImageObject","@id":"https:\/\/soledaddurazo.com\/#logo","inLanguage":"es","url":"https:\/\/soledaddurazo.com\/storage\/2021\/11\/nllp-720x375-1-2.png","contentUrl":"https:\/\/soledaddurazo.com\/storage\/2021\/11\/nllp-720x375-1-2.png","width":720,"height":375,"caption":"Soledad Durazo"},"image":{"@id":"https:\/\/soledaddurazo.com\/#logo"}},{"@type":"WebSite","@id":"https:\/\/soledaddurazo.com\/#website","url":"https:\/\/soledaddurazo.com\/","name":"Periodista SoledadDurazo.com","description":"Periodista sonorense. Directora de www.SoledadDurazo.com Columnista, conductora de radio y Tv. Catedr\u00e1tica en la UNISON","publisher":{"@id":"https:\/\/soledaddurazo.com\/#organization"},"potentialAction":[{"@type":"SearchAction","target":{"@type":"EntryPoint","urlTemplate":"https:\/\/soledaddurazo.com\/?s={search_term_string}"},"query-input":"required name=search_term_string"}],"inLanguage":"es"},{"@type":"ImageObject","@id":"https:\/\/soledaddurazo.com\/blog\/2021\/03\/01\/el-tema-de-seguridad-publica-se-debe-despartidizar-pide-el-borrego-a-los-gobiernos-egc\/#primaryimage","inLanguage":"es","url":"https:\/\/soledaddurazo.com\/storage\/2021\/03\/EGC-27-FEB-1-scaled.jpg","contentUrl":"https:\/\/soledaddurazo.com\/storage\/2021\/03\/EGC-27-FEB-1-scaled.jpg","width":2560,"height":1707},{"@type":"WebPage","@id":"https:\/\/soledaddurazo.com\/blog\/2021\/03\/01\/el-tema-de-seguridad-publica-se-debe-despartidizar-pide-el-borrego-a-los-gobiernos-egc\/#webpage","url":"https:\/\/soledaddurazo.com\/blog\/2021\/03\/01\/el-tema-de-seguridad-publica-se-debe-despartidizar-pide-el-borrego-a-los-gobiernos-egc\/","name":"El tema de Seguridad P\u00fablica se debe despartidizar, pide \u201cEl Borrego\u201d a los gobiernos: EGC - Periodista SoledadDurazo.com","isPartOf":{"@id":"https:\/\/soledaddurazo.com\/#website"},"primaryImageOfPage":{"@id":"https:\/\/soledaddurazo.com\/blog\/2021\/03\/01\/el-tema-de-seguridad-publica-se-debe-despartidizar-pide-el-borrego-a-los-gobiernos-egc\/#primaryimage"},"datePublished":"2021-03-01T09:40:55+00:00","dateModified":"2021-03-01T09:40:55+00:00","breadcrumb":{"@id":"https:\/\/soledaddurazo.com\/blog\/2021\/03\/01\/el-tema-de-seguridad-publica-se-debe-despartidizar-pide-el-borrego-a-los-gobiernos-egc\/#breadcrumb"},"inLanguage":"es","potentialAction":[{"@type":"ReadAction","target":["https:\/\/soledaddurazo.com\/blog\/2021\/03\/01\/el-tema-de-seguridad-publica-se-debe-despartidizar-pide-el-borrego-a-los-gobiernos-egc\/"]}]},{"@type":"BreadcrumbList","@id":"https:\/\/soledaddurazo.com\/blog\/2021\/03\/01\/el-tema-de-seguridad-publica-se-debe-despartidizar-pide-el-borrego-a-los-gobiernos-egc\/#breadcrumb","itemListElement":[{"@type":"ListItem","position":1,"name":"Home","item":"https:\/\/soledaddurazo.com\/"},{"@type":"ListItem","position":2,"name":"El tema de Seguridad P\u00fablica se debe despartidizar, pide \u201cEl Borrego\u201d a los gobiernos: EGC"}]},{"@type":"Article","@id":"https:\/\/soledaddurazo.com\/blog\/2021\/03\/01\/el-tema-de-seguridad-publica-se-debe-despartidizar-pide-el-borrego-a-los-gobiernos-egc\/#article","isPartOf":{"@id":"https:\/\/soledaddurazo.com\/blog\/2021\/03\/01\/el-tema-de-seguridad-publica-se-debe-despartidizar-pide-el-borrego-a-los-gobiernos-egc\/#webpage"},"author":{"@id":"https:\/\/soledaddurazo.com\/#\/schema\/person\/822d8e13aa288585e6546f179853758b"},"headline":"El tema de Seguridad P\u00fablica se debe despartidizar, pide \u201cEl Borrego\u201d a los gobiernos: EGC","datePublished":"2021-03-01T09:40:55+00:00","dateModified":"2021-03-01T09:40:55+00:00","mainEntityOfPage":{"@id":"https:\/\/soledaddurazo.com\/blog\/2021\/03\/01\/el-tema-de-seguridad-publica-se-debe-despartidizar-pide-el-borrego-a-los-gobiernos-egc\/#webpage"},"wordCount":422,"commentCount":0,"publisher":{"@id":"https:\/\/soledaddurazo.com\/#organization"},"image":{"@id":"https:\/\/soledaddurazo.com\/blog\/2021\/03\/01\/el-tema-de-seguridad-publica-se-debe-despartidizar-pide-el-borrego-a-los-gobiernos-egc\/#primaryimage"},"thumbnailUrl":"https:\/\/soledaddurazo.com\/storage\/2021\/03\/EGC-27-FEB-1-scaled.jpg","articleSection":["Sonora 20-21"],"inLanguage":"es","potentialAction":[{"@type":"CommentAction","name":"Comment","target":["https:\/\/soledaddurazo.com\/blog\/2021\/03\/01\/el-tema-de-seguridad-publica-se-debe-despartidizar-pide-el-borrego-a-los-gobiernos-egc\/#respond"]}]},{"@type":"Person","@id":"https:\/\/soledaddurazo.com\/#\/schema\/person\/822d8e13aa288585e6546f179853758b","name":"Redacci\u00f3n","image":{"@type":"ImageObject","@id":"https:\/\/soledaddurazo.com\/#personlogo","inLanguage":"es","url":"https:\/\/secure.gravatar.com\/avatar\/c4e193752f756fd61f04deebed3a3a20dc188d37edb53682d313ac57f2725d54?s=96&d=mm&r=g","contentUrl":"https:\/\/secure.gravatar.com\/avatar\/c4e193752f756fd61f04deebed3a3a20dc188d37edb53682d313ac57f2725d54?s=96&d=mm&r=g","caption":"Redacci\u00f3n"},"sameAs":["https:\/\/soledaddurazo.com"]}]}},"_links":{"self":[{"href":"https:\/\/soledaddurazo.com\/api\/wp\/v2\/posts\/6534","targetHints":{"allow":["GET"]}}],"collection":[{"href":"https:\/\/soledaddurazo.com\/api\/wp\/v2\/posts"}],"about":[{"href":"https:\/\/soledaddurazo.com\/api\/wp\/v2\/types\/post"}],"author":[{"embeddable":true,"href":"https:\/\/soledaddurazo.com\/api\/wp\/v2\/users\/1"}],"replies":[{"embeddable":true,"href":"https:\/\/soledaddurazo.com\/api\/wp\/v2\/comments?post=6534"}],"version-history":[{"count":1,"href":"https:\/\/soledaddurazo.com\/api\/wp\/v2\/posts\/6534\/revisions"}],"predecessor-version":[{"id":6536,"href":"https:\/\/soledaddurazo.com\/api\/wp\/v2\/posts\/6534\/revisions\/6536"}],"wp:featuredmedia":[{"embeddable":true,"href":"https:\/\/soledaddurazo.com\/api\/wp\/v2\/media\/6535"}],"wp:attachment":[{"href":"https:\/\/soledaddurazo.com\/api\/wp\/v2\/media?parent=6534"}],"wp:term":[{"taxonomy":"category","embeddable":true,"href":"https:\/\/soledaddurazo.com\/api\/wp\/v2\/categories?post=6534"},{"taxonomy":"post_tag","embeddable":true,"href":"https:\/\/soledaddurazo.com\/api\/wp\/v2\/tags?post=6534"}],"curies":[{"name":"wp","href":"https:\/\/api.w.org\/{rel}","templated":true}]}}