{"id":6531,"date":"2021-03-01T02:33:18","date_gmt":"2021-03-01T09:33:18","guid":{"rendered":"https:\/\/soledaddurazo.com\/?p=6531"},"modified":"2021-03-01T02:33:18","modified_gmt":"2021-03-01T09:33:18","slug":"hay-que-unir-la-tribu-como-hay-que-unir-a-sonora-alfonso-durazo","status":"publish","type":"post","link":"https:\/\/soledaddurazo.com\/blog\/2021\/03\/01\/hay-que-unir-la-tribu-como-hay-que-unir-a-sonora-alfonso-durazo\/","title":{"rendered":"Hay que unir la tribu, como hay que unir a Sonora : Alfonso Durazo"},"content":{"rendered":"<p>Las divisiones que existen en la tribu yaqui han sido alentadas desde el gobierno del estado desde el a\u00f1o de 1990, por lo que hay que trabajar en su unificaci\u00f3n, asegur\u00f3 Alfonso\u00a0<span class=\"il\">Durazo<\/span>\u00a0Monta\u00f1o.<\/p>\n<p>El candidato com\u00fan a la gubernatura por Morena, Partido del Trabajo, Verde Ecologista y Nueva Alianza Sonora, record\u00f3 que en el gobierno de Guillermo Padr\u00e9s El\u00edas, al no lograr acuerdos con los dos grupos existentes, \u201cdesdobl\u00f3 un tercer grupo\u201d.<\/p>\n<p>\u201cYo creo qu\u00e9 hay que unir a la tribu yaqui, aunque no est\u00e1 f\u00e1cil. Hay que unir la tribu, como hay que unir a Sonora&#8230; hay una gran energ\u00eda desperdiciada en la confrontaci\u00f3n. No hay sociedad que pueda desplegar a plenitud su potencial en un ambiente de confrontaci\u00f3n\u201d, sostuvo\u00a0<span class=\"il\">Durazo<\/span>\u00a0Monta\u00f1o.<\/p>\n<p>El candidato lament\u00f3 que el estado se encuentre dividido entre el norte y sur y \u00a0que persista en el estado un modelo \u201csemi porfiriano que deposita las decisiones pol\u00edticas fundamentales basadas en una voluntad semi personal y por ah\u00ed pasa todo\u201d.<\/p>\n","protected":false},"excerpt":{"rendered":"<p>Las divisiones que existen en la tribu yaqui han sido alentadas desde el gobierno del estado desde el a\u00f1o de 1990, por lo que hay que trabajar en su unificaci\u00f3n, asegur\u00f3 Alfonso\u00a0Durazo\u00a0Monta\u00f1o. El candidato com\u00fan a la gubernatura por Morena, Partido del Trabajo, Verde Ecologista y Nueva Alianza Sonora, record\u00f3 que en el gobierno de [&hellip;]<\/p>\n","protected":false},"author":1,"featured_media":6532,"comment_status":"open","ping_status":"open","sticky":false,"template":"","format":"standard","meta":{"footnotes":""},"categories":[175],"tags":[],"class_list":["post"],"yoast_head":" \n<title>Hay que unir la tribu, como hay que unir a Sonora : Alfonso Durazo - Periodista SoledadDurazo.com<\/title>\n<meta name=\"robots\" content=\"index, follow, max-snippet:-1, max-image-preview:large, max-video-preview:-1\" \/>\n<link rel=\"canonical\" href=\"https:\/\/soledaddurazo.com\/blog\/2021\/03\/01\/hay-que-unir-la-tribu-como-hay-que-unir-a-sonora-alfonso-durazo\/\" \/>\n<meta property=\"og:locale\" content=\"es_MX\" \/>\n<meta property=\"og:type\" content=\"article\" \/>\n<meta property=\"og:title\" content=\"Hay que unir la tribu, como hay que unir a Sonora : Alfonso Durazo\" \/>\n<meta property=\"og:description\" content=\"Las divisiones que existen en la tribu yaqui han sido alentadas desde el gobierno del estado desde el a\u00f1o de 1990, por lo que hay que trabajar en su unificaci\u00f3n, asegur\u00f3 Alfonso\u00a0Durazo\u00a0Monta\u00f1o. El candidato com\u00fan a la gubernatura por Morena, Partido del Trabajo, Verde Ecologista y Nueva Alianza Sonora, record\u00f3 que en el gobierno de [&hellip;]\" \/>\n<meta property=\"og:url\" content=\"https:\/\/soledaddurazo.com\/blog\/2021\/03\/01\/hay-que-unir-la-tribu-como-hay-que-unir-a-sonora-alfonso-durazo\/\" \/>\n<meta property=\"og:site_name\" content=\"Periodista SoledadDurazo.com\" \/>\n<meta property=\"article:publisher\" content=\"https:\/\/www.facebook.com\/soledad.durazo.9\/\" \/>\n<meta property=\"article:published_time\" content=\"2021-03-01T09:33:18+00:00\" \/>\n<meta property=\"og:image\" content=\"https:\/\/soledaddurazo.com\/storage\/2021\/03\/unnamed-9.jpg\" \/>\n\t<meta property=\"og:image:width\" content=\"1044\" \/>\n\t<meta property=\"og:image:height\" content=\"696\" \/>\n<meta name=\"twitter:card\" content=\"summary_large_image\" \/>\n<meta name=\"twitter:creator\" content=\"@SoledadDurazo\" \/>\n<meta name=\"twitter:site\" content=\"@SoledadDurazo\" \/>\n<meta name=\"twitter:label1\" content=\"Escrito por\" \/>\n\t<meta name=\"twitter:data1\" content=\"Redacci\u00f3n\" \/>\n\t<meta name=\"twitter:label2\" content=\"Tiempo de lectura\" \/>\n\t<meta name=\"twitter:data2\" content=\"1 minuto\" \/>\n<script type=\"application\/ld+json\" class=\"yoast-schema-graph\">{\"@context\":\"https:\/\/schema.org\",\"@graph\":[{\"@type\":\"Organization\",\"@id\":\"https:\/\/soledaddurazo.com\/#organization\",\"name\":\"Soledad Durazo\",\"url\":\"https:\/\/soledaddurazo.com\/\",\"sameAs\":[\"https:\/\/www.facebook.com\/soledad.durazo.9\/\",\"https:\/\/www.instagram.com\/soledaddurazo\",\"https:\/\/www.youtube.com\/channel\/UC9yGPw8-Vbl_B2XNkRwPS-w\",\"https:\/\/twitter.com\/SoledadDurazo\"],\"logo\":{\"@type\":\"ImageObject\",\"@id\":\"https:\/\/soledaddurazo.com\/#logo\",\"inLanguage\":\"es\",\"url\":\"https:\/\/soledaddurazo.com\/storage\/2021\/11\/nllp-720x375-1-2.png\",\"contentUrl\":\"https:\/\/soledaddurazo.com\/storage\/2021\/11\/nllp-720x375-1-2.png\",\"width\":720,\"height\":375,\"caption\":\"Soledad Durazo\"},\"image\":{\"@id\":\"https:\/\/soledaddurazo.com\/#logo\"}},{\"@type\":\"WebSite\",\"@id\":\"https:\/\/soledaddurazo.com\/#website\",\"url\":\"https:\/\/soledaddurazo.com\/\",\"name\":\"Periodista SoledadDurazo.com\",\"description\":\"Periodista sonorense. Directora de www.SoledadDurazo.com Columnista, conductora de radio y Tv. Catedr\\u00e1tica en la UNISON\",\"publisher\":{\"@id\":\"https:\/\/soledaddurazo.com\/#organization\"},\"potentialAction\":[{\"@type\":\"SearchAction\",\"target\":{\"@type\":\"EntryPoint\",\"urlTemplate\":\"https:\/\/soledaddurazo.com\/?s={search_term_string}\"},\"query-input\":\"required name=search_term_string\"}],\"inLanguage\":\"es\"},{\"@type\":\"ImageObject\",\"@id\":\"https:\/\/soledaddurazo.com\/blog\/2021\/03\/01\/hay-que-unir-la-tribu-como-hay-que-unir-a-sonora-alfonso-durazo\/#primaryimage\",\"inLanguage\":\"es\",\"url\":\"https:\/\/soledaddurazo.com\/storage\/2021\/03\/unnamed-9.jpg\",\"contentUrl\":\"https:\/\/soledaddurazo.com\/storage\/2021\/03\/unnamed-9.jpg\",\"width\":1044,\"height\":696},{\"@type\":\"WebPage\",\"@id\":\"https:\/\/soledaddurazo.com\/blog\/2021\/03\/01\/hay-que-unir-la-tribu-como-hay-que-unir-a-sonora-alfonso-durazo\/#webpage\",\"url\":\"https:\/\/soledaddurazo.com\/blog\/2021\/03\/01\/hay-que-unir-la-tribu-como-hay-que-unir-a-sonora-alfonso-durazo\/\",\"name\":\"Hay que unir la tribu, como hay que unir a Sonora : Alfonso Durazo - Periodista SoledadDurazo.com\",\"isPartOf\":{\"@id\":\"https:\/\/soledaddurazo.com\/#website\"},\"primaryImageOfPage\":{\"@id\":\"https:\/\/soledaddurazo.com\/blog\/2021\/03\/01\/hay-que-unir-la-tribu-como-hay-que-unir-a-sonora-alfonso-durazo\/#primaryimage\"},\"datePublished\":\"2021-03-01T09:33:18+00:00\",\"dateModified\":\"2021-03-01T09:33:18+00:00\",\"breadcrumb\":{\"@id\":\"https:\/\/soledaddurazo.com\/blog\/2021\/03\/01\/hay-que-unir-la-tribu-como-hay-que-unir-a-sonora-alfonso-durazo\/#breadcrumb\"},\"inLanguage\":\"es\",\"potentialAction\":[{\"@type\":\"ReadAction\",\"target\":[\"https:\/\/soledaddurazo.com\/blog\/2021\/03\/01\/hay-que-unir-la-tribu-como-hay-que-unir-a-sonora-alfonso-durazo\/\"]}]},{\"@type\":\"BreadcrumbList\",\"@id\":\"https:\/\/soledaddurazo.com\/blog\/2021\/03\/01\/hay-que-unir-la-tribu-como-hay-que-unir-a-sonora-alfonso-durazo\/#breadcrumb\",\"itemListElement\":[{\"@type\":\"ListItem\",\"position\":1,\"name\":\"Home\",\"item\":\"https:\/\/soledaddurazo.com\/\"},{\"@type\":\"ListItem\",\"position\":2,\"name\":\"Hay que unir la tribu, como hay que unir a Sonora : Alfonso Durazo\"}]},{\"@type\":\"Article\",\"@id\":\"https:\/\/soledaddurazo.com\/blog\/2021\/03\/01\/hay-que-unir-la-tribu-como-hay-que-unir-a-sonora-alfonso-durazo\/#article\",\"isPartOf\":{\"@id\":\"https:\/\/soledaddurazo.com\/blog\/2021\/03\/01\/hay-que-unir-la-tribu-como-hay-que-unir-a-sonora-alfonso-durazo\/#webpage\"},\"author\":{\"@id\":\"https:\/\/soledaddurazo.com\/#\/schema\/person\/822d8e13aa288585e6546f179853758b\"},\"headline\":\"Hay que unir la tribu, como hay que unir a Sonora : Alfonso Durazo\",\"datePublished\":\"2021-03-01T09:33:18+00:00\",\"dateModified\":\"2021-03-01T09:33:18+00:00\",\"mainEntityOfPage\":{\"@id\":\"https:\/\/soledaddurazo.com\/blog\/2021\/03\/01\/hay-que-unir-la-tribu-como-hay-que-unir-a-sonora-alfonso-durazo\/#webpage\"},\"wordCount\":189,\"commentCount\":0,\"publisher\":{\"@id\":\"https:\/\/soledaddurazo.com\/#organization\"},\"image\":{\"@id\":\"https:\/\/soledaddurazo.com\/blog\/2021\/03\/01\/hay-que-unir-la-tribu-como-hay-que-unir-a-sonora-alfonso-durazo\/#primaryimage\"},\"thumbnailUrl\":\"https:\/\/soledaddurazo.com\/storage\/2021\/03\/unnamed-9.jpg\",\"articleSection\":[\"Sonora 20-21\"],\"inLanguage\":\"es\",\"potentialAction\":[{\"@type\":\"CommentAction\",\"name\":\"Comment\",\"target\":[\"https:\/\/soledaddurazo.com\/blog\/2021\/03\/01\/hay-que-unir-la-tribu-como-hay-que-unir-a-sonora-alfonso-durazo\/#respond\"]}]},{\"@type\":\"Person\",\"@id\":\"https:\/\/soledaddurazo.com\/#\/schema\/person\/822d8e13aa288585e6546f179853758b\",\"name\":\"Redacci\\u00f3n\",\"image\":{\"@type\":\"ImageObject\",\"@id\":\"https:\/\/soledaddurazo.com\/#personlogo\",\"inLanguage\":\"es\",\"url\":\"https:\/\/secure.gravatar.com\/avatar\/c4e193752f756fd61f04deebed3a3a20dc188d37edb53682d313ac57f2725d54?s=96&d=mm&r=g\",\"contentUrl\":\"https:\/\/secure.gravatar.com\/avatar\/c4e193752f756fd61f04deebed3a3a20dc188d37edb53682d313ac57f2725d54?s=96&d=mm&r=g\",\"caption\":\"Redacci\\u00f3n\"},\"sameAs\":[\"https:\/\/soledaddurazo.com\"]}]}<\/script>\n ","yoast_head_json":{"title":"Hay que unir la tribu, como hay que unir a Sonora : Alfonso Durazo - Periodista SoledadDurazo.com","robots":{"index":"index","follow":"follow","max-snippet":"max-snippet:-1","max-image-preview":"max-image-preview:large","max-video-preview":"max-video-preview:-1"},"canonical":"https:\/\/soledaddurazo.com\/blog\/2021\/03\/01\/hay-que-unir-la-tribu-como-hay-que-unir-a-sonora-alfonso-durazo\/","og_locale":"es_MX","og_type":"article","og_title":"Hay que unir la tribu, como hay que unir a Sonora : Alfonso Durazo","og_description":"Las divisiones que existen en la tribu yaqui han sido alentadas desde el gobierno del estado desde el a\u00f1o de 1990, por lo que hay que trabajar en su unificaci\u00f3n, asegur\u00f3 Alfonso\u00a0Durazo\u00a0Monta\u00f1o. El candidato com\u00fan a la gubernatura por Morena, Partido del Trabajo, Verde Ecologista y Nueva Alianza Sonora, record\u00f3 que en el gobierno de [&hellip;]","og_url":"https:\/\/soledaddurazo.com\/blog\/2021\/03\/01\/hay-que-unir-la-tribu-como-hay-que-unir-a-sonora-alfonso-durazo\/","og_site_name":"Periodista SoledadDurazo.com","article_publisher":"https:\/\/www.facebook.com\/soledad.durazo.9\/","article_published_time":"2021-03-01T09:33:18+00:00","og_image":[{"width":1044,"height":696,"url":"https:\/\/soledaddurazo.com\/storage\/2021\/03\/unnamed-9.jpg","type":"image\/jpeg"}],"twitter_card":"summary_large_image","twitter_creator":"@SoledadDurazo","twitter_site":"@SoledadDurazo","twitter_misc":{"Escrito por":"Redacci\u00f3n","Tiempo de lectura":"1 minuto"},"schema":{"@context":"https:\/\/schema.org","@graph":[{"@type":"Organization","@id":"https:\/\/soledaddurazo.com\/#organization","name":"Soledad Durazo","url":"https:\/\/soledaddurazo.com\/","sameAs":["https:\/\/www.facebook.com\/soledad.durazo.9\/","https:\/\/www.instagram.com\/soledaddurazo","https:\/\/www.youtube.com\/channel\/UC9yGPw8-Vbl_B2XNkRwPS-w","https:\/\/twitter.com\/SoledadDurazo"],"logo":{"@type":"ImageObject","@id":"https:\/\/soledaddurazo.com\/#logo","inLanguage":"es","url":"https:\/\/soledaddurazo.com\/storage\/2021\/11\/nllp-720x375-1-2.png","contentUrl":"https:\/\/soledaddurazo.com\/storage\/2021\/11\/nllp-720x375-1-2.png","width":720,"height":375,"caption":"Soledad Durazo"},"image":{"@id":"https:\/\/soledaddurazo.com\/#logo"}},{"@type":"WebSite","@id":"https:\/\/soledaddurazo.com\/#website","url":"https:\/\/soledaddurazo.com\/","name":"Periodista SoledadDurazo.com","description":"Periodista sonorense. Directora de www.SoledadDurazo.com Columnista, conductora de radio y Tv. Catedr\u00e1tica en la UNISON","publisher":{"@id":"https:\/\/soledaddurazo.com\/#organization"},"potentialAction":[{"@type":"SearchAction","target":{"@type":"EntryPoint","urlTemplate":"https:\/\/soledaddurazo.com\/?s={search_term_string}"},"query-input":"required name=search_term_string"}],"inLanguage":"es"},{"@type":"ImageObject","@id":"https:\/\/soledaddurazo.com\/blog\/2021\/03\/01\/hay-que-unir-la-tribu-como-hay-que-unir-a-sonora-alfonso-durazo\/#primaryimage","inLanguage":"es","url":"https:\/\/soledaddurazo.com\/storage\/2021\/03\/unnamed-9.jpg","contentUrl":"https:\/\/soledaddurazo.com\/storage\/2021\/03\/unnamed-9.jpg","width":1044,"height":696},{"@type":"WebPage","@id":"https:\/\/soledaddurazo.com\/blog\/2021\/03\/01\/hay-que-unir-la-tribu-como-hay-que-unir-a-sonora-alfonso-durazo\/#webpage","url":"https:\/\/soledaddurazo.com\/blog\/2021\/03\/01\/hay-que-unir-la-tribu-como-hay-que-unir-a-sonora-alfonso-durazo\/","name":"Hay que unir la tribu, como hay que unir a Sonora : Alfonso Durazo - Periodista SoledadDurazo.com","isPartOf":{"@id":"https:\/\/soledaddurazo.com\/#website"},"primaryImageOfPage":{"@id":"https:\/\/soledaddurazo.com\/blog\/2021\/03\/01\/hay-que-unir-la-tribu-como-hay-que-unir-a-sonora-alfonso-durazo\/#primaryimage"},"datePublished":"2021-03-01T09:33:18+00:00","dateModified":"2021-03-01T09:33:18+00:00","breadcrumb":{"@id":"https:\/\/soledaddurazo.com\/blog\/2021\/03\/01\/hay-que-unir-la-tribu-como-hay-que-unir-a-sonora-alfonso-durazo\/#breadcrumb"},"inLanguage":"es","potentialAction":[{"@type":"ReadAction","target":["https:\/\/soledaddurazo.com\/blog\/2021\/03\/01\/hay-que-unir-la-tribu-como-hay-que-unir-a-sonora-alfonso-durazo\/"]}]},{"@type":"BreadcrumbList","@id":"https:\/\/soledaddurazo.com\/blog\/2021\/03\/01\/hay-que-unir-la-tribu-como-hay-que-unir-a-sonora-alfonso-durazo\/#breadcrumb","itemListElement":[{"@type":"ListItem","position":1,"name":"Home","item":"https:\/\/soledaddurazo.com\/"},{"@type":"ListItem","position":2,"name":"Hay que unir la tribu, como hay que unir a Sonora : Alfonso Durazo"}]},{"@type":"Article","@id":"https:\/\/soledaddurazo.com\/blog\/2021\/03\/01\/hay-que-unir-la-tribu-como-hay-que-unir-a-sonora-alfonso-durazo\/#article","isPartOf":{"@id":"https:\/\/soledaddurazo.com\/blog\/2021\/03\/01\/hay-que-unir-la-tribu-como-hay-que-unir-a-sonora-alfonso-durazo\/#webpage"},"author":{"@id":"https:\/\/soledaddurazo.com\/#\/schema\/person\/822d8e13aa288585e6546f179853758b"},"headline":"Hay que unir la tribu, como hay que unir a Sonora : Alfonso Durazo","datePublished":"2021-03-01T09:33:18+00:00","dateModified":"2021-03-01T09:33:18+00:00","mainEntityOfPage":{"@id":"https:\/\/soledaddurazo.com\/blog\/2021\/03\/01\/hay-que-unir-la-tribu-como-hay-que-unir-a-sonora-alfonso-durazo\/#webpage"},"wordCount":189,"commentCount":0,"publisher":{"@id":"https:\/\/soledaddurazo.com\/#organization"},"image":{"@id":"https:\/\/soledaddurazo.com\/blog\/2021\/03\/01\/hay-que-unir-la-tribu-como-hay-que-unir-a-sonora-alfonso-durazo\/#primaryimage"},"thumbnailUrl":"https:\/\/soledaddurazo.com\/storage\/2021\/03\/unnamed-9.jpg","articleSection":["Sonora 20-21"],"inLanguage":"es","potentialAction":[{"@type":"CommentAction","name":"Comment","target":["https:\/\/soledaddurazo.com\/blog\/2021\/03\/01\/hay-que-unir-la-tribu-como-hay-que-unir-a-sonora-alfonso-durazo\/#respond"]}]},{"@type":"Person","@id":"https:\/\/soledaddurazo.com\/#\/schema\/person\/822d8e13aa288585e6546f179853758b","name":"Redacci\u00f3n","image":{"@type":"ImageObject","@id":"https:\/\/soledaddurazo.com\/#personlogo","inLanguage":"es","url":"https:\/\/secure.gravatar.com\/avatar\/c4e193752f756fd61f04deebed3a3a20dc188d37edb53682d313ac57f2725d54?s=96&d=mm&r=g","contentUrl":"https:\/\/secure.gravatar.com\/avatar\/c4e193752f756fd61f04deebed3a3a20dc188d37edb53682d313ac57f2725d54?s=96&d=mm&r=g","caption":"Redacci\u00f3n"},"sameAs":["https:\/\/soledaddurazo.com"]}]}},"_links":{"self":[{"href":"https:\/\/soledaddurazo.com\/api\/wp\/v2\/posts\/6531","targetHints":{"allow":["GET"]}}],"collection":[{"href":"https:\/\/soledaddurazo.com\/api\/wp\/v2\/posts"}],"about":[{"href":"https:\/\/soledaddurazo.com\/api\/wp\/v2\/types\/post"}],"author":[{"embeddable":true,"href":"https:\/\/soledaddurazo.com\/api\/wp\/v2\/users\/1"}],"replies":[{"embeddable":true,"href":"https:\/\/soledaddurazo.com\/api\/wp\/v2\/comments?post=6531"}],"version-history":[{"count":1,"href":"https:\/\/soledaddurazo.com\/api\/wp\/v2\/posts\/6531\/revisions"}],"predecessor-version":[{"id":6533,"href":"https:\/\/soledaddurazo.com\/api\/wp\/v2\/posts\/6531\/revisions\/6533"}],"wp:featuredmedia":[{"embeddable":true,"href":"https:\/\/soledaddurazo.com\/api\/wp\/v2\/media\/6532"}],"wp:attachment":[{"href":"https:\/\/soledaddurazo.com\/api\/wp\/v2\/media?parent=6531"}],"wp:term":[{"taxonomy":"category","embeddable":true,"href":"https:\/\/soledaddurazo.com\/api\/wp\/v2\/categories?post=6531"},{"taxonomy":"post_tag","embeddable":true,"href":"https:\/\/soledaddurazo.com\/api\/wp\/v2\/tags?post=6531"}],"curies":[{"name":"wp","href":"https:\/\/api.w.org\/{rel}","templated":true}]}}