{"id":6455,"date":"2021-02-25T00:36:15","date_gmt":"2021-02-25T07:36:15","guid":{"rendered":"https:\/\/soledaddurazo.com\/?p=6455"},"modified":"2021-02-25T00:36:15","modified_gmt":"2021-02-25T07:36:15","slug":"honraran-memoria-de-victimas-de-covid","status":"publish","type":"post","link":"https:\/\/soledaddurazo.com\/blog\/2021\/02\/25\/honraran-memoria-de-victimas-de-covid\/","title":{"rendered":"Honrar\u00e1n memoria de v\u00edctimas de covid"},"content":{"rendered":"<p style=\"font-weight: 400;\">El proyecto de dictamen que contiene el Decreto que aprueba la inscripci\u00f3n con letras doradas en la pared de honor del recinto oficial del\u00a0Congreso\u00a0del Estado de Sonora: \u201cA\u00f1o 2020: En conmemoraci\u00f3n de las v\u00edctimas de la pandemia del Covid-19\u201d, aprobaron los diputados de las Comisiones de Salud y de Atenci\u00f3n a Emergencia Sanitaria y Econ\u00f3mica Covid-19, en forma unida; \u00fanicamente los integrantes de la Comisi\u00f3n de Salud aprobaron el proyecto de dictamen que contienen el Decreto que reforma la Ley de Salud para Sonora, que busca establecer la promoci\u00f3n, difusi\u00f3n y garant\u00eda de acceso a la atenci\u00f3n primaria a la salud de calidad.<\/p>\n<p style=\"font-weight: 400;\">De acuerdo al orden del d\u00eda, el diputado Filem\u00f3n Ortega Quintos, presidente de la Comisi\u00f3n de Salud, someti\u00f3 a consideraci\u00f3n el proyecto de dictamen de la iniciativa presentada por la diputada Magdalena Uribe Pe\u00f1a, con proyecto de Decreto que aprueba la inscripci\u00f3n mencionada, y\u00a0record\u00f3 que fue aprobada anteriormente la iniciativa de la diputada Rosa Mar\u00eda Mancha Ornelas para honrar al personal del sector salud que fueron v\u00edctimas por dicha enfermedad.<\/p>\n<p style=\"font-weight: 400;\">Tras ser aprobado el proyecto de dictamen por los diputados de las Comisiones de Salud y de Atenci\u00f3n a Emergencia Sanitaria y Econ\u00f3mica Covid-19, enseguida \u00fanicamente continuaron los trabajos los integrantes de la Comisi\u00f3n de Salud, para lo que el diputado Ortega Quintos puso a consideraci\u00f3n el proyecto de dictamen de las iniciativas que a nombre propio present\u00f3, y que contienen los proyectos de Decreto que reforma y adiciona diversas disposiciones a la Ley de Salud para el Estado de Sonora y de Decreto que reforma y adiciona diversos art\u00edculos a la Ley de Salud para el Estado de Sonora.<\/p>\n<p style=\"font-weight: 400;\">De acuerdo al proyecto de dictamen, se adicionan algunos conceptos a la norma legal que permitan disminuir la desigualdad en el Sistema de Salud del Estado en beneficio de los ciudadanos y brinda la garant\u00eda de atenci\u00f3n a la atenci\u00f3n primaria de ese servicio hasta en las comunidades m\u00e1s apartadas.<\/p>\n<p style=\"font-weight: 400;\">En asuntos generales, el diputado Carlos Navarrete Aguirre invit\u00f3 a los gobiernos municipales a no suspender el servicio de agua potable a los ciudadanos durante la contingencia sanitaria, debido a que es de vital importancia su uso dom\u00e9stico.<\/p>\n<p style=\"font-weight: 400;\">Por su parte el diputado Ortega Quintos dio lectura a diversos oficios en los que la Subsecretar\u00eda de Salud da respuesta a algunas solicitudes de informaci\u00f3n que se han realizado por\u00a0 los integrantes de la LXII Legislatura.<\/p>\n<p style=\"font-weight: 400;\">En la reuni\u00f3n estuvieron presentes los diputados L\u00e1zaro Espinoza Mend\u00edvil, Luis Mario Rivera Aguilar, Miroslava Luj\u00e1n L\u00f3pez, Rosa Icela Mart\u00ednez Espinoza, Mar\u00eda Dolores Del R\u00edo S\u00e1nchez, Alejandra L\u00f3pez Noriega, Alicia Gayt\u00e1n S\u00e1nchez y Francisco Javier Duarte Flores.<\/p>\n<p style=\"font-weight: 400;\">Los proyectos de dictamen aprobados por los diputados presentes ser\u00e1n enviados a la Comisi\u00f3n de R\u00e9gimen Interno y Concertaci\u00f3n Pol\u00edtica para que sean incluidos en el orden del d\u00eda de una pr\u00f3xima sesi\u00f3n.<\/p>\n","protected":false},"excerpt":{"rendered":"<p>El proyecto de dictamen que contiene el Decreto que aprueba la inscripci\u00f3n con letras doradas en la pared de honor del recinto oficial del\u00a0Congreso\u00a0del Estado de Sonora: \u201cA\u00f1o 2020: En conmemoraci\u00f3n de las v\u00edctimas de la pandemia del Covid-19\u201d, aprobaron los diputados de las Comisiones de Salud y de Atenci\u00f3n a Emergencia Sanitaria y Econ\u00f3mica [&hellip;]<\/p>\n","protected":false},"author":1,"featured_media":6456,"comment_status":"open","ping_status":"open","sticky":false,"template":"","format":"standard","meta":{"footnotes":""},"categories":[159],"tags":[],"class_list":["post"],"yoast_head":" \n<title>Honrar\u00e1n memoria de v\u00edctimas de covid - Periodista SoledadDurazo.com<\/title>\n<meta name=\"robots\" content=\"index, follow, max-snippet:-1, max-image-preview:large, max-video-preview:-1\" \/>\n<link rel=\"canonical\" href=\"https:\/\/soledaddurazo.com\/blog\/2021\/02\/25\/honraran-memoria-de-victimas-de-covid\/\" \/>\n<meta property=\"og:locale\" content=\"es_MX\" \/>\n<meta property=\"og:type\" content=\"article\" \/>\n<meta property=\"og:title\" content=\"Honrar\u00e1n memoria de v\u00edctimas de covid\" \/>\n<meta property=\"og:description\" content=\"El proyecto de dictamen que contiene el Decreto que aprueba la inscripci\u00f3n con letras doradas en la pared de honor del recinto oficial del\u00a0Congreso\u00a0del Estado de Sonora: \u201cA\u00f1o 2020: En conmemoraci\u00f3n de las v\u00edctimas de la pandemia del Covid-19\u201d, aprobaron los diputados de las Comisiones de Salud y de Atenci\u00f3n a Emergencia Sanitaria y Econ\u00f3mica [&hellip;]\" \/>\n<meta property=\"og:url\" content=\"https:\/\/soledaddurazo.com\/blog\/2021\/02\/25\/honraran-memoria-de-victimas-de-covid\/\" \/>\n<meta property=\"og:site_name\" content=\"Periodista SoledadDurazo.com\" \/>\n<meta property=\"article:publisher\" content=\"https:\/\/www.facebook.com\/soledad.durazo.9\/\" \/>\n<meta property=\"article:published_time\" content=\"2021-02-25T07:36:15+00:00\" \/>\n<meta property=\"og:image\" content=\"https:\/\/soledaddurazo.com\/storage\/2021\/02\/Com.-de-salud-y-COVID-19-unidas5.jpg\" \/>\n\t<meta property=\"og:image:width\" content=\"1920\" \/>\n\t<meta property=\"og:image:height\" content=\"1080\" \/>\n<meta name=\"twitter:card\" content=\"summary_large_image\" \/>\n<meta name=\"twitter:creator\" content=\"@SoledadDurazo\" \/>\n<meta name=\"twitter:site\" content=\"@SoledadDurazo\" \/>\n<meta name=\"twitter:label1\" content=\"Escrito por\" \/>\n\t<meta name=\"twitter:data1\" content=\"Redacci\u00f3n\" \/>\n\t<meta name=\"twitter:label2\" content=\"Tiempo de lectura\" \/>\n\t<meta name=\"twitter:data2\" content=\"3 minutos\" \/>\n<script type=\"application\/ld+json\" class=\"yoast-schema-graph\">{\"@context\":\"https:\/\/schema.org\",\"@graph\":[{\"@type\":\"Organization\",\"@id\":\"https:\/\/soledaddurazo.com\/#organization\",\"name\":\"Soledad Durazo\",\"url\":\"https:\/\/soledaddurazo.com\/\",\"sameAs\":[\"https:\/\/www.facebook.com\/soledad.durazo.9\/\",\"https:\/\/www.instagram.com\/soledaddurazo\",\"https:\/\/www.youtube.com\/channel\/UC9yGPw8-Vbl_B2XNkRwPS-w\",\"https:\/\/twitter.com\/SoledadDurazo\"],\"logo\":{\"@type\":\"ImageObject\",\"@id\":\"https:\/\/soledaddurazo.com\/#logo\",\"inLanguage\":\"es\",\"url\":\"https:\/\/soledaddurazo.com\/storage\/2021\/11\/nllp-720x375-1-2.png\",\"contentUrl\":\"https:\/\/soledaddurazo.com\/storage\/2021\/11\/nllp-720x375-1-2.png\",\"width\":720,\"height\":375,\"caption\":\"Soledad Durazo\"},\"image\":{\"@id\":\"https:\/\/soledaddurazo.com\/#logo\"}},{\"@type\":\"WebSite\",\"@id\":\"https:\/\/soledaddurazo.com\/#website\",\"url\":\"https:\/\/soledaddurazo.com\/\",\"name\":\"Periodista SoledadDurazo.com\",\"description\":\"Periodista sonorense. Directora de www.SoledadDurazo.com Columnista, conductora de radio y Tv. Catedr\\u00e1tica en la UNISON\",\"publisher\":{\"@id\":\"https:\/\/soledaddurazo.com\/#organization\"},\"potentialAction\":[{\"@type\":\"SearchAction\",\"target\":{\"@type\":\"EntryPoint\",\"urlTemplate\":\"https:\/\/soledaddurazo.com\/?s={search_term_string}\"},\"query-input\":\"required name=search_term_string\"}],\"inLanguage\":\"es\"},{\"@type\":\"ImageObject\",\"@id\":\"https:\/\/soledaddurazo.com\/blog\/2021\/02\/25\/honraran-memoria-de-victimas-de-covid\/#primaryimage\",\"inLanguage\":\"es\",\"url\":\"https:\/\/soledaddurazo.com\/storage\/2021\/02\/Com.-de-salud-y-COVID-19-unidas5.jpg\",\"contentUrl\":\"https:\/\/soledaddurazo.com\/storage\/2021\/02\/Com.-de-salud-y-COVID-19-unidas5.jpg\",\"width\":1920,\"height\":1080},{\"@type\":\"WebPage\",\"@id\":\"https:\/\/soledaddurazo.com\/blog\/2021\/02\/25\/honraran-memoria-de-victimas-de-covid\/#webpage\",\"url\":\"https:\/\/soledaddurazo.com\/blog\/2021\/02\/25\/honraran-memoria-de-victimas-de-covid\/\",\"name\":\"Honrar\\u00e1n memoria de v\\u00edctimas de covid - Periodista SoledadDurazo.com\",\"isPartOf\":{\"@id\":\"https:\/\/soledaddurazo.com\/#website\"},\"primaryImageOfPage\":{\"@id\":\"https:\/\/soledaddurazo.com\/blog\/2021\/02\/25\/honraran-memoria-de-victimas-de-covid\/#primaryimage\"},\"datePublished\":\"2021-02-25T07:36:15+00:00\",\"dateModified\":\"2021-02-25T07:36:15+00:00\",\"breadcrumb\":{\"@id\":\"https:\/\/soledaddurazo.com\/blog\/2021\/02\/25\/honraran-memoria-de-victimas-de-covid\/#breadcrumb\"},\"inLanguage\":\"es\",\"potentialAction\":[{\"@type\":\"ReadAction\",\"target\":[\"https:\/\/soledaddurazo.com\/blog\/2021\/02\/25\/honraran-memoria-de-victimas-de-covid\/\"]}]},{\"@type\":\"BreadcrumbList\",\"@id\":\"https:\/\/soledaddurazo.com\/blog\/2021\/02\/25\/honraran-memoria-de-victimas-de-covid\/#breadcrumb\",\"itemListElement\":[{\"@type\":\"ListItem\",\"position\":1,\"name\":\"Home\",\"item\":\"https:\/\/soledaddurazo.com\/\"},{\"@type\":\"ListItem\",\"position\":2,\"name\":\"Honrar\\u00e1n memoria de v\\u00edctimas de covid\"}]},{\"@type\":\"Article\",\"@id\":\"https:\/\/soledaddurazo.com\/blog\/2021\/02\/25\/honraran-memoria-de-victimas-de-covid\/#article\",\"isPartOf\":{\"@id\":\"https:\/\/soledaddurazo.com\/blog\/2021\/02\/25\/honraran-memoria-de-victimas-de-covid\/#webpage\"},\"author\":{\"@id\":\"https:\/\/soledaddurazo.com\/#\/schema\/person\/822d8e13aa288585e6546f179853758b\"},\"headline\":\"Honrar\\u00e1n memoria de v\\u00edctimas de covid\",\"datePublished\":\"2021-02-25T07:36:15+00:00\",\"dateModified\":\"2021-02-25T07:36:15+00:00\",\"mainEntityOfPage\":{\"@id\":\"https:\/\/soledaddurazo.com\/blog\/2021\/02\/25\/honraran-memoria-de-victimas-de-covid\/#webpage\"},\"wordCount\":529,\"commentCount\":0,\"publisher\":{\"@id\":\"https:\/\/soledaddurazo.com\/#organization\"},\"image\":{\"@id\":\"https:\/\/soledaddurazo.com\/blog\/2021\/02\/25\/honraran-memoria-de-victimas-de-covid\/#primaryimage\"},\"thumbnailUrl\":\"https:\/\/soledaddurazo.com\/storage\/2021\/02\/Com.-de-salud-y-COVID-19-unidas5.jpg\",\"articleSection\":[\"Mi Sonora\"],\"inLanguage\":\"es\",\"potentialAction\":[{\"@type\":\"CommentAction\",\"name\":\"Comment\",\"target\":[\"https:\/\/soledaddurazo.com\/blog\/2021\/02\/25\/honraran-memoria-de-victimas-de-covid\/#respond\"]}]},{\"@type\":\"Person\",\"@id\":\"https:\/\/soledaddurazo.com\/#\/schema\/person\/822d8e13aa288585e6546f179853758b\",\"name\":\"Redacci\\u00f3n\",\"image\":{\"@type\":\"ImageObject\",\"@id\":\"https:\/\/soledaddurazo.com\/#personlogo\",\"inLanguage\":\"es\",\"url\":\"https:\/\/secure.gravatar.com\/avatar\/c4e193752f756fd61f04deebed3a3a20dc188d37edb53682d313ac57f2725d54?s=96&d=mm&r=g\",\"contentUrl\":\"https:\/\/secure.gravatar.com\/avatar\/c4e193752f756fd61f04deebed3a3a20dc188d37edb53682d313ac57f2725d54?s=96&d=mm&r=g\",\"caption\":\"Redacci\\u00f3n\"},\"sameAs\":[\"https:\/\/soledaddurazo.com\"]}]}<\/script>\n ","yoast_head_json":{"title":"Honrar\u00e1n memoria de v\u00edctimas de covid - Periodista SoledadDurazo.com","robots":{"index":"index","follow":"follow","max-snippet":"max-snippet:-1","max-image-preview":"max-image-preview:large","max-video-preview":"max-video-preview:-1"},"canonical":"https:\/\/soledaddurazo.com\/blog\/2021\/02\/25\/honraran-memoria-de-victimas-de-covid\/","og_locale":"es_MX","og_type":"article","og_title":"Honrar\u00e1n memoria de v\u00edctimas de covid","og_description":"El proyecto de dictamen que contiene el Decreto que aprueba la inscripci\u00f3n con letras doradas en la pared de honor del recinto oficial del\u00a0Congreso\u00a0del Estado de Sonora: \u201cA\u00f1o 2020: En conmemoraci\u00f3n de las v\u00edctimas de la pandemia del Covid-19\u201d, aprobaron los diputados de las Comisiones de Salud y de Atenci\u00f3n a Emergencia Sanitaria y Econ\u00f3mica [&hellip;]","og_url":"https:\/\/soledaddurazo.com\/blog\/2021\/02\/25\/honraran-memoria-de-victimas-de-covid\/","og_site_name":"Periodista SoledadDurazo.com","article_publisher":"https:\/\/www.facebook.com\/soledad.durazo.9\/","article_published_time":"2021-02-25T07:36:15+00:00","og_image":[{"width":1920,"height":1080,"url":"https:\/\/soledaddurazo.com\/storage\/2021\/02\/Com.-de-salud-y-COVID-19-unidas5.jpg","type":"image\/jpeg"}],"twitter_card":"summary_large_image","twitter_creator":"@SoledadDurazo","twitter_site":"@SoledadDurazo","twitter_misc":{"Escrito por":"Redacci\u00f3n","Tiempo de lectura":"3 minutos"},"schema":{"@context":"https:\/\/schema.org","@graph":[{"@type":"Organization","@id":"https:\/\/soledaddurazo.com\/#organization","name":"Soledad Durazo","url":"https:\/\/soledaddurazo.com\/","sameAs":["https:\/\/www.facebook.com\/soledad.durazo.9\/","https:\/\/www.instagram.com\/soledaddurazo","https:\/\/www.youtube.com\/channel\/UC9yGPw8-Vbl_B2XNkRwPS-w","https:\/\/twitter.com\/SoledadDurazo"],"logo":{"@type":"ImageObject","@id":"https:\/\/soledaddurazo.com\/#logo","inLanguage":"es","url":"https:\/\/soledaddurazo.com\/storage\/2021\/11\/nllp-720x375-1-2.png","contentUrl":"https:\/\/soledaddurazo.com\/storage\/2021\/11\/nllp-720x375-1-2.png","width":720,"height":375,"caption":"Soledad Durazo"},"image":{"@id":"https:\/\/soledaddurazo.com\/#logo"}},{"@type":"WebSite","@id":"https:\/\/soledaddurazo.com\/#website","url":"https:\/\/soledaddurazo.com\/","name":"Periodista SoledadDurazo.com","description":"Periodista sonorense. Directora de www.SoledadDurazo.com Columnista, conductora de radio y Tv. Catedr\u00e1tica en la UNISON","publisher":{"@id":"https:\/\/soledaddurazo.com\/#organization"},"potentialAction":[{"@type":"SearchAction","target":{"@type":"EntryPoint","urlTemplate":"https:\/\/soledaddurazo.com\/?s={search_term_string}"},"query-input":"required name=search_term_string"}],"inLanguage":"es"},{"@type":"ImageObject","@id":"https:\/\/soledaddurazo.com\/blog\/2021\/02\/25\/honraran-memoria-de-victimas-de-covid\/#primaryimage","inLanguage":"es","url":"https:\/\/soledaddurazo.com\/storage\/2021\/02\/Com.-de-salud-y-COVID-19-unidas5.jpg","contentUrl":"https:\/\/soledaddurazo.com\/storage\/2021\/02\/Com.-de-salud-y-COVID-19-unidas5.jpg","width":1920,"height":1080},{"@type":"WebPage","@id":"https:\/\/soledaddurazo.com\/blog\/2021\/02\/25\/honraran-memoria-de-victimas-de-covid\/#webpage","url":"https:\/\/soledaddurazo.com\/blog\/2021\/02\/25\/honraran-memoria-de-victimas-de-covid\/","name":"Honrar\u00e1n memoria de v\u00edctimas de covid - Periodista SoledadDurazo.com","isPartOf":{"@id":"https:\/\/soledaddurazo.com\/#website"},"primaryImageOfPage":{"@id":"https:\/\/soledaddurazo.com\/blog\/2021\/02\/25\/honraran-memoria-de-victimas-de-covid\/#primaryimage"},"datePublished":"2021-02-25T07:36:15+00:00","dateModified":"2021-02-25T07:36:15+00:00","breadcrumb":{"@id":"https:\/\/soledaddurazo.com\/blog\/2021\/02\/25\/honraran-memoria-de-victimas-de-covid\/#breadcrumb"},"inLanguage":"es","potentialAction":[{"@type":"ReadAction","target":["https:\/\/soledaddurazo.com\/blog\/2021\/02\/25\/honraran-memoria-de-victimas-de-covid\/"]}]},{"@type":"BreadcrumbList","@id":"https:\/\/soledaddurazo.com\/blog\/2021\/02\/25\/honraran-memoria-de-victimas-de-covid\/#breadcrumb","itemListElement":[{"@type":"ListItem","position":1,"name":"Home","item":"https:\/\/soledaddurazo.com\/"},{"@type":"ListItem","position":2,"name":"Honrar\u00e1n memoria de v\u00edctimas de covid"}]},{"@type":"Article","@id":"https:\/\/soledaddurazo.com\/blog\/2021\/02\/25\/honraran-memoria-de-victimas-de-covid\/#article","isPartOf":{"@id":"https:\/\/soledaddurazo.com\/blog\/2021\/02\/25\/honraran-memoria-de-victimas-de-covid\/#webpage"},"author":{"@id":"https:\/\/soledaddurazo.com\/#\/schema\/person\/822d8e13aa288585e6546f179853758b"},"headline":"Honrar\u00e1n memoria de v\u00edctimas de covid","datePublished":"2021-02-25T07:36:15+00:00","dateModified":"2021-02-25T07:36:15+00:00","mainEntityOfPage":{"@id":"https:\/\/soledaddurazo.com\/blog\/2021\/02\/25\/honraran-memoria-de-victimas-de-covid\/#webpage"},"wordCount":529,"commentCount":0,"publisher":{"@id":"https:\/\/soledaddurazo.com\/#organization"},"image":{"@id":"https:\/\/soledaddurazo.com\/blog\/2021\/02\/25\/honraran-memoria-de-victimas-de-covid\/#primaryimage"},"thumbnailUrl":"https:\/\/soledaddurazo.com\/storage\/2021\/02\/Com.-de-salud-y-COVID-19-unidas5.jpg","articleSection":["Mi Sonora"],"inLanguage":"es","potentialAction":[{"@type":"CommentAction","name":"Comment","target":["https:\/\/soledaddurazo.com\/blog\/2021\/02\/25\/honraran-memoria-de-victimas-de-covid\/#respond"]}]},{"@type":"Person","@id":"https:\/\/soledaddurazo.com\/#\/schema\/person\/822d8e13aa288585e6546f179853758b","name":"Redacci\u00f3n","image":{"@type":"ImageObject","@id":"https:\/\/soledaddurazo.com\/#personlogo","inLanguage":"es","url":"https:\/\/secure.gravatar.com\/avatar\/c4e193752f756fd61f04deebed3a3a20dc188d37edb53682d313ac57f2725d54?s=96&d=mm&r=g","contentUrl":"https:\/\/secure.gravatar.com\/avatar\/c4e193752f756fd61f04deebed3a3a20dc188d37edb53682d313ac57f2725d54?s=96&d=mm&r=g","caption":"Redacci\u00f3n"},"sameAs":["https:\/\/soledaddurazo.com"]}]}},"_links":{"self":[{"href":"https:\/\/soledaddurazo.com\/api\/wp\/v2\/posts\/6455","targetHints":{"allow":["GET"]}}],"collection":[{"href":"https:\/\/soledaddurazo.com\/api\/wp\/v2\/posts"}],"about":[{"href":"https:\/\/soledaddurazo.com\/api\/wp\/v2\/types\/post"}],"author":[{"embeddable":true,"href":"https:\/\/soledaddurazo.com\/api\/wp\/v2\/users\/1"}],"replies":[{"embeddable":true,"href":"https:\/\/soledaddurazo.com\/api\/wp\/v2\/comments?post=6455"}],"version-history":[{"count":1,"href":"https:\/\/soledaddurazo.com\/api\/wp\/v2\/posts\/6455\/revisions"}],"predecessor-version":[{"id":6457,"href":"https:\/\/soledaddurazo.com\/api\/wp\/v2\/posts\/6455\/revisions\/6457"}],"wp:featuredmedia":[{"embeddable":true,"href":"https:\/\/soledaddurazo.com\/api\/wp\/v2\/media\/6456"}],"wp:attachment":[{"href":"https:\/\/soledaddurazo.com\/api\/wp\/v2\/media?parent=6455"}],"wp:term":[{"taxonomy":"category","embeddable":true,"href":"https:\/\/soledaddurazo.com\/api\/wp\/v2\/categories?post=6455"},{"taxonomy":"post_tag","embeddable":true,"href":"https:\/\/soledaddurazo.com\/api\/wp\/v2\/tags?post=6455"}],"curies":[{"name":"wp","href":"https:\/\/api.w.org\/{rel}","templated":true}]}}