{"id":6283,"date":"2021-02-18T00:47:29","date_gmt":"2021-02-18T07:47:29","guid":{"rendered":"https:\/\/soledaddurazo.com\/?p=6283"},"modified":"2021-02-18T00:47:29","modified_gmt":"2021-02-18T07:47:29","slug":"prioridad-que-ninas-y-ninos-en-sonora-y-mexico-tengan-las-mismas-oportunidades","status":"publish","type":"post","link":"https:\/\/soledaddurazo.com\/blog\/2021\/02\/18\/prioridad-que-ninas-y-ninos-en-sonora-y-mexico-tengan-las-mismas-oportunidades\/","title":{"rendered":"Prioridad que ni\u00f1as y ni\u00f1os en Sonora y M\u00e9xico tengan las mismas oportunidades"},"content":{"rendered":"<p>Para que ni\u00f1as y ni\u00f1os en Sonora y en M\u00e9xico tengan las mismas oportunidades, es necesario empezar a dar pasos hacia la eliminaci\u00f3n de la brecha tecnol\u00f3gica para que todos y todas tengan acceso a computadoras e Internet, asever\u00f3 la gobernadora\u00a0<span class=\"il\">Claudia<\/span>\u00a0Pavlovich Arellano al sostener una reuni\u00f3n virtual con Jos\u00e9 Nabor Cruz Marcelo, secretario ejecutivo del Consejo Nacional de Evaluaci\u00f3n de la Pol\u00edtica de Desarrollo Social (Coneval).<\/p>\n<p>Acompa\u00f1ada por Manuel Puebla, secretario de Desarrollo Social en Sonora; Jos\u00e9 V\u00edctor Guerrero Gonz\u00e1lez, secretario de Educaci\u00f3n y Cultura y Natalia Rivera Grijalva, jefa de la Oficina del Ejecutivo Estatal, la gobernadora Pavlovich, en su calidad de presidenta de la Conferencia Nacional de Gobernadores (Conago), expuso que la pandemia por COVID-19 puso en crisis la salud, la econom\u00eda, y la din\u00e1mica social, pero tambi\u00e9n evidenci\u00f3 la brecha tecnol\u00f3gica y puso en su justa dimensi\u00f3n la desventaja que tiene un ni\u00f1o o una ni\u00f1a al no tener acceso a una computadora con Internet.<\/p>\n<p>\u201cEs muy importante que todo el estado mexicano en su conjunto trabaje para eliminar esta brecha y para que todos los ni\u00f1os y las ni\u00f1as puedan tener acceso a computadoras e Internet, es muy importante el instrumento en materia de igualdad, permite estudiar en igualdad de condiciones a todas las ni\u00f1as y los ni\u00f1os, elimina esa desventaja que tienen las ni\u00f1as y los ni\u00f1os que no tienen una computadora con acceso a internet, pero tambi\u00e9n elimina las desventajas para la integraci\u00f3n profesional\u201d, indic\u00f3.<\/p>\n<p>En esta reuni\u00f3n se acord\u00f3 que Coneval har\u00e1 un primer informe exploratorio de c\u00f3mo ha afectado esta brecha tecnol\u00f3gica, adem\u00e1s de que se trabajar\u00e1 conjuntamente con las comisiones de Educaci\u00f3n y de Desarrollo Social de la Conago.<\/p>\n<p>Asi tambi\u00e9n, se plante\u00f3 establecer los indicadores para conocer la brecha digital, as\u00ed como incluir en los costos de canasta no alimentaria el gasto de Internet.<\/p>\n<p>Finalmente, se estableci\u00f3 el trabajo conjunto con la Conago para la medici\u00f3n de la brecha tecnol\u00f3gica a trav\u00e9s del Sistema de Informaci\u00f3n de Derecho Social.<\/p>\n<p>\u201cSe va trabajar conjuntamente, la intenci\u00f3n es que con toda esta informaci\u00f3n se pueda colaborar entre estados y el Gobierno Federal, para que se pueda desarrollar un programa para que ni\u00f1as y ni\u00f1os puedan tener una computadora con acceso a Internet\u201d, se\u00f1al\u00f3.<\/p>\n","protected":false},"excerpt":{"rendered":"<p>Para que ni\u00f1as y ni\u00f1os en Sonora y en M\u00e9xico tengan las mismas oportunidades, es necesario empezar a dar pasos hacia la eliminaci\u00f3n de la brecha tecnol\u00f3gica para que todos y todas tengan acceso a computadoras e Internet, asever\u00f3 la gobernadora\u00a0Claudia\u00a0Pavlovich Arellano al sostener una reuni\u00f3n virtual con Jos\u00e9 Nabor Cruz Marcelo, secretario ejecutivo del [&hellip;]<\/p>\n","protected":false},"author":1,"featured_media":6284,"comment_status":"open","ping_status":"open","sticky":false,"template":"","format":"standard","meta":{"footnotes":""},"categories":[159],"tags":[],"class_list":["post"],"yoast_head":" \n<title>Prioridad que ni\u00f1as y ni\u00f1os en Sonora y M\u00e9xico tengan las mismas oportunidades - Periodista SoledadDurazo.com<\/title>\n<meta name=\"robots\" content=\"index, follow, max-snippet:-1, max-image-preview:large, max-video-preview:-1\" \/>\n<link rel=\"canonical\" href=\"https:\/\/soledaddurazo.com\/blog\/2021\/02\/18\/prioridad-que-ninas-y-ninos-en-sonora-y-mexico-tengan-las-mismas-oportunidades\/\" \/>\n<meta property=\"og:locale\" content=\"es_MX\" \/>\n<meta property=\"og:type\" content=\"article\" \/>\n<meta property=\"og:title\" content=\"Prioridad que ni\u00f1as y ni\u00f1os en Sonora y M\u00e9xico tengan las mismas oportunidades\" \/>\n<meta property=\"og:description\" content=\"Para que ni\u00f1as y ni\u00f1os en Sonora y en M\u00e9xico tengan las mismas oportunidades, es necesario empezar a dar pasos hacia la eliminaci\u00f3n de la brecha tecnol\u00f3gica para que todos y todas tengan acceso a computadoras e Internet, asever\u00f3 la gobernadora\u00a0Claudia\u00a0Pavlovich Arellano al sostener una reuni\u00f3n virtual con Jos\u00e9 Nabor Cruz Marcelo, secretario ejecutivo del [&hellip;]\" \/>\n<meta property=\"og:url\" content=\"https:\/\/soledaddurazo.com\/blog\/2021\/02\/18\/prioridad-que-ninas-y-ninos-en-sonora-y-mexico-tengan-las-mismas-oportunidades\/\" \/>\n<meta property=\"og:site_name\" content=\"Periodista SoledadDurazo.com\" \/>\n<meta property=\"article:publisher\" content=\"https:\/\/www.facebook.com\/soledad.durazo.9\/\" \/>\n<meta property=\"article:published_time\" content=\"2021-02-18T07:47:29+00:00\" \/>\n<meta property=\"og:image\" content=\"https:\/\/soledaddurazo.com\/storage\/2021\/02\/191709835.jpg\" \/>\n\t<meta property=\"og:image:width\" content=\"1280\" \/>\n\t<meta property=\"og:image:height\" content=\"888\" \/>\n<meta name=\"twitter:card\" content=\"summary_large_image\" \/>\n<meta name=\"twitter:creator\" content=\"@SoledadDurazo\" \/>\n<meta name=\"twitter:site\" content=\"@SoledadDurazo\" \/>\n<meta name=\"twitter:label1\" content=\"Escrito por\" \/>\n\t<meta name=\"twitter:data1\" content=\"Redacci\u00f3n\" \/>\n\t<meta name=\"twitter:label2\" content=\"Tiempo de lectura\" \/>\n\t<meta name=\"twitter:data2\" content=\"2 minutos\" \/>\n<script type=\"application\/ld+json\" class=\"yoast-schema-graph\">{\"@context\":\"https:\/\/schema.org\",\"@graph\":[{\"@type\":\"Organization\",\"@id\":\"https:\/\/soledaddurazo.com\/#organization\",\"name\":\"Soledad Durazo\",\"url\":\"https:\/\/soledaddurazo.com\/\",\"sameAs\":[\"https:\/\/www.facebook.com\/soledad.durazo.9\/\",\"https:\/\/www.instagram.com\/soledaddurazo\",\"https:\/\/www.youtube.com\/channel\/UC9yGPw8-Vbl_B2XNkRwPS-w\",\"https:\/\/twitter.com\/SoledadDurazo\"],\"logo\":{\"@type\":\"ImageObject\",\"@id\":\"https:\/\/soledaddurazo.com\/#logo\",\"inLanguage\":\"es\",\"url\":\"https:\/\/soledaddurazo.com\/storage\/2021\/11\/nllp-720x375-1-2.png\",\"contentUrl\":\"https:\/\/soledaddurazo.com\/storage\/2021\/11\/nllp-720x375-1-2.png\",\"width\":720,\"height\":375,\"caption\":\"Soledad Durazo\"},\"image\":{\"@id\":\"https:\/\/soledaddurazo.com\/#logo\"}},{\"@type\":\"WebSite\",\"@id\":\"https:\/\/soledaddurazo.com\/#website\",\"url\":\"https:\/\/soledaddurazo.com\/\",\"name\":\"Periodista SoledadDurazo.com\",\"description\":\"Periodista sonorense. Directora de www.SoledadDurazo.com Columnista, conductora de radio y Tv. Catedr\\u00e1tica en la UNISON\",\"publisher\":{\"@id\":\"https:\/\/soledaddurazo.com\/#organization\"},\"potentialAction\":[{\"@type\":\"SearchAction\",\"target\":{\"@type\":\"EntryPoint\",\"urlTemplate\":\"https:\/\/soledaddurazo.com\/?s={search_term_string}\"},\"query-input\":\"required name=search_term_string\"}],\"inLanguage\":\"es\"},{\"@type\":\"ImageObject\",\"@id\":\"https:\/\/soledaddurazo.com\/blog\/2021\/02\/18\/prioridad-que-ninas-y-ninos-en-sonora-y-mexico-tengan-las-mismas-oportunidades\/#primaryimage\",\"inLanguage\":\"es\",\"url\":\"https:\/\/soledaddurazo.com\/storage\/2021\/02\/191709835.jpg\",\"contentUrl\":\"https:\/\/soledaddurazo.com\/storage\/2021\/02\/191709835.jpg\",\"width\":1280,\"height\":888},{\"@type\":\"WebPage\",\"@id\":\"https:\/\/soledaddurazo.com\/blog\/2021\/02\/18\/prioridad-que-ninas-y-ninos-en-sonora-y-mexico-tengan-las-mismas-oportunidades\/#webpage\",\"url\":\"https:\/\/soledaddurazo.com\/blog\/2021\/02\/18\/prioridad-que-ninas-y-ninos-en-sonora-y-mexico-tengan-las-mismas-oportunidades\/\",\"name\":\"Prioridad que ni\\u00f1as y ni\\u00f1os en Sonora y M\\u00e9xico tengan las mismas oportunidades - Periodista SoledadDurazo.com\",\"isPartOf\":{\"@id\":\"https:\/\/soledaddurazo.com\/#website\"},\"primaryImageOfPage\":{\"@id\":\"https:\/\/soledaddurazo.com\/blog\/2021\/02\/18\/prioridad-que-ninas-y-ninos-en-sonora-y-mexico-tengan-las-mismas-oportunidades\/#primaryimage\"},\"datePublished\":\"2021-02-18T07:47:29+00:00\",\"dateModified\":\"2021-02-18T07:47:29+00:00\",\"breadcrumb\":{\"@id\":\"https:\/\/soledaddurazo.com\/blog\/2021\/02\/18\/prioridad-que-ninas-y-ninos-en-sonora-y-mexico-tengan-las-mismas-oportunidades\/#breadcrumb\"},\"inLanguage\":\"es\",\"potentialAction\":[{\"@type\":\"ReadAction\",\"target\":[\"https:\/\/soledaddurazo.com\/blog\/2021\/02\/18\/prioridad-que-ninas-y-ninos-en-sonora-y-mexico-tengan-las-mismas-oportunidades\/\"]}]},{\"@type\":\"BreadcrumbList\",\"@id\":\"https:\/\/soledaddurazo.com\/blog\/2021\/02\/18\/prioridad-que-ninas-y-ninos-en-sonora-y-mexico-tengan-las-mismas-oportunidades\/#breadcrumb\",\"itemListElement\":[{\"@type\":\"ListItem\",\"position\":1,\"name\":\"Home\",\"item\":\"https:\/\/soledaddurazo.com\/\"},{\"@type\":\"ListItem\",\"position\":2,\"name\":\"Prioridad que ni\\u00f1as y ni\\u00f1os en Sonora y M\\u00e9xico tengan las mismas oportunidades\"}]},{\"@type\":\"Article\",\"@id\":\"https:\/\/soledaddurazo.com\/blog\/2021\/02\/18\/prioridad-que-ninas-y-ninos-en-sonora-y-mexico-tengan-las-mismas-oportunidades\/#article\",\"isPartOf\":{\"@id\":\"https:\/\/soledaddurazo.com\/blog\/2021\/02\/18\/prioridad-que-ninas-y-ninos-en-sonora-y-mexico-tengan-las-mismas-oportunidades\/#webpage\"},\"author\":{\"@id\":\"https:\/\/soledaddurazo.com\/#\/schema\/person\/822d8e13aa288585e6546f179853758b\"},\"headline\":\"Prioridad que ni\\u00f1as y ni\\u00f1os en Sonora y M\\u00e9xico tengan las mismas oportunidades\",\"datePublished\":\"2021-02-18T07:47:29+00:00\",\"dateModified\":\"2021-02-18T07:47:29+00:00\",\"mainEntityOfPage\":{\"@id\":\"https:\/\/soledaddurazo.com\/blog\/2021\/02\/18\/prioridad-que-ninas-y-ninos-en-sonora-y-mexico-tengan-las-mismas-oportunidades\/#webpage\"},\"wordCount\":431,\"commentCount\":0,\"publisher\":{\"@id\":\"https:\/\/soledaddurazo.com\/#organization\"},\"image\":{\"@id\":\"https:\/\/soledaddurazo.com\/blog\/2021\/02\/18\/prioridad-que-ninas-y-ninos-en-sonora-y-mexico-tengan-las-mismas-oportunidades\/#primaryimage\"},\"thumbnailUrl\":\"https:\/\/soledaddurazo.com\/storage\/2021\/02\/191709835.jpg\",\"articleSection\":[\"Mi Sonora\"],\"inLanguage\":\"es\",\"potentialAction\":[{\"@type\":\"CommentAction\",\"name\":\"Comment\",\"target\":[\"https:\/\/soledaddurazo.com\/blog\/2021\/02\/18\/prioridad-que-ninas-y-ninos-en-sonora-y-mexico-tengan-las-mismas-oportunidades\/#respond\"]}]},{\"@type\":\"Person\",\"@id\":\"https:\/\/soledaddurazo.com\/#\/schema\/person\/822d8e13aa288585e6546f179853758b\",\"name\":\"Redacci\\u00f3n\",\"image\":{\"@type\":\"ImageObject\",\"@id\":\"https:\/\/soledaddurazo.com\/#personlogo\",\"inLanguage\":\"es\",\"url\":\"https:\/\/secure.gravatar.com\/avatar\/c4e193752f756fd61f04deebed3a3a20dc188d37edb53682d313ac57f2725d54?s=96&d=mm&r=g\",\"contentUrl\":\"https:\/\/secure.gravatar.com\/avatar\/c4e193752f756fd61f04deebed3a3a20dc188d37edb53682d313ac57f2725d54?s=96&d=mm&r=g\",\"caption\":\"Redacci\\u00f3n\"},\"sameAs\":[\"https:\/\/soledaddurazo.com\"]}]}<\/script>\n ","yoast_head_json":{"title":"Prioridad que ni\u00f1as y ni\u00f1os en Sonora y M\u00e9xico tengan las mismas oportunidades - Periodista SoledadDurazo.com","robots":{"index":"index","follow":"follow","max-snippet":"max-snippet:-1","max-image-preview":"max-image-preview:large","max-video-preview":"max-video-preview:-1"},"canonical":"https:\/\/soledaddurazo.com\/blog\/2021\/02\/18\/prioridad-que-ninas-y-ninos-en-sonora-y-mexico-tengan-las-mismas-oportunidades\/","og_locale":"es_MX","og_type":"article","og_title":"Prioridad que ni\u00f1as y ni\u00f1os en Sonora y M\u00e9xico tengan las mismas oportunidades","og_description":"Para que ni\u00f1as y ni\u00f1os en Sonora y en M\u00e9xico tengan las mismas oportunidades, es necesario empezar a dar pasos hacia la eliminaci\u00f3n de la brecha tecnol\u00f3gica para que todos y todas tengan acceso a computadoras e Internet, asever\u00f3 la gobernadora\u00a0Claudia\u00a0Pavlovich Arellano al sostener una reuni\u00f3n virtual con Jos\u00e9 Nabor Cruz Marcelo, secretario ejecutivo del [&hellip;]","og_url":"https:\/\/soledaddurazo.com\/blog\/2021\/02\/18\/prioridad-que-ninas-y-ninos-en-sonora-y-mexico-tengan-las-mismas-oportunidades\/","og_site_name":"Periodista SoledadDurazo.com","article_publisher":"https:\/\/www.facebook.com\/soledad.durazo.9\/","article_published_time":"2021-02-18T07:47:29+00:00","og_image":[{"width":1280,"height":888,"url":"https:\/\/soledaddurazo.com\/storage\/2021\/02\/191709835.jpg","type":"image\/jpeg"}],"twitter_card":"summary_large_image","twitter_creator":"@SoledadDurazo","twitter_site":"@SoledadDurazo","twitter_misc":{"Escrito por":"Redacci\u00f3n","Tiempo de lectura":"2 minutos"},"schema":{"@context":"https:\/\/schema.org","@graph":[{"@type":"Organization","@id":"https:\/\/soledaddurazo.com\/#organization","name":"Soledad Durazo","url":"https:\/\/soledaddurazo.com\/","sameAs":["https:\/\/www.facebook.com\/soledad.durazo.9\/","https:\/\/www.instagram.com\/soledaddurazo","https:\/\/www.youtube.com\/channel\/UC9yGPw8-Vbl_B2XNkRwPS-w","https:\/\/twitter.com\/SoledadDurazo"],"logo":{"@type":"ImageObject","@id":"https:\/\/soledaddurazo.com\/#logo","inLanguage":"es","url":"https:\/\/soledaddurazo.com\/storage\/2021\/11\/nllp-720x375-1-2.png","contentUrl":"https:\/\/soledaddurazo.com\/storage\/2021\/11\/nllp-720x375-1-2.png","width":720,"height":375,"caption":"Soledad Durazo"},"image":{"@id":"https:\/\/soledaddurazo.com\/#logo"}},{"@type":"WebSite","@id":"https:\/\/soledaddurazo.com\/#website","url":"https:\/\/soledaddurazo.com\/","name":"Periodista SoledadDurazo.com","description":"Periodista sonorense. Directora de www.SoledadDurazo.com Columnista, conductora de radio y Tv. Catedr\u00e1tica en la UNISON","publisher":{"@id":"https:\/\/soledaddurazo.com\/#organization"},"potentialAction":[{"@type":"SearchAction","target":{"@type":"EntryPoint","urlTemplate":"https:\/\/soledaddurazo.com\/?s={search_term_string}"},"query-input":"required name=search_term_string"}],"inLanguage":"es"},{"@type":"ImageObject","@id":"https:\/\/soledaddurazo.com\/blog\/2021\/02\/18\/prioridad-que-ninas-y-ninos-en-sonora-y-mexico-tengan-las-mismas-oportunidades\/#primaryimage","inLanguage":"es","url":"https:\/\/soledaddurazo.com\/storage\/2021\/02\/191709835.jpg","contentUrl":"https:\/\/soledaddurazo.com\/storage\/2021\/02\/191709835.jpg","width":1280,"height":888},{"@type":"WebPage","@id":"https:\/\/soledaddurazo.com\/blog\/2021\/02\/18\/prioridad-que-ninas-y-ninos-en-sonora-y-mexico-tengan-las-mismas-oportunidades\/#webpage","url":"https:\/\/soledaddurazo.com\/blog\/2021\/02\/18\/prioridad-que-ninas-y-ninos-en-sonora-y-mexico-tengan-las-mismas-oportunidades\/","name":"Prioridad que ni\u00f1as y ni\u00f1os en Sonora y M\u00e9xico tengan las mismas oportunidades - Periodista SoledadDurazo.com","isPartOf":{"@id":"https:\/\/soledaddurazo.com\/#website"},"primaryImageOfPage":{"@id":"https:\/\/soledaddurazo.com\/blog\/2021\/02\/18\/prioridad-que-ninas-y-ninos-en-sonora-y-mexico-tengan-las-mismas-oportunidades\/#primaryimage"},"datePublished":"2021-02-18T07:47:29+00:00","dateModified":"2021-02-18T07:47:29+00:00","breadcrumb":{"@id":"https:\/\/soledaddurazo.com\/blog\/2021\/02\/18\/prioridad-que-ninas-y-ninos-en-sonora-y-mexico-tengan-las-mismas-oportunidades\/#breadcrumb"},"inLanguage":"es","potentialAction":[{"@type":"ReadAction","target":["https:\/\/soledaddurazo.com\/blog\/2021\/02\/18\/prioridad-que-ninas-y-ninos-en-sonora-y-mexico-tengan-las-mismas-oportunidades\/"]}]},{"@type":"BreadcrumbList","@id":"https:\/\/soledaddurazo.com\/blog\/2021\/02\/18\/prioridad-que-ninas-y-ninos-en-sonora-y-mexico-tengan-las-mismas-oportunidades\/#breadcrumb","itemListElement":[{"@type":"ListItem","position":1,"name":"Home","item":"https:\/\/soledaddurazo.com\/"},{"@type":"ListItem","position":2,"name":"Prioridad que ni\u00f1as y ni\u00f1os en Sonora y M\u00e9xico tengan las mismas oportunidades"}]},{"@type":"Article","@id":"https:\/\/soledaddurazo.com\/blog\/2021\/02\/18\/prioridad-que-ninas-y-ninos-en-sonora-y-mexico-tengan-las-mismas-oportunidades\/#article","isPartOf":{"@id":"https:\/\/soledaddurazo.com\/blog\/2021\/02\/18\/prioridad-que-ninas-y-ninos-en-sonora-y-mexico-tengan-las-mismas-oportunidades\/#webpage"},"author":{"@id":"https:\/\/soledaddurazo.com\/#\/schema\/person\/822d8e13aa288585e6546f179853758b"},"headline":"Prioridad que ni\u00f1as y ni\u00f1os en Sonora y M\u00e9xico tengan las mismas oportunidades","datePublished":"2021-02-18T07:47:29+00:00","dateModified":"2021-02-18T07:47:29+00:00","mainEntityOfPage":{"@id":"https:\/\/soledaddurazo.com\/blog\/2021\/02\/18\/prioridad-que-ninas-y-ninos-en-sonora-y-mexico-tengan-las-mismas-oportunidades\/#webpage"},"wordCount":431,"commentCount":0,"publisher":{"@id":"https:\/\/soledaddurazo.com\/#organization"},"image":{"@id":"https:\/\/soledaddurazo.com\/blog\/2021\/02\/18\/prioridad-que-ninas-y-ninos-en-sonora-y-mexico-tengan-las-mismas-oportunidades\/#primaryimage"},"thumbnailUrl":"https:\/\/soledaddurazo.com\/storage\/2021\/02\/191709835.jpg","articleSection":["Mi Sonora"],"inLanguage":"es","potentialAction":[{"@type":"CommentAction","name":"Comment","target":["https:\/\/soledaddurazo.com\/blog\/2021\/02\/18\/prioridad-que-ninas-y-ninos-en-sonora-y-mexico-tengan-las-mismas-oportunidades\/#respond"]}]},{"@type":"Person","@id":"https:\/\/soledaddurazo.com\/#\/schema\/person\/822d8e13aa288585e6546f179853758b","name":"Redacci\u00f3n","image":{"@type":"ImageObject","@id":"https:\/\/soledaddurazo.com\/#personlogo","inLanguage":"es","url":"https:\/\/secure.gravatar.com\/avatar\/c4e193752f756fd61f04deebed3a3a20dc188d37edb53682d313ac57f2725d54?s=96&d=mm&r=g","contentUrl":"https:\/\/secure.gravatar.com\/avatar\/c4e193752f756fd61f04deebed3a3a20dc188d37edb53682d313ac57f2725d54?s=96&d=mm&r=g","caption":"Redacci\u00f3n"},"sameAs":["https:\/\/soledaddurazo.com"]}]}},"_links":{"self":[{"href":"https:\/\/soledaddurazo.com\/api\/wp\/v2\/posts\/6283","targetHints":{"allow":["GET"]}}],"collection":[{"href":"https:\/\/soledaddurazo.com\/api\/wp\/v2\/posts"}],"about":[{"href":"https:\/\/soledaddurazo.com\/api\/wp\/v2\/types\/post"}],"author":[{"embeddable":true,"href":"https:\/\/soledaddurazo.com\/api\/wp\/v2\/users\/1"}],"replies":[{"embeddable":true,"href":"https:\/\/soledaddurazo.com\/api\/wp\/v2\/comments?post=6283"}],"version-history":[{"count":1,"href":"https:\/\/soledaddurazo.com\/api\/wp\/v2\/posts\/6283\/revisions"}],"predecessor-version":[{"id":6285,"href":"https:\/\/soledaddurazo.com\/api\/wp\/v2\/posts\/6283\/revisions\/6285"}],"wp:featuredmedia":[{"embeddable":true,"href":"https:\/\/soledaddurazo.com\/api\/wp\/v2\/media\/6284"}],"wp:attachment":[{"href":"https:\/\/soledaddurazo.com\/api\/wp\/v2\/media?parent=6283"}],"wp:term":[{"taxonomy":"category","embeddable":true,"href":"https:\/\/soledaddurazo.com\/api\/wp\/v2\/categories?post=6283"},{"taxonomy":"post_tag","embeddable":true,"href":"https:\/\/soledaddurazo.com\/api\/wp\/v2\/tags?post=6283"}],"curies":[{"name":"wp","href":"https:\/\/api.w.org\/{rel}","templated":true}]}}