{"id":6257,"date":"2021-02-16T23:00:36","date_gmt":"2021-02-17T06:00:36","guid":{"rendered":"https:\/\/soledaddurazo.com\/?p=6257"},"modified":"2021-02-16T23:00:36","modified_gmt":"2021-02-17T06:00:36","slug":"la-vacuna-contra-el-covid-19-en-adultos-mayores-es-una-nueva-esperanza-para-todos","status":"publish","type":"post","link":"https:\/\/soledaddurazo.com\/blog\/2021\/02\/16\/la-vacuna-contra-el-covid-19-en-adultos-mayores-es-una-nueva-esperanza-para-todos\/","title":{"rendered":"La vacuna contra el COVID-19 en adultos mayores es una nueva esperanza para todos,"},"content":{"rendered":"<p>La vacuna contra el COVID-19 en adultos mayores en Sonora contin\u00faa y es una nueva esperanza para todos, asegur\u00f3 la gobernadora Claudia Pavlovich Arellano al supervisar en Estaci\u00f3n Pesqueira, comisar\u00eda de San Miguel de Horcasitas, la aplicaci\u00f3n de la vacuna a 796 personas de m\u00e1s de 60 a\u00f1os que recibir\u00e1n su primera dosis.<\/p>\n<p>Acompa\u00f1ada del presidente municipal Joaqu\u00edn Mungu\u00eda Coronado, la mandataria estatal arrib\u00f3 al Centro de Salud Rural, donde se est\u00e1 llevando a cabo la aplicaci\u00f3n de las 796 dosis para adultos mayores de esta localidad.<\/p>\n<p>La gobernadora Pavlovich record\u00f3 que desde este lunes se est\u00e1n aplicando las primeras 20 mil 620 dosis de la vacuna de AstraZeneca para adultos mayores en 52 localidades de los 45 municipios con menor poblaci\u00f3n de Sonora.<\/p>\n<p>\u201cEstoy contenta de que reciban esta vacuna en Estaci\u00f3n Pesqueira, es una comunidad a la que yo aprecio mucho; lo importante es que ya van a ser vacunados, es la primera dosis, recu\u00e9rdenlo, falta la segunda dosis que ustedes van a tener\u201d, coment\u00f3.<\/p>\n<p>La mandataria estatal agradeci\u00f3 a enfermeras y m\u00e9dicos de este Centro de Salud Rural y de toda la entidad, su dedicaci\u00f3n y esfuerzo, porque han sido los h\u00e9roes en esta batalla contra el COVID-19; tambi\u00e9n al delegado del IMSS en Sonora, Edgar Jes\u00fas Zitle Garc\u00eda, y al comandante de la Cuarta Zona Militar, general Jorge Ambia Minero, por estar al pendiente y custodiando que las vacunas lleguen a todas las regiones de la entidad.<\/p>\n<p>Junto a Jos\u00e9 Ricardo Espinoza Castro, subsecretario M\u00e9dico de la Secretar\u00eda de Salud, la gobernadora Pavlovich, pidi\u00f3 a los adultos mayores estar atentos y acudir al Centro de Salud si presentan alg\u00fan s\u00edntoma antes o alguna reacci\u00f3n fuerte despu\u00e9s de recibir su vacuna, para que sean atendidos a la brevedad y llam\u00f3 a seguir cuid\u00e1ndose aun cuando ya hayan recibido la vacuna contra COVID-19.<\/p>\n<p>Como parte de esta gira de trabajo, la gobernadora Claudia Pavlovich entreg\u00f3, acompa\u00f1ada de Yazmina Anaya Camargo, directora general del Instituto de Becas y Cr\u00e9dito Educativo, 702 becas y est\u00edmulos educativos, a estudiantes de primaria y secundaria del municipio; adem\u00e1s, 60 becas de capacitaci\u00f3n para el trabajo por parte del Instituto de Capacitaci\u00f3n para el Trabajo del Estado de Sonora (Icatson).<\/p>\n<p>Por parte de DIF Sonora, entreg\u00f3 200 cobijas para mitigar el fr\u00edo, y sillas de ruedas para personas que las requieran.<\/p>\n<p>0221102 P\u00e1g. 2<br \/>\nA nombre de los estudiantes que recibieron su beca o est\u00edmulo educativo, Dulce Fernanda, estudiante de la Telesecundaria 61 de San Miguel de Horcasitas, agradeci\u00f3 a la gobernadora por este est\u00edmulo econ\u00f3mico.<\/p>\n<p>\u201cQuiero agradecer el apoyo que nos ha dado la gobernadora Claudia Pavlovich con las becas que nos ayudan a salir adelante, que es importante para todas las familias de nuestro estado, muchas gracias\u201d, expres\u00f3.<\/p>\n","protected":false},"excerpt":{"rendered":"<p>La vacuna contra el COVID-19 en adultos mayores en Sonora contin\u00faa y es una nueva esperanza para todos, asegur\u00f3 la gobernadora Claudia Pavlovich Arellano al supervisar en Estaci\u00f3n Pesqueira, comisar\u00eda de San Miguel de Horcasitas, la aplicaci\u00f3n de la vacuna a 796 personas de m\u00e1s de 60 a\u00f1os que recibir\u00e1n su primera dosis. Acompa\u00f1ada del [&hellip;]<\/p>\n","protected":false},"author":1,"featured_media":6259,"comment_status":"open","ping_status":"open","sticky":false,"template":"","format":"standard","meta":{"footnotes":""},"categories":[159],"tags":[],"class_list":["post"],"yoast_head":" \n<title>La vacuna contra el COVID-19 en adultos mayores es una nueva esperanza para todos, - Periodista SoledadDurazo.com<\/title>\n<meta name=\"robots\" content=\"index, follow, max-snippet:-1, max-image-preview:large, max-video-preview:-1\" \/>\n<link rel=\"canonical\" href=\"https:\/\/soledaddurazo.com\/blog\/2021\/02\/16\/la-vacuna-contra-el-covid-19-en-adultos-mayores-es-una-nueva-esperanza-para-todos\/\" \/>\n<meta property=\"og:locale\" content=\"es_MX\" \/>\n<meta property=\"og:type\" content=\"article\" \/>\n<meta property=\"og:title\" content=\"La vacuna contra el COVID-19 en adultos mayores es una nueva esperanza para todos,\" \/>\n<meta property=\"og:description\" content=\"La vacuna contra el COVID-19 en adultos mayores en Sonora contin\u00faa y es una nueva esperanza para todos, asegur\u00f3 la gobernadora Claudia Pavlovich Arellano al supervisar en Estaci\u00f3n Pesqueira, comisar\u00eda de San Miguel de Horcasitas, la aplicaci\u00f3n de la vacuna a 796 personas de m\u00e1s de 60 a\u00f1os que recibir\u00e1n su primera dosis. Acompa\u00f1ada del [&hellip;]\" \/>\n<meta property=\"og:url\" content=\"https:\/\/soledaddurazo.com\/blog\/2021\/02\/16\/la-vacuna-contra-el-covid-19-en-adultos-mayores-es-una-nueva-esperanza-para-todos\/\" \/>\n<meta property=\"og:site_name\" content=\"Periodista SoledadDurazo.com\" \/>\n<meta property=\"article:publisher\" content=\"https:\/\/www.facebook.com\/soledad.durazo.9\/\" \/>\n<meta property=\"article:published_time\" content=\"2021-02-17T06:00:36+00:00\" \/>\n<meta property=\"og:image\" content=\"https:\/\/soledaddurazo.com\/storage\/2021\/02\/3349261.jpg\" \/>\n\t<meta property=\"og:image:width\" content=\"600\" \/>\n\t<meta property=\"og:image:height\" content=\"375\" \/>\n<meta name=\"twitter:card\" content=\"summary_large_image\" \/>\n<meta name=\"twitter:creator\" content=\"@SoledadDurazo\" \/>\n<meta name=\"twitter:site\" content=\"@SoledadDurazo\" \/>\n<meta name=\"twitter:label1\" content=\"Escrito por\" \/>\n\t<meta name=\"twitter:data1\" content=\"Redacci\u00f3n\" \/>\n\t<meta name=\"twitter:label2\" content=\"Tiempo de lectura\" \/>\n\t<meta name=\"twitter:data2\" content=\"2 minutos\" \/>\n<script type=\"application\/ld+json\" class=\"yoast-schema-graph\">{\"@context\":\"https:\/\/schema.org\",\"@graph\":[{\"@type\":\"Organization\",\"@id\":\"https:\/\/soledaddurazo.com\/#organization\",\"name\":\"Soledad Durazo\",\"url\":\"https:\/\/soledaddurazo.com\/\",\"sameAs\":[\"https:\/\/www.facebook.com\/soledad.durazo.9\/\",\"https:\/\/www.instagram.com\/soledaddurazo\",\"https:\/\/www.youtube.com\/channel\/UC9yGPw8-Vbl_B2XNkRwPS-w\",\"https:\/\/twitter.com\/SoledadDurazo\"],\"logo\":{\"@type\":\"ImageObject\",\"@id\":\"https:\/\/soledaddurazo.com\/#logo\",\"inLanguage\":\"es\",\"url\":\"https:\/\/soledaddurazo.com\/storage\/2021\/11\/nllp-720x375-1-2.png\",\"contentUrl\":\"https:\/\/soledaddurazo.com\/storage\/2021\/11\/nllp-720x375-1-2.png\",\"width\":720,\"height\":375,\"caption\":\"Soledad Durazo\"},\"image\":{\"@id\":\"https:\/\/soledaddurazo.com\/#logo\"}},{\"@type\":\"WebSite\",\"@id\":\"https:\/\/soledaddurazo.com\/#website\",\"url\":\"https:\/\/soledaddurazo.com\/\",\"name\":\"Periodista SoledadDurazo.com\",\"description\":\"Periodista sonorense. Directora de www.SoledadDurazo.com Columnista, conductora de radio y Tv. Catedr\\u00e1tica en la UNISON\",\"publisher\":{\"@id\":\"https:\/\/soledaddurazo.com\/#organization\"},\"potentialAction\":[{\"@type\":\"SearchAction\",\"target\":{\"@type\":\"EntryPoint\",\"urlTemplate\":\"https:\/\/soledaddurazo.com\/?s={search_term_string}\"},\"query-input\":\"required name=search_term_string\"}],\"inLanguage\":\"es\"},{\"@type\":\"ImageObject\",\"@id\":\"https:\/\/soledaddurazo.com\/blog\/2021\/02\/16\/la-vacuna-contra-el-covid-19-en-adultos-mayores-es-una-nueva-esperanza-para-todos\/#primaryimage\",\"inLanguage\":\"es\",\"url\":\"https:\/\/soledaddurazo.com\/storage\/2021\/02\/3349261.jpg\",\"contentUrl\":\"https:\/\/soledaddurazo.com\/storage\/2021\/02\/3349261.jpg\",\"width\":600,\"height\":375},{\"@type\":\"WebPage\",\"@id\":\"https:\/\/soledaddurazo.com\/blog\/2021\/02\/16\/la-vacuna-contra-el-covid-19-en-adultos-mayores-es-una-nueva-esperanza-para-todos\/#webpage\",\"url\":\"https:\/\/soledaddurazo.com\/blog\/2021\/02\/16\/la-vacuna-contra-el-covid-19-en-adultos-mayores-es-una-nueva-esperanza-para-todos\/\",\"name\":\"La vacuna contra el COVID-19 en adultos mayores es una nueva esperanza para todos, - Periodista SoledadDurazo.com\",\"isPartOf\":{\"@id\":\"https:\/\/soledaddurazo.com\/#website\"},\"primaryImageOfPage\":{\"@id\":\"https:\/\/soledaddurazo.com\/blog\/2021\/02\/16\/la-vacuna-contra-el-covid-19-en-adultos-mayores-es-una-nueva-esperanza-para-todos\/#primaryimage\"},\"datePublished\":\"2021-02-17T06:00:36+00:00\",\"dateModified\":\"2021-02-17T06:00:36+00:00\",\"breadcrumb\":{\"@id\":\"https:\/\/soledaddurazo.com\/blog\/2021\/02\/16\/la-vacuna-contra-el-covid-19-en-adultos-mayores-es-una-nueva-esperanza-para-todos\/#breadcrumb\"},\"inLanguage\":\"es\",\"potentialAction\":[{\"@type\":\"ReadAction\",\"target\":[\"https:\/\/soledaddurazo.com\/blog\/2021\/02\/16\/la-vacuna-contra-el-covid-19-en-adultos-mayores-es-una-nueva-esperanza-para-todos\/\"]}]},{\"@type\":\"BreadcrumbList\",\"@id\":\"https:\/\/soledaddurazo.com\/blog\/2021\/02\/16\/la-vacuna-contra-el-covid-19-en-adultos-mayores-es-una-nueva-esperanza-para-todos\/#breadcrumb\",\"itemListElement\":[{\"@type\":\"ListItem\",\"position\":1,\"name\":\"Home\",\"item\":\"https:\/\/soledaddurazo.com\/\"},{\"@type\":\"ListItem\",\"position\":2,\"name\":\"La vacuna contra el COVID-19 en adultos mayores es una nueva esperanza para todos,\"}]},{\"@type\":\"Article\",\"@id\":\"https:\/\/soledaddurazo.com\/blog\/2021\/02\/16\/la-vacuna-contra-el-covid-19-en-adultos-mayores-es-una-nueva-esperanza-para-todos\/#article\",\"isPartOf\":{\"@id\":\"https:\/\/soledaddurazo.com\/blog\/2021\/02\/16\/la-vacuna-contra-el-covid-19-en-adultos-mayores-es-una-nueva-esperanza-para-todos\/#webpage\"},\"author\":{\"@id\":\"https:\/\/soledaddurazo.com\/#\/schema\/person\/822d8e13aa288585e6546f179853758b\"},\"headline\":\"La vacuna contra el COVID-19 en adultos mayores es una nueva esperanza para todos,\",\"datePublished\":\"2021-02-17T06:00:36+00:00\",\"dateModified\":\"2021-02-17T06:00:36+00:00\",\"mainEntityOfPage\":{\"@id\":\"https:\/\/soledaddurazo.com\/blog\/2021\/02\/16\/la-vacuna-contra-el-covid-19-en-adultos-mayores-es-una-nueva-esperanza-para-todos\/#webpage\"},\"wordCount\":496,\"commentCount\":0,\"publisher\":{\"@id\":\"https:\/\/soledaddurazo.com\/#organization\"},\"image\":{\"@id\":\"https:\/\/soledaddurazo.com\/blog\/2021\/02\/16\/la-vacuna-contra-el-covid-19-en-adultos-mayores-es-una-nueva-esperanza-para-todos\/#primaryimage\"},\"thumbnailUrl\":\"https:\/\/soledaddurazo.com\/storage\/2021\/02\/3349261.jpg\",\"articleSection\":[\"Mi Sonora\"],\"inLanguage\":\"es\",\"potentialAction\":[{\"@type\":\"CommentAction\",\"name\":\"Comment\",\"target\":[\"https:\/\/soledaddurazo.com\/blog\/2021\/02\/16\/la-vacuna-contra-el-covid-19-en-adultos-mayores-es-una-nueva-esperanza-para-todos\/#respond\"]}]},{\"@type\":\"Person\",\"@id\":\"https:\/\/soledaddurazo.com\/#\/schema\/person\/822d8e13aa288585e6546f179853758b\",\"name\":\"Redacci\\u00f3n\",\"image\":{\"@type\":\"ImageObject\",\"@id\":\"https:\/\/soledaddurazo.com\/#personlogo\",\"inLanguage\":\"es\",\"url\":\"https:\/\/secure.gravatar.com\/avatar\/c4e193752f756fd61f04deebed3a3a20dc188d37edb53682d313ac57f2725d54?s=96&d=mm&r=g\",\"contentUrl\":\"https:\/\/secure.gravatar.com\/avatar\/c4e193752f756fd61f04deebed3a3a20dc188d37edb53682d313ac57f2725d54?s=96&d=mm&r=g\",\"caption\":\"Redacci\\u00f3n\"},\"sameAs\":[\"https:\/\/soledaddurazo.com\"]}]}<\/script>\n ","yoast_head_json":{"title":"La vacuna contra el COVID-19 en adultos mayores es una nueva esperanza para todos, - Periodista SoledadDurazo.com","robots":{"index":"index","follow":"follow","max-snippet":"max-snippet:-1","max-image-preview":"max-image-preview:large","max-video-preview":"max-video-preview:-1"},"canonical":"https:\/\/soledaddurazo.com\/blog\/2021\/02\/16\/la-vacuna-contra-el-covid-19-en-adultos-mayores-es-una-nueva-esperanza-para-todos\/","og_locale":"es_MX","og_type":"article","og_title":"La vacuna contra el COVID-19 en adultos mayores es una nueva esperanza para todos,","og_description":"La vacuna contra el COVID-19 en adultos mayores en Sonora contin\u00faa y es una nueva esperanza para todos, asegur\u00f3 la gobernadora Claudia Pavlovich Arellano al supervisar en Estaci\u00f3n Pesqueira, comisar\u00eda de San Miguel de Horcasitas, la aplicaci\u00f3n de la vacuna a 796 personas de m\u00e1s de 60 a\u00f1os que recibir\u00e1n su primera dosis. Acompa\u00f1ada del [&hellip;]","og_url":"https:\/\/soledaddurazo.com\/blog\/2021\/02\/16\/la-vacuna-contra-el-covid-19-en-adultos-mayores-es-una-nueva-esperanza-para-todos\/","og_site_name":"Periodista SoledadDurazo.com","article_publisher":"https:\/\/www.facebook.com\/soledad.durazo.9\/","article_published_time":"2021-02-17T06:00:36+00:00","og_image":[{"width":600,"height":375,"url":"https:\/\/soledaddurazo.com\/storage\/2021\/02\/3349261.jpg","type":"image\/jpeg"}],"twitter_card":"summary_large_image","twitter_creator":"@SoledadDurazo","twitter_site":"@SoledadDurazo","twitter_misc":{"Escrito por":"Redacci\u00f3n","Tiempo de lectura":"2 minutos"},"schema":{"@context":"https:\/\/schema.org","@graph":[{"@type":"Organization","@id":"https:\/\/soledaddurazo.com\/#organization","name":"Soledad Durazo","url":"https:\/\/soledaddurazo.com\/","sameAs":["https:\/\/www.facebook.com\/soledad.durazo.9\/","https:\/\/www.instagram.com\/soledaddurazo","https:\/\/www.youtube.com\/channel\/UC9yGPw8-Vbl_B2XNkRwPS-w","https:\/\/twitter.com\/SoledadDurazo"],"logo":{"@type":"ImageObject","@id":"https:\/\/soledaddurazo.com\/#logo","inLanguage":"es","url":"https:\/\/soledaddurazo.com\/storage\/2021\/11\/nllp-720x375-1-2.png","contentUrl":"https:\/\/soledaddurazo.com\/storage\/2021\/11\/nllp-720x375-1-2.png","width":720,"height":375,"caption":"Soledad Durazo"},"image":{"@id":"https:\/\/soledaddurazo.com\/#logo"}},{"@type":"WebSite","@id":"https:\/\/soledaddurazo.com\/#website","url":"https:\/\/soledaddurazo.com\/","name":"Periodista SoledadDurazo.com","description":"Periodista sonorense. Directora de www.SoledadDurazo.com Columnista, conductora de radio y Tv. Catedr\u00e1tica en la UNISON","publisher":{"@id":"https:\/\/soledaddurazo.com\/#organization"},"potentialAction":[{"@type":"SearchAction","target":{"@type":"EntryPoint","urlTemplate":"https:\/\/soledaddurazo.com\/?s={search_term_string}"},"query-input":"required name=search_term_string"}],"inLanguage":"es"},{"@type":"ImageObject","@id":"https:\/\/soledaddurazo.com\/blog\/2021\/02\/16\/la-vacuna-contra-el-covid-19-en-adultos-mayores-es-una-nueva-esperanza-para-todos\/#primaryimage","inLanguage":"es","url":"https:\/\/soledaddurazo.com\/storage\/2021\/02\/3349261.jpg","contentUrl":"https:\/\/soledaddurazo.com\/storage\/2021\/02\/3349261.jpg","width":600,"height":375},{"@type":"WebPage","@id":"https:\/\/soledaddurazo.com\/blog\/2021\/02\/16\/la-vacuna-contra-el-covid-19-en-adultos-mayores-es-una-nueva-esperanza-para-todos\/#webpage","url":"https:\/\/soledaddurazo.com\/blog\/2021\/02\/16\/la-vacuna-contra-el-covid-19-en-adultos-mayores-es-una-nueva-esperanza-para-todos\/","name":"La vacuna contra el COVID-19 en adultos mayores es una nueva esperanza para todos, - Periodista SoledadDurazo.com","isPartOf":{"@id":"https:\/\/soledaddurazo.com\/#website"},"primaryImageOfPage":{"@id":"https:\/\/soledaddurazo.com\/blog\/2021\/02\/16\/la-vacuna-contra-el-covid-19-en-adultos-mayores-es-una-nueva-esperanza-para-todos\/#primaryimage"},"datePublished":"2021-02-17T06:00:36+00:00","dateModified":"2021-02-17T06:00:36+00:00","breadcrumb":{"@id":"https:\/\/soledaddurazo.com\/blog\/2021\/02\/16\/la-vacuna-contra-el-covid-19-en-adultos-mayores-es-una-nueva-esperanza-para-todos\/#breadcrumb"},"inLanguage":"es","potentialAction":[{"@type":"ReadAction","target":["https:\/\/soledaddurazo.com\/blog\/2021\/02\/16\/la-vacuna-contra-el-covid-19-en-adultos-mayores-es-una-nueva-esperanza-para-todos\/"]}]},{"@type":"BreadcrumbList","@id":"https:\/\/soledaddurazo.com\/blog\/2021\/02\/16\/la-vacuna-contra-el-covid-19-en-adultos-mayores-es-una-nueva-esperanza-para-todos\/#breadcrumb","itemListElement":[{"@type":"ListItem","position":1,"name":"Home","item":"https:\/\/soledaddurazo.com\/"},{"@type":"ListItem","position":2,"name":"La vacuna contra el COVID-19 en adultos mayores es una nueva esperanza para todos,"}]},{"@type":"Article","@id":"https:\/\/soledaddurazo.com\/blog\/2021\/02\/16\/la-vacuna-contra-el-covid-19-en-adultos-mayores-es-una-nueva-esperanza-para-todos\/#article","isPartOf":{"@id":"https:\/\/soledaddurazo.com\/blog\/2021\/02\/16\/la-vacuna-contra-el-covid-19-en-adultos-mayores-es-una-nueva-esperanza-para-todos\/#webpage"},"author":{"@id":"https:\/\/soledaddurazo.com\/#\/schema\/person\/822d8e13aa288585e6546f179853758b"},"headline":"La vacuna contra el COVID-19 en adultos mayores es una nueva esperanza para todos,","datePublished":"2021-02-17T06:00:36+00:00","dateModified":"2021-02-17T06:00:36+00:00","mainEntityOfPage":{"@id":"https:\/\/soledaddurazo.com\/blog\/2021\/02\/16\/la-vacuna-contra-el-covid-19-en-adultos-mayores-es-una-nueva-esperanza-para-todos\/#webpage"},"wordCount":496,"commentCount":0,"publisher":{"@id":"https:\/\/soledaddurazo.com\/#organization"},"image":{"@id":"https:\/\/soledaddurazo.com\/blog\/2021\/02\/16\/la-vacuna-contra-el-covid-19-en-adultos-mayores-es-una-nueva-esperanza-para-todos\/#primaryimage"},"thumbnailUrl":"https:\/\/soledaddurazo.com\/storage\/2021\/02\/3349261.jpg","articleSection":["Mi Sonora"],"inLanguage":"es","potentialAction":[{"@type":"CommentAction","name":"Comment","target":["https:\/\/soledaddurazo.com\/blog\/2021\/02\/16\/la-vacuna-contra-el-covid-19-en-adultos-mayores-es-una-nueva-esperanza-para-todos\/#respond"]}]},{"@type":"Person","@id":"https:\/\/soledaddurazo.com\/#\/schema\/person\/822d8e13aa288585e6546f179853758b","name":"Redacci\u00f3n","image":{"@type":"ImageObject","@id":"https:\/\/soledaddurazo.com\/#personlogo","inLanguage":"es","url":"https:\/\/secure.gravatar.com\/avatar\/c4e193752f756fd61f04deebed3a3a20dc188d37edb53682d313ac57f2725d54?s=96&d=mm&r=g","contentUrl":"https:\/\/secure.gravatar.com\/avatar\/c4e193752f756fd61f04deebed3a3a20dc188d37edb53682d313ac57f2725d54?s=96&d=mm&r=g","caption":"Redacci\u00f3n"},"sameAs":["https:\/\/soledaddurazo.com"]}]}},"_links":{"self":[{"href":"https:\/\/soledaddurazo.com\/api\/wp\/v2\/posts\/6257","targetHints":{"allow":["GET"]}}],"collection":[{"href":"https:\/\/soledaddurazo.com\/api\/wp\/v2\/posts"}],"about":[{"href":"https:\/\/soledaddurazo.com\/api\/wp\/v2\/types\/post"}],"author":[{"embeddable":true,"href":"https:\/\/soledaddurazo.com\/api\/wp\/v2\/users\/1"}],"replies":[{"embeddable":true,"href":"https:\/\/soledaddurazo.com\/api\/wp\/v2\/comments?post=6257"}],"version-history":[{"count":1,"href":"https:\/\/soledaddurazo.com\/api\/wp\/v2\/posts\/6257\/revisions"}],"predecessor-version":[{"id":6260,"href":"https:\/\/soledaddurazo.com\/api\/wp\/v2\/posts\/6257\/revisions\/6260"}],"wp:featuredmedia":[{"embeddable":true,"href":"https:\/\/soledaddurazo.com\/api\/wp\/v2\/media\/6259"}],"wp:attachment":[{"href":"https:\/\/soledaddurazo.com\/api\/wp\/v2\/media?parent=6257"}],"wp:term":[{"taxonomy":"category","embeddable":true,"href":"https:\/\/soledaddurazo.com\/api\/wp\/v2\/categories?post=6257"},{"taxonomy":"post_tag","embeddable":true,"href":"https:\/\/soledaddurazo.com\/api\/wp\/v2\/tags?post=6257"}],"curies":[{"name":"wp","href":"https:\/\/api.w.org\/{rel}","templated":true}]}}