{"id":6111,"date":"2021-02-10T22:25:40","date_gmt":"2021-02-11T05:25:40","guid":{"rendered":"https:\/\/soledaddurazo.com\/?p=6111"},"modified":"2021-02-10T22:25:40","modified_gmt":"2021-02-11T05:25:40","slug":"el-sorpresivo-registro-de-wendy-a-la-alcaldia-de-hermosillo","status":"publish","type":"post","link":"https:\/\/soledaddurazo.com\/blog\/2021\/02\/10\/el-sorpresivo-registro-de-wendy-a-la-alcaldia-de-hermosillo\/","title":{"rendered":"El \u00bfsorpresivo? registro de Wendy a la alcald\u00eda de Hermosillo\u00a0"},"content":{"rendered":"<p>Ayer por la ma\u00f1ana el periodista Jes\u00fas Ru\u00edz G\u00e1mez dio a conocer que siempre s\u00ed, la diputada federal Wendy Brise\u00f1o hab\u00eda registrado su aspiraci\u00f3n a contender por la candidatura de Morena a la alcald\u00eda de Hermosillo.<\/p>\n<p>Una contienda interna, por cierto, muy interesante en el sentido que son cuatro mujeres quienes estar\u00e1n compitiendo: Wendy Brise\u00f1o, Reyna Castro, C\u00e9lida L\u00f3pez y Diana Platt.<\/p>\n<p>Volviendo pues al hasta cierto punto sorpresivo el anuncio en el sentido que la convocatoria se cerr\u00f3 el domingo y fue hasta ayer al medio d\u00eda que la propia diputada \u201ccolg\u00f3\u201d en sus redes el mensaje video grabado en el que daba a conocer el hecho.<\/p>\n<p>De entrada fue sorpresivo porque se supon\u00eda que ya la alcaldesa C\u00e9lida L\u00f3pez iba pr\u00e1cticamente sola a cubrir el requisito de la contienda interna, pero no.<\/p>\n<p>Conociendo la cercan\u00eda de Brise\u00f1o con el candidato Alfonso Durazo y siendo en esta como en todas las elecciones y en Morena como en todos los partidos, que el candidato es el que lleva el principal poder de decisi\u00f3n, se antoja muy dif\u00edcil que Wendy se haya lanzado sola sin antes tener \u201cla autorizaci\u00f3n\u201d de Durazo. Es el juego de la pol\u00edtica y sucede con todas las y los aspirantes que deben acudir a la venia \u201cdel C\u00e1ndido\u201d para dar el siguiente paso; no hacerlo es de entrada, llegar sin cobijo.<\/p>\n<p>Ayer se lo pregunt\u00e9 directamente a Wendy mientras grab\u00e1bamos el programa A Fondo en el que participo junto con Jes\u00fas Moreno invitados por Luis Alberto Medina los mi\u00e9rcoles en Megacanal.<\/p>\n<p>Le hice ver a la diputada que entre las especulaciones que se hacen es que se fue por la libre sin tomarle el parecer a Durazo. Ella me contest\u00f3 y con justa raz\u00f3n, que se van a decir muchas m\u00e1s cosas.<\/p>\n<p>Insist\u00ed e hice de manera directa la pregunta: \u00bfLe dijiste?<\/p>\n<p>Y me respondi\u00f3 que su aspiraci\u00f3n es conocida y no es sorpresa.<\/p>\n<p>Nuevamente le pregunt\u00e9: \u00bfLe dijiste?<\/p>\n<p>Y en su respuesta a su vez me pregunto si estaba yo d\u00e1ndome cuenta de lo que le estaba interrogando y lo que entra\u00f1aba mi pregunta; me mando un abrazo con afecto mismo que agradezco y correspondo.<\/p>\n<p>Es muy dif\u00edcil pues que se haya ido por la libre y luego entonces \u00bfNo se supon\u00eda que ya Alfonso Durazo hab\u00eda respaldado la aspiraci\u00f3n de la alcaldesa C\u00e9lida L\u00f3pez y que ya hab\u00eda planchado su candidatura?<\/p>\n<p>Claro, se puede argumentar que eso no pasa en Morena, pero s\u00ed pasa. Es el mismo librito el que se usa.<\/p>\n<p>No deja de llamar la atenci\u00f3n que el registro se cerr\u00f3 el domingo y fue hasta ayer mi\u00e9rcoles alrededor de las 3 de la tarde que la diputada Brise\u00f1o lo dio a conocer \u00bfQu\u00e9 se habr\u00e1 discutido, analizado o acordado en ese lapso?<\/p>\n<p>Se pondr\u00e1 muy din\u00e1mica la contienda y despu\u00e9s del resultado y con \u00e9l la definici\u00f3n de la candidatura, se ocupar\u00e1 de mucho oficio pol\u00edtico para la operaci\u00f3n cicatriz. La contienda estar\u00e1 entre C\u00e9lida y Wendy.<\/p>\n<p>Si a n\u00fameros vamos las mediciones que se han hecho colocan a la alcaldesa en primer lugar de preferencias, pero no se sabe en Morena a la hora de la hora c\u00f3mo se vaya a decidir&#8230;en su momento Ricardo Monreal sal\u00eda mejor posicionado que Claudia Sheinbaum y se dijo de un resultado y de un m\u00e9todo cuyos detalles nunca se conocieron y hoy ella es quien est\u00e1 al frente de CDMX&#8230;<\/p>\n<p>&nbsp;<\/p>\n<p>Ojal\u00e1 sigamos coincidiendo\u00a0en\u00a0<a href=\"https:\/\/www.soledaddurazo.com\/\">www.SoledadDurazo.com<\/a>\u00a0@SoledadDurazo\u00a0FB\/SoledadDurazo IG: soledaddurazo YT: SoledadDurazo<\/p>\n","protected":false},"excerpt":{"rendered":"<p>Ayer por la ma\u00f1ana el periodista Jes\u00fas Ru\u00edz G\u00e1mez dio a conocer que siempre s\u00ed, la diputada federal Wendy Brise\u00f1o hab\u00eda registrado su aspiraci\u00f3n a contender por la candidatura de Morena a la alcald\u00eda de Hermosillo. Una contienda interna, por cierto, muy interesante en el sentido que son cuatro mujeres quienes estar\u00e1n compitiendo: Wendy Brise\u00f1o, [&hellip;]<\/p>\n","protected":false},"author":1,"featured_media":5534,"comment_status":"open","ping_status":"open","sticky":false,"template":"","format":"standard","meta":{"footnotes":""},"categories":[162],"tags":[],"class_list":["post"],"yoast_head":" \n<title>El \u00bfsorpresivo? registro de Wendy a la alcald\u00eda de Hermosillo\u00a0 - Periodista SoledadDurazo.com<\/title>\n<meta name=\"robots\" content=\"index, follow, max-snippet:-1, max-image-preview:large, max-video-preview:-1\" \/>\n<link rel=\"canonical\" href=\"https:\/\/soledaddurazo.com\/blog\/2021\/02\/10\/el-sorpresivo-registro-de-wendy-a-la-alcaldia-de-hermosillo\/\" \/>\n<meta property=\"og:locale\" content=\"es_MX\" \/>\n<meta property=\"og:type\" content=\"article\" \/>\n<meta property=\"og:title\" content=\"El \u00bfsorpresivo? registro de Wendy a la alcald\u00eda de Hermosillo\u00a0\" \/>\n<meta property=\"og:description\" content=\"Ayer por la ma\u00f1ana el periodista Jes\u00fas Ru\u00edz G\u00e1mez dio a conocer que siempre s\u00ed, la diputada federal Wendy Brise\u00f1o hab\u00eda registrado su aspiraci\u00f3n a contender por la candidatura de Morena a la alcald\u00eda de Hermosillo. Una contienda interna, por cierto, muy interesante en el sentido que son cuatro mujeres quienes estar\u00e1n compitiendo: Wendy Brise\u00f1o, [&hellip;]\" \/>\n<meta property=\"og:url\" content=\"https:\/\/soledaddurazo.com\/blog\/2021\/02\/10\/el-sorpresivo-registro-de-wendy-a-la-alcaldia-de-hermosillo\/\" \/>\n<meta property=\"og:site_name\" content=\"Periodista SoledadDurazo.com\" \/>\n<meta property=\"article:publisher\" content=\"https:\/\/www.facebook.com\/soledad.durazo.9\/\" \/>\n<meta property=\"article:published_time\" content=\"2021-02-11T05:25:40+00:00\" \/>\n<meta property=\"og:image\" content=\"https:\/\/soledaddurazo.com\/storage\/2021\/01\/nllp-720x375-1-2.png\" \/>\n\t<meta property=\"og:image:width\" content=\"720\" \/>\n\t<meta property=\"og:image:height\" content=\"375\" \/>\n<meta name=\"twitter:card\" content=\"summary_large_image\" \/>\n<meta name=\"twitter:creator\" content=\"@SoledadDurazo\" \/>\n<meta name=\"twitter:site\" content=\"@SoledadDurazo\" \/>\n<meta name=\"twitter:label1\" content=\"Escrito por\" \/>\n\t<meta name=\"twitter:data1\" content=\"Redacci\u00f3n\" \/>\n\t<meta name=\"twitter:label2\" content=\"Tiempo de lectura\" \/>\n\t<meta name=\"twitter:data2\" content=\"3 minutos\" \/>\n<script type=\"application\/ld+json\" class=\"yoast-schema-graph\">{\"@context\":\"https:\/\/schema.org\",\"@graph\":[{\"@type\":\"Organization\",\"@id\":\"https:\/\/soledaddurazo.com\/#organization\",\"name\":\"Soledad Durazo\",\"url\":\"https:\/\/soledaddurazo.com\/\",\"sameAs\":[\"https:\/\/www.facebook.com\/soledad.durazo.9\/\",\"https:\/\/www.instagram.com\/soledaddurazo\",\"https:\/\/www.youtube.com\/channel\/UC9yGPw8-Vbl_B2XNkRwPS-w\",\"https:\/\/twitter.com\/SoledadDurazo\"],\"logo\":{\"@type\":\"ImageObject\",\"@id\":\"https:\/\/soledaddurazo.com\/#logo\",\"inLanguage\":\"es\",\"url\":\"https:\/\/soledaddurazo.com\/storage\/2021\/11\/nllp-720x375-1-2.png\",\"contentUrl\":\"https:\/\/soledaddurazo.com\/storage\/2021\/11\/nllp-720x375-1-2.png\",\"width\":720,\"height\":375,\"caption\":\"Soledad Durazo\"},\"image\":{\"@id\":\"https:\/\/soledaddurazo.com\/#logo\"}},{\"@type\":\"WebSite\",\"@id\":\"https:\/\/soledaddurazo.com\/#website\",\"url\":\"https:\/\/soledaddurazo.com\/\",\"name\":\"Periodista SoledadDurazo.com\",\"description\":\"Periodista sonorense. Directora de www.SoledadDurazo.com Columnista, conductora de radio y Tv. Catedr\\u00e1tica en la UNISON\",\"publisher\":{\"@id\":\"https:\/\/soledaddurazo.com\/#organization\"},\"potentialAction\":[{\"@type\":\"SearchAction\",\"target\":{\"@type\":\"EntryPoint\",\"urlTemplate\":\"https:\/\/soledaddurazo.com\/?s={search_term_string}\"},\"query-input\":\"required name=search_term_string\"}],\"inLanguage\":\"es\"},{\"@type\":\"ImageObject\",\"@id\":\"https:\/\/soledaddurazo.com\/blog\/2021\/02\/10\/el-sorpresivo-registro-de-wendy-a-la-alcaldia-de-hermosillo\/#primaryimage\",\"inLanguage\":\"es\",\"url\":\"https:\/\/soledaddurazo.com\/storage\/2021\/01\/nllp-720x375-1-2.png\",\"contentUrl\":\"https:\/\/soledaddurazo.com\/storage\/2021\/01\/nllp-720x375-1-2.png\",\"width\":720,\"height\":375},{\"@type\":\"WebPage\",\"@id\":\"https:\/\/soledaddurazo.com\/blog\/2021\/02\/10\/el-sorpresivo-registro-de-wendy-a-la-alcaldia-de-hermosillo\/#webpage\",\"url\":\"https:\/\/soledaddurazo.com\/blog\/2021\/02\/10\/el-sorpresivo-registro-de-wendy-a-la-alcaldia-de-hermosillo\/\",\"name\":\"El \\u00bfsorpresivo? registro de Wendy a la alcald\\u00eda de Hermosillo\\u00a0 - Periodista SoledadDurazo.com\",\"isPartOf\":{\"@id\":\"https:\/\/soledaddurazo.com\/#website\"},\"primaryImageOfPage\":{\"@id\":\"https:\/\/soledaddurazo.com\/blog\/2021\/02\/10\/el-sorpresivo-registro-de-wendy-a-la-alcaldia-de-hermosillo\/#primaryimage\"},\"datePublished\":\"2021-02-11T05:25:40+00:00\",\"dateModified\":\"2021-02-11T05:25:40+00:00\",\"breadcrumb\":{\"@id\":\"https:\/\/soledaddurazo.com\/blog\/2021\/02\/10\/el-sorpresivo-registro-de-wendy-a-la-alcaldia-de-hermosillo\/#breadcrumb\"},\"inLanguage\":\"es\",\"potentialAction\":[{\"@type\":\"ReadAction\",\"target\":[\"https:\/\/soledaddurazo.com\/blog\/2021\/02\/10\/el-sorpresivo-registro-de-wendy-a-la-alcaldia-de-hermosillo\/\"]}]},{\"@type\":\"BreadcrumbList\",\"@id\":\"https:\/\/soledaddurazo.com\/blog\/2021\/02\/10\/el-sorpresivo-registro-de-wendy-a-la-alcaldia-de-hermosillo\/#breadcrumb\",\"itemListElement\":[{\"@type\":\"ListItem\",\"position\":1,\"name\":\"Home\",\"item\":\"https:\/\/soledaddurazo.com\/\"},{\"@type\":\"ListItem\",\"position\":2,\"name\":\"El \\u00bfsorpresivo? registro de Wendy a la alcald\\u00eda de Hermosillo\\u00a0\"}]},{\"@type\":\"Article\",\"@id\":\"https:\/\/soledaddurazo.com\/blog\/2021\/02\/10\/el-sorpresivo-registro-de-wendy-a-la-alcaldia-de-hermosillo\/#article\",\"isPartOf\":{\"@id\":\"https:\/\/soledaddurazo.com\/blog\/2021\/02\/10\/el-sorpresivo-registro-de-wendy-a-la-alcaldia-de-hermosillo\/#webpage\"},\"author\":{\"@id\":\"https:\/\/soledaddurazo.com\/#\/schema\/person\/822d8e13aa288585e6546f179853758b\"},\"headline\":\"El \\u00bfsorpresivo? registro de Wendy a la alcald\\u00eda de Hermosillo\\u00a0\",\"datePublished\":\"2021-02-11T05:25:40+00:00\",\"dateModified\":\"2021-02-11T05:25:40+00:00\",\"mainEntityOfPage\":{\"@id\":\"https:\/\/soledaddurazo.com\/blog\/2021\/02\/10\/el-sorpresivo-registro-de-wendy-a-la-alcaldia-de-hermosillo\/#webpage\"},\"wordCount\":645,\"commentCount\":0,\"publisher\":{\"@id\":\"https:\/\/soledaddurazo.com\/#organization\"},\"image\":{\"@id\":\"https:\/\/soledaddurazo.com\/blog\/2021\/02\/10\/el-sorpresivo-registro-de-wendy-a-la-alcaldia-de-hermosillo\/#primaryimage\"},\"thumbnailUrl\":\"https:\/\/soledaddurazo.com\/storage\/2021\/01\/nllp-720x375-1-2.png\",\"articleSection\":[\"Lo digo como es\"],\"inLanguage\":\"es\",\"potentialAction\":[{\"@type\":\"CommentAction\",\"name\":\"Comment\",\"target\":[\"https:\/\/soledaddurazo.com\/blog\/2021\/02\/10\/el-sorpresivo-registro-de-wendy-a-la-alcaldia-de-hermosillo\/#respond\"]}]},{\"@type\":\"Person\",\"@id\":\"https:\/\/soledaddurazo.com\/#\/schema\/person\/822d8e13aa288585e6546f179853758b\",\"name\":\"Redacci\\u00f3n\",\"image\":{\"@type\":\"ImageObject\",\"@id\":\"https:\/\/soledaddurazo.com\/#personlogo\",\"inLanguage\":\"es\",\"url\":\"https:\/\/secure.gravatar.com\/avatar\/c4e193752f756fd61f04deebed3a3a20dc188d37edb53682d313ac57f2725d54?s=96&d=mm&r=g\",\"contentUrl\":\"https:\/\/secure.gravatar.com\/avatar\/c4e193752f756fd61f04deebed3a3a20dc188d37edb53682d313ac57f2725d54?s=96&d=mm&r=g\",\"caption\":\"Redacci\\u00f3n\"},\"sameAs\":[\"https:\/\/soledaddurazo.com\"]}]}<\/script>\n ","yoast_head_json":{"title":"El \u00bfsorpresivo? registro de Wendy a la alcald\u00eda de Hermosillo\u00a0 - Periodista SoledadDurazo.com","robots":{"index":"index","follow":"follow","max-snippet":"max-snippet:-1","max-image-preview":"max-image-preview:large","max-video-preview":"max-video-preview:-1"},"canonical":"https:\/\/soledaddurazo.com\/blog\/2021\/02\/10\/el-sorpresivo-registro-de-wendy-a-la-alcaldia-de-hermosillo\/","og_locale":"es_MX","og_type":"article","og_title":"El \u00bfsorpresivo? registro de Wendy a la alcald\u00eda de Hermosillo\u00a0","og_description":"Ayer por la ma\u00f1ana el periodista Jes\u00fas Ru\u00edz G\u00e1mez dio a conocer que siempre s\u00ed, la diputada federal Wendy Brise\u00f1o hab\u00eda registrado su aspiraci\u00f3n a contender por la candidatura de Morena a la alcald\u00eda de Hermosillo. Una contienda interna, por cierto, muy interesante en el sentido que son cuatro mujeres quienes estar\u00e1n compitiendo: Wendy Brise\u00f1o, [&hellip;]","og_url":"https:\/\/soledaddurazo.com\/blog\/2021\/02\/10\/el-sorpresivo-registro-de-wendy-a-la-alcaldia-de-hermosillo\/","og_site_name":"Periodista SoledadDurazo.com","article_publisher":"https:\/\/www.facebook.com\/soledad.durazo.9\/","article_published_time":"2021-02-11T05:25:40+00:00","og_image":[{"width":720,"height":375,"url":"https:\/\/soledaddurazo.com\/storage\/2021\/01\/nllp-720x375-1-2.png","type":"image\/png"}],"twitter_card":"summary_large_image","twitter_creator":"@SoledadDurazo","twitter_site":"@SoledadDurazo","twitter_misc":{"Escrito por":"Redacci\u00f3n","Tiempo de lectura":"3 minutos"},"schema":{"@context":"https:\/\/schema.org","@graph":[{"@type":"Organization","@id":"https:\/\/soledaddurazo.com\/#organization","name":"Soledad Durazo","url":"https:\/\/soledaddurazo.com\/","sameAs":["https:\/\/www.facebook.com\/soledad.durazo.9\/","https:\/\/www.instagram.com\/soledaddurazo","https:\/\/www.youtube.com\/channel\/UC9yGPw8-Vbl_B2XNkRwPS-w","https:\/\/twitter.com\/SoledadDurazo"],"logo":{"@type":"ImageObject","@id":"https:\/\/soledaddurazo.com\/#logo","inLanguage":"es","url":"https:\/\/soledaddurazo.com\/storage\/2021\/11\/nllp-720x375-1-2.png","contentUrl":"https:\/\/soledaddurazo.com\/storage\/2021\/11\/nllp-720x375-1-2.png","width":720,"height":375,"caption":"Soledad Durazo"},"image":{"@id":"https:\/\/soledaddurazo.com\/#logo"}},{"@type":"WebSite","@id":"https:\/\/soledaddurazo.com\/#website","url":"https:\/\/soledaddurazo.com\/","name":"Periodista SoledadDurazo.com","description":"Periodista sonorense. Directora de www.SoledadDurazo.com Columnista, conductora de radio y Tv. Catedr\u00e1tica en la UNISON","publisher":{"@id":"https:\/\/soledaddurazo.com\/#organization"},"potentialAction":[{"@type":"SearchAction","target":{"@type":"EntryPoint","urlTemplate":"https:\/\/soledaddurazo.com\/?s={search_term_string}"},"query-input":"required name=search_term_string"}],"inLanguage":"es"},{"@type":"ImageObject","@id":"https:\/\/soledaddurazo.com\/blog\/2021\/02\/10\/el-sorpresivo-registro-de-wendy-a-la-alcaldia-de-hermosillo\/#primaryimage","inLanguage":"es","url":"https:\/\/soledaddurazo.com\/storage\/2021\/01\/nllp-720x375-1-2.png","contentUrl":"https:\/\/soledaddurazo.com\/storage\/2021\/01\/nllp-720x375-1-2.png","width":720,"height":375},{"@type":"WebPage","@id":"https:\/\/soledaddurazo.com\/blog\/2021\/02\/10\/el-sorpresivo-registro-de-wendy-a-la-alcaldia-de-hermosillo\/#webpage","url":"https:\/\/soledaddurazo.com\/blog\/2021\/02\/10\/el-sorpresivo-registro-de-wendy-a-la-alcaldia-de-hermosillo\/","name":"El \u00bfsorpresivo? registro de Wendy a la alcald\u00eda de Hermosillo\u00a0 - Periodista SoledadDurazo.com","isPartOf":{"@id":"https:\/\/soledaddurazo.com\/#website"},"primaryImageOfPage":{"@id":"https:\/\/soledaddurazo.com\/blog\/2021\/02\/10\/el-sorpresivo-registro-de-wendy-a-la-alcaldia-de-hermosillo\/#primaryimage"},"datePublished":"2021-02-11T05:25:40+00:00","dateModified":"2021-02-11T05:25:40+00:00","breadcrumb":{"@id":"https:\/\/soledaddurazo.com\/blog\/2021\/02\/10\/el-sorpresivo-registro-de-wendy-a-la-alcaldia-de-hermosillo\/#breadcrumb"},"inLanguage":"es","potentialAction":[{"@type":"ReadAction","target":["https:\/\/soledaddurazo.com\/blog\/2021\/02\/10\/el-sorpresivo-registro-de-wendy-a-la-alcaldia-de-hermosillo\/"]}]},{"@type":"BreadcrumbList","@id":"https:\/\/soledaddurazo.com\/blog\/2021\/02\/10\/el-sorpresivo-registro-de-wendy-a-la-alcaldia-de-hermosillo\/#breadcrumb","itemListElement":[{"@type":"ListItem","position":1,"name":"Home","item":"https:\/\/soledaddurazo.com\/"},{"@type":"ListItem","position":2,"name":"El \u00bfsorpresivo? registro de Wendy a la alcald\u00eda de Hermosillo\u00a0"}]},{"@type":"Article","@id":"https:\/\/soledaddurazo.com\/blog\/2021\/02\/10\/el-sorpresivo-registro-de-wendy-a-la-alcaldia-de-hermosillo\/#article","isPartOf":{"@id":"https:\/\/soledaddurazo.com\/blog\/2021\/02\/10\/el-sorpresivo-registro-de-wendy-a-la-alcaldia-de-hermosillo\/#webpage"},"author":{"@id":"https:\/\/soledaddurazo.com\/#\/schema\/person\/822d8e13aa288585e6546f179853758b"},"headline":"El \u00bfsorpresivo? registro de Wendy a la alcald\u00eda de Hermosillo\u00a0","datePublished":"2021-02-11T05:25:40+00:00","dateModified":"2021-02-11T05:25:40+00:00","mainEntityOfPage":{"@id":"https:\/\/soledaddurazo.com\/blog\/2021\/02\/10\/el-sorpresivo-registro-de-wendy-a-la-alcaldia-de-hermosillo\/#webpage"},"wordCount":645,"commentCount":0,"publisher":{"@id":"https:\/\/soledaddurazo.com\/#organization"},"image":{"@id":"https:\/\/soledaddurazo.com\/blog\/2021\/02\/10\/el-sorpresivo-registro-de-wendy-a-la-alcaldia-de-hermosillo\/#primaryimage"},"thumbnailUrl":"https:\/\/soledaddurazo.com\/storage\/2021\/01\/nllp-720x375-1-2.png","articleSection":["Lo digo como es"],"inLanguage":"es","potentialAction":[{"@type":"CommentAction","name":"Comment","target":["https:\/\/soledaddurazo.com\/blog\/2021\/02\/10\/el-sorpresivo-registro-de-wendy-a-la-alcaldia-de-hermosillo\/#respond"]}]},{"@type":"Person","@id":"https:\/\/soledaddurazo.com\/#\/schema\/person\/822d8e13aa288585e6546f179853758b","name":"Redacci\u00f3n","image":{"@type":"ImageObject","@id":"https:\/\/soledaddurazo.com\/#personlogo","inLanguage":"es","url":"https:\/\/secure.gravatar.com\/avatar\/c4e193752f756fd61f04deebed3a3a20dc188d37edb53682d313ac57f2725d54?s=96&d=mm&r=g","contentUrl":"https:\/\/secure.gravatar.com\/avatar\/c4e193752f756fd61f04deebed3a3a20dc188d37edb53682d313ac57f2725d54?s=96&d=mm&r=g","caption":"Redacci\u00f3n"},"sameAs":["https:\/\/soledaddurazo.com"]}]}},"_links":{"self":[{"href":"https:\/\/soledaddurazo.com\/api\/wp\/v2\/posts\/6111","targetHints":{"allow":["GET"]}}],"collection":[{"href":"https:\/\/soledaddurazo.com\/api\/wp\/v2\/posts"}],"about":[{"href":"https:\/\/soledaddurazo.com\/api\/wp\/v2\/types\/post"}],"author":[{"embeddable":true,"href":"https:\/\/soledaddurazo.com\/api\/wp\/v2\/users\/1"}],"replies":[{"embeddable":true,"href":"https:\/\/soledaddurazo.com\/api\/wp\/v2\/comments?post=6111"}],"version-history":[{"count":1,"href":"https:\/\/soledaddurazo.com\/api\/wp\/v2\/posts\/6111\/revisions"}],"predecessor-version":[{"id":6112,"href":"https:\/\/soledaddurazo.com\/api\/wp\/v2\/posts\/6111\/revisions\/6112"}],"wp:featuredmedia":[{"embeddable":true,"href":"https:\/\/soledaddurazo.com\/api\/wp\/v2\/media\/5534"}],"wp:attachment":[{"href":"https:\/\/soledaddurazo.com\/api\/wp\/v2\/media?parent=6111"}],"wp:term":[{"taxonomy":"category","embeddable":true,"href":"https:\/\/soledaddurazo.com\/api\/wp\/v2\/categories?post=6111"},{"taxonomy":"post_tag","embeddable":true,"href":"https:\/\/soledaddurazo.com\/api\/wp\/v2\/tags?post=6111"}],"curies":[{"name":"wp","href":"https:\/\/api.w.org\/{rel}","templated":true}]}}