{"id":6045,"date":"2021-02-09T01:04:06","date_gmt":"2021-02-09T08:04:06","guid":{"rendered":"https:\/\/soledaddurazo.com\/?p=6045"},"modified":"2021-02-09T01:04:06","modified_gmt":"2021-02-09T08:04:06","slug":"modernizar-los-procesos-y-servicios-del-estado-objetivo-de-la-iniciativa-de-gobierno-digital","status":"publish","type":"post","link":"https:\/\/soledaddurazo.com\/blog\/2021\/02\/09\/modernizar-los-procesos-y-servicios-del-estado-objetivo-de-la-iniciativa-de-gobierno-digital\/","title":{"rendered":"Modernizar los procesos y servicios del Estado, objetivo de la iniciativa de Gobierno Digital"},"content":{"rendered":"<p>El gobierno digital, facilitar\u00e1 tr\u00e1mites, reducir\u00e1 su costo al integrar las interacciones del Estado con los ciudadanos por medio de la tecnolog\u00eda, coment\u00f3 el diputado priista, Jorge Villaescusa Aguayo.<\/p>\n<p>En reuni\u00f3n virtual con directivos de los Colegios de CONALEP del estado, el legislador dio detalles de su iniciativa de Gobierno Digital para el Estado de Sonora, as\u00ed como sus ventajas.<\/p>\n<p>\u201cLos objetivos son claros, modernizar los procesos y servicios del Estado, aprovechar las tecnolog\u00edas de la informaci\u00f3n y comunicaci\u00f3n, que permitan generar gobiernos m\u00e1s eficientes, m\u00e1s eficaces, m\u00e1s abiertos, transparentes y m\u00e1s baratos\u201d, agreg\u00f3, \u201cpara esto nos va a servir la Ley de Gobierno Digital\u201d.<\/p>\n<p>Para que Sonora pueda tener una gobernanza digital adem\u00e1s de un marco jur\u00eddico como este, dijo, es importante hacer sinergias entre todos, Gobierno, sector productivo, p\u00fablico y privado; academia y ciudadanos.<\/p>\n<p>En su presentaci\u00f3n abord\u00f3 tambi\u00e9n el tema de ciberdelitos, del cual tambi\u00e9n present\u00f3 iniciativa y hoy, Sonora ya cuenta con la Ley de Prevenci\u00f3n de Ciberdelitos, \u00fanica en el pa\u00eds, y que involucra al sector educativo, sobre todo en estos tiempos en que la virtualidad ha imperado en la educaci\u00f3n.<\/p>\n<p>Mencion\u00f3 que lo impulsa este tipo de iniciativas, son los n\u00fameros que indican que Sonora tiene el primer lugar en hogares conectados a internet, 81% de los hogares tienen conexi\u00f3n, superando la media nacional de 52%, lo que indica pertinencia de buscar un marco jur\u00eddico que regule esto y que ofrezca beneficios a los ciudadanos.<\/p>\n<div>\nLos presentes, liderados por Francisco Carlos Silva Toledo, director general de Conalep Sonora, agradecieron la informaci\u00f3n y se mostraron interesados en lo relacionado con accesibilidad y la aplicaci\u00f3n de estas leyes en el \u00e1mbito educativo y de seguridad a personas en situaci\u00f3n vulnerable.<\/p>\n<p>Villaescusa Aguayo, les hizo saber que sus comentarios, propuestas o sugerencias, ser\u00e1n tomadas en cuenta para fortalecer la propuesta de iniciativa que es encuentra en la etapa socializaci\u00f3n y en an\u00e1lisis en la comisi\u00f3n de \u00a0Gobernaci\u00f3n y Puntos Constitucionales y poder llevar al pleno del\u00a0<span class=\"il\">Congreso<\/span>\u00a0Local, una iniciativa que contemple la mayor cantidad de puntos de vista posibles.<\/p>\n<div class=\"yj6qo\"><\/div>\n<div class=\"adL\"><\/div>\n<\/div>\n","protected":false},"excerpt":{"rendered":"<p>El gobierno digital, facilitar\u00e1 tr\u00e1mites, reducir\u00e1 su costo al integrar las interacciones del Estado con los ciudadanos por medio de la tecnolog\u00eda, coment\u00f3 el diputado priista, Jorge Villaescusa Aguayo. En reuni\u00f3n virtual con directivos de los Colegios de CONALEP del estado, el legislador dio detalles de su iniciativa de Gobierno Digital para el Estado de [&hellip;]<\/p>\n","protected":false},"author":1,"featured_media":6046,"comment_status":"open","ping_status":"open","sticky":false,"template":"","format":"standard","meta":{"footnotes":""},"categories":[159],"tags":[],"class_list":["post"],"yoast_head":" \n<title>Modernizar los procesos y servicios del Estado, objetivo de la iniciativa de Gobierno Digital - Periodista SoledadDurazo.com<\/title>\n<meta name=\"robots\" content=\"index, follow, max-snippet:-1, max-image-preview:large, max-video-preview:-1\" \/>\n<link rel=\"canonical\" href=\"https:\/\/soledaddurazo.com\/blog\/2021\/02\/09\/modernizar-los-procesos-y-servicios-del-estado-objetivo-de-la-iniciativa-de-gobierno-digital\/\" \/>\n<meta property=\"og:locale\" content=\"es_MX\" \/>\n<meta property=\"og:type\" content=\"article\" \/>\n<meta property=\"og:title\" content=\"Modernizar los procesos y servicios del Estado, objetivo de la iniciativa de Gobierno Digital\" \/>\n<meta property=\"og:description\" content=\"El gobierno digital, facilitar\u00e1 tr\u00e1mites, reducir\u00e1 su costo al integrar las interacciones del Estado con los ciudadanos por medio de la tecnolog\u00eda, coment\u00f3 el diputado priista, Jorge Villaescusa Aguayo. En reuni\u00f3n virtual con directivos de los Colegios de CONALEP del estado, el legislador dio detalles de su iniciativa de Gobierno Digital para el Estado de [&hellip;]\" \/>\n<meta property=\"og:url\" content=\"https:\/\/soledaddurazo.com\/blog\/2021\/02\/09\/modernizar-los-procesos-y-servicios-del-estado-objetivo-de-la-iniciativa-de-gobierno-digital\/\" \/>\n<meta property=\"og:site_name\" content=\"Periodista SoledadDurazo.com\" \/>\n<meta property=\"article:publisher\" content=\"https:\/\/www.facebook.com\/soledad.durazo.9\/\" \/>\n<meta property=\"article:published_time\" content=\"2021-02-09T08:04:06+00:00\" \/>\n<meta property=\"og:image\" content=\"https:\/\/soledaddurazo.com\/storage\/2021\/02\/JVA-08FEB2021.jpeg\" \/>\n\t<meta property=\"og:image:width\" content=\"1280\" \/>\n\t<meta property=\"og:image:height\" content=\"853\" \/>\n<meta name=\"twitter:card\" content=\"summary_large_image\" \/>\n<meta name=\"twitter:creator\" content=\"@SoledadDurazo\" \/>\n<meta name=\"twitter:site\" content=\"@SoledadDurazo\" \/>\n<meta name=\"twitter:label1\" content=\"Escrito por\" \/>\n\t<meta name=\"twitter:data1\" content=\"Redacci\u00f3n\" \/>\n\t<meta name=\"twitter:label2\" content=\"Tiempo de lectura\" \/>\n\t<meta name=\"twitter:data2\" content=\"2 minutos\" \/>\n<script type=\"application\/ld+json\" class=\"yoast-schema-graph\">{\"@context\":\"https:\/\/schema.org\",\"@graph\":[{\"@type\":\"Organization\",\"@id\":\"https:\/\/soledaddurazo.com\/#organization\",\"name\":\"Soledad Durazo\",\"url\":\"https:\/\/soledaddurazo.com\/\",\"sameAs\":[\"https:\/\/www.facebook.com\/soledad.durazo.9\/\",\"https:\/\/www.instagram.com\/soledaddurazo\",\"https:\/\/www.youtube.com\/channel\/UC9yGPw8-Vbl_B2XNkRwPS-w\",\"https:\/\/twitter.com\/SoledadDurazo\"],\"logo\":{\"@type\":\"ImageObject\",\"@id\":\"https:\/\/soledaddurazo.com\/#logo\",\"inLanguage\":\"es\",\"url\":\"https:\/\/soledaddurazo.com\/storage\/2021\/11\/nllp-720x375-1-2.png\",\"contentUrl\":\"https:\/\/soledaddurazo.com\/storage\/2021\/11\/nllp-720x375-1-2.png\",\"width\":720,\"height\":375,\"caption\":\"Soledad Durazo\"},\"image\":{\"@id\":\"https:\/\/soledaddurazo.com\/#logo\"}},{\"@type\":\"WebSite\",\"@id\":\"https:\/\/soledaddurazo.com\/#website\",\"url\":\"https:\/\/soledaddurazo.com\/\",\"name\":\"Periodista SoledadDurazo.com\",\"description\":\"Periodista sonorense. Directora de www.SoledadDurazo.com Columnista, conductora de radio y Tv. Catedr\\u00e1tica en la UNISON\",\"publisher\":{\"@id\":\"https:\/\/soledaddurazo.com\/#organization\"},\"potentialAction\":[{\"@type\":\"SearchAction\",\"target\":{\"@type\":\"EntryPoint\",\"urlTemplate\":\"https:\/\/soledaddurazo.com\/?s={search_term_string}\"},\"query-input\":\"required name=search_term_string\"}],\"inLanguage\":\"es\"},{\"@type\":\"ImageObject\",\"@id\":\"https:\/\/soledaddurazo.com\/blog\/2021\/02\/09\/modernizar-los-procesos-y-servicios-del-estado-objetivo-de-la-iniciativa-de-gobierno-digital\/#primaryimage\",\"inLanguage\":\"es\",\"url\":\"https:\/\/soledaddurazo.com\/storage\/2021\/02\/JVA-08FEB2021.jpeg\",\"contentUrl\":\"https:\/\/soledaddurazo.com\/storage\/2021\/02\/JVA-08FEB2021.jpeg\",\"width\":1280,\"height\":853},{\"@type\":\"WebPage\",\"@id\":\"https:\/\/soledaddurazo.com\/blog\/2021\/02\/09\/modernizar-los-procesos-y-servicios-del-estado-objetivo-de-la-iniciativa-de-gobierno-digital\/#webpage\",\"url\":\"https:\/\/soledaddurazo.com\/blog\/2021\/02\/09\/modernizar-los-procesos-y-servicios-del-estado-objetivo-de-la-iniciativa-de-gobierno-digital\/\",\"name\":\"Modernizar los procesos y servicios del Estado, objetivo de la iniciativa de Gobierno Digital - Periodista SoledadDurazo.com\",\"isPartOf\":{\"@id\":\"https:\/\/soledaddurazo.com\/#website\"},\"primaryImageOfPage\":{\"@id\":\"https:\/\/soledaddurazo.com\/blog\/2021\/02\/09\/modernizar-los-procesos-y-servicios-del-estado-objetivo-de-la-iniciativa-de-gobierno-digital\/#primaryimage\"},\"datePublished\":\"2021-02-09T08:04:06+00:00\",\"dateModified\":\"2021-02-09T08:04:06+00:00\",\"breadcrumb\":{\"@id\":\"https:\/\/soledaddurazo.com\/blog\/2021\/02\/09\/modernizar-los-procesos-y-servicios-del-estado-objetivo-de-la-iniciativa-de-gobierno-digital\/#breadcrumb\"},\"inLanguage\":\"es\",\"potentialAction\":[{\"@type\":\"ReadAction\",\"target\":[\"https:\/\/soledaddurazo.com\/blog\/2021\/02\/09\/modernizar-los-procesos-y-servicios-del-estado-objetivo-de-la-iniciativa-de-gobierno-digital\/\"]}]},{\"@type\":\"BreadcrumbList\",\"@id\":\"https:\/\/soledaddurazo.com\/blog\/2021\/02\/09\/modernizar-los-procesos-y-servicios-del-estado-objetivo-de-la-iniciativa-de-gobierno-digital\/#breadcrumb\",\"itemListElement\":[{\"@type\":\"ListItem\",\"position\":1,\"name\":\"Home\",\"item\":\"https:\/\/soledaddurazo.com\/\"},{\"@type\":\"ListItem\",\"position\":2,\"name\":\"Modernizar los procesos y servicios del Estado, objetivo de la iniciativa de Gobierno Digital\"}]},{\"@type\":\"Article\",\"@id\":\"https:\/\/soledaddurazo.com\/blog\/2021\/02\/09\/modernizar-los-procesos-y-servicios-del-estado-objetivo-de-la-iniciativa-de-gobierno-digital\/#article\",\"isPartOf\":{\"@id\":\"https:\/\/soledaddurazo.com\/blog\/2021\/02\/09\/modernizar-los-procesos-y-servicios-del-estado-objetivo-de-la-iniciativa-de-gobierno-digital\/#webpage\"},\"author\":{\"@id\":\"https:\/\/soledaddurazo.com\/#\/schema\/person\/822d8e13aa288585e6546f179853758b\"},\"headline\":\"Modernizar los procesos y servicios del Estado, objetivo de la iniciativa de Gobierno Digital\",\"datePublished\":\"2021-02-09T08:04:06+00:00\",\"dateModified\":\"2021-02-09T08:04:06+00:00\",\"mainEntityOfPage\":{\"@id\":\"https:\/\/soledaddurazo.com\/blog\/2021\/02\/09\/modernizar-los-procesos-y-servicios-del-estado-objetivo-de-la-iniciativa-de-gobierno-digital\/#webpage\"},\"wordCount\":385,\"commentCount\":0,\"publisher\":{\"@id\":\"https:\/\/soledaddurazo.com\/#organization\"},\"image\":{\"@id\":\"https:\/\/soledaddurazo.com\/blog\/2021\/02\/09\/modernizar-los-procesos-y-servicios-del-estado-objetivo-de-la-iniciativa-de-gobierno-digital\/#primaryimage\"},\"thumbnailUrl\":\"https:\/\/soledaddurazo.com\/storage\/2021\/02\/JVA-08FEB2021.jpeg\",\"articleSection\":[\"Mi Sonora\"],\"inLanguage\":\"es\",\"potentialAction\":[{\"@type\":\"CommentAction\",\"name\":\"Comment\",\"target\":[\"https:\/\/soledaddurazo.com\/blog\/2021\/02\/09\/modernizar-los-procesos-y-servicios-del-estado-objetivo-de-la-iniciativa-de-gobierno-digital\/#respond\"]}]},{\"@type\":\"Person\",\"@id\":\"https:\/\/soledaddurazo.com\/#\/schema\/person\/822d8e13aa288585e6546f179853758b\",\"name\":\"Redacci\\u00f3n\",\"image\":{\"@type\":\"ImageObject\",\"@id\":\"https:\/\/soledaddurazo.com\/#personlogo\",\"inLanguage\":\"es\",\"url\":\"https:\/\/secure.gravatar.com\/avatar\/c4e193752f756fd61f04deebed3a3a20dc188d37edb53682d313ac57f2725d54?s=96&d=mm&r=g\",\"contentUrl\":\"https:\/\/secure.gravatar.com\/avatar\/c4e193752f756fd61f04deebed3a3a20dc188d37edb53682d313ac57f2725d54?s=96&d=mm&r=g\",\"caption\":\"Redacci\\u00f3n\"},\"sameAs\":[\"https:\/\/soledaddurazo.com\"]}]}<\/script>\n ","yoast_head_json":{"title":"Modernizar los procesos y servicios del Estado, objetivo de la iniciativa de Gobierno Digital - Periodista SoledadDurazo.com","robots":{"index":"index","follow":"follow","max-snippet":"max-snippet:-1","max-image-preview":"max-image-preview:large","max-video-preview":"max-video-preview:-1"},"canonical":"https:\/\/soledaddurazo.com\/blog\/2021\/02\/09\/modernizar-los-procesos-y-servicios-del-estado-objetivo-de-la-iniciativa-de-gobierno-digital\/","og_locale":"es_MX","og_type":"article","og_title":"Modernizar los procesos y servicios del Estado, objetivo de la iniciativa de Gobierno Digital","og_description":"El gobierno digital, facilitar\u00e1 tr\u00e1mites, reducir\u00e1 su costo al integrar las interacciones del Estado con los ciudadanos por medio de la tecnolog\u00eda, coment\u00f3 el diputado priista, Jorge Villaescusa Aguayo. En reuni\u00f3n virtual con directivos de los Colegios de CONALEP del estado, el legislador dio detalles de su iniciativa de Gobierno Digital para el Estado de [&hellip;]","og_url":"https:\/\/soledaddurazo.com\/blog\/2021\/02\/09\/modernizar-los-procesos-y-servicios-del-estado-objetivo-de-la-iniciativa-de-gobierno-digital\/","og_site_name":"Periodista SoledadDurazo.com","article_publisher":"https:\/\/www.facebook.com\/soledad.durazo.9\/","article_published_time":"2021-02-09T08:04:06+00:00","og_image":[{"width":1280,"height":853,"url":"https:\/\/soledaddurazo.com\/storage\/2021\/02\/JVA-08FEB2021.jpeg","type":"image\/jpeg"}],"twitter_card":"summary_large_image","twitter_creator":"@SoledadDurazo","twitter_site":"@SoledadDurazo","twitter_misc":{"Escrito por":"Redacci\u00f3n","Tiempo de lectura":"2 minutos"},"schema":{"@context":"https:\/\/schema.org","@graph":[{"@type":"Organization","@id":"https:\/\/soledaddurazo.com\/#organization","name":"Soledad Durazo","url":"https:\/\/soledaddurazo.com\/","sameAs":["https:\/\/www.facebook.com\/soledad.durazo.9\/","https:\/\/www.instagram.com\/soledaddurazo","https:\/\/www.youtube.com\/channel\/UC9yGPw8-Vbl_B2XNkRwPS-w","https:\/\/twitter.com\/SoledadDurazo"],"logo":{"@type":"ImageObject","@id":"https:\/\/soledaddurazo.com\/#logo","inLanguage":"es","url":"https:\/\/soledaddurazo.com\/storage\/2021\/11\/nllp-720x375-1-2.png","contentUrl":"https:\/\/soledaddurazo.com\/storage\/2021\/11\/nllp-720x375-1-2.png","width":720,"height":375,"caption":"Soledad Durazo"},"image":{"@id":"https:\/\/soledaddurazo.com\/#logo"}},{"@type":"WebSite","@id":"https:\/\/soledaddurazo.com\/#website","url":"https:\/\/soledaddurazo.com\/","name":"Periodista SoledadDurazo.com","description":"Periodista sonorense. Directora de www.SoledadDurazo.com Columnista, conductora de radio y Tv. Catedr\u00e1tica en la UNISON","publisher":{"@id":"https:\/\/soledaddurazo.com\/#organization"},"potentialAction":[{"@type":"SearchAction","target":{"@type":"EntryPoint","urlTemplate":"https:\/\/soledaddurazo.com\/?s={search_term_string}"},"query-input":"required name=search_term_string"}],"inLanguage":"es"},{"@type":"ImageObject","@id":"https:\/\/soledaddurazo.com\/blog\/2021\/02\/09\/modernizar-los-procesos-y-servicios-del-estado-objetivo-de-la-iniciativa-de-gobierno-digital\/#primaryimage","inLanguage":"es","url":"https:\/\/soledaddurazo.com\/storage\/2021\/02\/JVA-08FEB2021.jpeg","contentUrl":"https:\/\/soledaddurazo.com\/storage\/2021\/02\/JVA-08FEB2021.jpeg","width":1280,"height":853},{"@type":"WebPage","@id":"https:\/\/soledaddurazo.com\/blog\/2021\/02\/09\/modernizar-los-procesos-y-servicios-del-estado-objetivo-de-la-iniciativa-de-gobierno-digital\/#webpage","url":"https:\/\/soledaddurazo.com\/blog\/2021\/02\/09\/modernizar-los-procesos-y-servicios-del-estado-objetivo-de-la-iniciativa-de-gobierno-digital\/","name":"Modernizar los procesos y servicios del Estado, objetivo de la iniciativa de Gobierno Digital - Periodista SoledadDurazo.com","isPartOf":{"@id":"https:\/\/soledaddurazo.com\/#website"},"primaryImageOfPage":{"@id":"https:\/\/soledaddurazo.com\/blog\/2021\/02\/09\/modernizar-los-procesos-y-servicios-del-estado-objetivo-de-la-iniciativa-de-gobierno-digital\/#primaryimage"},"datePublished":"2021-02-09T08:04:06+00:00","dateModified":"2021-02-09T08:04:06+00:00","breadcrumb":{"@id":"https:\/\/soledaddurazo.com\/blog\/2021\/02\/09\/modernizar-los-procesos-y-servicios-del-estado-objetivo-de-la-iniciativa-de-gobierno-digital\/#breadcrumb"},"inLanguage":"es","potentialAction":[{"@type":"ReadAction","target":["https:\/\/soledaddurazo.com\/blog\/2021\/02\/09\/modernizar-los-procesos-y-servicios-del-estado-objetivo-de-la-iniciativa-de-gobierno-digital\/"]}]},{"@type":"BreadcrumbList","@id":"https:\/\/soledaddurazo.com\/blog\/2021\/02\/09\/modernizar-los-procesos-y-servicios-del-estado-objetivo-de-la-iniciativa-de-gobierno-digital\/#breadcrumb","itemListElement":[{"@type":"ListItem","position":1,"name":"Home","item":"https:\/\/soledaddurazo.com\/"},{"@type":"ListItem","position":2,"name":"Modernizar los procesos y servicios del Estado, objetivo de la iniciativa de Gobierno Digital"}]},{"@type":"Article","@id":"https:\/\/soledaddurazo.com\/blog\/2021\/02\/09\/modernizar-los-procesos-y-servicios-del-estado-objetivo-de-la-iniciativa-de-gobierno-digital\/#article","isPartOf":{"@id":"https:\/\/soledaddurazo.com\/blog\/2021\/02\/09\/modernizar-los-procesos-y-servicios-del-estado-objetivo-de-la-iniciativa-de-gobierno-digital\/#webpage"},"author":{"@id":"https:\/\/soledaddurazo.com\/#\/schema\/person\/822d8e13aa288585e6546f179853758b"},"headline":"Modernizar los procesos y servicios del Estado, objetivo de la iniciativa de Gobierno Digital","datePublished":"2021-02-09T08:04:06+00:00","dateModified":"2021-02-09T08:04:06+00:00","mainEntityOfPage":{"@id":"https:\/\/soledaddurazo.com\/blog\/2021\/02\/09\/modernizar-los-procesos-y-servicios-del-estado-objetivo-de-la-iniciativa-de-gobierno-digital\/#webpage"},"wordCount":385,"commentCount":0,"publisher":{"@id":"https:\/\/soledaddurazo.com\/#organization"},"image":{"@id":"https:\/\/soledaddurazo.com\/blog\/2021\/02\/09\/modernizar-los-procesos-y-servicios-del-estado-objetivo-de-la-iniciativa-de-gobierno-digital\/#primaryimage"},"thumbnailUrl":"https:\/\/soledaddurazo.com\/storage\/2021\/02\/JVA-08FEB2021.jpeg","articleSection":["Mi Sonora"],"inLanguage":"es","potentialAction":[{"@type":"CommentAction","name":"Comment","target":["https:\/\/soledaddurazo.com\/blog\/2021\/02\/09\/modernizar-los-procesos-y-servicios-del-estado-objetivo-de-la-iniciativa-de-gobierno-digital\/#respond"]}]},{"@type":"Person","@id":"https:\/\/soledaddurazo.com\/#\/schema\/person\/822d8e13aa288585e6546f179853758b","name":"Redacci\u00f3n","image":{"@type":"ImageObject","@id":"https:\/\/soledaddurazo.com\/#personlogo","inLanguage":"es","url":"https:\/\/secure.gravatar.com\/avatar\/c4e193752f756fd61f04deebed3a3a20dc188d37edb53682d313ac57f2725d54?s=96&d=mm&r=g","contentUrl":"https:\/\/secure.gravatar.com\/avatar\/c4e193752f756fd61f04deebed3a3a20dc188d37edb53682d313ac57f2725d54?s=96&d=mm&r=g","caption":"Redacci\u00f3n"},"sameAs":["https:\/\/soledaddurazo.com"]}]}},"_links":{"self":[{"href":"https:\/\/soledaddurazo.com\/api\/wp\/v2\/posts\/6045","targetHints":{"allow":["GET"]}}],"collection":[{"href":"https:\/\/soledaddurazo.com\/api\/wp\/v2\/posts"}],"about":[{"href":"https:\/\/soledaddurazo.com\/api\/wp\/v2\/types\/post"}],"author":[{"embeddable":true,"href":"https:\/\/soledaddurazo.com\/api\/wp\/v2\/users\/1"}],"replies":[{"embeddable":true,"href":"https:\/\/soledaddurazo.com\/api\/wp\/v2\/comments?post=6045"}],"version-history":[{"count":1,"href":"https:\/\/soledaddurazo.com\/api\/wp\/v2\/posts\/6045\/revisions"}],"predecessor-version":[{"id":6047,"href":"https:\/\/soledaddurazo.com\/api\/wp\/v2\/posts\/6045\/revisions\/6047"}],"wp:featuredmedia":[{"embeddable":true,"href":"https:\/\/soledaddurazo.com\/api\/wp\/v2\/media\/6046"}],"wp:attachment":[{"href":"https:\/\/soledaddurazo.com\/api\/wp\/v2\/media?parent=6045"}],"wp:term":[{"taxonomy":"category","embeddable":true,"href":"https:\/\/soledaddurazo.com\/api\/wp\/v2\/categories?post=6045"},{"taxonomy":"post_tag","embeddable":true,"href":"https:\/\/soledaddurazo.com\/api\/wp\/v2\/tags?post=6045"}],"curies":[{"name":"wp","href":"https:\/\/api.w.org\/{rel}","templated":true}]}}