{"id":6043,"date":"2021-02-09T00:59:37","date_gmt":"2021-02-09T07:59:37","guid":{"rendered":"https:\/\/soledaddurazo.com\/?p=6043"},"modified":"2021-02-09T00:59:37","modified_gmt":"2021-02-09T07:59:37","slug":"la-logica-en-el-uso-o-no-del-cubreboca","status":"publish","type":"post","link":"https:\/\/soledaddurazo.com\/blog\/2021\/02\/09\/la-logica-en-el-uso-o-no-del-cubreboca\/","title":{"rendered":"La l\u00f3gica en el uso o no, del cubreboca\u00a0\u00a0"},"content":{"rendered":"<p>Sin duda es una buena noticia que el presidente L\u00f3pez Obrador se haya recuperado y est\u00e9 de nuevo en activo.<\/p>\n<p>En primer lugar es una buena noticia porque se trata de un ser humano que se ha recuperado de la enfermedad a la que alrededor de 170 mil mexicanos no han podido vencer. Y en segundo lugar porque se trata de una figura que, por ostentar el puesto de mayor importancia en este pa\u00eds, su falta de entrada provocar\u00eda inestabilidad y eso en ning\u00fan momento conviene m\u00e1xime en los tiempos que ahora vivimos.<\/p>\n<p>Lamento que pese a su grado de influencia, al liderazgo indiscutible que el presidente tiene en este pa\u00eds, siga en su postura de rechazo al uso del cubreboca.<\/p>\n<p>Es incre\u00edble como ese \u201csimple\u201d trozo de tela haya ocupado tanto discurso muchas veces contradictorio, durante este a\u00f1o en M\u00e9xico.<\/p>\n<p>Resulta un contra sentido, por decir lo menos, la actitud presidencial que raya -con todo respeto- en la necedad. Pero no solo eso, provoca m\u00e1s desinformaci\u00f3n y va en contra de todas las indicaciones que sugieren su uso como medida indiscutible para prevenir los contagios que siguen multiplic\u00e1ndose y lo que es peor, la cifra de letalidad tambi\u00e9n ha ido en aumento los \u00faltimos d\u00edas.<\/p>\n<p>No se preocupe presidente, si lo vemos con cubreboca, no vamos a pensar que le han puesto un bozal; al contrario, va a generar empat\u00eda porque ya es parte de nuestra indumentaria&#8230; haga de cuenta que va a visitar una comunidad ind\u00edgena y le cuelgan flores a su cuello&#8230;el uso del cubreboca ya es parte del ritual de nuestros d\u00edas&#8230; se ver\u00eda muy bien poniendo el ejemplo, ejerciendo su indiscutible liderazgo para que sus gobernados se protejan con m\u00e1s determinaci\u00f3n. Es un acto de responsabilidad presidente, que ojal\u00e1 lo veamos practicar.<\/p>\n<p>Por cierto, datos de la Asociaci\u00f3n nacional de farmacias el 80% de la poblaci\u00f3n conformada por aproximadamente 127 millones de mexicanos, utilizamos cubreboca. El articulo dejo de ser de venta exclusiva en las farmacias seg\u00fan registros a noviembre del a\u00f1o pasado, tan solo en la CDMX mil 600 peque\u00f1as empresas reconvirtieron su giro para producir insumos relacionados con la pandemia entre ellos por supuesto, cubreboca.<\/p>\n<p>En fin pues, como tuiteara ayer el Dr. Isaac Ch\u00e1vez: Yo uso cubreboca porque si la ciencia tiene raz\u00f3n, puedo evitar que alguien se contagie e incluso muera. Si la ciencia estuviera equivocada lo \u00fanico malo ser\u00eda el m\u00ednimo inconveniente de traer un cubreboca en mi cara. La decisi\u00f3n es f\u00e1cil.<\/p>\n<p>Ojal\u00e1 sigamos coincidiendo\u00a0en\u00a0<a href=\"https:\/\/www.soledaddurazo.com\/\">www.SoledadDurazo.com<\/a>\u00a0@SoledadDurazo\u00a0FB\/SoledadDurazo IG: soledaddurazo YT: SoledadDurazo<\/p>\n","protected":false},"excerpt":{"rendered":"<p>Sin duda es una buena noticia que el presidente L\u00f3pez Obrador se haya recuperado y est\u00e9 de nuevo en activo. En primer lugar es una buena noticia porque se trata de un ser humano que se ha recuperado de la enfermedad a la que alrededor de 170 mil mexicanos no han podido vencer. Y en [&hellip;]<\/p>\n","protected":false},"author":1,"featured_media":5534,"comment_status":"open","ping_status":"open","sticky":false,"template":"","format":"standard","meta":{"footnotes":""},"categories":[162],"tags":[],"class_list":["post"],"yoast_head":" \n<title>La l\u00f3gica en el uso o no, del cubreboca\u00a0\u00a0 - Periodista SoledadDurazo.com<\/title>\n<meta name=\"robots\" content=\"index, follow, max-snippet:-1, max-image-preview:large, max-video-preview:-1\" \/>\n<link rel=\"canonical\" href=\"https:\/\/soledaddurazo.com\/blog\/2021\/02\/09\/la-logica-en-el-uso-o-no-del-cubreboca\/\" \/>\n<meta property=\"og:locale\" content=\"es_MX\" \/>\n<meta property=\"og:type\" content=\"article\" \/>\n<meta property=\"og:title\" content=\"La l\u00f3gica en el uso o no, del cubreboca\u00a0\u00a0\" \/>\n<meta property=\"og:description\" content=\"Sin duda es una buena noticia que el presidente L\u00f3pez Obrador se haya recuperado y est\u00e9 de nuevo en activo. En primer lugar es una buena noticia porque se trata de un ser humano que se ha recuperado de la enfermedad a la que alrededor de 170 mil mexicanos no han podido vencer. Y en [&hellip;]\" \/>\n<meta property=\"og:url\" content=\"https:\/\/soledaddurazo.com\/blog\/2021\/02\/09\/la-logica-en-el-uso-o-no-del-cubreboca\/\" \/>\n<meta property=\"og:site_name\" content=\"Periodista SoledadDurazo.com\" \/>\n<meta property=\"article:publisher\" content=\"https:\/\/www.facebook.com\/soledad.durazo.9\/\" \/>\n<meta property=\"article:published_time\" content=\"2021-02-09T07:59:37+00:00\" \/>\n<meta property=\"og:image\" content=\"https:\/\/soledaddurazo.com\/storage\/2021\/01\/nllp-720x375-1-2.png\" \/>\n\t<meta property=\"og:image:width\" content=\"720\" \/>\n\t<meta property=\"og:image:height\" content=\"375\" \/>\n<meta name=\"twitter:card\" content=\"summary_large_image\" \/>\n<meta name=\"twitter:creator\" content=\"@SoledadDurazo\" \/>\n<meta name=\"twitter:site\" content=\"@SoledadDurazo\" \/>\n<meta name=\"twitter:label1\" content=\"Escrito por\" \/>\n\t<meta name=\"twitter:data1\" content=\"Redacci\u00f3n\" \/>\n\t<meta name=\"twitter:label2\" content=\"Tiempo de lectura\" \/>\n\t<meta name=\"twitter:data2\" content=\"2 minutos\" \/>\n<script type=\"application\/ld+json\" class=\"yoast-schema-graph\">{\"@context\":\"https:\/\/schema.org\",\"@graph\":[{\"@type\":\"Organization\",\"@id\":\"https:\/\/soledaddurazo.com\/#organization\",\"name\":\"Soledad Durazo\",\"url\":\"https:\/\/soledaddurazo.com\/\",\"sameAs\":[\"https:\/\/www.facebook.com\/soledad.durazo.9\/\",\"https:\/\/www.instagram.com\/soledaddurazo\",\"https:\/\/www.youtube.com\/channel\/UC9yGPw8-Vbl_B2XNkRwPS-w\",\"https:\/\/twitter.com\/SoledadDurazo\"],\"logo\":{\"@type\":\"ImageObject\",\"@id\":\"https:\/\/soledaddurazo.com\/#logo\",\"inLanguage\":\"es\",\"url\":\"https:\/\/soledaddurazo.com\/storage\/2021\/11\/nllp-720x375-1-2.png\",\"contentUrl\":\"https:\/\/soledaddurazo.com\/storage\/2021\/11\/nllp-720x375-1-2.png\",\"width\":720,\"height\":375,\"caption\":\"Soledad Durazo\"},\"image\":{\"@id\":\"https:\/\/soledaddurazo.com\/#logo\"}},{\"@type\":\"WebSite\",\"@id\":\"https:\/\/soledaddurazo.com\/#website\",\"url\":\"https:\/\/soledaddurazo.com\/\",\"name\":\"Periodista SoledadDurazo.com\",\"description\":\"Periodista sonorense. Directora de www.SoledadDurazo.com Columnista, conductora de radio y Tv. Catedr\\u00e1tica en la UNISON\",\"publisher\":{\"@id\":\"https:\/\/soledaddurazo.com\/#organization\"},\"potentialAction\":[{\"@type\":\"SearchAction\",\"target\":{\"@type\":\"EntryPoint\",\"urlTemplate\":\"https:\/\/soledaddurazo.com\/?s={search_term_string}\"},\"query-input\":\"required name=search_term_string\"}],\"inLanguage\":\"es\"},{\"@type\":\"ImageObject\",\"@id\":\"https:\/\/soledaddurazo.com\/blog\/2021\/02\/09\/la-logica-en-el-uso-o-no-del-cubreboca\/#primaryimage\",\"inLanguage\":\"es\",\"url\":\"https:\/\/soledaddurazo.com\/storage\/2021\/01\/nllp-720x375-1-2.png\",\"contentUrl\":\"https:\/\/soledaddurazo.com\/storage\/2021\/01\/nllp-720x375-1-2.png\",\"width\":720,\"height\":375},{\"@type\":\"WebPage\",\"@id\":\"https:\/\/soledaddurazo.com\/blog\/2021\/02\/09\/la-logica-en-el-uso-o-no-del-cubreboca\/#webpage\",\"url\":\"https:\/\/soledaddurazo.com\/blog\/2021\/02\/09\/la-logica-en-el-uso-o-no-del-cubreboca\/\",\"name\":\"La l\\u00f3gica en el uso o no, del cubreboca\\u00a0\\u00a0 - Periodista SoledadDurazo.com\",\"isPartOf\":{\"@id\":\"https:\/\/soledaddurazo.com\/#website\"},\"primaryImageOfPage\":{\"@id\":\"https:\/\/soledaddurazo.com\/blog\/2021\/02\/09\/la-logica-en-el-uso-o-no-del-cubreboca\/#primaryimage\"},\"datePublished\":\"2021-02-09T07:59:37+00:00\",\"dateModified\":\"2021-02-09T07:59:37+00:00\",\"breadcrumb\":{\"@id\":\"https:\/\/soledaddurazo.com\/blog\/2021\/02\/09\/la-logica-en-el-uso-o-no-del-cubreboca\/#breadcrumb\"},\"inLanguage\":\"es\",\"potentialAction\":[{\"@type\":\"ReadAction\",\"target\":[\"https:\/\/soledaddurazo.com\/blog\/2021\/02\/09\/la-logica-en-el-uso-o-no-del-cubreboca\/\"]}]},{\"@type\":\"BreadcrumbList\",\"@id\":\"https:\/\/soledaddurazo.com\/blog\/2021\/02\/09\/la-logica-en-el-uso-o-no-del-cubreboca\/#breadcrumb\",\"itemListElement\":[{\"@type\":\"ListItem\",\"position\":1,\"name\":\"Home\",\"item\":\"https:\/\/soledaddurazo.com\/\"},{\"@type\":\"ListItem\",\"position\":2,\"name\":\"La l\\u00f3gica en el uso o no, del cubreboca\\u00a0\\u00a0\"}]},{\"@type\":\"Article\",\"@id\":\"https:\/\/soledaddurazo.com\/blog\/2021\/02\/09\/la-logica-en-el-uso-o-no-del-cubreboca\/#article\",\"isPartOf\":{\"@id\":\"https:\/\/soledaddurazo.com\/blog\/2021\/02\/09\/la-logica-en-el-uso-o-no-del-cubreboca\/#webpage\"},\"author\":{\"@id\":\"https:\/\/soledaddurazo.com\/#\/schema\/person\/822d8e13aa288585e6546f179853758b\"},\"headline\":\"La l\\u00f3gica en el uso o no, del cubreboca\\u00a0\\u00a0\",\"datePublished\":\"2021-02-09T07:59:37+00:00\",\"dateModified\":\"2021-02-09T07:59:37+00:00\",\"mainEntityOfPage\":{\"@id\":\"https:\/\/soledaddurazo.com\/blog\/2021\/02\/09\/la-logica-en-el-uso-o-no-del-cubreboca\/#webpage\"},\"wordCount\":465,\"commentCount\":0,\"publisher\":{\"@id\":\"https:\/\/soledaddurazo.com\/#organization\"},\"image\":{\"@id\":\"https:\/\/soledaddurazo.com\/blog\/2021\/02\/09\/la-logica-en-el-uso-o-no-del-cubreboca\/#primaryimage\"},\"thumbnailUrl\":\"https:\/\/soledaddurazo.com\/storage\/2021\/01\/nllp-720x375-1-2.png\",\"articleSection\":[\"Lo digo como es\"],\"inLanguage\":\"es\",\"potentialAction\":[{\"@type\":\"CommentAction\",\"name\":\"Comment\",\"target\":[\"https:\/\/soledaddurazo.com\/blog\/2021\/02\/09\/la-logica-en-el-uso-o-no-del-cubreboca\/#respond\"]}]},{\"@type\":\"Person\",\"@id\":\"https:\/\/soledaddurazo.com\/#\/schema\/person\/822d8e13aa288585e6546f179853758b\",\"name\":\"Redacci\\u00f3n\",\"image\":{\"@type\":\"ImageObject\",\"@id\":\"https:\/\/soledaddurazo.com\/#personlogo\",\"inLanguage\":\"es\",\"url\":\"https:\/\/secure.gravatar.com\/avatar\/c4e193752f756fd61f04deebed3a3a20dc188d37edb53682d313ac57f2725d54?s=96&d=mm&r=g\",\"contentUrl\":\"https:\/\/secure.gravatar.com\/avatar\/c4e193752f756fd61f04deebed3a3a20dc188d37edb53682d313ac57f2725d54?s=96&d=mm&r=g\",\"caption\":\"Redacci\\u00f3n\"},\"sameAs\":[\"https:\/\/soledaddurazo.com\"]}]}<\/script>\n ","yoast_head_json":{"title":"La l\u00f3gica en el uso o no, del cubreboca\u00a0\u00a0 - Periodista SoledadDurazo.com","robots":{"index":"index","follow":"follow","max-snippet":"max-snippet:-1","max-image-preview":"max-image-preview:large","max-video-preview":"max-video-preview:-1"},"canonical":"https:\/\/soledaddurazo.com\/blog\/2021\/02\/09\/la-logica-en-el-uso-o-no-del-cubreboca\/","og_locale":"es_MX","og_type":"article","og_title":"La l\u00f3gica en el uso o no, del cubreboca\u00a0\u00a0","og_description":"Sin duda es una buena noticia que el presidente L\u00f3pez Obrador se haya recuperado y est\u00e9 de nuevo en activo. En primer lugar es una buena noticia porque se trata de un ser humano que se ha recuperado de la enfermedad a la que alrededor de 170 mil mexicanos no han podido vencer. Y en [&hellip;]","og_url":"https:\/\/soledaddurazo.com\/blog\/2021\/02\/09\/la-logica-en-el-uso-o-no-del-cubreboca\/","og_site_name":"Periodista SoledadDurazo.com","article_publisher":"https:\/\/www.facebook.com\/soledad.durazo.9\/","article_published_time":"2021-02-09T07:59:37+00:00","og_image":[{"width":720,"height":375,"url":"https:\/\/soledaddurazo.com\/storage\/2021\/01\/nllp-720x375-1-2.png","type":"image\/png"}],"twitter_card":"summary_large_image","twitter_creator":"@SoledadDurazo","twitter_site":"@SoledadDurazo","twitter_misc":{"Escrito por":"Redacci\u00f3n","Tiempo de lectura":"2 minutos"},"schema":{"@context":"https:\/\/schema.org","@graph":[{"@type":"Organization","@id":"https:\/\/soledaddurazo.com\/#organization","name":"Soledad Durazo","url":"https:\/\/soledaddurazo.com\/","sameAs":["https:\/\/www.facebook.com\/soledad.durazo.9\/","https:\/\/www.instagram.com\/soledaddurazo","https:\/\/www.youtube.com\/channel\/UC9yGPw8-Vbl_B2XNkRwPS-w","https:\/\/twitter.com\/SoledadDurazo"],"logo":{"@type":"ImageObject","@id":"https:\/\/soledaddurazo.com\/#logo","inLanguage":"es","url":"https:\/\/soledaddurazo.com\/storage\/2021\/11\/nllp-720x375-1-2.png","contentUrl":"https:\/\/soledaddurazo.com\/storage\/2021\/11\/nllp-720x375-1-2.png","width":720,"height":375,"caption":"Soledad Durazo"},"image":{"@id":"https:\/\/soledaddurazo.com\/#logo"}},{"@type":"WebSite","@id":"https:\/\/soledaddurazo.com\/#website","url":"https:\/\/soledaddurazo.com\/","name":"Periodista SoledadDurazo.com","description":"Periodista sonorense. Directora de www.SoledadDurazo.com Columnista, conductora de radio y Tv. Catedr\u00e1tica en la UNISON","publisher":{"@id":"https:\/\/soledaddurazo.com\/#organization"},"potentialAction":[{"@type":"SearchAction","target":{"@type":"EntryPoint","urlTemplate":"https:\/\/soledaddurazo.com\/?s={search_term_string}"},"query-input":"required name=search_term_string"}],"inLanguage":"es"},{"@type":"ImageObject","@id":"https:\/\/soledaddurazo.com\/blog\/2021\/02\/09\/la-logica-en-el-uso-o-no-del-cubreboca\/#primaryimage","inLanguage":"es","url":"https:\/\/soledaddurazo.com\/storage\/2021\/01\/nllp-720x375-1-2.png","contentUrl":"https:\/\/soledaddurazo.com\/storage\/2021\/01\/nllp-720x375-1-2.png","width":720,"height":375},{"@type":"WebPage","@id":"https:\/\/soledaddurazo.com\/blog\/2021\/02\/09\/la-logica-en-el-uso-o-no-del-cubreboca\/#webpage","url":"https:\/\/soledaddurazo.com\/blog\/2021\/02\/09\/la-logica-en-el-uso-o-no-del-cubreboca\/","name":"La l\u00f3gica en el uso o no, del cubreboca\u00a0\u00a0 - Periodista SoledadDurazo.com","isPartOf":{"@id":"https:\/\/soledaddurazo.com\/#website"},"primaryImageOfPage":{"@id":"https:\/\/soledaddurazo.com\/blog\/2021\/02\/09\/la-logica-en-el-uso-o-no-del-cubreboca\/#primaryimage"},"datePublished":"2021-02-09T07:59:37+00:00","dateModified":"2021-02-09T07:59:37+00:00","breadcrumb":{"@id":"https:\/\/soledaddurazo.com\/blog\/2021\/02\/09\/la-logica-en-el-uso-o-no-del-cubreboca\/#breadcrumb"},"inLanguage":"es","potentialAction":[{"@type":"ReadAction","target":["https:\/\/soledaddurazo.com\/blog\/2021\/02\/09\/la-logica-en-el-uso-o-no-del-cubreboca\/"]}]},{"@type":"BreadcrumbList","@id":"https:\/\/soledaddurazo.com\/blog\/2021\/02\/09\/la-logica-en-el-uso-o-no-del-cubreboca\/#breadcrumb","itemListElement":[{"@type":"ListItem","position":1,"name":"Home","item":"https:\/\/soledaddurazo.com\/"},{"@type":"ListItem","position":2,"name":"La l\u00f3gica en el uso o no, del cubreboca\u00a0\u00a0"}]},{"@type":"Article","@id":"https:\/\/soledaddurazo.com\/blog\/2021\/02\/09\/la-logica-en-el-uso-o-no-del-cubreboca\/#article","isPartOf":{"@id":"https:\/\/soledaddurazo.com\/blog\/2021\/02\/09\/la-logica-en-el-uso-o-no-del-cubreboca\/#webpage"},"author":{"@id":"https:\/\/soledaddurazo.com\/#\/schema\/person\/822d8e13aa288585e6546f179853758b"},"headline":"La l\u00f3gica en el uso o no, del cubreboca\u00a0\u00a0","datePublished":"2021-02-09T07:59:37+00:00","dateModified":"2021-02-09T07:59:37+00:00","mainEntityOfPage":{"@id":"https:\/\/soledaddurazo.com\/blog\/2021\/02\/09\/la-logica-en-el-uso-o-no-del-cubreboca\/#webpage"},"wordCount":465,"commentCount":0,"publisher":{"@id":"https:\/\/soledaddurazo.com\/#organization"},"image":{"@id":"https:\/\/soledaddurazo.com\/blog\/2021\/02\/09\/la-logica-en-el-uso-o-no-del-cubreboca\/#primaryimage"},"thumbnailUrl":"https:\/\/soledaddurazo.com\/storage\/2021\/01\/nllp-720x375-1-2.png","articleSection":["Lo digo como es"],"inLanguage":"es","potentialAction":[{"@type":"CommentAction","name":"Comment","target":["https:\/\/soledaddurazo.com\/blog\/2021\/02\/09\/la-logica-en-el-uso-o-no-del-cubreboca\/#respond"]}]},{"@type":"Person","@id":"https:\/\/soledaddurazo.com\/#\/schema\/person\/822d8e13aa288585e6546f179853758b","name":"Redacci\u00f3n","image":{"@type":"ImageObject","@id":"https:\/\/soledaddurazo.com\/#personlogo","inLanguage":"es","url":"https:\/\/secure.gravatar.com\/avatar\/c4e193752f756fd61f04deebed3a3a20dc188d37edb53682d313ac57f2725d54?s=96&d=mm&r=g","contentUrl":"https:\/\/secure.gravatar.com\/avatar\/c4e193752f756fd61f04deebed3a3a20dc188d37edb53682d313ac57f2725d54?s=96&d=mm&r=g","caption":"Redacci\u00f3n"},"sameAs":["https:\/\/soledaddurazo.com"]}]}},"_links":{"self":[{"href":"https:\/\/soledaddurazo.com\/api\/wp\/v2\/posts\/6043","targetHints":{"allow":["GET"]}}],"collection":[{"href":"https:\/\/soledaddurazo.com\/api\/wp\/v2\/posts"}],"about":[{"href":"https:\/\/soledaddurazo.com\/api\/wp\/v2\/types\/post"}],"author":[{"embeddable":true,"href":"https:\/\/soledaddurazo.com\/api\/wp\/v2\/users\/1"}],"replies":[{"embeddable":true,"href":"https:\/\/soledaddurazo.com\/api\/wp\/v2\/comments?post=6043"}],"version-history":[{"count":1,"href":"https:\/\/soledaddurazo.com\/api\/wp\/v2\/posts\/6043\/revisions"}],"predecessor-version":[{"id":6044,"href":"https:\/\/soledaddurazo.com\/api\/wp\/v2\/posts\/6043\/revisions\/6044"}],"wp:featuredmedia":[{"embeddable":true,"href":"https:\/\/soledaddurazo.com\/api\/wp\/v2\/media\/5534"}],"wp:attachment":[{"href":"https:\/\/soledaddurazo.com\/api\/wp\/v2\/media?parent=6043"}],"wp:term":[{"taxonomy":"category","embeddable":true,"href":"https:\/\/soledaddurazo.com\/api\/wp\/v2\/categories?post=6043"},{"taxonomy":"post_tag","embeddable":true,"href":"https:\/\/soledaddurazo.com\/api\/wp\/v2\/tags?post=6043"}],"curies":[{"name":"wp","href":"https:\/\/api.w.org\/{rel}","templated":true}]}}