{"id":5998,"date":"2021-02-06T22:21:27","date_gmt":"2021-02-07T05:21:27","guid":{"rendered":"https:\/\/soledaddurazo.com\/?p=5998"},"modified":"2021-02-06T22:21:27","modified_gmt":"2021-02-07T05:21:27","slug":"ajuste-en-la-estrategia-de-la-campana-de-alfonso-durazo","status":"publish","type":"post","link":"https:\/\/soledaddurazo.com\/blog\/2021\/02\/06\/ajuste-en-la-estrategia-de-la-campana-de-alfonso-durazo\/","title":{"rendered":"Ajuste en la estrategia de la campa\u00f1a de Alfonso Durazo"},"content":{"rendered":"<p>&nbsp;<\/p>\n<p>Despu\u00e9s del receso de las fiestas navide\u00f1as y de fin de a\u00f1o que se prolong\u00f3 por la pausa obligada a causa del elevado n\u00famero de contagios por coronavirus en Hermosillo y como medida precautoria, debido a que varios de los miembros de la Mesa Canc\u00fan, la calaca tilica y flaca, ya les ha gui\u00f1ado un ojo en algunas ocasiones, superada la fase cr\u00edtica de contagios, retomamos las tradicionales reuniones de los mi\u00e9rcoles con la presencia del doctor Alfonso Durazo Monta\u00f1o, precandidato de Morena a la gubernatura, como invitado de honor.<\/p>\n<p>Observ\u00e9 un ajuste en la estrategia de comunicaci\u00f3n pol\u00edtica del precandidato morenista, movido seguramente en reacci\u00f3n a muchas cr\u00edticas que le han llovido por redes sociales y en espacios de opini\u00f3n.<\/p>\n<p>Alfonso Durazo muestra ahora m\u00e1s apertura para mostrar m\u00e1s detalles de su vida privada, andanzas de su ni\u00f1ez y adolescencia en su natal Bavispe, an\u00e9cdotas familiares y su vida de estudiahambre, para dejar claro que ha sido un hombre forjado en la cultura del esfuerzo, que nada le ha sido entregado en bandeja de plata.<\/p>\n<p>Este ajuste realizado por Durazo Monta\u00f1o, viene junto con pegado para comenzar a quitarse ese estigma que le han plantado sus detractores dentro y fuera de su partido, el desarraigo de la tierra que le vio nacer del que se le se\u00f1ala.<\/p>\n<p>El extra\u00f1o regionalismo tan caracter\u00edstico del sonorense, con sus defectos y virtudes, pero que a veces raya en lo aldeano, pero muy nuestro al fin, nos hace generar distintos grados de discriminaci\u00f3n y odio a toda persona proveniente m\u00e1s all\u00e1 de Estaci\u00f3n Don. M\u00e1s al sur de esa demarcaci\u00f3n territorial, todos son \u201cguachos\u201d y aquel sonorense que pasa cierto tiempo en el sur del pa\u00eds, por trabajo o estudio, es un \u201csonoguacho\u201d.<\/p>\n<p>Una de las virtudes pol\u00edticas de Alfonso Durazo es ser probablemente el \u00fanico pol\u00edtico del M\u00e9xico moderno, en estar en el pandero pol\u00edtico cerca de tres personajes de distinto partido pol\u00edtico en tres sexenios diferentes, quiz\u00e1s por eso haya dicho -que ya vivi\u00f3 sus 15 minutos de fama en la pol\u00edtica, en tres distintas ocasiones, por lo que la vanidad que proporcionan los reflectores, ya la super\u00f3 desde hace mucho tiempo. \u00a0El precandidato de Morena dijo que no ha dejado de prepararse acad\u00e9micamente y en conocimiento de la administraci\u00f3n p\u00fablica, para ser Gobernador de Sonora y considera que ahora m\u00e1s que nunca, por las circunstancias actuales, es viable aplicar los principios de la Cuarta Transformaci\u00f3n, con austeridad, combate a la corrupci\u00f3n y redefinici\u00f3n de prioridades.<\/p>\n<p>Prometi\u00f3 de llegar a Palacio de Gobierno, aplicar pol\u00edticas basadas en el inter\u00e9s general y no en base a intereses de grupos. Habl\u00f3 de impulsar un plan de infraestructura que impulse el desarrollo econ\u00f3mico y en especial el turismo., que por s\u00ed solo, puede dar de comer a los sonorenses.<\/p>\n<p>Otra prioridad permanente, dijo, ser\u00e1 la salud p\u00fablica, rescatar la infraestructura hospitalaria y de centros de salud que est\u00e1 abandonada en muchos municipios, tambi\u00e9n adquirir vacunas para apoyar al Gobierno Federal en la tarea de inmunizar a los sonorenses.<\/p>\n<p>Con algunas frases que tiene ya muy hechas, mostrando su capacidad de tribuno que le permiten articular un discurso fluido, elocuente en el que subraya la transformaci\u00f3n necesaria para el estado. Los integrantes de la Mesa Canc\u00fan atestiguamos el ajuste en la estrategia de Durazo rumbo a la campa\u00f1a constitucional, ajuste que no modifica lo que dice el manual de campa\u00f1a del candidato opositor, la ret\u00f3rica y cr\u00edtica al Gobierno del Estado y todo lo que representa.<\/p>\n<p><strong>MEDICIONES INDICAN BAJA DE COMPETITIVIDAD DE MORENA<\/strong><\/p>\n<p>El tsunami en las urnas en la elecci\u00f3n del 2018, est\u00e1 muy lejos de volverse a repetir, es la conclusi\u00f3n a la que llegaron dos de los Directores Generales de dos importantes casas encuestadoras que participaron en un foro organizado por el peri\u00f3dico El Financiero.<\/p>\n<p>Consulta Mitofsky y Buend\u00eda &amp;Laredo, adem\u00e1s del encargado de estudios de opini\u00f3n de ese medio de comunicaci\u00f3n impreso, indicaron en este foro, que Morena seguir\u00e1 siendo un partido poderoso a pesar de estar perdiendo fuerza a causa de muchos factores, le alcanza para seguir siendo la mayor\u00eda en la C\u00e1mara de Diputados y ganar ocho o siete gubernaturas, para convertirse en el partido con m\u00e1s gobernadores.<\/p>\n<p>Un a\u00f1o atr\u00e1s, las encuestas indicaban que Morena, ganar\u00eda catorce de las quince gubernaturas en juego de las elecciones intermedias del pr\u00f3ximo mes de junio, una cat\u00e1strofe para el PAN y para el PRI, pero la conformaci\u00f3n de una gran alianza junto con el PRD, los convierte en una fuerza pol\u00edtica m\u00e1s competitiva.<\/p>\n<p>En esta nueva ecuaci\u00f3n electoral, Sonora est\u00e1 dentro de las entidades que la alianza Va por Sonora, con su candidato Ernesto G\u00e1ndara, podr\u00eda llevarse el triunfo. Las encuestas recientes indican que la ventaja del precandidato de Morena, Alfonso Durazo, se reduce a cinco o seis puntos porcentuales.<\/p>\n<p><strong>PAN DEFINIR\u00c1 CANDIDATO DE LA ALIANZA EN HERMOSILLO<\/strong><\/p>\n<p>No me extra\u00f1a que el dirigente estatal del PRI, Ernesto De Lucas manifieste su intenci\u00f3n de obtener la candidatura a la Presidencia Municipal de Hermosillo, aun cuando tiempo atr\u00e1s declarara que se dedicar\u00eda a ser el \u00e1rbitro de la contienda electoral, desde la dirigencia del PRI Estatal.<\/p>\n<p>No debe extra\u00f1ar que en M\u00e9xico un pol\u00edtico diga mentiras para ocultar sus verdaderas intenciones o que sus acciones sean contrarias a lo que diga.<\/p>\n<p>La elecci\u00f3n del candidato de la alianza Va Por Sonora, ser\u00e1 propuesta por el PAN y todav\u00eda se encuentran realizando las consultas y grupos de enfoque para tomar la decisi\u00f3n final que ser\u00e1 entre dos, Norberto Barraza y Antonio Astiazar\u00e1n. Se est\u00e1n tomando con calma las cosas, la fecha l\u00edmite para registrar candidato ante el Instituto Estatal Electoral es el 24 de abril, falta mucho tiempo.<\/p>\n<p>El panismo deber\u00e1 de escoger entre un hombre que ha sido un buen funcionario p\u00fablico, como Norberto Barraza, pero que como candidato es toda una inc\u00f3gnita, en su reciente participaci\u00f3n electoral, como candidato independiente, no logr\u00f3 el impacto en las urnas, que indicara que ser\u00eda en lo que hoy sus publicistas insisten en convertirlo, un fen\u00f3meno de la pol\u00edtica, la candidatura al Distrito local ocho, le espera.<\/p>\n<p>Por el otro lado esta Antonio Astiazar\u00e1n, un pol\u00edtico que desde muy joven viene prob\u00e1ndose en el terreno electoral, en su palmar\u00e9s hay tres triunfos en las urnas en cuatro elecciones, como candidato a Senador, fue el candidato del PAN m\u00e1s votado.<\/p>\n<p>Ha sido funcionario de los tres \u00f3rdenes de gobierno y demostrado poder dar resultados, gracias a su visi\u00f3n innovadora y oficio pol\u00edtico, cuando fue Presidente Municipal de Guaymas, logr\u00f3 amarrar la llegada de los cruceros y que Guaymas fuera el municipio n\u00famero uno en seguridad y obra p\u00fablica. Aparentemente la decisi\u00f3n no deber\u00eda de complicarse.<\/p>\n<p>Para los amigos de todo el sur de Sonora, los invito a escuchar de 13:00 a 14:00 horas, SONORA EN RED NOTICIAS, por el 93.3 del cuadrante de F.M. que tambi\u00e9n puede ser visto por la se\u00f1al del canal 14 de TV Azteca Tucson, para todo el sur de Arizona. No se lo pierdan.<\/p>\n<p>Podemos interactuar a trav\u00e9s de mi cuenta de Twitter @feroropeza20 o en mi correo electr\u00f3nico\u00a0<a href=\"mailto:luiso@hmo.megared.net.mx\">luiso@hmo.megared.net.mx<\/a><\/p>\n<p>&nbsp;<\/p>\n<p>&nbsp;<\/p>\n<p>&nbsp;<\/p>\n<p><strong>\u00a0<\/strong><\/p>\n","protected":false},"excerpt":{"rendered":"<p>&nbsp; Despu\u00e9s del receso de las fiestas navide\u00f1as y de fin de a\u00f1o que se prolong\u00f3 por la pausa obligada a causa del elevado n\u00famero de contagios por coronavirus en Hermosillo y como medida precautoria, debido a que varios de los miembros de la Mesa Canc\u00fan, la calaca tilica y flaca, ya les ha gui\u00f1ado [&hellip;]<\/p>\n","protected":false},"author":1,"featured_media":5999,"comment_status":"open","ping_status":"open","sticky":false,"template":"","format":"standard","meta":{"footnotes":""},"categories":[173],"tags":[],"class_list":["post"],"yoast_head":" \n<title>Ajuste en la estrategia de la campa\u00f1a de Alfonso Durazo - Periodista SoledadDurazo.com<\/title>\n<meta name=\"robots\" content=\"index, follow, max-snippet:-1, max-image-preview:large, max-video-preview:-1\" \/>\n<link rel=\"canonical\" href=\"https:\/\/soledaddurazo.com\/blog\/2021\/02\/06\/ajuste-en-la-estrategia-de-la-campana-de-alfonso-durazo\/\" \/>\n<meta property=\"og:locale\" content=\"es_MX\" \/>\n<meta property=\"og:type\" content=\"article\" \/>\n<meta property=\"og:title\" content=\"Ajuste en la estrategia de la campa\u00f1a de Alfonso Durazo\" \/>\n<meta property=\"og:description\" content=\"&nbsp; Despu\u00e9s del receso de las fiestas navide\u00f1as y de fin de a\u00f1o que se prolong\u00f3 por la pausa obligada a causa del elevado n\u00famero de contagios por coronavirus en Hermosillo y como medida precautoria, debido a que varios de los miembros de la Mesa Canc\u00fan, la calaca tilica y flaca, ya les ha gui\u00f1ado [&hellip;]\" \/>\n<meta property=\"og:url\" content=\"https:\/\/soledaddurazo.com\/blog\/2021\/02\/06\/ajuste-en-la-estrategia-de-la-campana-de-alfonso-durazo\/\" \/>\n<meta property=\"og:site_name\" content=\"Periodista SoledadDurazo.com\" \/>\n<meta property=\"article:publisher\" content=\"https:\/\/www.facebook.com\/soledad.durazo.9\/\" \/>\n<meta property=\"article:published_time\" content=\"2021-02-07T05:21:27+00:00\" \/>\n<meta property=\"og:image\" content=\"https:\/\/soledaddurazo.com\/storage\/2021\/02\/7a-FERNANDO-OROPEZA-1.jpg\" \/>\n\t<meta property=\"og:image:width\" content=\"1732\" \/>\n\t<meta property=\"og:image:height\" content=\"1154\" \/>\n<meta name=\"twitter:card\" content=\"summary_large_image\" \/>\n<meta name=\"twitter:creator\" content=\"@SoledadDurazo\" \/>\n<meta name=\"twitter:site\" content=\"@SoledadDurazo\" \/>\n<meta name=\"twitter:label1\" content=\"Escrito por\" \/>\n\t<meta name=\"twitter:data1\" content=\"Redacci\u00f3n\" \/>\n\t<meta name=\"twitter:label2\" content=\"Tiempo de lectura\" \/>\n\t<meta name=\"twitter:data2\" content=\"6 minutos\" \/>\n<script type=\"application\/ld+json\" class=\"yoast-schema-graph\">{\"@context\":\"https:\/\/schema.org\",\"@graph\":[{\"@type\":\"Organization\",\"@id\":\"https:\/\/soledaddurazo.com\/#organization\",\"name\":\"Soledad Durazo\",\"url\":\"https:\/\/soledaddurazo.com\/\",\"sameAs\":[\"https:\/\/www.facebook.com\/soledad.durazo.9\/\",\"https:\/\/www.instagram.com\/soledaddurazo\",\"https:\/\/www.youtube.com\/channel\/UC9yGPw8-Vbl_B2XNkRwPS-w\",\"https:\/\/twitter.com\/SoledadDurazo\"],\"logo\":{\"@type\":\"ImageObject\",\"@id\":\"https:\/\/soledaddurazo.com\/#logo\",\"inLanguage\":\"es\",\"url\":\"https:\/\/soledaddurazo.com\/storage\/2021\/11\/nllp-720x375-1-2.png\",\"contentUrl\":\"https:\/\/soledaddurazo.com\/storage\/2021\/11\/nllp-720x375-1-2.png\",\"width\":720,\"height\":375,\"caption\":\"Soledad Durazo\"},\"image\":{\"@id\":\"https:\/\/soledaddurazo.com\/#logo\"}},{\"@type\":\"WebSite\",\"@id\":\"https:\/\/soledaddurazo.com\/#website\",\"url\":\"https:\/\/soledaddurazo.com\/\",\"name\":\"Periodista SoledadDurazo.com\",\"description\":\"Periodista sonorense. Directora de www.SoledadDurazo.com Columnista, conductora de radio y Tv. Catedr\\u00e1tica en la UNISON\",\"publisher\":{\"@id\":\"https:\/\/soledaddurazo.com\/#organization\"},\"potentialAction\":[{\"@type\":\"SearchAction\",\"target\":{\"@type\":\"EntryPoint\",\"urlTemplate\":\"https:\/\/soledaddurazo.com\/?s={search_term_string}\"},\"query-input\":\"required name=search_term_string\"}],\"inLanguage\":\"es\"},{\"@type\":\"ImageObject\",\"@id\":\"https:\/\/soledaddurazo.com\/blog\/2021\/02\/06\/ajuste-en-la-estrategia-de-la-campana-de-alfonso-durazo\/#primaryimage\",\"inLanguage\":\"es\",\"url\":\"https:\/\/soledaddurazo.com\/storage\/2021\/02\/7a-FERNANDO-OROPEZA-1.jpg\",\"contentUrl\":\"https:\/\/soledaddurazo.com\/storage\/2021\/02\/7a-FERNANDO-OROPEZA-1.jpg\",\"width\":1732,\"height\":1154},{\"@type\":\"WebPage\",\"@id\":\"https:\/\/soledaddurazo.com\/blog\/2021\/02\/06\/ajuste-en-la-estrategia-de-la-campana-de-alfonso-durazo\/#webpage\",\"url\":\"https:\/\/soledaddurazo.com\/blog\/2021\/02\/06\/ajuste-en-la-estrategia-de-la-campana-de-alfonso-durazo\/\",\"name\":\"Ajuste en la estrategia de la campa\\u00f1a de Alfonso Durazo - Periodista SoledadDurazo.com\",\"isPartOf\":{\"@id\":\"https:\/\/soledaddurazo.com\/#website\"},\"primaryImageOfPage\":{\"@id\":\"https:\/\/soledaddurazo.com\/blog\/2021\/02\/06\/ajuste-en-la-estrategia-de-la-campana-de-alfonso-durazo\/#primaryimage\"},\"datePublished\":\"2021-02-07T05:21:27+00:00\",\"dateModified\":\"2021-02-07T05:21:27+00:00\",\"breadcrumb\":{\"@id\":\"https:\/\/soledaddurazo.com\/blog\/2021\/02\/06\/ajuste-en-la-estrategia-de-la-campana-de-alfonso-durazo\/#breadcrumb\"},\"inLanguage\":\"es\",\"potentialAction\":[{\"@type\":\"ReadAction\",\"target\":[\"https:\/\/soledaddurazo.com\/blog\/2021\/02\/06\/ajuste-en-la-estrategia-de-la-campana-de-alfonso-durazo\/\"]}]},{\"@type\":\"BreadcrumbList\",\"@id\":\"https:\/\/soledaddurazo.com\/blog\/2021\/02\/06\/ajuste-en-la-estrategia-de-la-campana-de-alfonso-durazo\/#breadcrumb\",\"itemListElement\":[{\"@type\":\"ListItem\",\"position\":1,\"name\":\"Home\",\"item\":\"https:\/\/soledaddurazo.com\/\"},{\"@type\":\"ListItem\",\"position\":2,\"name\":\"Ajuste en la estrategia de la campa\\u00f1a de Alfonso Durazo\"}]},{\"@type\":\"Article\",\"@id\":\"https:\/\/soledaddurazo.com\/blog\/2021\/02\/06\/ajuste-en-la-estrategia-de-la-campana-de-alfonso-durazo\/#article\",\"isPartOf\":{\"@id\":\"https:\/\/soledaddurazo.com\/blog\/2021\/02\/06\/ajuste-en-la-estrategia-de-la-campana-de-alfonso-durazo\/#webpage\"},\"author\":{\"@id\":\"https:\/\/soledaddurazo.com\/#\/schema\/person\/822d8e13aa288585e6546f179853758b\"},\"headline\":\"Ajuste en la estrategia de la campa\\u00f1a de Alfonso Durazo\",\"datePublished\":\"2021-02-07T05:21:27+00:00\",\"dateModified\":\"2021-02-07T05:21:27+00:00\",\"mainEntityOfPage\":{\"@id\":\"https:\/\/soledaddurazo.com\/blog\/2021\/02\/06\/ajuste-en-la-estrategia-de-la-campana-de-alfonso-durazo\/#webpage\"},\"wordCount\":1301,\"commentCount\":0,\"publisher\":{\"@id\":\"https:\/\/soledaddurazo.com\/#organization\"},\"image\":{\"@id\":\"https:\/\/soledaddurazo.com\/blog\/2021\/02\/06\/ajuste-en-la-estrategia-de-la-campana-de-alfonso-durazo\/#primaryimage\"},\"thumbnailUrl\":\"https:\/\/soledaddurazo.com\/storage\/2021\/02\/7a-FERNANDO-OROPEZA-1.jpg\",\"articleSection\":[\"Fernando Oropeza\"],\"inLanguage\":\"es\",\"potentialAction\":[{\"@type\":\"CommentAction\",\"name\":\"Comment\",\"target\":[\"https:\/\/soledaddurazo.com\/blog\/2021\/02\/06\/ajuste-en-la-estrategia-de-la-campana-de-alfonso-durazo\/#respond\"]}]},{\"@type\":\"Person\",\"@id\":\"https:\/\/soledaddurazo.com\/#\/schema\/person\/822d8e13aa288585e6546f179853758b\",\"name\":\"Redacci\\u00f3n\",\"image\":{\"@type\":\"ImageObject\",\"@id\":\"https:\/\/soledaddurazo.com\/#personlogo\",\"inLanguage\":\"es\",\"url\":\"https:\/\/secure.gravatar.com\/avatar\/c4e193752f756fd61f04deebed3a3a20dc188d37edb53682d313ac57f2725d54?s=96&d=mm&r=g\",\"contentUrl\":\"https:\/\/secure.gravatar.com\/avatar\/c4e193752f756fd61f04deebed3a3a20dc188d37edb53682d313ac57f2725d54?s=96&d=mm&r=g\",\"caption\":\"Redacci\\u00f3n\"},\"sameAs\":[\"https:\/\/soledaddurazo.com\"]}]}<\/script>\n ","yoast_head_json":{"title":"Ajuste en la estrategia de la campa\u00f1a de Alfonso Durazo - Periodista SoledadDurazo.com","robots":{"index":"index","follow":"follow","max-snippet":"max-snippet:-1","max-image-preview":"max-image-preview:large","max-video-preview":"max-video-preview:-1"},"canonical":"https:\/\/soledaddurazo.com\/blog\/2021\/02\/06\/ajuste-en-la-estrategia-de-la-campana-de-alfonso-durazo\/","og_locale":"es_MX","og_type":"article","og_title":"Ajuste en la estrategia de la campa\u00f1a de Alfonso Durazo","og_description":"&nbsp; Despu\u00e9s del receso de las fiestas navide\u00f1as y de fin de a\u00f1o que se prolong\u00f3 por la pausa obligada a causa del elevado n\u00famero de contagios por coronavirus en Hermosillo y como medida precautoria, debido a que varios de los miembros de la Mesa Canc\u00fan, la calaca tilica y flaca, ya les ha gui\u00f1ado [&hellip;]","og_url":"https:\/\/soledaddurazo.com\/blog\/2021\/02\/06\/ajuste-en-la-estrategia-de-la-campana-de-alfonso-durazo\/","og_site_name":"Periodista SoledadDurazo.com","article_publisher":"https:\/\/www.facebook.com\/soledad.durazo.9\/","article_published_time":"2021-02-07T05:21:27+00:00","og_image":[{"width":1732,"height":1154,"url":"https:\/\/soledaddurazo.com\/storage\/2021\/02\/7a-FERNANDO-OROPEZA-1.jpg","type":"image\/jpeg"}],"twitter_card":"summary_large_image","twitter_creator":"@SoledadDurazo","twitter_site":"@SoledadDurazo","twitter_misc":{"Escrito por":"Redacci\u00f3n","Tiempo de lectura":"6 minutos"},"schema":{"@context":"https:\/\/schema.org","@graph":[{"@type":"Organization","@id":"https:\/\/soledaddurazo.com\/#organization","name":"Soledad Durazo","url":"https:\/\/soledaddurazo.com\/","sameAs":["https:\/\/www.facebook.com\/soledad.durazo.9\/","https:\/\/www.instagram.com\/soledaddurazo","https:\/\/www.youtube.com\/channel\/UC9yGPw8-Vbl_B2XNkRwPS-w","https:\/\/twitter.com\/SoledadDurazo"],"logo":{"@type":"ImageObject","@id":"https:\/\/soledaddurazo.com\/#logo","inLanguage":"es","url":"https:\/\/soledaddurazo.com\/storage\/2021\/11\/nllp-720x375-1-2.png","contentUrl":"https:\/\/soledaddurazo.com\/storage\/2021\/11\/nllp-720x375-1-2.png","width":720,"height":375,"caption":"Soledad Durazo"},"image":{"@id":"https:\/\/soledaddurazo.com\/#logo"}},{"@type":"WebSite","@id":"https:\/\/soledaddurazo.com\/#website","url":"https:\/\/soledaddurazo.com\/","name":"Periodista SoledadDurazo.com","description":"Periodista sonorense. Directora de www.SoledadDurazo.com Columnista, conductora de radio y Tv. Catedr\u00e1tica en la UNISON","publisher":{"@id":"https:\/\/soledaddurazo.com\/#organization"},"potentialAction":[{"@type":"SearchAction","target":{"@type":"EntryPoint","urlTemplate":"https:\/\/soledaddurazo.com\/?s={search_term_string}"},"query-input":"required name=search_term_string"}],"inLanguage":"es"},{"@type":"ImageObject","@id":"https:\/\/soledaddurazo.com\/blog\/2021\/02\/06\/ajuste-en-la-estrategia-de-la-campana-de-alfonso-durazo\/#primaryimage","inLanguage":"es","url":"https:\/\/soledaddurazo.com\/storage\/2021\/02\/7a-FERNANDO-OROPEZA-1.jpg","contentUrl":"https:\/\/soledaddurazo.com\/storage\/2021\/02\/7a-FERNANDO-OROPEZA-1.jpg","width":1732,"height":1154},{"@type":"WebPage","@id":"https:\/\/soledaddurazo.com\/blog\/2021\/02\/06\/ajuste-en-la-estrategia-de-la-campana-de-alfonso-durazo\/#webpage","url":"https:\/\/soledaddurazo.com\/blog\/2021\/02\/06\/ajuste-en-la-estrategia-de-la-campana-de-alfonso-durazo\/","name":"Ajuste en la estrategia de la campa\u00f1a de Alfonso Durazo - Periodista SoledadDurazo.com","isPartOf":{"@id":"https:\/\/soledaddurazo.com\/#website"},"primaryImageOfPage":{"@id":"https:\/\/soledaddurazo.com\/blog\/2021\/02\/06\/ajuste-en-la-estrategia-de-la-campana-de-alfonso-durazo\/#primaryimage"},"datePublished":"2021-02-07T05:21:27+00:00","dateModified":"2021-02-07T05:21:27+00:00","breadcrumb":{"@id":"https:\/\/soledaddurazo.com\/blog\/2021\/02\/06\/ajuste-en-la-estrategia-de-la-campana-de-alfonso-durazo\/#breadcrumb"},"inLanguage":"es","potentialAction":[{"@type":"ReadAction","target":["https:\/\/soledaddurazo.com\/blog\/2021\/02\/06\/ajuste-en-la-estrategia-de-la-campana-de-alfonso-durazo\/"]}]},{"@type":"BreadcrumbList","@id":"https:\/\/soledaddurazo.com\/blog\/2021\/02\/06\/ajuste-en-la-estrategia-de-la-campana-de-alfonso-durazo\/#breadcrumb","itemListElement":[{"@type":"ListItem","position":1,"name":"Home","item":"https:\/\/soledaddurazo.com\/"},{"@type":"ListItem","position":2,"name":"Ajuste en la estrategia de la campa\u00f1a de Alfonso Durazo"}]},{"@type":"Article","@id":"https:\/\/soledaddurazo.com\/blog\/2021\/02\/06\/ajuste-en-la-estrategia-de-la-campana-de-alfonso-durazo\/#article","isPartOf":{"@id":"https:\/\/soledaddurazo.com\/blog\/2021\/02\/06\/ajuste-en-la-estrategia-de-la-campana-de-alfonso-durazo\/#webpage"},"author":{"@id":"https:\/\/soledaddurazo.com\/#\/schema\/person\/822d8e13aa288585e6546f179853758b"},"headline":"Ajuste en la estrategia de la campa\u00f1a de Alfonso Durazo","datePublished":"2021-02-07T05:21:27+00:00","dateModified":"2021-02-07T05:21:27+00:00","mainEntityOfPage":{"@id":"https:\/\/soledaddurazo.com\/blog\/2021\/02\/06\/ajuste-en-la-estrategia-de-la-campana-de-alfonso-durazo\/#webpage"},"wordCount":1301,"commentCount":0,"publisher":{"@id":"https:\/\/soledaddurazo.com\/#organization"},"image":{"@id":"https:\/\/soledaddurazo.com\/blog\/2021\/02\/06\/ajuste-en-la-estrategia-de-la-campana-de-alfonso-durazo\/#primaryimage"},"thumbnailUrl":"https:\/\/soledaddurazo.com\/storage\/2021\/02\/7a-FERNANDO-OROPEZA-1.jpg","articleSection":["Fernando Oropeza"],"inLanguage":"es","potentialAction":[{"@type":"CommentAction","name":"Comment","target":["https:\/\/soledaddurazo.com\/blog\/2021\/02\/06\/ajuste-en-la-estrategia-de-la-campana-de-alfonso-durazo\/#respond"]}]},{"@type":"Person","@id":"https:\/\/soledaddurazo.com\/#\/schema\/person\/822d8e13aa288585e6546f179853758b","name":"Redacci\u00f3n","image":{"@type":"ImageObject","@id":"https:\/\/soledaddurazo.com\/#personlogo","inLanguage":"es","url":"https:\/\/secure.gravatar.com\/avatar\/c4e193752f756fd61f04deebed3a3a20dc188d37edb53682d313ac57f2725d54?s=96&d=mm&r=g","contentUrl":"https:\/\/secure.gravatar.com\/avatar\/c4e193752f756fd61f04deebed3a3a20dc188d37edb53682d313ac57f2725d54?s=96&d=mm&r=g","caption":"Redacci\u00f3n"},"sameAs":["https:\/\/soledaddurazo.com"]}]}},"_links":{"self":[{"href":"https:\/\/soledaddurazo.com\/api\/wp\/v2\/posts\/5998","targetHints":{"allow":["GET"]}}],"collection":[{"href":"https:\/\/soledaddurazo.com\/api\/wp\/v2\/posts"}],"about":[{"href":"https:\/\/soledaddurazo.com\/api\/wp\/v2\/types\/post"}],"author":[{"embeddable":true,"href":"https:\/\/soledaddurazo.com\/api\/wp\/v2\/users\/1"}],"replies":[{"embeddable":true,"href":"https:\/\/soledaddurazo.com\/api\/wp\/v2\/comments?post=5998"}],"version-history":[{"count":1,"href":"https:\/\/soledaddurazo.com\/api\/wp\/v2\/posts\/5998\/revisions"}],"predecessor-version":[{"id":6000,"href":"https:\/\/soledaddurazo.com\/api\/wp\/v2\/posts\/5998\/revisions\/6000"}],"wp:featuredmedia":[{"embeddable":true,"href":"https:\/\/soledaddurazo.com\/api\/wp\/v2\/media\/5999"}],"wp:attachment":[{"href":"https:\/\/soledaddurazo.com\/api\/wp\/v2\/media?parent=5998"}],"wp:term":[{"taxonomy":"category","embeddable":true,"href":"https:\/\/soledaddurazo.com\/api\/wp\/v2\/categories?post=5998"},{"taxonomy":"post_tag","embeddable":true,"href":"https:\/\/soledaddurazo.com\/api\/wp\/v2\/tags?post=5998"}],"curies":[{"name":"wp","href":"https:\/\/api.w.org\/{rel}","templated":true}]}}