{"id":5838,"date":"2021-01-31T21:44:13","date_gmt":"2021-02-01T04:44:13","guid":{"rendered":"https:\/\/soledaddurazo.com\/?p=5838"},"modified":"2021-01-31T21:44:13","modified_gmt":"2021-02-01T04:44:13","slug":"las-mujeres-siguen-siendo-mayoria-numericamente","status":"publish","type":"post","link":"https:\/\/soledaddurazo.com\/blog\/2021\/01\/31\/las-mujeres-siguen-siendo-mayoria-numericamente\/","title":{"rendered":"Las Mujeres Siguen Siendo Mayor\u00eda, Num\u00e9ricamente"},"content":{"rendered":"<p><strong>M\u00c9XICO NOS NECESITA UNIDOS A TO2, ES PRIORITARIO<\/strong><\/p>\n<p>Un censo m\u00e1s y una confirmaci\u00f3n irrebatible. Las abnegadas mexicanas, las promotoras del hogar, las forjadoras de la familia, mantienen su primer lugar. Nos superan en tres millones, adem\u00e1s de que en este Siglo XXI gozan de autonom\u00eda, comparte derechos y obligaciones con los hombres, con una mayor participaci\u00f3n en todas las actividades, profesiones y oficios.<\/p>\n<p>En los mandos militares ya algunas ostentan hasta el grado de coronelas, que distan mucho de ser como las denominadas as\u00ed hace un siglo. Hay ministras en la Suprema Corte de Justicia de la Naci\u00f3n, magistradas, juezas, senadoras, diputadas y presidentas municipales. Una gobernadora y una jefa de Gobierno. Adem\u00e1s procuradoras de justicia, hoy llamadas fiscales, y agentes investigadoras del Ministerio P\u00fablico y decenas en las polic\u00edas.<\/p>\n<p>El comentario est\u00e1 enfocado a la participaci\u00f3n de las mexicanas en los campos de la pol\u00edtica, del medio judicial, de las tareas legislativas y en la administraci\u00f3n p\u00fablica. La historia comienza cuando el presidente <strong>Miguel Alem\u00e1n Vald\u00e9s <\/strong>casi al final de su gobierno promovi\u00f3 el voto femenil a nivel municipal y a partir de 1954 las mujeres gozan de la igualdad, con los hombres, de los derechos constitucionales<\/p>\n<p>Los n\u00fameros aportados por el Instituto Nacional de Estad\u00edstica y Geograf\u00eda, INEGI, son muy importantes y determinantes para los gobiernos en sus tres niveles, porque son la informaci\u00f3n certera para proyectar todo tipo de programas. Bueno, esto siempre y cuando sea aprovechado por los gobernantes, pero en la realidad hoy en d\u00eda veo que no se d\u00e9 una utilidad integral a los resultados censales. Tal vez, pero lo dudo, los partidos pol\u00edticos deber\u00edan de considerarlos en este a\u00f1o electoral.<\/p>\n<p>Desde hace tiempo en este mismo espacio, coment\u00e9 que a m\u00e1s tardar en 2030 una mujer estar\u00e1 despachando como Presidenta de M\u00e9xico y tendr\u00e1 entre 45 y 50 a\u00f1os de edad. En el sexenio que principi\u00f3 en 2018, la presencia de la mujer en el gabinete presidencial es la m\u00e1s relevante. Para comenzar, por primera vez la Secretaria de Gobernaci\u00f3n, encargada de la pol\u00edtica interior, est\u00e1 bajo la responsabilidad de una mujer, la ministra en retiro y Notaria P\u00fablica <strong>Olga Mar\u00eda del Carmen S\u00e1nchez Cordero D\u00e1vila<\/strong>. Ella y ocho damas son del primer equipo presidencial y falta por asumir su cargo de Secretar\u00eda de Educaci\u00f3n P\u00fablica, la profesora <strong>Delfina G\u00f3mez \u00c1lvarez<\/strong>. Sustituye a <strong>Esteban Moctezuma Barrag\u00e1n<\/strong>, quien en breve ser\u00e1 ratificado por el Senado como embajador de M\u00e9xico ante el gobierno de Estados Unidos de Am\u00e9rica.<\/p>\n<p><strong>LAS MUJERES EN EL PODER<\/strong><\/p>\n<p>La nayarita, egresada de la Universidad de Guadalajara y radicada en Mexicali, <strong>Aurora Jim\u00e9nez de Palacios<\/strong>, fue la primera diputada federal en el sexenio de don <strong>Adolfo Ruiz Cortines. <\/strong>Su estancia en el esca\u00f1o de Donceles y Allende fue de agosto de 1954 a septiembre de 1955. Poco tiempo despu\u00e9s muri\u00f3 en un accidente a\u00e9reo.<\/p>\n<p>En el gobierno del presidente <strong>Adolfo L\u00f3pez <\/strong>Mateos, se abrieron las puertas de la administraci\u00f3n federal para la mujer, al ser nombrada do\u00f1a <strong>Amalia Gonz\u00e1lez Caballero de Castillo <\/strong>Led\u00f3n, subsecretaria de Educaci\u00f3n P\u00fablica. Correspondi\u00f3, en el mismo sexenio, a la jurista oaxaque\u00f1a <strong>Mar\u00eda Cristina Salmor\u00e1n de Tamayo<\/strong> ser la primera ministra de la Suprema Cortes de Justicia de la Naci\u00f3n.<\/p>\n<p>Tambi\u00e9n en el r\u00e9gimen PRIista de 1958-1964, la ilustre jurista campechana y la destacada pol\u00edtica sonorense, <strong>Mar\u00eda Lavalle Urbina <\/strong>y <strong>Alicia Arellano Tapia<\/strong>, respectivamente, son las iniciadoras de la presencia de la mujer en el Senado de la Rep\u00fablica. La primera Procuradora General de Justicia del Distrito Federal, la veracruzana <strong>Victoria Adato Green<\/strong>, compa\u00f1era de mi Generaci\u00f3n 1956 de Abogados, egresados de la UNAM. Vicky recibi\u00f3 el nombramiento del presidente <strong>Miguel de la Madrid Hurtado<\/strong>.<\/p>\n<p>Una m\u00e1s de las mujeres que llegaron al poder, v\u00eda el voto popular. La maestra, escritora, poeta y pol\u00edtica <strong>Griselda \u00c1lvarez Ponce de Le\u00f3n<\/strong>, figura como la primera gobernadora de un Estado. La guadalajare\u00f1a gobern\u00f3 en Colima de 1979 a 1985. Empez\u00f3 en el mandato del abogado <strong>Jos\u00e9 L\u00f3pez Portillo y Pacheco<\/strong> y termin\u00f3 en el gobierno del colimense De la Madrid Hurtado.<\/p>\n<p>De acuerdo con el INEGI, instituci\u00f3n fundada en 1983 y hoy dirigida por Julio Alfonso Santaella Castell, en nuestro pa\u00eds hay <strong>64 millones 540 mil 634 mujeres<\/strong> y a ello s\u00famenle las que nacieron en el comienzo del 2021. Mientras tanto los caballeros, bueno y mejor dicho los hombres, llegamos a la cifra de <strong>61 millones 473 mil 390.<\/strong> No puedo repetir aquello que o\u00eda de ni\u00f1o, \u201cnos tocan dos mujeres a cada uno\u201d. A conformarse con una y punto.<\/p>\n<p><strong>CONFUSI\u00d3N, DESINFORMACI\u00d3N Y\u2026<\/strong><\/p>\n<p>La falta de coordinaci\u00f3n entre los colaboradores del Presidente de M\u00e9xico en el programa de vacunaci\u00f3n contra el COVID 19, crea un ambiente de confusi\u00f3n en todo el pa\u00eds. Las m\u00e1s variadas versiones circulan y la desinformaci\u00f3n aumenta cada vez que hablan el subsecretario de Salud, el llamado vocero presidencial y la titular de Gobernaci\u00f3n, sin omitir al secretario de Bienestar. Ya politizaron el proceso sanitario al integrar las diez mil brigadas, bajo mando militar, con \u201cservidores de la Naci\u00f3n\u201d y \u201cpromotores de programas\u201d junto con \u201cdos voluntarios\u201d y \u201ccuatro de las Fuerzas Armadas\u201d.<\/p>\n<p>Lo cierto es que la vacunaci\u00f3n est\u00e1 muy lenta. De los 10 integrantes de la brigada, solo uno vacuna y los dem\u00e1s \u201cven\u201d. Hay muy pocas dosis para el gigantesco problema que para el \u00faltimo viernes de enero ya estaba en 13 Estados y en la Ciudad de M\u00e9xico, con \u201csem\u00e1foro rojo\u201d.\u00a0 El titular de la Secretaria de Salud, no aparece. Los informes sobre el estado de salud del Presidente de la Rep\u00fablica, tambi\u00e9n son confusos porque cada quien lo clasifica\u00a0 y da margen a descabelladas versiones.<\/p>\n<p><strong>MACEDONIO VA, \u00a1PORQUE VA!<\/strong><\/p>\n<p>Una vez m\u00e1s la dirigencia del partido pol\u00edtico en el poder corrobora que no es igual a las de otros partidos y tienen raz\u00f3n, <strong>es peor<\/strong>. Ya est\u00e1 decidido, desde Palacio Nacional, que el candidato de MoReNa en el sufrido Estado de Guerrero ser\u00e1 <strong>F\u00e9lix Salgado Macedonio<\/strong>, pese a que en la Procuradur\u00eda General de Justicia de Guerrero est\u00e1n abiertas tres carpetas de investigaci\u00f3n en su contra, como presunto responsable de <strong>delitos sexuales en agravio de tres mujeres<\/strong>.\u00a0 El domingo 31 rendir\u00e1 protesta como candidato que buscar\u00e1 la gubernatura.<\/p>\n<p><strong>Jos\u00e9 F\u00e9lix<\/strong>, originario de Las Querendas, municipio de Pungarabato, es agr\u00f3nomo, de 64 a\u00f1os de edad. Esta es la tercera ocasi\u00f3n en que estar\u00e1, postulado para el mismo cargo. En 1992 y en 1998 lo abander\u00f3 el PRD, perdi\u00f3 ante <strong>Rub\u00e9n Figueroa Alcocer y Ren\u00e9 Ju\u00e1rez Cisneros<\/strong>. Dos veces diputado federal y dos senador. Su imagen es muy negativa, por ser prepotente, majadero y agresivo frente a las mujeres, hasta violarlas, copia fiel y aumentada del diputado Fern\u00e1ndez Noro\u00f1a. \u00a0Fue presidente municipal de Acapulco y director del diario La Jornada, edici\u00f3n Guerrero, por ello, obvio, se dice periodista.<\/p>\n<p><strong>LA PLAYERA GRIS, SU HISTORIA<\/strong><\/p>\n<p>Entre las curiosidades que encuentra el reportero-columnista, apareci\u00f3 la historia de la playera gris, la m\u00e1s c\u00f3moda, confortable y que combina, seg\u00fan sus dise\u00f1adores, con traje, con jeans, con pants y para los fines de semana, dec\u00eda el gal\u00e1n norteamericano Paul Newman. No es precisamente una prensa moderna, pues data de 1930. Ahora la, visten mujeres, hombres, ni\u00f1os, j\u00f3venes, sin ser necesariamente deportistas.<\/p>\n<p><strong>Benjam\u00edn Russell Jr.<\/strong>, es el creador de la primera playera con cuello redondo. En 1926, Benjam\u00edn era un joven atleta y practicaba el f\u00fatbol americano en el equipo Alabama Crisom Tide.\u00a0 Un d\u00eda dise\u00f1\u00f3 la playera con tela de color gris. La prenda ligera y fresca. Tuvo un resultado exitoso desde el principio, desterrando a las camisetas gruesas y asfixiantes.<\/p>\n<p>Cuatro a\u00f1os despu\u00e9s, junto con su padre, del mismo nombre, expandieron la producci\u00f3n de las playeras, sugiriendo que deber\u00edan de ser de color gris, porque es combinable con todo tipo de ropa. Para los a\u00f1os cincuenta, la playera ya era parte del uniforme en las escuelas para la clase educaci\u00f3n f\u00edsica, deportes. La prenda se convirti\u00f3 en un icono gracias al actor Sylvester Stallone, quien la visti\u00f3 en las pel\u00edculas donde interpret\u00f3 al boxeador\u00a0 <strong>Rocky Balboa.<\/strong><\/p>\n<p><strong>P.D. <\/strong>De la copiosa agenda, en noticias, de la segunda quincena del primer mes de 2021, comentar\u00e9 algunas\u2026Comenzar\u00e9 por informar que entre 1523 y 1576, en la Nueva Espa\u00f1a, se fundaron cuatro <strong>Villas<\/strong>, tres de ellas son actuales ciudades capitales: <strong>Quer\u00e9taro, Santiago de Saltillo y Colima<\/strong>. La cuarta es <strong>Le\u00f3n<\/strong>, Guanajuato\u2026 \u00bfSe acuerdan de <strong>El Gordo y El Flaco <\/strong>que hicieron pel\u00edculas c\u00f3micas? Pues, hace 129 a\u00f1os naci\u00f3 \u201cEl Gordo\u201d que se llam\u00f3 Oliver Norvalle Hardy y en 1926 se junt\u00f3 con Stan Laurel, el simpatiqu\u00edsimo \u201cFlaco\u201d\u2026En el mes que termina este domingo festejaron sus cumplea\u00f1os 74 y 66 <strong>Sasha Montenegro y Luc\u00eda M\u00e9ndez<\/strong>, respectivamente. Sus nombres reales: Alexandra Asimovic Popovic y Luc\u00eda Leticia M\u00e9ndez P\u00e9rez. Sasha es italiana, con sangre yugoeslava, criada en Argentina y nacionalizada mexicana, viuda del presidente Jos\u00e9 L\u00f3pez Portillo. En Le\u00f3n, Guanajuato, naci\u00f3 Luc\u00eda y me dijeron que tambi\u00e9n tiene nacionalidad americana\u2026Dos figuras internacionales de la cinematograf\u00eda fallecieron un 20 de enero. En 1984 en el puerto de Acapulco termin\u00f3 sus d\u00edas el int\u00e9rprete de <strong>Tarz\u00e1n, el Hombre Mono <\/strong>y que se llam\u00f3 <strong>Johnny Weismueller\u2026<\/strong>Nueve a\u00f1os despu\u00e9s en Suiza muri\u00f3 la actriz belga-brit\u00e1nica <strong>Audrey Hepburn Ruston, <\/strong>cuyo nombre inicial fue Edda Kathleen Van Hemmstra Hepburn-Ruston.<\/p>\n<p><strong>jherrerav@live.com.mx<\/strong><\/p>\n<p>&nbsp;<\/p>\n<p>&nbsp;<\/p>\n<p>&nbsp;<\/p>\n<p>&nbsp;<\/p>\n<p>&nbsp;<\/p>\n<p><strong>\u00a0<\/strong><\/p>\n","protected":false},"excerpt":{"rendered":"<p>M\u00c9XICO NOS NECESITA UNIDOS A TO2, ES PRIORITARIO Un censo m\u00e1s y una confirmaci\u00f3n irrebatible. Las abnegadas mexicanas, las promotoras del hogar, las forjadoras de la familia, mantienen su primer lugar. Nos superan en tres millones, adem\u00e1s de que en este Siglo XXI gozan de autonom\u00eda, comparte derechos y obligaciones con los hombres, con una [&hellip;]<\/p>\n","protected":false},"author":1,"featured_media":5477,"comment_status":"open","ping_status":"open","sticky":false,"template":"","format":"standard","meta":{"footnotes":""},"categories":[172],"tags":[],"class_list":["post"],"yoast_head":" \n<title>Las Mujeres Siguen Siendo Mayor\u00eda, Num\u00e9ricamente - Periodista SoledadDurazo.com<\/title>\n<meta name=\"robots\" content=\"index, follow, max-snippet:-1, max-image-preview:large, max-video-preview:-1\" \/>\n<link rel=\"canonical\" href=\"https:\/\/soledaddurazo.com\/blog\/2021\/01\/31\/las-mujeres-siguen-siendo-mayoria-numericamente\/\" \/>\n<meta property=\"og:locale\" content=\"es_MX\" \/>\n<meta property=\"og:type\" content=\"article\" \/>\n<meta property=\"og:title\" content=\"Las Mujeres Siguen Siendo Mayor\u00eda, Num\u00e9ricamente\" \/>\n<meta property=\"og:description\" content=\"M\u00c9XICO NOS NECESITA UNIDOS A TO2, ES PRIORITARIO Un censo m\u00e1s y una confirmaci\u00f3n irrebatible. Las abnegadas mexicanas, las promotoras del hogar, las forjadoras de la familia, mantienen su primer lugar. Nos superan en tres millones, adem\u00e1s de que en este Siglo XXI gozan de autonom\u00eda, comparte derechos y obligaciones con los hombres, con una [&hellip;]\" \/>\n<meta property=\"og:url\" content=\"https:\/\/soledaddurazo.com\/blog\/2021\/01\/31\/las-mujeres-siguen-siendo-mayoria-numericamente\/\" \/>\n<meta property=\"og:site_name\" content=\"Periodista SoledadDurazo.com\" \/>\n<meta property=\"article:publisher\" content=\"https:\/\/www.facebook.com\/soledad.durazo.9\/\" \/>\n<meta property=\"article:published_time\" content=\"2021-02-01T04:44:13+00:00\" \/>\n<meta property=\"og:image\" content=\"https:\/\/soledaddurazo.com\/storage\/2021\/01\/FOTO-JORGE-HERRERA.jpg\" \/>\n\t<meta property=\"og:image:width\" content=\"204\" \/>\n\t<meta property=\"og:image:height\" content=\"266\" \/>\n<meta name=\"twitter:card\" content=\"summary_large_image\" \/>\n<meta name=\"twitter:creator\" content=\"@SoledadDurazo\" \/>\n<meta name=\"twitter:site\" content=\"@SoledadDurazo\" \/>\n<meta name=\"twitter:label1\" content=\"Escrito por\" \/>\n\t<meta name=\"twitter:data1\" content=\"Redacci\u00f3n\" \/>\n\t<meta name=\"twitter:label2\" content=\"Tiempo de lectura\" \/>\n\t<meta name=\"twitter:data2\" content=\"8 minutos\" \/>\n<script type=\"application\/ld+json\" class=\"yoast-schema-graph\">{\"@context\":\"https:\/\/schema.org\",\"@graph\":[{\"@type\":\"Organization\",\"@id\":\"https:\/\/soledaddurazo.com\/#organization\",\"name\":\"Soledad Durazo\",\"url\":\"https:\/\/soledaddurazo.com\/\",\"sameAs\":[\"https:\/\/www.facebook.com\/soledad.durazo.9\/\",\"https:\/\/www.instagram.com\/soledaddurazo\",\"https:\/\/www.youtube.com\/channel\/UC9yGPw8-Vbl_B2XNkRwPS-w\",\"https:\/\/twitter.com\/SoledadDurazo\"],\"logo\":{\"@type\":\"ImageObject\",\"@id\":\"https:\/\/soledaddurazo.com\/#logo\",\"inLanguage\":\"es\",\"url\":\"https:\/\/soledaddurazo.com\/storage\/2021\/11\/nllp-720x375-1-2.png\",\"contentUrl\":\"https:\/\/soledaddurazo.com\/storage\/2021\/11\/nllp-720x375-1-2.png\",\"width\":720,\"height\":375,\"caption\":\"Soledad Durazo\"},\"image\":{\"@id\":\"https:\/\/soledaddurazo.com\/#logo\"}},{\"@type\":\"WebSite\",\"@id\":\"https:\/\/soledaddurazo.com\/#website\",\"url\":\"https:\/\/soledaddurazo.com\/\",\"name\":\"Periodista SoledadDurazo.com\",\"description\":\"Periodista sonorense. Directora de www.SoledadDurazo.com Columnista, conductora de radio y Tv. Catedr\\u00e1tica en la UNISON\",\"publisher\":{\"@id\":\"https:\/\/soledaddurazo.com\/#organization\"},\"potentialAction\":[{\"@type\":\"SearchAction\",\"target\":{\"@type\":\"EntryPoint\",\"urlTemplate\":\"https:\/\/soledaddurazo.com\/?s={search_term_string}\"},\"query-input\":\"required name=search_term_string\"}],\"inLanguage\":\"es\"},{\"@type\":\"ImageObject\",\"@id\":\"https:\/\/soledaddurazo.com\/blog\/2021\/01\/31\/las-mujeres-siguen-siendo-mayoria-numericamente\/#primaryimage\",\"inLanguage\":\"es\",\"url\":\"https:\/\/soledaddurazo.com\/storage\/2021\/01\/FOTO-JORGE-HERRERA.jpg\",\"contentUrl\":\"https:\/\/soledaddurazo.com\/storage\/2021\/01\/FOTO-JORGE-HERRERA.jpg\",\"width\":204,\"height\":266},{\"@type\":\"WebPage\",\"@id\":\"https:\/\/soledaddurazo.com\/blog\/2021\/01\/31\/las-mujeres-siguen-siendo-mayoria-numericamente\/#webpage\",\"url\":\"https:\/\/soledaddurazo.com\/blog\/2021\/01\/31\/las-mujeres-siguen-siendo-mayoria-numericamente\/\",\"name\":\"Las Mujeres Siguen Siendo Mayor\\u00eda, Num\\u00e9ricamente - Periodista SoledadDurazo.com\",\"isPartOf\":{\"@id\":\"https:\/\/soledaddurazo.com\/#website\"},\"primaryImageOfPage\":{\"@id\":\"https:\/\/soledaddurazo.com\/blog\/2021\/01\/31\/las-mujeres-siguen-siendo-mayoria-numericamente\/#primaryimage\"},\"datePublished\":\"2021-02-01T04:44:13+00:00\",\"dateModified\":\"2021-02-01T04:44:13+00:00\",\"breadcrumb\":{\"@id\":\"https:\/\/soledaddurazo.com\/blog\/2021\/01\/31\/las-mujeres-siguen-siendo-mayoria-numericamente\/#breadcrumb\"},\"inLanguage\":\"es\",\"potentialAction\":[{\"@type\":\"ReadAction\",\"target\":[\"https:\/\/soledaddurazo.com\/blog\/2021\/01\/31\/las-mujeres-siguen-siendo-mayoria-numericamente\/\"]}]},{\"@type\":\"BreadcrumbList\",\"@id\":\"https:\/\/soledaddurazo.com\/blog\/2021\/01\/31\/las-mujeres-siguen-siendo-mayoria-numericamente\/#breadcrumb\",\"itemListElement\":[{\"@type\":\"ListItem\",\"position\":1,\"name\":\"Home\",\"item\":\"https:\/\/soledaddurazo.com\/\"},{\"@type\":\"ListItem\",\"position\":2,\"name\":\"Las Mujeres Siguen Siendo Mayor\\u00eda, Num\\u00e9ricamente\"}]},{\"@type\":\"Article\",\"@id\":\"https:\/\/soledaddurazo.com\/blog\/2021\/01\/31\/las-mujeres-siguen-siendo-mayoria-numericamente\/#article\",\"isPartOf\":{\"@id\":\"https:\/\/soledaddurazo.com\/blog\/2021\/01\/31\/las-mujeres-siguen-siendo-mayoria-numericamente\/#webpage\"},\"author\":{\"@id\":\"https:\/\/soledaddurazo.com\/#\/schema\/person\/822d8e13aa288585e6546f179853758b\"},\"headline\":\"Las Mujeres Siguen Siendo Mayor\\u00eda, Num\\u00e9ricamente\",\"datePublished\":\"2021-02-01T04:44:13+00:00\",\"dateModified\":\"2021-02-01T04:44:13+00:00\",\"mainEntityOfPage\":{\"@id\":\"https:\/\/soledaddurazo.com\/blog\/2021\/01\/31\/las-mujeres-siguen-siendo-mayoria-numericamente\/#webpage\"},\"wordCount\":1668,\"commentCount\":0,\"publisher\":{\"@id\":\"https:\/\/soledaddurazo.com\/#organization\"},\"image\":{\"@id\":\"https:\/\/soledaddurazo.com\/blog\/2021\/01\/31\/las-mujeres-siguen-siendo-mayoria-numericamente\/#primaryimage\"},\"thumbnailUrl\":\"https:\/\/soledaddurazo.com\/storage\/2021\/01\/FOTO-JORGE-HERRERA.jpg\",\"articleSection\":[\"Jorge Herrera\"],\"inLanguage\":\"es\",\"potentialAction\":[{\"@type\":\"CommentAction\",\"name\":\"Comment\",\"target\":[\"https:\/\/soledaddurazo.com\/blog\/2021\/01\/31\/las-mujeres-siguen-siendo-mayoria-numericamente\/#respond\"]}]},{\"@type\":\"Person\",\"@id\":\"https:\/\/soledaddurazo.com\/#\/schema\/person\/822d8e13aa288585e6546f179853758b\",\"name\":\"Redacci\\u00f3n\",\"image\":{\"@type\":\"ImageObject\",\"@id\":\"https:\/\/soledaddurazo.com\/#personlogo\",\"inLanguage\":\"es\",\"url\":\"https:\/\/secure.gravatar.com\/avatar\/c4e193752f756fd61f04deebed3a3a20dc188d37edb53682d313ac57f2725d54?s=96&d=mm&r=g\",\"contentUrl\":\"https:\/\/secure.gravatar.com\/avatar\/c4e193752f756fd61f04deebed3a3a20dc188d37edb53682d313ac57f2725d54?s=96&d=mm&r=g\",\"caption\":\"Redacci\\u00f3n\"},\"sameAs\":[\"https:\/\/soledaddurazo.com\"]}]}<\/script>\n ","yoast_head_json":{"title":"Las Mujeres Siguen Siendo Mayor\u00eda, Num\u00e9ricamente - Periodista SoledadDurazo.com","robots":{"index":"index","follow":"follow","max-snippet":"max-snippet:-1","max-image-preview":"max-image-preview:large","max-video-preview":"max-video-preview:-1"},"canonical":"https:\/\/soledaddurazo.com\/blog\/2021\/01\/31\/las-mujeres-siguen-siendo-mayoria-numericamente\/","og_locale":"es_MX","og_type":"article","og_title":"Las Mujeres Siguen Siendo Mayor\u00eda, Num\u00e9ricamente","og_description":"M\u00c9XICO NOS NECESITA UNIDOS A TO2, ES PRIORITARIO Un censo m\u00e1s y una confirmaci\u00f3n irrebatible. Las abnegadas mexicanas, las promotoras del hogar, las forjadoras de la familia, mantienen su primer lugar. Nos superan en tres millones, adem\u00e1s de que en este Siglo XXI gozan de autonom\u00eda, comparte derechos y obligaciones con los hombres, con una [&hellip;]","og_url":"https:\/\/soledaddurazo.com\/blog\/2021\/01\/31\/las-mujeres-siguen-siendo-mayoria-numericamente\/","og_site_name":"Periodista SoledadDurazo.com","article_publisher":"https:\/\/www.facebook.com\/soledad.durazo.9\/","article_published_time":"2021-02-01T04:44:13+00:00","og_image":[{"width":204,"height":266,"url":"https:\/\/soledaddurazo.com\/storage\/2021\/01\/FOTO-JORGE-HERRERA.jpg","type":"image\/jpeg"}],"twitter_card":"summary_large_image","twitter_creator":"@SoledadDurazo","twitter_site":"@SoledadDurazo","twitter_misc":{"Escrito por":"Redacci\u00f3n","Tiempo de lectura":"8 minutos"},"schema":{"@context":"https:\/\/schema.org","@graph":[{"@type":"Organization","@id":"https:\/\/soledaddurazo.com\/#organization","name":"Soledad Durazo","url":"https:\/\/soledaddurazo.com\/","sameAs":["https:\/\/www.facebook.com\/soledad.durazo.9\/","https:\/\/www.instagram.com\/soledaddurazo","https:\/\/www.youtube.com\/channel\/UC9yGPw8-Vbl_B2XNkRwPS-w","https:\/\/twitter.com\/SoledadDurazo"],"logo":{"@type":"ImageObject","@id":"https:\/\/soledaddurazo.com\/#logo","inLanguage":"es","url":"https:\/\/soledaddurazo.com\/storage\/2021\/11\/nllp-720x375-1-2.png","contentUrl":"https:\/\/soledaddurazo.com\/storage\/2021\/11\/nllp-720x375-1-2.png","width":720,"height":375,"caption":"Soledad Durazo"},"image":{"@id":"https:\/\/soledaddurazo.com\/#logo"}},{"@type":"WebSite","@id":"https:\/\/soledaddurazo.com\/#website","url":"https:\/\/soledaddurazo.com\/","name":"Periodista SoledadDurazo.com","description":"Periodista sonorense. Directora de www.SoledadDurazo.com Columnista, conductora de radio y Tv. Catedr\u00e1tica en la UNISON","publisher":{"@id":"https:\/\/soledaddurazo.com\/#organization"},"potentialAction":[{"@type":"SearchAction","target":{"@type":"EntryPoint","urlTemplate":"https:\/\/soledaddurazo.com\/?s={search_term_string}"},"query-input":"required name=search_term_string"}],"inLanguage":"es"},{"@type":"ImageObject","@id":"https:\/\/soledaddurazo.com\/blog\/2021\/01\/31\/las-mujeres-siguen-siendo-mayoria-numericamente\/#primaryimage","inLanguage":"es","url":"https:\/\/soledaddurazo.com\/storage\/2021\/01\/FOTO-JORGE-HERRERA.jpg","contentUrl":"https:\/\/soledaddurazo.com\/storage\/2021\/01\/FOTO-JORGE-HERRERA.jpg","width":204,"height":266},{"@type":"WebPage","@id":"https:\/\/soledaddurazo.com\/blog\/2021\/01\/31\/las-mujeres-siguen-siendo-mayoria-numericamente\/#webpage","url":"https:\/\/soledaddurazo.com\/blog\/2021\/01\/31\/las-mujeres-siguen-siendo-mayoria-numericamente\/","name":"Las Mujeres Siguen Siendo Mayor\u00eda, Num\u00e9ricamente - Periodista SoledadDurazo.com","isPartOf":{"@id":"https:\/\/soledaddurazo.com\/#website"},"primaryImageOfPage":{"@id":"https:\/\/soledaddurazo.com\/blog\/2021\/01\/31\/las-mujeres-siguen-siendo-mayoria-numericamente\/#primaryimage"},"datePublished":"2021-02-01T04:44:13+00:00","dateModified":"2021-02-01T04:44:13+00:00","breadcrumb":{"@id":"https:\/\/soledaddurazo.com\/blog\/2021\/01\/31\/las-mujeres-siguen-siendo-mayoria-numericamente\/#breadcrumb"},"inLanguage":"es","potentialAction":[{"@type":"ReadAction","target":["https:\/\/soledaddurazo.com\/blog\/2021\/01\/31\/las-mujeres-siguen-siendo-mayoria-numericamente\/"]}]},{"@type":"BreadcrumbList","@id":"https:\/\/soledaddurazo.com\/blog\/2021\/01\/31\/las-mujeres-siguen-siendo-mayoria-numericamente\/#breadcrumb","itemListElement":[{"@type":"ListItem","position":1,"name":"Home","item":"https:\/\/soledaddurazo.com\/"},{"@type":"ListItem","position":2,"name":"Las Mujeres Siguen Siendo Mayor\u00eda, Num\u00e9ricamente"}]},{"@type":"Article","@id":"https:\/\/soledaddurazo.com\/blog\/2021\/01\/31\/las-mujeres-siguen-siendo-mayoria-numericamente\/#article","isPartOf":{"@id":"https:\/\/soledaddurazo.com\/blog\/2021\/01\/31\/las-mujeres-siguen-siendo-mayoria-numericamente\/#webpage"},"author":{"@id":"https:\/\/soledaddurazo.com\/#\/schema\/person\/822d8e13aa288585e6546f179853758b"},"headline":"Las Mujeres Siguen Siendo Mayor\u00eda, Num\u00e9ricamente","datePublished":"2021-02-01T04:44:13+00:00","dateModified":"2021-02-01T04:44:13+00:00","mainEntityOfPage":{"@id":"https:\/\/soledaddurazo.com\/blog\/2021\/01\/31\/las-mujeres-siguen-siendo-mayoria-numericamente\/#webpage"},"wordCount":1668,"commentCount":0,"publisher":{"@id":"https:\/\/soledaddurazo.com\/#organization"},"image":{"@id":"https:\/\/soledaddurazo.com\/blog\/2021\/01\/31\/las-mujeres-siguen-siendo-mayoria-numericamente\/#primaryimage"},"thumbnailUrl":"https:\/\/soledaddurazo.com\/storage\/2021\/01\/FOTO-JORGE-HERRERA.jpg","articleSection":["Jorge Herrera"],"inLanguage":"es","potentialAction":[{"@type":"CommentAction","name":"Comment","target":["https:\/\/soledaddurazo.com\/blog\/2021\/01\/31\/las-mujeres-siguen-siendo-mayoria-numericamente\/#respond"]}]},{"@type":"Person","@id":"https:\/\/soledaddurazo.com\/#\/schema\/person\/822d8e13aa288585e6546f179853758b","name":"Redacci\u00f3n","image":{"@type":"ImageObject","@id":"https:\/\/soledaddurazo.com\/#personlogo","inLanguage":"es","url":"https:\/\/secure.gravatar.com\/avatar\/c4e193752f756fd61f04deebed3a3a20dc188d37edb53682d313ac57f2725d54?s=96&d=mm&r=g","contentUrl":"https:\/\/secure.gravatar.com\/avatar\/c4e193752f756fd61f04deebed3a3a20dc188d37edb53682d313ac57f2725d54?s=96&d=mm&r=g","caption":"Redacci\u00f3n"},"sameAs":["https:\/\/soledaddurazo.com"]}]}},"_links":{"self":[{"href":"https:\/\/soledaddurazo.com\/api\/wp\/v2\/posts\/5838","targetHints":{"allow":["GET"]}}],"collection":[{"href":"https:\/\/soledaddurazo.com\/api\/wp\/v2\/posts"}],"about":[{"href":"https:\/\/soledaddurazo.com\/api\/wp\/v2\/types\/post"}],"author":[{"embeddable":true,"href":"https:\/\/soledaddurazo.com\/api\/wp\/v2\/users\/1"}],"replies":[{"embeddable":true,"href":"https:\/\/soledaddurazo.com\/api\/wp\/v2\/comments?post=5838"}],"version-history":[{"count":1,"href":"https:\/\/soledaddurazo.com\/api\/wp\/v2\/posts\/5838\/revisions"}],"predecessor-version":[{"id":5839,"href":"https:\/\/soledaddurazo.com\/api\/wp\/v2\/posts\/5838\/revisions\/5839"}],"wp:featuredmedia":[{"embeddable":true,"href":"https:\/\/soledaddurazo.com\/api\/wp\/v2\/media\/5477"}],"wp:attachment":[{"href":"https:\/\/soledaddurazo.com\/api\/wp\/v2\/media?parent=5838"}],"wp:term":[{"taxonomy":"category","embeddable":true,"href":"https:\/\/soledaddurazo.com\/api\/wp\/v2\/categories?post=5838"},{"taxonomy":"post_tag","embeddable":true,"href":"https:\/\/soledaddurazo.com\/api\/wp\/v2\/tags?post=5838"}],"curies":[{"name":"wp","href":"https:\/\/api.w.org\/{rel}","templated":true}]}}