{"id":5815,"date":"2021-01-29T01:16:27","date_gmt":"2021-01-29T08:16:27","guid":{"rendered":"https:\/\/soledaddurazo.com\/?p=5815"},"modified":"2021-01-29T01:16:27","modified_gmt":"2021-01-29T08:16:27","slug":"anuncian-creacion-del-registro-de-apertura-de-confianza-para-personas-morales","status":"publish","type":"post","link":"https:\/\/soledaddurazo.com\/blog\/2021\/01\/29\/anuncian-creacion-del-registro-de-apertura-de-confianza-para-personas-morales\/","title":{"rendered":"Anuncian creaci\u00f3n del Registro de Apertura de Confianza para personas morales"},"content":{"rendered":"<p>La reactivaci\u00f3n de Sonora ha marcado un precedente a nivel nacional en recuperaci\u00f3n econ\u00f3mica, gracias a que se han aprovechado las ventajas competitivas del estado y los retos que han asumido los sectores de mayor crecimiento, asegur\u00f3 Luis N\u00fa\u00f1ez Noriega, al informar sobre la creaci\u00f3n del Registro de Apertura de Confianza para personas morales, una plataforma electr\u00f3nica que estar\u00e1 vigente mientras siga la contingencia por COVID-19.<\/p>\n<p>El vocero del Plan de Reactivaci\u00f3n Econ\u00f3mica en Sonora detall\u00f3 que, desde la Secretar\u00eda de Econom\u00eda se ha trabajado en una serie de estrategias para afrontar los desaf\u00edos que esta nueva normalidad ha puesto por delante, desde capacitar a las empresas en el comercio digital, as\u00ed como incorporarlos a las cadenas de valor de empresas tractoras instaladas en Sonora.<\/p>\n<p>\u201cAs\u00ed como las recientes iniciativas para reformar la Ley de Competitividad y Desarrollo Econ\u00f3mico y la Ley Estatal de Mejora Regulatoria, que tiene como objetivo apoyar a las empresas para su pronta instalaci\u00f3n, puesta en marcha y la reactivaci\u00f3n econ\u00f3mica, para generar empleos y riqueza en nuestro estado, impactando de manera positiva la vida de muchas familias sonorenses\u201d, expuso.<\/p>\n<p>Entre los incentivos extraordinarios de mejora regulatoria que presentan estas reformas se encuentra el sistema de apertura r\u00e1pida de empresas del que destaca: un plazo de 60 d\u00edas (posteriores a la apertura de la empresa) para presentar tr\u00e1mites de permisos, licencias, entre otros; afirmativa ficta en 45 d\u00edas si la autoridad no responde; eliminaci\u00f3n de tr\u00e1mites complejos o no indispensables; entre otros beneficios m\u00e1s.<\/p>\n<p>N\u00fa\u00f1ez Noriega, detall\u00f3 que para ello, afrontando la nueva realidad, se crear\u00e1 el Registro de Apertura de Confianza para personas morales; una plataforma electr\u00f3nica que estar\u00e1 vigente mientras contin\u00fae la contingencia por COVID-19 en el estado.<\/p>\n<p>\u201cLa visi\u00f3n de la gobernadora Claudia Pavlovich, as\u00ed como del secretario de Econom\u00eda es muy clara, las dependencias de Gobierno del Estado deben ser facilitadoras y no una barrera al momento de poner en marcha una empresa\u201d, destac\u00f3.<\/p>\n<p>El vocero del Plan de Reactivaci\u00f3n Econ\u00f3mica en Sonora, invit\u00f3 a las y los sonorenses a seguir a paso firme, y por buen camino, tal y como se ha hecho durante los \u00faltimos cinco a\u00f1os, pues este trabajo que se ha realizado unidos, ciudadanos, funcionarios, empresarios, trabajadores y organismos de la sociedad civil, ha dado resultados positivos, consolidando a Sonora como la entidad con mejor recuperaci\u00f3n econ\u00f3mica de una crisis que ha golpeado el mundo entero.<\/p>\n<p>Por otra parte, Luis N\u00fa\u00f1ez Noriega invit\u00f3 a los j\u00f3venes universitarios a estar atentos a la convocatoria \u201cJ\u00f3venes con Talento Megarregi\u00f3n Sonora-Arizona 2020\u201d, esto es para que se familiaricen con el entorno actual del sector productivo de las empresas Cushman &amp; Wakefield, PICOR y Chamberlain Group.<br \/>\nPara m\u00e1s informaci\u00f3n lo pueden hacer a trav\u00e9s de la p\u00e1gina y redes sociales de la Secretar\u00eda de Econom\u00eda del Gobierno de Sonora.<\/p>\n","protected":false},"excerpt":{"rendered":"<p>La reactivaci\u00f3n de Sonora ha marcado un precedente a nivel nacional en recuperaci\u00f3n econ\u00f3mica, gracias a que se han aprovechado las ventajas competitivas del estado y los retos que han asumido los sectores de mayor crecimiento, asegur\u00f3 Luis N\u00fa\u00f1ez Noriega, al informar sobre la creaci\u00f3n del Registro de Apertura de Confianza para personas morales, una [&hellip;]<\/p>\n","protected":false},"author":1,"featured_media":5816,"comment_status":"open","ping_status":"open","sticky":false,"template":"","format":"standard","meta":{"footnotes":""},"categories":[159],"tags":[],"class_list":["post"],"yoast_head":" \n<title>Anuncian creaci\u00f3n del Registro de Apertura de Confianza para personas morales - Periodista SoledadDurazo.com<\/title>\n<meta name=\"robots\" content=\"index, follow, max-snippet:-1, max-image-preview:large, max-video-preview:-1\" \/>\n<link rel=\"canonical\" href=\"https:\/\/soledaddurazo.com\/blog\/2021\/01\/29\/anuncian-creacion-del-registro-de-apertura-de-confianza-para-personas-morales\/\" \/>\n<meta property=\"og:locale\" content=\"es_MX\" \/>\n<meta property=\"og:type\" content=\"article\" \/>\n<meta property=\"og:title\" content=\"Anuncian creaci\u00f3n del Registro de Apertura de Confianza para personas morales\" \/>\n<meta property=\"og:description\" content=\"La reactivaci\u00f3n de Sonora ha marcado un precedente a nivel nacional en recuperaci\u00f3n econ\u00f3mica, gracias a que se han aprovechado las ventajas competitivas del estado y los retos que han asumido los sectores de mayor crecimiento, asegur\u00f3 Luis N\u00fa\u00f1ez Noriega, al informar sobre la creaci\u00f3n del Registro de Apertura de Confianza para personas morales, una [&hellip;]\" \/>\n<meta property=\"og:url\" content=\"https:\/\/soledaddurazo.com\/blog\/2021\/01\/29\/anuncian-creacion-del-registro-de-apertura-de-confianza-para-personas-morales\/\" \/>\n<meta property=\"og:site_name\" content=\"Periodista SoledadDurazo.com\" \/>\n<meta property=\"article:publisher\" content=\"https:\/\/www.facebook.com\/soledad.durazo.9\/\" \/>\n<meta property=\"article:published_time\" content=\"2021-01-29T08:16:27+00:00\" \/>\n<meta property=\"og:image\" content=\"https:\/\/soledaddurazo.com\/storage\/2021\/01\/images.jpg\" \/>\n\t<meta property=\"og:image:width\" content=\"300\" \/>\n\t<meta property=\"og:image:height\" content=\"168\" \/>\n<meta name=\"twitter:card\" content=\"summary_large_image\" \/>\n<meta name=\"twitter:creator\" content=\"@SoledadDurazo\" \/>\n<meta name=\"twitter:site\" content=\"@SoledadDurazo\" \/>\n<meta name=\"twitter:label1\" content=\"Escrito por\" \/>\n\t<meta name=\"twitter:data1\" content=\"Redacci\u00f3n\" \/>\n\t<meta name=\"twitter:label2\" content=\"Tiempo de lectura\" \/>\n\t<meta name=\"twitter:data2\" content=\"3 minutos\" \/>\n<script type=\"application\/ld+json\" class=\"yoast-schema-graph\">{\"@context\":\"https:\/\/schema.org\",\"@graph\":[{\"@type\":\"Organization\",\"@id\":\"https:\/\/soledaddurazo.com\/#organization\",\"name\":\"Soledad Durazo\",\"url\":\"https:\/\/soledaddurazo.com\/\",\"sameAs\":[\"https:\/\/www.facebook.com\/soledad.durazo.9\/\",\"https:\/\/www.instagram.com\/soledaddurazo\",\"https:\/\/www.youtube.com\/channel\/UC9yGPw8-Vbl_B2XNkRwPS-w\",\"https:\/\/twitter.com\/SoledadDurazo\"],\"logo\":{\"@type\":\"ImageObject\",\"@id\":\"https:\/\/soledaddurazo.com\/#logo\",\"inLanguage\":\"es\",\"url\":\"https:\/\/soledaddurazo.com\/storage\/2021\/11\/nllp-720x375-1-2.png\",\"contentUrl\":\"https:\/\/soledaddurazo.com\/storage\/2021\/11\/nllp-720x375-1-2.png\",\"width\":720,\"height\":375,\"caption\":\"Soledad Durazo\"},\"image\":{\"@id\":\"https:\/\/soledaddurazo.com\/#logo\"}},{\"@type\":\"WebSite\",\"@id\":\"https:\/\/soledaddurazo.com\/#website\",\"url\":\"https:\/\/soledaddurazo.com\/\",\"name\":\"Periodista SoledadDurazo.com\",\"description\":\"Periodista sonorense. Directora de www.SoledadDurazo.com Columnista, conductora de radio y Tv. Catedr\\u00e1tica en la UNISON\",\"publisher\":{\"@id\":\"https:\/\/soledaddurazo.com\/#organization\"},\"potentialAction\":[{\"@type\":\"SearchAction\",\"target\":{\"@type\":\"EntryPoint\",\"urlTemplate\":\"https:\/\/soledaddurazo.com\/?s={search_term_string}\"},\"query-input\":\"required name=search_term_string\"}],\"inLanguage\":\"es\"},{\"@type\":\"ImageObject\",\"@id\":\"https:\/\/soledaddurazo.com\/blog\/2021\/01\/29\/anuncian-creacion-del-registro-de-apertura-de-confianza-para-personas-morales\/#primaryimage\",\"inLanguage\":\"es\",\"url\":\"https:\/\/soledaddurazo.com\/storage\/2021\/01\/images.jpg\",\"contentUrl\":\"https:\/\/soledaddurazo.com\/storage\/2021\/01\/images.jpg\",\"width\":300,\"height\":168},{\"@type\":\"WebPage\",\"@id\":\"https:\/\/soledaddurazo.com\/blog\/2021\/01\/29\/anuncian-creacion-del-registro-de-apertura-de-confianza-para-personas-morales\/#webpage\",\"url\":\"https:\/\/soledaddurazo.com\/blog\/2021\/01\/29\/anuncian-creacion-del-registro-de-apertura-de-confianza-para-personas-morales\/\",\"name\":\"Anuncian creaci\\u00f3n del Registro de Apertura de Confianza para personas morales - Periodista SoledadDurazo.com\",\"isPartOf\":{\"@id\":\"https:\/\/soledaddurazo.com\/#website\"},\"primaryImageOfPage\":{\"@id\":\"https:\/\/soledaddurazo.com\/blog\/2021\/01\/29\/anuncian-creacion-del-registro-de-apertura-de-confianza-para-personas-morales\/#primaryimage\"},\"datePublished\":\"2021-01-29T08:16:27+00:00\",\"dateModified\":\"2021-01-29T08:16:27+00:00\",\"breadcrumb\":{\"@id\":\"https:\/\/soledaddurazo.com\/blog\/2021\/01\/29\/anuncian-creacion-del-registro-de-apertura-de-confianza-para-personas-morales\/#breadcrumb\"},\"inLanguage\":\"es\",\"potentialAction\":[{\"@type\":\"ReadAction\",\"target\":[\"https:\/\/soledaddurazo.com\/blog\/2021\/01\/29\/anuncian-creacion-del-registro-de-apertura-de-confianza-para-personas-morales\/\"]}]},{\"@type\":\"BreadcrumbList\",\"@id\":\"https:\/\/soledaddurazo.com\/blog\/2021\/01\/29\/anuncian-creacion-del-registro-de-apertura-de-confianza-para-personas-morales\/#breadcrumb\",\"itemListElement\":[{\"@type\":\"ListItem\",\"position\":1,\"name\":\"Home\",\"item\":\"https:\/\/soledaddurazo.com\/\"},{\"@type\":\"ListItem\",\"position\":2,\"name\":\"Anuncian creaci\\u00f3n del Registro de Apertura de Confianza para personas morales\"}]},{\"@type\":\"Article\",\"@id\":\"https:\/\/soledaddurazo.com\/blog\/2021\/01\/29\/anuncian-creacion-del-registro-de-apertura-de-confianza-para-personas-morales\/#article\",\"isPartOf\":{\"@id\":\"https:\/\/soledaddurazo.com\/blog\/2021\/01\/29\/anuncian-creacion-del-registro-de-apertura-de-confianza-para-personas-morales\/#webpage\"},\"author\":{\"@id\":\"https:\/\/soledaddurazo.com\/#\/schema\/person\/822d8e13aa288585e6546f179853758b\"},\"headline\":\"Anuncian creaci\\u00f3n del Registro de Apertura de Confianza para personas morales\",\"datePublished\":\"2021-01-29T08:16:27+00:00\",\"dateModified\":\"2021-01-29T08:16:27+00:00\",\"mainEntityOfPage\":{\"@id\":\"https:\/\/soledaddurazo.com\/blog\/2021\/01\/29\/anuncian-creacion-del-registro-de-apertura-de-confianza-para-personas-morales\/#webpage\"},\"wordCount\":518,\"commentCount\":0,\"publisher\":{\"@id\":\"https:\/\/soledaddurazo.com\/#organization\"},\"image\":{\"@id\":\"https:\/\/soledaddurazo.com\/blog\/2021\/01\/29\/anuncian-creacion-del-registro-de-apertura-de-confianza-para-personas-morales\/#primaryimage\"},\"thumbnailUrl\":\"https:\/\/soledaddurazo.com\/storage\/2021\/01\/images.jpg\",\"articleSection\":[\"Mi Sonora\"],\"inLanguage\":\"es\",\"potentialAction\":[{\"@type\":\"CommentAction\",\"name\":\"Comment\",\"target\":[\"https:\/\/soledaddurazo.com\/blog\/2021\/01\/29\/anuncian-creacion-del-registro-de-apertura-de-confianza-para-personas-morales\/#respond\"]}]},{\"@type\":\"Person\",\"@id\":\"https:\/\/soledaddurazo.com\/#\/schema\/person\/822d8e13aa288585e6546f179853758b\",\"name\":\"Redacci\\u00f3n\",\"image\":{\"@type\":\"ImageObject\",\"@id\":\"https:\/\/soledaddurazo.com\/#personlogo\",\"inLanguage\":\"es\",\"url\":\"https:\/\/secure.gravatar.com\/avatar\/c4e193752f756fd61f04deebed3a3a20dc188d37edb53682d313ac57f2725d54?s=96&d=mm&r=g\",\"contentUrl\":\"https:\/\/secure.gravatar.com\/avatar\/c4e193752f756fd61f04deebed3a3a20dc188d37edb53682d313ac57f2725d54?s=96&d=mm&r=g\",\"caption\":\"Redacci\\u00f3n\"},\"sameAs\":[\"https:\/\/soledaddurazo.com\"]}]}<\/script>\n ","yoast_head_json":{"title":"Anuncian creaci\u00f3n del Registro de Apertura de Confianza para personas morales - Periodista SoledadDurazo.com","robots":{"index":"index","follow":"follow","max-snippet":"max-snippet:-1","max-image-preview":"max-image-preview:large","max-video-preview":"max-video-preview:-1"},"canonical":"https:\/\/soledaddurazo.com\/blog\/2021\/01\/29\/anuncian-creacion-del-registro-de-apertura-de-confianza-para-personas-morales\/","og_locale":"es_MX","og_type":"article","og_title":"Anuncian creaci\u00f3n del Registro de Apertura de Confianza para personas morales","og_description":"La reactivaci\u00f3n de Sonora ha marcado un precedente a nivel nacional en recuperaci\u00f3n econ\u00f3mica, gracias a que se han aprovechado las ventajas competitivas del estado y los retos que han asumido los sectores de mayor crecimiento, asegur\u00f3 Luis N\u00fa\u00f1ez Noriega, al informar sobre la creaci\u00f3n del Registro de Apertura de Confianza para personas morales, una [&hellip;]","og_url":"https:\/\/soledaddurazo.com\/blog\/2021\/01\/29\/anuncian-creacion-del-registro-de-apertura-de-confianza-para-personas-morales\/","og_site_name":"Periodista SoledadDurazo.com","article_publisher":"https:\/\/www.facebook.com\/soledad.durazo.9\/","article_published_time":"2021-01-29T08:16:27+00:00","og_image":[{"width":300,"height":168,"url":"https:\/\/soledaddurazo.com\/storage\/2021\/01\/images.jpg","type":"image\/jpeg"}],"twitter_card":"summary_large_image","twitter_creator":"@SoledadDurazo","twitter_site":"@SoledadDurazo","twitter_misc":{"Escrito por":"Redacci\u00f3n","Tiempo de lectura":"3 minutos"},"schema":{"@context":"https:\/\/schema.org","@graph":[{"@type":"Organization","@id":"https:\/\/soledaddurazo.com\/#organization","name":"Soledad Durazo","url":"https:\/\/soledaddurazo.com\/","sameAs":["https:\/\/www.facebook.com\/soledad.durazo.9\/","https:\/\/www.instagram.com\/soledaddurazo","https:\/\/www.youtube.com\/channel\/UC9yGPw8-Vbl_B2XNkRwPS-w","https:\/\/twitter.com\/SoledadDurazo"],"logo":{"@type":"ImageObject","@id":"https:\/\/soledaddurazo.com\/#logo","inLanguage":"es","url":"https:\/\/soledaddurazo.com\/storage\/2021\/11\/nllp-720x375-1-2.png","contentUrl":"https:\/\/soledaddurazo.com\/storage\/2021\/11\/nllp-720x375-1-2.png","width":720,"height":375,"caption":"Soledad Durazo"},"image":{"@id":"https:\/\/soledaddurazo.com\/#logo"}},{"@type":"WebSite","@id":"https:\/\/soledaddurazo.com\/#website","url":"https:\/\/soledaddurazo.com\/","name":"Periodista SoledadDurazo.com","description":"Periodista sonorense. Directora de www.SoledadDurazo.com Columnista, conductora de radio y Tv. Catedr\u00e1tica en la UNISON","publisher":{"@id":"https:\/\/soledaddurazo.com\/#organization"},"potentialAction":[{"@type":"SearchAction","target":{"@type":"EntryPoint","urlTemplate":"https:\/\/soledaddurazo.com\/?s={search_term_string}"},"query-input":"required name=search_term_string"}],"inLanguage":"es"},{"@type":"ImageObject","@id":"https:\/\/soledaddurazo.com\/blog\/2021\/01\/29\/anuncian-creacion-del-registro-de-apertura-de-confianza-para-personas-morales\/#primaryimage","inLanguage":"es","url":"https:\/\/soledaddurazo.com\/storage\/2021\/01\/images.jpg","contentUrl":"https:\/\/soledaddurazo.com\/storage\/2021\/01\/images.jpg","width":300,"height":168},{"@type":"WebPage","@id":"https:\/\/soledaddurazo.com\/blog\/2021\/01\/29\/anuncian-creacion-del-registro-de-apertura-de-confianza-para-personas-morales\/#webpage","url":"https:\/\/soledaddurazo.com\/blog\/2021\/01\/29\/anuncian-creacion-del-registro-de-apertura-de-confianza-para-personas-morales\/","name":"Anuncian creaci\u00f3n del Registro de Apertura de Confianza para personas morales - Periodista SoledadDurazo.com","isPartOf":{"@id":"https:\/\/soledaddurazo.com\/#website"},"primaryImageOfPage":{"@id":"https:\/\/soledaddurazo.com\/blog\/2021\/01\/29\/anuncian-creacion-del-registro-de-apertura-de-confianza-para-personas-morales\/#primaryimage"},"datePublished":"2021-01-29T08:16:27+00:00","dateModified":"2021-01-29T08:16:27+00:00","breadcrumb":{"@id":"https:\/\/soledaddurazo.com\/blog\/2021\/01\/29\/anuncian-creacion-del-registro-de-apertura-de-confianza-para-personas-morales\/#breadcrumb"},"inLanguage":"es","potentialAction":[{"@type":"ReadAction","target":["https:\/\/soledaddurazo.com\/blog\/2021\/01\/29\/anuncian-creacion-del-registro-de-apertura-de-confianza-para-personas-morales\/"]}]},{"@type":"BreadcrumbList","@id":"https:\/\/soledaddurazo.com\/blog\/2021\/01\/29\/anuncian-creacion-del-registro-de-apertura-de-confianza-para-personas-morales\/#breadcrumb","itemListElement":[{"@type":"ListItem","position":1,"name":"Home","item":"https:\/\/soledaddurazo.com\/"},{"@type":"ListItem","position":2,"name":"Anuncian creaci\u00f3n del Registro de Apertura de Confianza para personas morales"}]},{"@type":"Article","@id":"https:\/\/soledaddurazo.com\/blog\/2021\/01\/29\/anuncian-creacion-del-registro-de-apertura-de-confianza-para-personas-morales\/#article","isPartOf":{"@id":"https:\/\/soledaddurazo.com\/blog\/2021\/01\/29\/anuncian-creacion-del-registro-de-apertura-de-confianza-para-personas-morales\/#webpage"},"author":{"@id":"https:\/\/soledaddurazo.com\/#\/schema\/person\/822d8e13aa288585e6546f179853758b"},"headline":"Anuncian creaci\u00f3n del Registro de Apertura de Confianza para personas morales","datePublished":"2021-01-29T08:16:27+00:00","dateModified":"2021-01-29T08:16:27+00:00","mainEntityOfPage":{"@id":"https:\/\/soledaddurazo.com\/blog\/2021\/01\/29\/anuncian-creacion-del-registro-de-apertura-de-confianza-para-personas-morales\/#webpage"},"wordCount":518,"commentCount":0,"publisher":{"@id":"https:\/\/soledaddurazo.com\/#organization"},"image":{"@id":"https:\/\/soledaddurazo.com\/blog\/2021\/01\/29\/anuncian-creacion-del-registro-de-apertura-de-confianza-para-personas-morales\/#primaryimage"},"thumbnailUrl":"https:\/\/soledaddurazo.com\/storage\/2021\/01\/images.jpg","articleSection":["Mi Sonora"],"inLanguage":"es","potentialAction":[{"@type":"CommentAction","name":"Comment","target":["https:\/\/soledaddurazo.com\/blog\/2021\/01\/29\/anuncian-creacion-del-registro-de-apertura-de-confianza-para-personas-morales\/#respond"]}]},{"@type":"Person","@id":"https:\/\/soledaddurazo.com\/#\/schema\/person\/822d8e13aa288585e6546f179853758b","name":"Redacci\u00f3n","image":{"@type":"ImageObject","@id":"https:\/\/soledaddurazo.com\/#personlogo","inLanguage":"es","url":"https:\/\/secure.gravatar.com\/avatar\/c4e193752f756fd61f04deebed3a3a20dc188d37edb53682d313ac57f2725d54?s=96&d=mm&r=g","contentUrl":"https:\/\/secure.gravatar.com\/avatar\/c4e193752f756fd61f04deebed3a3a20dc188d37edb53682d313ac57f2725d54?s=96&d=mm&r=g","caption":"Redacci\u00f3n"},"sameAs":["https:\/\/soledaddurazo.com"]}]}},"_links":{"self":[{"href":"https:\/\/soledaddurazo.com\/api\/wp\/v2\/posts\/5815","targetHints":{"allow":["GET"]}}],"collection":[{"href":"https:\/\/soledaddurazo.com\/api\/wp\/v2\/posts"}],"about":[{"href":"https:\/\/soledaddurazo.com\/api\/wp\/v2\/types\/post"}],"author":[{"embeddable":true,"href":"https:\/\/soledaddurazo.com\/api\/wp\/v2\/users\/1"}],"replies":[{"embeddable":true,"href":"https:\/\/soledaddurazo.com\/api\/wp\/v2\/comments?post=5815"}],"version-history":[{"count":1,"href":"https:\/\/soledaddurazo.com\/api\/wp\/v2\/posts\/5815\/revisions"}],"predecessor-version":[{"id":5817,"href":"https:\/\/soledaddurazo.com\/api\/wp\/v2\/posts\/5815\/revisions\/5817"}],"wp:featuredmedia":[{"embeddable":true,"href":"https:\/\/soledaddurazo.com\/api\/wp\/v2\/media\/5816"}],"wp:attachment":[{"href":"https:\/\/soledaddurazo.com\/api\/wp\/v2\/media?parent=5815"}],"wp:term":[{"taxonomy":"category","embeddable":true,"href":"https:\/\/soledaddurazo.com\/api\/wp\/v2\/categories?post=5815"},{"taxonomy":"post_tag","embeddable":true,"href":"https:\/\/soledaddurazo.com\/api\/wp\/v2\/tags?post=5815"}],"curies":[{"name":"wp","href":"https:\/\/api.w.org\/{rel}","templated":true}]}}