{"id":5678,"date":"2021-01-25T01:34:55","date_gmt":"2021-01-25T08:34:55","guid":{"rendered":"https:\/\/soledaddurazo.com\/?p=5678"},"modified":"2021-01-25T01:34:55","modified_gmt":"2021-01-25T08:34:55","slug":"lanzan-convocatoria-para-programa-de-recuperacion-economica","status":"publish","type":"post","link":"https:\/\/soledaddurazo.com\/blog\/2021\/01\/25\/lanzan-convocatoria-para-programa-de-recuperacion-economica\/","title":{"rendered":"Lanzan convocatoria para programa de recuperaci\u00f3n econ\u00f3mica"},"content":{"rendered":"<p>Como parte de las acciones con las que el Gobierno de Sonora apoya a los peque\u00f1os empresarios para su recuperaci\u00f3n econ\u00f3mica, luego de pasar por los efectos de la pandemia por COVID-19, la Secretar\u00eda de Econom\u00eda en coordinaci\u00f3n con la Fundaci\u00f3n Wadhwani lanzan la convocatoria Advantage Protect.<\/p>\n<p>Jorge Vidal Ahumada, secretario de Econom\u00eda en el estado, resalt\u00f3 que como parte del Pacto Para Que Siga Sonora, impulsado por la gobernadora\u00a0<span class=\"il\">Claudia<\/span>\u00a0Pavlovich, con el programa Advantage Protect se brindar\u00e1 acompa\u00f1amiento, soporte y mentor\u00eda de consultores de la red de Wadhwani Advantage Network, para guiar a las empresas hacia la estabilizaci\u00f3n y recuperaci\u00f3n econ\u00f3mica.<\/p>\n<p>\u201cEste programa est\u00e1 dentro de las acciones que realiza el Gobierno de Sonora a trav\u00e9s de la Secretar\u00eda de Econom\u00eda, para apoyar a los peque\u00f1os empresarios en su b\u00fasqueda de nuevas herramientas para alcanzar la estabilizaci\u00f3n y recuperaci\u00f3n econ\u00f3mica\u201d.<\/p>\n<p>Vidal Ahumada record\u00f3 que con la Fundaci\u00f3n Wadhwani, el pasado mes de noviembre se iniciaron actividades y vinieron a aportar conocimientos y herramientas, por lo que esta ser\u00eda la segunda convocatoria que se lanza para la entidad.<\/p>\n<p>Esta convocatoria va dirigida a empresas que cuentan por lo menos con 25 empleados y comprueban 20 millones de pesos de ingresos anuales, se\u00f1al\u00f3 el funcionario; Wadhwani Foundation tiene como objetivo acelerar el desarrollo de las economi\u0301as emergentes e impulsar la creacio\u0301n de empleos, apoyado del impulso del emprendimiento, la innovacio\u0301n y desarrollo de habilidades, explic\u00f3 Vidal Ahumada.<\/p>\n<p>Es importante resaltar que el programa ser\u00e1 gratuito, con fecha de cierre de convocatoria el 12 de febrero y los interesados podr\u00e1n registrar en:\u00a0<a href=\"http:\/\/advantage.wfglobal.org\/la\/admisiones\/\" target=\"_blank\" rel=\"noopener noreferrer\" data-saferedirecturl=\"https:\/\/www.google.com\/url?q=http:\/\/advantage.wfglobal.org\/la\/admisiones\/&amp;source=gmail&amp;ust=1611649404691000&amp;usg=AFQjCNGeYxN_LNB3psstf3ANgqyfw5skog\">advantage.wfglobal.org\/la\/<wbr \/>admisiones\/<\/a>, puntualiz\u00f3 el secretario de Econom\u00eda.<\/p>\n","protected":false},"excerpt":{"rendered":"<p>Como parte de las acciones con las que el Gobierno de Sonora apoya a los peque\u00f1os empresarios para su recuperaci\u00f3n econ\u00f3mica, luego de pasar por los efectos de la pandemia por COVID-19, la Secretar\u00eda de Econom\u00eda en coordinaci\u00f3n con la Fundaci\u00f3n Wadhwani lanzan la convocatoria Advantage Protect. Jorge Vidal Ahumada, secretario de Econom\u00eda en el [&hellip;]<\/p>\n","protected":false},"author":1,"featured_media":5679,"comment_status":"open","ping_status":"open","sticky":false,"template":"","format":"standard","meta":{"footnotes":""},"categories":[159],"tags":[],"class_list":["post"],"yoast_head":" \n<title>Lanzan convocatoria para programa de recuperaci\u00f3n econ\u00f3mica - Periodista SoledadDurazo.com<\/title>\n<meta name=\"robots\" content=\"index, follow, max-snippet:-1, max-image-preview:large, max-video-preview:-1\" \/>\n<link rel=\"canonical\" href=\"https:\/\/soledaddurazo.com\/blog\/2021\/01\/25\/lanzan-convocatoria-para-programa-de-recuperacion-economica\/\" \/>\n<meta property=\"og:locale\" content=\"es_MX\" \/>\n<meta property=\"og:type\" content=\"article\" \/>\n<meta property=\"og:title\" content=\"Lanzan convocatoria para programa de recuperaci\u00f3n econ\u00f3mica\" \/>\n<meta property=\"og:description\" content=\"Como parte de las acciones con las que el Gobierno de Sonora apoya a los peque\u00f1os empresarios para su recuperaci\u00f3n econ\u00f3mica, luego de pasar por los efectos de la pandemia por COVID-19, la Secretar\u00eda de Econom\u00eda en coordinaci\u00f3n con la Fundaci\u00f3n Wadhwani lanzan la convocatoria Advantage Protect. Jorge Vidal Ahumada, secretario de Econom\u00eda en el [&hellip;]\" \/>\n<meta property=\"og:url\" content=\"https:\/\/soledaddurazo.com\/blog\/2021\/01\/25\/lanzan-convocatoria-para-programa-de-recuperacion-economica\/\" \/>\n<meta property=\"og:site_name\" content=\"Periodista SoledadDurazo.com\" \/>\n<meta property=\"article:publisher\" content=\"https:\/\/www.facebook.com\/soledad.durazo.9\/\" \/>\n<meta property=\"article:published_time\" content=\"2021-01-25T08:34:55+00:00\" \/>\n<meta property=\"og:image\" content=\"https:\/\/soledaddurazo.com\/storage\/2021\/01\/0121145.jpeg\" \/>\n\t<meta property=\"og:image:width\" content=\"510\" \/>\n\t<meta property=\"og:image:height\" content=\"722\" \/>\n<meta name=\"twitter:card\" content=\"summary_large_image\" \/>\n<meta name=\"twitter:creator\" content=\"@SoledadDurazo\" \/>\n<meta name=\"twitter:site\" content=\"@SoledadDurazo\" \/>\n<meta name=\"twitter:label1\" content=\"Escrito por\" \/>\n\t<meta name=\"twitter:data1\" content=\"Redacci\u00f3n\" \/>\n\t<meta name=\"twitter:label2\" content=\"Tiempo de lectura\" \/>\n\t<meta name=\"twitter:data2\" content=\"1 minuto\" \/>\n<script type=\"application\/ld+json\" class=\"yoast-schema-graph\">{\"@context\":\"https:\/\/schema.org\",\"@graph\":[{\"@type\":\"Organization\",\"@id\":\"https:\/\/soledaddurazo.com\/#organization\",\"name\":\"Soledad Durazo\",\"url\":\"https:\/\/soledaddurazo.com\/\",\"sameAs\":[\"https:\/\/www.facebook.com\/soledad.durazo.9\/\",\"https:\/\/www.instagram.com\/soledaddurazo\",\"https:\/\/www.youtube.com\/channel\/UC9yGPw8-Vbl_B2XNkRwPS-w\",\"https:\/\/twitter.com\/SoledadDurazo\"],\"logo\":{\"@type\":\"ImageObject\",\"@id\":\"https:\/\/soledaddurazo.com\/#logo\",\"inLanguage\":\"es\",\"url\":\"https:\/\/soledaddurazo.com\/storage\/2021\/11\/nllp-720x375-1-2.png\",\"contentUrl\":\"https:\/\/soledaddurazo.com\/storage\/2021\/11\/nllp-720x375-1-2.png\",\"width\":720,\"height\":375,\"caption\":\"Soledad Durazo\"},\"image\":{\"@id\":\"https:\/\/soledaddurazo.com\/#logo\"}},{\"@type\":\"WebSite\",\"@id\":\"https:\/\/soledaddurazo.com\/#website\",\"url\":\"https:\/\/soledaddurazo.com\/\",\"name\":\"Periodista SoledadDurazo.com\",\"description\":\"Periodista sonorense. Directora de www.SoledadDurazo.com Columnista, conductora de radio y Tv. Catedr\\u00e1tica en la UNISON\",\"publisher\":{\"@id\":\"https:\/\/soledaddurazo.com\/#organization\"},\"potentialAction\":[{\"@type\":\"SearchAction\",\"target\":{\"@type\":\"EntryPoint\",\"urlTemplate\":\"https:\/\/soledaddurazo.com\/?s={search_term_string}\"},\"query-input\":\"required name=search_term_string\"}],\"inLanguage\":\"es\"},{\"@type\":\"ImageObject\",\"@id\":\"https:\/\/soledaddurazo.com\/blog\/2021\/01\/25\/lanzan-convocatoria-para-programa-de-recuperacion-economica\/#primaryimage\",\"inLanguage\":\"es\",\"url\":\"https:\/\/soledaddurazo.com\/storage\/2021\/01\/0121145.jpeg\",\"contentUrl\":\"https:\/\/soledaddurazo.com\/storage\/2021\/01\/0121145.jpeg\",\"width\":510,\"height\":722},{\"@type\":\"WebPage\",\"@id\":\"https:\/\/soledaddurazo.com\/blog\/2021\/01\/25\/lanzan-convocatoria-para-programa-de-recuperacion-economica\/#webpage\",\"url\":\"https:\/\/soledaddurazo.com\/blog\/2021\/01\/25\/lanzan-convocatoria-para-programa-de-recuperacion-economica\/\",\"name\":\"Lanzan convocatoria para programa de recuperaci\\u00f3n econ\\u00f3mica - Periodista SoledadDurazo.com\",\"isPartOf\":{\"@id\":\"https:\/\/soledaddurazo.com\/#website\"},\"primaryImageOfPage\":{\"@id\":\"https:\/\/soledaddurazo.com\/blog\/2021\/01\/25\/lanzan-convocatoria-para-programa-de-recuperacion-economica\/#primaryimage\"},\"datePublished\":\"2021-01-25T08:34:55+00:00\",\"dateModified\":\"2021-01-25T08:34:55+00:00\",\"breadcrumb\":{\"@id\":\"https:\/\/soledaddurazo.com\/blog\/2021\/01\/25\/lanzan-convocatoria-para-programa-de-recuperacion-economica\/#breadcrumb\"},\"inLanguage\":\"es\",\"potentialAction\":[{\"@type\":\"ReadAction\",\"target\":[\"https:\/\/soledaddurazo.com\/blog\/2021\/01\/25\/lanzan-convocatoria-para-programa-de-recuperacion-economica\/\"]}]},{\"@type\":\"BreadcrumbList\",\"@id\":\"https:\/\/soledaddurazo.com\/blog\/2021\/01\/25\/lanzan-convocatoria-para-programa-de-recuperacion-economica\/#breadcrumb\",\"itemListElement\":[{\"@type\":\"ListItem\",\"position\":1,\"name\":\"Home\",\"item\":\"https:\/\/soledaddurazo.com\/\"},{\"@type\":\"ListItem\",\"position\":2,\"name\":\"Lanzan convocatoria para programa de recuperaci\\u00f3n econ\\u00f3mica\"}]},{\"@type\":\"Article\",\"@id\":\"https:\/\/soledaddurazo.com\/blog\/2021\/01\/25\/lanzan-convocatoria-para-programa-de-recuperacion-economica\/#article\",\"isPartOf\":{\"@id\":\"https:\/\/soledaddurazo.com\/blog\/2021\/01\/25\/lanzan-convocatoria-para-programa-de-recuperacion-economica\/#webpage\"},\"author\":{\"@id\":\"https:\/\/soledaddurazo.com\/#\/schema\/person\/822d8e13aa288585e6546f179853758b\"},\"headline\":\"Lanzan convocatoria para programa de recuperaci\\u00f3n econ\\u00f3mica\",\"datePublished\":\"2021-01-25T08:34:55+00:00\",\"dateModified\":\"2021-01-25T08:34:55+00:00\",\"mainEntityOfPage\":{\"@id\":\"https:\/\/soledaddurazo.com\/blog\/2021\/01\/25\/lanzan-convocatoria-para-programa-de-recuperacion-economica\/#webpage\"},\"wordCount\":306,\"commentCount\":0,\"publisher\":{\"@id\":\"https:\/\/soledaddurazo.com\/#organization\"},\"image\":{\"@id\":\"https:\/\/soledaddurazo.com\/blog\/2021\/01\/25\/lanzan-convocatoria-para-programa-de-recuperacion-economica\/#primaryimage\"},\"thumbnailUrl\":\"https:\/\/soledaddurazo.com\/storage\/2021\/01\/0121145.jpeg\",\"articleSection\":[\"Mi Sonora\"],\"inLanguage\":\"es\",\"potentialAction\":[{\"@type\":\"CommentAction\",\"name\":\"Comment\",\"target\":[\"https:\/\/soledaddurazo.com\/blog\/2021\/01\/25\/lanzan-convocatoria-para-programa-de-recuperacion-economica\/#respond\"]}]},{\"@type\":\"Person\",\"@id\":\"https:\/\/soledaddurazo.com\/#\/schema\/person\/822d8e13aa288585e6546f179853758b\",\"name\":\"Redacci\\u00f3n\",\"image\":{\"@type\":\"ImageObject\",\"@id\":\"https:\/\/soledaddurazo.com\/#personlogo\",\"inLanguage\":\"es\",\"url\":\"https:\/\/secure.gravatar.com\/avatar\/c4e193752f756fd61f04deebed3a3a20dc188d37edb53682d313ac57f2725d54?s=96&d=mm&r=g\",\"contentUrl\":\"https:\/\/secure.gravatar.com\/avatar\/c4e193752f756fd61f04deebed3a3a20dc188d37edb53682d313ac57f2725d54?s=96&d=mm&r=g\",\"caption\":\"Redacci\\u00f3n\"},\"sameAs\":[\"https:\/\/soledaddurazo.com\"]}]}<\/script>\n ","yoast_head_json":{"title":"Lanzan convocatoria para programa de recuperaci\u00f3n econ\u00f3mica - Periodista SoledadDurazo.com","robots":{"index":"index","follow":"follow","max-snippet":"max-snippet:-1","max-image-preview":"max-image-preview:large","max-video-preview":"max-video-preview:-1"},"canonical":"https:\/\/soledaddurazo.com\/blog\/2021\/01\/25\/lanzan-convocatoria-para-programa-de-recuperacion-economica\/","og_locale":"es_MX","og_type":"article","og_title":"Lanzan convocatoria para programa de recuperaci\u00f3n econ\u00f3mica","og_description":"Como parte de las acciones con las que el Gobierno de Sonora apoya a los peque\u00f1os empresarios para su recuperaci\u00f3n econ\u00f3mica, luego de pasar por los efectos de la pandemia por COVID-19, la Secretar\u00eda de Econom\u00eda en coordinaci\u00f3n con la Fundaci\u00f3n Wadhwani lanzan la convocatoria Advantage Protect. Jorge Vidal Ahumada, secretario de Econom\u00eda en el [&hellip;]","og_url":"https:\/\/soledaddurazo.com\/blog\/2021\/01\/25\/lanzan-convocatoria-para-programa-de-recuperacion-economica\/","og_site_name":"Periodista SoledadDurazo.com","article_publisher":"https:\/\/www.facebook.com\/soledad.durazo.9\/","article_published_time":"2021-01-25T08:34:55+00:00","og_image":[{"width":510,"height":722,"url":"https:\/\/soledaddurazo.com\/storage\/2021\/01\/0121145.jpeg","type":"image\/jpeg"}],"twitter_card":"summary_large_image","twitter_creator":"@SoledadDurazo","twitter_site":"@SoledadDurazo","twitter_misc":{"Escrito por":"Redacci\u00f3n","Tiempo de lectura":"1 minuto"},"schema":{"@context":"https:\/\/schema.org","@graph":[{"@type":"Organization","@id":"https:\/\/soledaddurazo.com\/#organization","name":"Soledad Durazo","url":"https:\/\/soledaddurazo.com\/","sameAs":["https:\/\/www.facebook.com\/soledad.durazo.9\/","https:\/\/www.instagram.com\/soledaddurazo","https:\/\/www.youtube.com\/channel\/UC9yGPw8-Vbl_B2XNkRwPS-w","https:\/\/twitter.com\/SoledadDurazo"],"logo":{"@type":"ImageObject","@id":"https:\/\/soledaddurazo.com\/#logo","inLanguage":"es","url":"https:\/\/soledaddurazo.com\/storage\/2021\/11\/nllp-720x375-1-2.png","contentUrl":"https:\/\/soledaddurazo.com\/storage\/2021\/11\/nllp-720x375-1-2.png","width":720,"height":375,"caption":"Soledad Durazo"},"image":{"@id":"https:\/\/soledaddurazo.com\/#logo"}},{"@type":"WebSite","@id":"https:\/\/soledaddurazo.com\/#website","url":"https:\/\/soledaddurazo.com\/","name":"Periodista SoledadDurazo.com","description":"Periodista sonorense. Directora de www.SoledadDurazo.com Columnista, conductora de radio y Tv. Catedr\u00e1tica en la UNISON","publisher":{"@id":"https:\/\/soledaddurazo.com\/#organization"},"potentialAction":[{"@type":"SearchAction","target":{"@type":"EntryPoint","urlTemplate":"https:\/\/soledaddurazo.com\/?s={search_term_string}"},"query-input":"required name=search_term_string"}],"inLanguage":"es"},{"@type":"ImageObject","@id":"https:\/\/soledaddurazo.com\/blog\/2021\/01\/25\/lanzan-convocatoria-para-programa-de-recuperacion-economica\/#primaryimage","inLanguage":"es","url":"https:\/\/soledaddurazo.com\/storage\/2021\/01\/0121145.jpeg","contentUrl":"https:\/\/soledaddurazo.com\/storage\/2021\/01\/0121145.jpeg","width":510,"height":722},{"@type":"WebPage","@id":"https:\/\/soledaddurazo.com\/blog\/2021\/01\/25\/lanzan-convocatoria-para-programa-de-recuperacion-economica\/#webpage","url":"https:\/\/soledaddurazo.com\/blog\/2021\/01\/25\/lanzan-convocatoria-para-programa-de-recuperacion-economica\/","name":"Lanzan convocatoria para programa de recuperaci\u00f3n econ\u00f3mica - Periodista SoledadDurazo.com","isPartOf":{"@id":"https:\/\/soledaddurazo.com\/#website"},"primaryImageOfPage":{"@id":"https:\/\/soledaddurazo.com\/blog\/2021\/01\/25\/lanzan-convocatoria-para-programa-de-recuperacion-economica\/#primaryimage"},"datePublished":"2021-01-25T08:34:55+00:00","dateModified":"2021-01-25T08:34:55+00:00","breadcrumb":{"@id":"https:\/\/soledaddurazo.com\/blog\/2021\/01\/25\/lanzan-convocatoria-para-programa-de-recuperacion-economica\/#breadcrumb"},"inLanguage":"es","potentialAction":[{"@type":"ReadAction","target":["https:\/\/soledaddurazo.com\/blog\/2021\/01\/25\/lanzan-convocatoria-para-programa-de-recuperacion-economica\/"]}]},{"@type":"BreadcrumbList","@id":"https:\/\/soledaddurazo.com\/blog\/2021\/01\/25\/lanzan-convocatoria-para-programa-de-recuperacion-economica\/#breadcrumb","itemListElement":[{"@type":"ListItem","position":1,"name":"Home","item":"https:\/\/soledaddurazo.com\/"},{"@type":"ListItem","position":2,"name":"Lanzan convocatoria para programa de recuperaci\u00f3n econ\u00f3mica"}]},{"@type":"Article","@id":"https:\/\/soledaddurazo.com\/blog\/2021\/01\/25\/lanzan-convocatoria-para-programa-de-recuperacion-economica\/#article","isPartOf":{"@id":"https:\/\/soledaddurazo.com\/blog\/2021\/01\/25\/lanzan-convocatoria-para-programa-de-recuperacion-economica\/#webpage"},"author":{"@id":"https:\/\/soledaddurazo.com\/#\/schema\/person\/822d8e13aa288585e6546f179853758b"},"headline":"Lanzan convocatoria para programa de recuperaci\u00f3n econ\u00f3mica","datePublished":"2021-01-25T08:34:55+00:00","dateModified":"2021-01-25T08:34:55+00:00","mainEntityOfPage":{"@id":"https:\/\/soledaddurazo.com\/blog\/2021\/01\/25\/lanzan-convocatoria-para-programa-de-recuperacion-economica\/#webpage"},"wordCount":306,"commentCount":0,"publisher":{"@id":"https:\/\/soledaddurazo.com\/#organization"},"image":{"@id":"https:\/\/soledaddurazo.com\/blog\/2021\/01\/25\/lanzan-convocatoria-para-programa-de-recuperacion-economica\/#primaryimage"},"thumbnailUrl":"https:\/\/soledaddurazo.com\/storage\/2021\/01\/0121145.jpeg","articleSection":["Mi Sonora"],"inLanguage":"es","potentialAction":[{"@type":"CommentAction","name":"Comment","target":["https:\/\/soledaddurazo.com\/blog\/2021\/01\/25\/lanzan-convocatoria-para-programa-de-recuperacion-economica\/#respond"]}]},{"@type":"Person","@id":"https:\/\/soledaddurazo.com\/#\/schema\/person\/822d8e13aa288585e6546f179853758b","name":"Redacci\u00f3n","image":{"@type":"ImageObject","@id":"https:\/\/soledaddurazo.com\/#personlogo","inLanguage":"es","url":"https:\/\/secure.gravatar.com\/avatar\/c4e193752f756fd61f04deebed3a3a20dc188d37edb53682d313ac57f2725d54?s=96&d=mm&r=g","contentUrl":"https:\/\/secure.gravatar.com\/avatar\/c4e193752f756fd61f04deebed3a3a20dc188d37edb53682d313ac57f2725d54?s=96&d=mm&r=g","caption":"Redacci\u00f3n"},"sameAs":["https:\/\/soledaddurazo.com"]}]}},"_links":{"self":[{"href":"https:\/\/soledaddurazo.com\/api\/wp\/v2\/posts\/5678","targetHints":{"allow":["GET"]}}],"collection":[{"href":"https:\/\/soledaddurazo.com\/api\/wp\/v2\/posts"}],"about":[{"href":"https:\/\/soledaddurazo.com\/api\/wp\/v2\/types\/post"}],"author":[{"embeddable":true,"href":"https:\/\/soledaddurazo.com\/api\/wp\/v2\/users\/1"}],"replies":[{"embeddable":true,"href":"https:\/\/soledaddurazo.com\/api\/wp\/v2\/comments?post=5678"}],"version-history":[{"count":1,"href":"https:\/\/soledaddurazo.com\/api\/wp\/v2\/posts\/5678\/revisions"}],"predecessor-version":[{"id":5680,"href":"https:\/\/soledaddurazo.com\/api\/wp\/v2\/posts\/5678\/revisions\/5680"}],"wp:featuredmedia":[{"embeddable":true,"href":"https:\/\/soledaddurazo.com\/api\/wp\/v2\/media\/5679"}],"wp:attachment":[{"href":"https:\/\/soledaddurazo.com\/api\/wp\/v2\/media?parent=5678"}],"wp:term":[{"taxonomy":"category","embeddable":true,"href":"https:\/\/soledaddurazo.com\/api\/wp\/v2\/categories?post=5678"},{"taxonomy":"post_tag","embeddable":true,"href":"https:\/\/soledaddurazo.com\/api\/wp\/v2\/tags?post=5678"}],"curies":[{"name":"wp","href":"https:\/\/api.w.org\/{rel}","templated":true}]}}