{"id":5669,"date":"2021-01-25T01:28:30","date_gmt":"2021-01-25T08:28:30","guid":{"rendered":"https:\/\/soledaddurazo.com\/?p=5669"},"modified":"2021-01-25T01:28:30","modified_gmt":"2021-01-25T08:28:30","slug":"programa-de-salud-estudiantil-inicio-imparticion-de-platicas-y-talleres-virtuales","status":"publish","type":"post","link":"https:\/\/soledaddurazo.com\/blog\/2021\/01\/25\/programa-de-salud-estudiantil-inicio-imparticion-de-platicas-y-talleres-virtuales\/","title":{"rendered":"Programa de Salud Estudiantil inici\u00f3 impartici\u00f3n de pl\u00e1ticas y talleres virtuales"},"content":{"rendered":"<p>La Direcci\u00f3n de Servicios Estudiantiles de la Universidad de Sonora ha programado para el semestre 2021-1 una serie de pl\u00e1ticas y talleres de promoci\u00f3n para el cuidado de la salud de los estudiantes a trav\u00e9s de la plataforma Teams, inform\u00f3 Aracely Ornelas Arana, responsable del Programa de Salud Estudiantil (PSE).<\/p>\n<p>Para la Unison, la formaci\u00f3n integral de sus estudiantes se ha convertido en un imperativo, en tanto que busca formar profesionistas competentes y con responsabilidad social. Para ello, dijo, se impulsa un nuevo modelo educativo que pretende favorecer el desarrollo arm\u00f3nico y equilibrado de las dimensiones intelectuales, culturales, \u00e9ticas, sociales y f\u00edsicas del estudiante.<\/p>\n<p>\u201cPreservar la salud de nuestros estudiantes es fundamental para que obtengan un mejor desempe\u00f1o en el \u00e1mbito acad\u00e9mico, laboral y social, la Direcci\u00f3n de Servicios Estudiantiles cuenta con el Programa de Salud Estudiantil, cuyo objetivo fundamental es fomentar el cuidado de la salud del alumno a trav\u00e9s de consultas m\u00e9dicas generales, odontol\u00f3gicas, psicol\u00f3gicas y de nutrici\u00f3n; as\u00ed como orientaci\u00f3n sobre diferentes temas relacionados con la prevenci\u00f3n de enfermedades\u201d, indic\u00f3 Ornelas Arana.<\/p>\n<p>\u201cAnte la situaci\u00f3n de la pandemia, y el inter\u00e9s de continuar con la tarea de acercar temas y acciones de salud a los estudiantes, se ha logrado una productiva coordinaci\u00f3n con la Direcci\u00f3n de Vinculaci\u00f3n y Difusi\u00f3n para que todas las actividades agendadas cuenten con la acreditaci\u00f3n del programa Culturest, y se promocionen a trav\u00e9s de su portal\u201d, expuso.<\/p>\n<p>Para el primer trimestre del a\u00f1o se ha agendado una serie de temas, que ya est\u00e1n se est\u00e1n promocionando a trav\u00e9s de Culturest. Cabe se\u00f1alar, observ\u00f3, que se han incluido temas donde tambi\u00e9n se apoya a la comunidad de estudiantes ind\u00edgenas o con discapacidad, para que puedan cumplir con sus acreditaciones Culturest.<\/p>\n<p>En lo que resta del mes de enero, ayer viernes se llev\u00f3 a cabo el Taller de anticonceptivos, donde se dio a conocer toda la gama disponible de anticonceptivos femeninos y masculinos, as\u00ed como la selecci\u00f3n adecuada para cada persona; y el mi\u00e9rcoles 27 de enero, se ha programado la pl\u00e1tica Consejos y beneficios a la salud mental y f\u00edsica durante la pandemia, enfocada en promover h\u00e1bitos saludables y qu\u00e9 beneficios podemos encontrar en la salud f\u00edsica y mental durante este per\u00edodo de educaci\u00f3n virtual por pandemia, a\u00f1adi\u00f3.<\/p>\n<p>Para febrero y marzo se tienen programadas diversas charlas, conferencias y talleres en los que se abordar\u00e1n tem\u00e1ticas como c\u00e1ncer de mama, hepatitis, salud psicol\u00f3gica, infecciones de transmisi\u00f3n sexual, anticonceptivos, reanimaci\u00f3n cardiopulmonar, trastornos alimenticios, enfermedades prevenibles por vacunaci\u00f3n (paperas, influenza, tuberculosis), entre otras, detall\u00f3 la responsable del PSE.<\/p>\n<p><strong>T\u00e9cnicas de control de estr\u00e9s<\/strong><\/p>\n<p>La primera actividad realizada por el Programa de Salud Estudiantil en el semestre en curso fue la pl\u00e1tica T\u00e9cnicas de control de estr\u00e9s, con el objetivo de dar a conocer a la comunidad universitaria los efectos del estr\u00e9s y t\u00e9cnicas adecuadas para su control. La pl\u00e1tica tuvo registro de m\u00e1s de un centenar de estudiantes conectados durante la reuni\u00f3n a trav\u00e9s de la plataforma Teams.<\/p>\n<p>Carolina Torres Medina y Paulina Palazuelos, pasantes de la Licenciatura en Medicina y prestadoras de Servicio Social en la Direcci\u00f3n de Servicios Estudiantiles, fueron las responsables de exponer qu\u00e9 es el estr\u00e9s, qu\u00e9 alteraciones puede producir en nuestro sistema u organismo, las causas y las t\u00e9cnicas para poder controlarlo y que nos puedan servir en nuestra vida diaria, acad\u00e9mica y familiar.<\/p>\n<p>\u201cEl estr\u00e9s significa una amenaza real o supuesta a la integridad fisiol\u00f3gica o psicol\u00f3gica de un individuo, que resulta en una respuesta fisiol\u00f3gica y\/o conductual; es un est\u00edmulo puntual, agresivo o no, percibido como amenazante para la homoestasis\u201d, indic\u00f3 Torres Medina.<\/p>\n<p>Agreg\u00f3 que la homoestasis es el equilibrio que todo sistema y organismo debe mantener para conservar un nivel de salud \u00f3ptimo, o lo mejor posible, para que funcione correctamente. Adem\u00e1s, explic\u00f3 detalladamente los diferentes factores estresantes y las fases del estr\u00e9s.<\/p>\n<p>Por su parte, Paulina Palazuelos destac\u00f3 que seg\u00fan un estudio desarrollado por la Asociaci\u00f3n Americana de Psicolog\u00eda, las personas entre 18 a 33 a\u00f1os son m\u00e1s propensos a estresarse, rango de edad en el cual se encuentra la mayor\u00eda de los universitarios.<\/p>\n<p>\u201cEl estr\u00e9s que sufren los j\u00f3venes los hace m\u00e1s propensos a los cuadros de irritabilidad y a sufrir ansiedad y depresi\u00f3n, esto tambi\u00e9n agregando sus formas de liberaci\u00f3n de estr\u00e9s, que son m\u00e1s que nada sedentarias, como los juegos de consola, que en algunos casos no ayudan a relajarse, sino todo lo contrario&#8221;, revel\u00f3.<\/p>\n<p>Entre los motivos por los cuales una persona puede estresarse en la vida universitaria est\u00e1n el reprobar los ex\u00e1menes, entrega de trabajos, la vida amorosa, el riesgo de un embarazo no deseado, no encontrar trabajo, encontrar trabajo que no nos gusta y las deudas, todas ellas situaciones generadoras de estr\u00e9s.<\/p>\n<p>Tambi\u00e9n comparti\u00f3 a los asistentes virtuales informaci\u00f3n valiosa sobre los pilares de los estresores psicol\u00f3gicos, y recomend\u00f3 la atenci\u00f3n plena (mindfulness) como t\u00e9cnica para poder sobrellevar el estr\u00e9s, la cual combina la meditaci\u00f3n y la relajaci\u00f3n, y en fechas recientes diversos estudios han demostrado que reduce la ansiedad y el estr\u00e9s cuando se combina regularmente.<\/p>\n","protected":false},"excerpt":{"rendered":"<p>La Direcci\u00f3n de Servicios Estudiantiles de la Universidad de Sonora ha programado para el semestre 2021-1 una serie de pl\u00e1ticas y talleres de promoci\u00f3n para el cuidado de la salud de los estudiantes a trav\u00e9s de la plataforma Teams, inform\u00f3 Aracely Ornelas Arana, responsable del Programa de Salud Estudiantil (PSE). Para la Unison, la formaci\u00f3n [&hellip;]<\/p>\n","protected":false},"author":1,"featured_media":5670,"comment_status":"open","ping_status":"open","sticky":false,"template":"","format":"standard","meta":{"footnotes":""},"categories":[159],"tags":[],"class_list":["post"],"yoast_head":" \n<title>Programa de Salud Estudiantil inici\u00f3 impartici\u00f3n de pl\u00e1ticas y talleres virtuales - Periodista SoledadDurazo.com<\/title>\n<meta name=\"robots\" content=\"index, follow, max-snippet:-1, max-image-preview:large, max-video-preview:-1\" \/>\n<link rel=\"canonical\" href=\"https:\/\/soledaddurazo.com\/blog\/2021\/01\/25\/programa-de-salud-estudiantil-inicio-imparticion-de-platicas-y-talleres-virtuales\/\" \/>\n<meta property=\"og:locale\" content=\"es_MX\" \/>\n<meta property=\"og:type\" content=\"article\" \/>\n<meta property=\"og:title\" content=\"Programa de Salud Estudiantil inici\u00f3 impartici\u00f3n de pl\u00e1ticas y talleres virtuales\" \/>\n<meta property=\"og:description\" content=\"La Direcci\u00f3n de Servicios Estudiantiles de la Universidad de Sonora ha programado para el semestre 2021-1 una serie de pl\u00e1ticas y talleres de promoci\u00f3n para el cuidado de la salud de los estudiantes a trav\u00e9s de la plataforma Teams, inform\u00f3 Aracely Ornelas Arana, responsable del Programa de Salud Estudiantil (PSE). Para la Unison, la formaci\u00f3n [&hellip;]\" \/>\n<meta property=\"og:url\" content=\"https:\/\/soledaddurazo.com\/blog\/2021\/01\/25\/programa-de-salud-estudiantil-inicio-imparticion-de-platicas-y-talleres-virtuales\/\" \/>\n<meta property=\"og:site_name\" content=\"Periodista SoledadDurazo.com\" \/>\n<meta property=\"article:publisher\" content=\"https:\/\/www.facebook.com\/soledad.durazo.9\/\" \/>\n<meta property=\"article:published_time\" content=\"2021-01-25T08:28:30+00:00\" \/>\n<meta property=\"og:image\" content=\"https:\/\/soledaddurazo.com\/storage\/2021\/01\/30519.jpg\" \/>\n\t<meta property=\"og:image:width\" content=\"400\" \/>\n\t<meta property=\"og:image:height\" content=\"250\" \/>\n<meta name=\"twitter:card\" content=\"summary_large_image\" \/>\n<meta name=\"twitter:creator\" content=\"@SoledadDurazo\" \/>\n<meta name=\"twitter:site\" content=\"@SoledadDurazo\" \/>\n<meta name=\"twitter:label1\" content=\"Escrito por\" \/>\n\t<meta name=\"twitter:data1\" content=\"Redacci\u00f3n\" \/>\n\t<meta name=\"twitter:label2\" content=\"Tiempo de lectura\" \/>\n\t<meta name=\"twitter:data2\" content=\"5 minutos\" \/>\n<script type=\"application\/ld+json\" class=\"yoast-schema-graph\">{\"@context\":\"https:\/\/schema.org\",\"@graph\":[{\"@type\":\"Organization\",\"@id\":\"https:\/\/soledaddurazo.com\/#organization\",\"name\":\"Soledad Durazo\",\"url\":\"https:\/\/soledaddurazo.com\/\",\"sameAs\":[\"https:\/\/www.facebook.com\/soledad.durazo.9\/\",\"https:\/\/www.instagram.com\/soledaddurazo\",\"https:\/\/www.youtube.com\/channel\/UC9yGPw8-Vbl_B2XNkRwPS-w\",\"https:\/\/twitter.com\/SoledadDurazo\"],\"logo\":{\"@type\":\"ImageObject\",\"@id\":\"https:\/\/soledaddurazo.com\/#logo\",\"inLanguage\":\"es\",\"url\":\"https:\/\/soledaddurazo.com\/storage\/2021\/11\/nllp-720x375-1-2.png\",\"contentUrl\":\"https:\/\/soledaddurazo.com\/storage\/2021\/11\/nllp-720x375-1-2.png\",\"width\":720,\"height\":375,\"caption\":\"Soledad Durazo\"},\"image\":{\"@id\":\"https:\/\/soledaddurazo.com\/#logo\"}},{\"@type\":\"WebSite\",\"@id\":\"https:\/\/soledaddurazo.com\/#website\",\"url\":\"https:\/\/soledaddurazo.com\/\",\"name\":\"Periodista SoledadDurazo.com\",\"description\":\"Periodista sonorense. Directora de www.SoledadDurazo.com Columnista, conductora de radio y Tv. Catedr\\u00e1tica en la UNISON\",\"publisher\":{\"@id\":\"https:\/\/soledaddurazo.com\/#organization\"},\"potentialAction\":[{\"@type\":\"SearchAction\",\"target\":{\"@type\":\"EntryPoint\",\"urlTemplate\":\"https:\/\/soledaddurazo.com\/?s={search_term_string}\"},\"query-input\":\"required name=search_term_string\"}],\"inLanguage\":\"es\"},{\"@type\":\"ImageObject\",\"@id\":\"https:\/\/soledaddurazo.com\/blog\/2021\/01\/25\/programa-de-salud-estudiantil-inicio-imparticion-de-platicas-y-talleres-virtuales\/#primaryimage\",\"inLanguage\":\"es\",\"url\":\"https:\/\/soledaddurazo.com\/storage\/2021\/01\/30519.jpg\",\"contentUrl\":\"https:\/\/soledaddurazo.com\/storage\/2021\/01\/30519.jpg\",\"width\":400,\"height\":250},{\"@type\":\"WebPage\",\"@id\":\"https:\/\/soledaddurazo.com\/blog\/2021\/01\/25\/programa-de-salud-estudiantil-inicio-imparticion-de-platicas-y-talleres-virtuales\/#webpage\",\"url\":\"https:\/\/soledaddurazo.com\/blog\/2021\/01\/25\/programa-de-salud-estudiantil-inicio-imparticion-de-platicas-y-talleres-virtuales\/\",\"name\":\"Programa de Salud Estudiantil inici\\u00f3 impartici\\u00f3n de pl\\u00e1ticas y talleres virtuales - Periodista SoledadDurazo.com\",\"isPartOf\":{\"@id\":\"https:\/\/soledaddurazo.com\/#website\"},\"primaryImageOfPage\":{\"@id\":\"https:\/\/soledaddurazo.com\/blog\/2021\/01\/25\/programa-de-salud-estudiantil-inicio-imparticion-de-platicas-y-talleres-virtuales\/#primaryimage\"},\"datePublished\":\"2021-01-25T08:28:30+00:00\",\"dateModified\":\"2021-01-25T08:28:30+00:00\",\"breadcrumb\":{\"@id\":\"https:\/\/soledaddurazo.com\/blog\/2021\/01\/25\/programa-de-salud-estudiantil-inicio-imparticion-de-platicas-y-talleres-virtuales\/#breadcrumb\"},\"inLanguage\":\"es\",\"potentialAction\":[{\"@type\":\"ReadAction\",\"target\":[\"https:\/\/soledaddurazo.com\/blog\/2021\/01\/25\/programa-de-salud-estudiantil-inicio-imparticion-de-platicas-y-talleres-virtuales\/\"]}]},{\"@type\":\"BreadcrumbList\",\"@id\":\"https:\/\/soledaddurazo.com\/blog\/2021\/01\/25\/programa-de-salud-estudiantil-inicio-imparticion-de-platicas-y-talleres-virtuales\/#breadcrumb\",\"itemListElement\":[{\"@type\":\"ListItem\",\"position\":1,\"name\":\"Home\",\"item\":\"https:\/\/soledaddurazo.com\/\"},{\"@type\":\"ListItem\",\"position\":2,\"name\":\"Programa de Salud Estudiantil inici\\u00f3 impartici\\u00f3n de pl\\u00e1ticas y talleres virtuales\"}]},{\"@type\":\"Article\",\"@id\":\"https:\/\/soledaddurazo.com\/blog\/2021\/01\/25\/programa-de-salud-estudiantil-inicio-imparticion-de-platicas-y-talleres-virtuales\/#article\",\"isPartOf\":{\"@id\":\"https:\/\/soledaddurazo.com\/blog\/2021\/01\/25\/programa-de-salud-estudiantil-inicio-imparticion-de-platicas-y-talleres-virtuales\/#webpage\"},\"author\":{\"@id\":\"https:\/\/soledaddurazo.com\/#\/schema\/person\/822d8e13aa288585e6546f179853758b\"},\"headline\":\"Programa de Salud Estudiantil inici\\u00f3 impartici\\u00f3n de pl\\u00e1ticas y talleres virtuales\",\"datePublished\":\"2021-01-25T08:28:30+00:00\",\"dateModified\":\"2021-01-25T08:28:30+00:00\",\"mainEntityOfPage\":{\"@id\":\"https:\/\/soledaddurazo.com\/blog\/2021\/01\/25\/programa-de-salud-estudiantil-inicio-imparticion-de-platicas-y-talleres-virtuales\/#webpage\"},\"wordCount\":943,\"commentCount\":0,\"publisher\":{\"@id\":\"https:\/\/soledaddurazo.com\/#organization\"},\"image\":{\"@id\":\"https:\/\/soledaddurazo.com\/blog\/2021\/01\/25\/programa-de-salud-estudiantil-inicio-imparticion-de-platicas-y-talleres-virtuales\/#primaryimage\"},\"thumbnailUrl\":\"https:\/\/soledaddurazo.com\/storage\/2021\/01\/30519.jpg\",\"articleSection\":[\"Mi Sonora\"],\"inLanguage\":\"es\",\"potentialAction\":[{\"@type\":\"CommentAction\",\"name\":\"Comment\",\"target\":[\"https:\/\/soledaddurazo.com\/blog\/2021\/01\/25\/programa-de-salud-estudiantil-inicio-imparticion-de-platicas-y-talleres-virtuales\/#respond\"]}]},{\"@type\":\"Person\",\"@id\":\"https:\/\/soledaddurazo.com\/#\/schema\/person\/822d8e13aa288585e6546f179853758b\",\"name\":\"Redacci\\u00f3n\",\"image\":{\"@type\":\"ImageObject\",\"@id\":\"https:\/\/soledaddurazo.com\/#personlogo\",\"inLanguage\":\"es\",\"url\":\"https:\/\/secure.gravatar.com\/avatar\/c4e193752f756fd61f04deebed3a3a20dc188d37edb53682d313ac57f2725d54?s=96&d=mm&r=g\",\"contentUrl\":\"https:\/\/secure.gravatar.com\/avatar\/c4e193752f756fd61f04deebed3a3a20dc188d37edb53682d313ac57f2725d54?s=96&d=mm&r=g\",\"caption\":\"Redacci\\u00f3n\"},\"sameAs\":[\"https:\/\/soledaddurazo.com\"]}]}<\/script>\n ","yoast_head_json":{"title":"Programa de Salud Estudiantil inici\u00f3 impartici\u00f3n de pl\u00e1ticas y talleres virtuales - Periodista SoledadDurazo.com","robots":{"index":"index","follow":"follow","max-snippet":"max-snippet:-1","max-image-preview":"max-image-preview:large","max-video-preview":"max-video-preview:-1"},"canonical":"https:\/\/soledaddurazo.com\/blog\/2021\/01\/25\/programa-de-salud-estudiantil-inicio-imparticion-de-platicas-y-talleres-virtuales\/","og_locale":"es_MX","og_type":"article","og_title":"Programa de Salud Estudiantil inici\u00f3 impartici\u00f3n de pl\u00e1ticas y talleres virtuales","og_description":"La Direcci\u00f3n de Servicios Estudiantiles de la Universidad de Sonora ha programado para el semestre 2021-1 una serie de pl\u00e1ticas y talleres de promoci\u00f3n para el cuidado de la salud de los estudiantes a trav\u00e9s de la plataforma Teams, inform\u00f3 Aracely Ornelas Arana, responsable del Programa de Salud Estudiantil (PSE). Para la Unison, la formaci\u00f3n [&hellip;]","og_url":"https:\/\/soledaddurazo.com\/blog\/2021\/01\/25\/programa-de-salud-estudiantil-inicio-imparticion-de-platicas-y-talleres-virtuales\/","og_site_name":"Periodista SoledadDurazo.com","article_publisher":"https:\/\/www.facebook.com\/soledad.durazo.9\/","article_published_time":"2021-01-25T08:28:30+00:00","og_image":[{"width":400,"height":250,"url":"https:\/\/soledaddurazo.com\/storage\/2021\/01\/30519.jpg","type":"image\/jpeg"}],"twitter_card":"summary_large_image","twitter_creator":"@SoledadDurazo","twitter_site":"@SoledadDurazo","twitter_misc":{"Escrito por":"Redacci\u00f3n","Tiempo de lectura":"5 minutos"},"schema":{"@context":"https:\/\/schema.org","@graph":[{"@type":"Organization","@id":"https:\/\/soledaddurazo.com\/#organization","name":"Soledad Durazo","url":"https:\/\/soledaddurazo.com\/","sameAs":["https:\/\/www.facebook.com\/soledad.durazo.9\/","https:\/\/www.instagram.com\/soledaddurazo","https:\/\/www.youtube.com\/channel\/UC9yGPw8-Vbl_B2XNkRwPS-w","https:\/\/twitter.com\/SoledadDurazo"],"logo":{"@type":"ImageObject","@id":"https:\/\/soledaddurazo.com\/#logo","inLanguage":"es","url":"https:\/\/soledaddurazo.com\/storage\/2021\/11\/nllp-720x375-1-2.png","contentUrl":"https:\/\/soledaddurazo.com\/storage\/2021\/11\/nllp-720x375-1-2.png","width":720,"height":375,"caption":"Soledad Durazo"},"image":{"@id":"https:\/\/soledaddurazo.com\/#logo"}},{"@type":"WebSite","@id":"https:\/\/soledaddurazo.com\/#website","url":"https:\/\/soledaddurazo.com\/","name":"Periodista SoledadDurazo.com","description":"Periodista sonorense. Directora de www.SoledadDurazo.com Columnista, conductora de radio y Tv. Catedr\u00e1tica en la UNISON","publisher":{"@id":"https:\/\/soledaddurazo.com\/#organization"},"potentialAction":[{"@type":"SearchAction","target":{"@type":"EntryPoint","urlTemplate":"https:\/\/soledaddurazo.com\/?s={search_term_string}"},"query-input":"required name=search_term_string"}],"inLanguage":"es"},{"@type":"ImageObject","@id":"https:\/\/soledaddurazo.com\/blog\/2021\/01\/25\/programa-de-salud-estudiantil-inicio-imparticion-de-platicas-y-talleres-virtuales\/#primaryimage","inLanguage":"es","url":"https:\/\/soledaddurazo.com\/storage\/2021\/01\/30519.jpg","contentUrl":"https:\/\/soledaddurazo.com\/storage\/2021\/01\/30519.jpg","width":400,"height":250},{"@type":"WebPage","@id":"https:\/\/soledaddurazo.com\/blog\/2021\/01\/25\/programa-de-salud-estudiantil-inicio-imparticion-de-platicas-y-talleres-virtuales\/#webpage","url":"https:\/\/soledaddurazo.com\/blog\/2021\/01\/25\/programa-de-salud-estudiantil-inicio-imparticion-de-platicas-y-talleres-virtuales\/","name":"Programa de Salud Estudiantil inici\u00f3 impartici\u00f3n de pl\u00e1ticas y talleres virtuales - Periodista SoledadDurazo.com","isPartOf":{"@id":"https:\/\/soledaddurazo.com\/#website"},"primaryImageOfPage":{"@id":"https:\/\/soledaddurazo.com\/blog\/2021\/01\/25\/programa-de-salud-estudiantil-inicio-imparticion-de-platicas-y-talleres-virtuales\/#primaryimage"},"datePublished":"2021-01-25T08:28:30+00:00","dateModified":"2021-01-25T08:28:30+00:00","breadcrumb":{"@id":"https:\/\/soledaddurazo.com\/blog\/2021\/01\/25\/programa-de-salud-estudiantil-inicio-imparticion-de-platicas-y-talleres-virtuales\/#breadcrumb"},"inLanguage":"es","potentialAction":[{"@type":"ReadAction","target":["https:\/\/soledaddurazo.com\/blog\/2021\/01\/25\/programa-de-salud-estudiantil-inicio-imparticion-de-platicas-y-talleres-virtuales\/"]}]},{"@type":"BreadcrumbList","@id":"https:\/\/soledaddurazo.com\/blog\/2021\/01\/25\/programa-de-salud-estudiantil-inicio-imparticion-de-platicas-y-talleres-virtuales\/#breadcrumb","itemListElement":[{"@type":"ListItem","position":1,"name":"Home","item":"https:\/\/soledaddurazo.com\/"},{"@type":"ListItem","position":2,"name":"Programa de Salud Estudiantil inici\u00f3 impartici\u00f3n de pl\u00e1ticas y talleres virtuales"}]},{"@type":"Article","@id":"https:\/\/soledaddurazo.com\/blog\/2021\/01\/25\/programa-de-salud-estudiantil-inicio-imparticion-de-platicas-y-talleres-virtuales\/#article","isPartOf":{"@id":"https:\/\/soledaddurazo.com\/blog\/2021\/01\/25\/programa-de-salud-estudiantil-inicio-imparticion-de-platicas-y-talleres-virtuales\/#webpage"},"author":{"@id":"https:\/\/soledaddurazo.com\/#\/schema\/person\/822d8e13aa288585e6546f179853758b"},"headline":"Programa de Salud Estudiantil inici\u00f3 impartici\u00f3n de pl\u00e1ticas y talleres virtuales","datePublished":"2021-01-25T08:28:30+00:00","dateModified":"2021-01-25T08:28:30+00:00","mainEntityOfPage":{"@id":"https:\/\/soledaddurazo.com\/blog\/2021\/01\/25\/programa-de-salud-estudiantil-inicio-imparticion-de-platicas-y-talleres-virtuales\/#webpage"},"wordCount":943,"commentCount":0,"publisher":{"@id":"https:\/\/soledaddurazo.com\/#organization"},"image":{"@id":"https:\/\/soledaddurazo.com\/blog\/2021\/01\/25\/programa-de-salud-estudiantil-inicio-imparticion-de-platicas-y-talleres-virtuales\/#primaryimage"},"thumbnailUrl":"https:\/\/soledaddurazo.com\/storage\/2021\/01\/30519.jpg","articleSection":["Mi Sonora"],"inLanguage":"es","potentialAction":[{"@type":"CommentAction","name":"Comment","target":["https:\/\/soledaddurazo.com\/blog\/2021\/01\/25\/programa-de-salud-estudiantil-inicio-imparticion-de-platicas-y-talleres-virtuales\/#respond"]}]},{"@type":"Person","@id":"https:\/\/soledaddurazo.com\/#\/schema\/person\/822d8e13aa288585e6546f179853758b","name":"Redacci\u00f3n","image":{"@type":"ImageObject","@id":"https:\/\/soledaddurazo.com\/#personlogo","inLanguage":"es","url":"https:\/\/secure.gravatar.com\/avatar\/c4e193752f756fd61f04deebed3a3a20dc188d37edb53682d313ac57f2725d54?s=96&d=mm&r=g","contentUrl":"https:\/\/secure.gravatar.com\/avatar\/c4e193752f756fd61f04deebed3a3a20dc188d37edb53682d313ac57f2725d54?s=96&d=mm&r=g","caption":"Redacci\u00f3n"},"sameAs":["https:\/\/soledaddurazo.com"]}]}},"_links":{"self":[{"href":"https:\/\/soledaddurazo.com\/api\/wp\/v2\/posts\/5669","targetHints":{"allow":["GET"]}}],"collection":[{"href":"https:\/\/soledaddurazo.com\/api\/wp\/v2\/posts"}],"about":[{"href":"https:\/\/soledaddurazo.com\/api\/wp\/v2\/types\/post"}],"author":[{"embeddable":true,"href":"https:\/\/soledaddurazo.com\/api\/wp\/v2\/users\/1"}],"replies":[{"embeddable":true,"href":"https:\/\/soledaddurazo.com\/api\/wp\/v2\/comments?post=5669"}],"version-history":[{"count":1,"href":"https:\/\/soledaddurazo.com\/api\/wp\/v2\/posts\/5669\/revisions"}],"predecessor-version":[{"id":5671,"href":"https:\/\/soledaddurazo.com\/api\/wp\/v2\/posts\/5669\/revisions\/5671"}],"wp:featuredmedia":[{"embeddable":true,"href":"https:\/\/soledaddurazo.com\/api\/wp\/v2\/media\/5670"}],"wp:attachment":[{"href":"https:\/\/soledaddurazo.com\/api\/wp\/v2\/media?parent=5669"}],"wp:term":[{"taxonomy":"category","embeddable":true,"href":"https:\/\/soledaddurazo.com\/api\/wp\/v2\/categories?post=5669"},{"taxonomy":"post_tag","embeddable":true,"href":"https:\/\/soledaddurazo.com\/api\/wp\/v2\/tags?post=5669"}],"curies":[{"name":"wp","href":"https:\/\/api.w.org\/{rel}","templated":true}]}}