{"id":5623,"date":"2021-01-20T13:25:17","date_gmt":"2021-01-20T20:25:17","guid":{"rendered":"https:\/\/soledaddurazo.com\/?p=5623"},"modified":"2021-01-20T13:25:17","modified_gmt":"2021-01-20T20:25:17","slug":"hermosillo-epicentro-del-coronavirus-2","status":"publish","type":"post","link":"https:\/\/soledaddurazo.com\/blog\/2021\/01\/20\/hermosillo-epicentro-del-coronavirus-2\/","title":{"rendered":"Hermosillo epicentro del coronavirus"},"content":{"rendered":"<p>Estamos viviendo momentos dif\u00edciles, un microsc\u00f3pico virus ha puesto de cabeza al mundo, alter\u00f3 nuestra forma de vivir, de relacionarnos, de trabajar.<\/p>\n<p>Hace solo un a\u00f1o que arrib\u00e1bamos al 2020 con proyectos por emprender y metas por alcanzar, nunca nos imaginamos las pruebas que deber\u00edamos de sortear.<\/p>\n<p>Hemos pasado por aflicciones, p\u00e9rdidas materiales y muchos de nosotros hemos tenido que lamentar la amarga perdida de nuestros seres queridos, de los amigos, de los vecinos, de los compa\u00f1eros de trabajo.<\/p>\n<p>Pero lo que no destruye, fortalece, esa ser\u00e1 nuestra herramienta para hacer este 2021, un a\u00f1o donde prevalezca lo mejor de nosotros mismos y congruentes con nuestra historia como pueblo, le demos la vuelta a la p\u00e1gina para salir adelante.<\/p>\n<p>M\u00faltiples factores han ocasionado un recrudecimiento de contagios, a\u00fan mayor que en la primera parte de la emergencia sanitaria, los n\u00fameros de muertos est\u00e1n superando hasta los pron\u00f3sticos m\u00e1s catastr\u00f3ficos y la situaci\u00f3n es muy grave, aqu\u00ed en Sonora, ha sido necesario tomar medidas extremas para evitar la movilidad social como emitir un C\u00f3digo Rojo, en tres municipios del estado, incluyendo la capital del estado, que es ni m\u00e1s ni menos, el epicentro del coronavirus en el estado.<\/p>\n<p>Hermosillo viene superando en las \u00faltimas semanas hasta por el triple de casos y defunciones, a los municipios que le siguen en n\u00famero de contagios.<\/p>\n<p>Pero la llama de la esperanza se aviva, al fin lleg\u00f3 Sonora la vacuna que acabe con los contagios de coronavirus y detenga los miles de muertes registradas o no, que se siguen presentando, el personal que combate el coronavirus en la primera trinchera ya est\u00e1 siendo vacunado.<\/p>\n<p>El proceso no ser\u00e1 tan r\u00e1pido, habr\u00e1 retrasos y obst\u00e1culos que deber\u00e1n de sortear quienes se encargan de aplicar la vacuna, pero a\u00fan que critiquemos que es poca la cantidad de vacunas que se est\u00e1n aplicando, comparativamente con el n\u00famero de vacunas aplicadas en otros pa\u00edses del llamado tercer mundo, M\u00e9xico es el pa\u00eds que mayor n\u00famero de vacunas aplica.<\/p>\n<p>El 2021 es esperanzador, gracias a la ciencia que desarroll\u00f3 el ant\u00eddoto para combatir una enfermedad que nos cambi\u00f3 la vida, ya nada ser\u00e1 igual que antes, pero como seres que evolucionan, debemos adaptarnos a nuestra nueva realidad. 2021 ah\u00ed vamos con todo.<\/p>\n<p><strong>ERNESTO G\u00c1NDAR CON MUJERES<\/strong><\/p>\n<p>Ya con la precandidatura de unos de los tres partidos que conforman la alianza Va Por Sonora en el bolsillo, Ernesto G\u00e1ndara despliega fuerte actividad de proselitismo al reunirse con distintos sectores y organizaciones.<\/p>\n<p>\u201cEl Borrego\u201d G\u00e1ndara hace unos d\u00edas tuvo un dialog\u00f3 con organizaciones sindicales, ayer, junto a su esposa Pily Madrid, convers\u00f3 largo y tendido con un grupo de m\u00e1s de trescientas mujeres de todo el estado, profesionistas, amas de casa, empresarias, estudiantes y desde luego, mujeres en pol\u00edtica, hicieron uso de la tecnolog\u00eda para interactuar manifestando sus inquietudes y puntos de vista sobre temas de relevancia.<\/p>\n<p>Mostrando que va por una gran alianza con la sociedad y que Va Por Sonora no es una alianza solamente de siglas, Ernesto G\u00e1ndara viene dejando claro que en este proceso no se trata de generar odios ni crispaciones, por el contrario, no cae en provocaciones, se dedica a escuchar a quienes traen el pulso de lo que se pueda mejorar o corregir en los sectores de la sociedad y de la econom\u00eda.<\/p>\n<p>Por cierto, en los micr\u00f3fonos de la mesa de an\u00e1lisis del programa SONORA EN RED que se transmite para el sur de Sonora por la se\u00f1al de la RED 93.3 de F.M. estaremos con Ernesto G\u00e1ndara para platicar de todo como en botica.<\/p>\n<p><strong>MILITANCIA DE MORENA DESCONCERTADA<\/strong><\/p>\n<p>En los pasillos de Morena es un rumor a voces el acuerdo pol\u00edtico que realizaron Presidentes Municipales, Diputados locales y Federales, con el actual dirigente nacional, Mario Delgado, cuando este buscaba en campa\u00f1a la Presidencia el partido guinda.<\/p>\n<p>El acuerdo fue simple, a cambio de otorgar su voto en la elecci\u00f3n de la dirigencia nacional, ya cuando fuera el tiempo de seleccionar candidatos, Mario Delgado apoyar\u00eda su reelecci\u00f3n. As\u00ed se explica el fen\u00f3meno que se presenta en Morena, una especie de fiebre por la reelecci\u00f3n que le ha pegado a Diputados y Presidentes Municipales, son pocos los que han desistido aparecer en una boleta electoral en las elecciones del pr\u00f3ximo seis de junio.<\/p>\n<p>A prop\u00f3sito que ya se dio a conocer que los candidatos de Morena los definir\u00e1 una encuesta, la pregunta de los 54 mil es: \u00bfC\u00f3mo le va hacer el Diputado Federal Heriberto Aguilar? Al que no le ha ido nada bien \u00faltimamente, primero se contagi\u00f3 de coronavirus y despu\u00e9s entr\u00f3 al hospital con peritonitis y seg\u00fan los reportes m\u00e9dicos convalecer\u00e1 por varias semanas en su casa, lo que le impedir\u00e1 hacer precampa\u00f1a en el amplio Distrito cuatro federal, conformado por 39 municipios.<\/p>\n<p>Hasta le criticaron al Diputado Heriberto Aguilar, subir una foto a redes sociales, postrado en la cama, con todo y cobija verde con logo del IMSS, que no cualquier paciente tiene ese lujo. Definitivamente no le ha ido bien al Diputado, ma\u00f1ana tarde y noche, las benditas redes sociales le reprochan su ausencia en el Distrito.<\/p>\n<p>Todav\u00eda recuerdo con hilaridad, las declaraciones que el Diputado Heriberto Aguilar nos hizo en una entrevista para la RED 93.3, con motivo de la aprobaci\u00f3n del presupuesto federal 2019.<\/p>\n<p>Nos sali\u00f3 con que Sonora y Sinaloa recib\u00edan en conjunto, como si ambas entidades tuvieran la misma administraci\u00f3n, el presupuesto federal. Hay veces que en este oficio de informar es dif\u00edcil contener la risa, como para darle el Premio Nacional de Administraci\u00f3n por ese innovador descubrimiento. Casi por nada le est\u00e1n tupiendo de reclamos en redes sociales.<\/p>\n<p>Para los amigos de todo el sur de Sonora, los invito a escuchar de 13:00 a 14:00 horas, SONORA EN RED NOTICIAS, por el 93.3 del cuadrante de F.M. que tambi\u00e9n puede ser visto por la se\u00f1al de TV Azteca Tucson, \u00a0en todo el sur de Arizona. No se lo pierdan.<\/p>\n<p>Podemos interactuar a trav\u00e9s de mi cuenta de Twitter @feroropeza20 o en mi correo electr\u00f3nico\u00a0<a href=\"mailto:luiso@hmo.megared.net.mx\">luiso@hmo.megared.net.mx<\/a><\/p>\n<p>&nbsp;<\/p>\n","protected":false},"excerpt":{"rendered":"<p>Estamos viviendo momentos dif\u00edciles, un microsc\u00f3pico virus ha puesto de cabeza al mundo, alter\u00f3 nuestra forma de vivir, de relacionarnos, de trabajar. Hace solo un a\u00f1o que arrib\u00e1bamos al 2020 con proyectos por emprender y metas por alcanzar, nunca nos imaginamos las pruebas que deber\u00edamos de sortear. Hemos pasado por aflicciones, p\u00e9rdidas materiales y muchos [&hellip;]<\/p>\n","protected":false},"author":1,"featured_media":5530,"comment_status":"open","ping_status":"open","sticky":false,"template":"","format":"standard","meta":{"footnotes":""},"categories":[173],"tags":[],"class_list":["post"],"yoast_head":" \n<title>Hermosillo epicentro del coronavirus - Periodista SoledadDurazo.com<\/title>\n<meta name=\"robots\" content=\"index, follow, max-snippet:-1, max-image-preview:large, max-video-preview:-1\" \/>\n<link rel=\"canonical\" href=\"https:\/\/soledaddurazo.com\/blog\/2021\/01\/20\/hermosillo-epicentro-del-coronavirus-2\/\" \/>\n<meta property=\"og:locale\" content=\"es_MX\" \/>\n<meta property=\"og:type\" content=\"article\" \/>\n<meta property=\"og:title\" content=\"Hermosillo epicentro del coronavirus\" \/>\n<meta property=\"og:description\" content=\"Estamos viviendo momentos dif\u00edciles, un microsc\u00f3pico virus ha puesto de cabeza al mundo, alter\u00f3 nuestra forma de vivir, de relacionarnos, de trabajar. Hace solo un a\u00f1o que arrib\u00e1bamos al 2020 con proyectos por emprender y metas por alcanzar, nunca nos imaginamos las pruebas que deber\u00edamos de sortear. Hemos pasado por aflicciones, p\u00e9rdidas materiales y muchos [&hellip;]\" \/>\n<meta property=\"og:url\" content=\"https:\/\/soledaddurazo.com\/blog\/2021\/01\/20\/hermosillo-epicentro-del-coronavirus-2\/\" \/>\n<meta property=\"og:site_name\" content=\"Periodista SoledadDurazo.com\" \/>\n<meta property=\"article:publisher\" content=\"https:\/\/www.facebook.com\/soledad.durazo.9\/\" \/>\n<meta property=\"article:published_time\" content=\"2021-01-20T20:25:17+00:00\" \/>\n<meta property=\"og:image\" content=\"https:\/\/soledaddurazo.com\/storage\/2021\/01\/FOTO-FERNANDO-OROPEZA.jpg\" \/>\n\t<meta property=\"og:image:width\" content=\"1732\" \/>\n\t<meta property=\"og:image:height\" content=\"1154\" \/>\n<meta name=\"twitter:card\" content=\"summary_large_image\" \/>\n<meta name=\"twitter:creator\" content=\"@SoledadDurazo\" \/>\n<meta name=\"twitter:site\" content=\"@SoledadDurazo\" \/>\n<meta name=\"twitter:label1\" content=\"Escrito por\" \/>\n\t<meta name=\"twitter:data1\" content=\"Redacci\u00f3n\" \/>\n\t<meta name=\"twitter:label2\" content=\"Tiempo de lectura\" \/>\n\t<meta name=\"twitter:data2\" content=\"5 minutos\" \/>\n<script type=\"application\/ld+json\" class=\"yoast-schema-graph\">{\"@context\":\"https:\/\/schema.org\",\"@graph\":[{\"@type\":\"Organization\",\"@id\":\"https:\/\/soledaddurazo.com\/#organization\",\"name\":\"Soledad Durazo\",\"url\":\"https:\/\/soledaddurazo.com\/\",\"sameAs\":[\"https:\/\/www.facebook.com\/soledad.durazo.9\/\",\"https:\/\/www.instagram.com\/soledaddurazo\",\"https:\/\/www.youtube.com\/channel\/UC9yGPw8-Vbl_B2XNkRwPS-w\",\"https:\/\/twitter.com\/SoledadDurazo\"],\"logo\":{\"@type\":\"ImageObject\",\"@id\":\"https:\/\/soledaddurazo.com\/#logo\",\"inLanguage\":\"es\",\"url\":\"https:\/\/soledaddurazo.com\/storage\/2021\/11\/nllp-720x375-1-2.png\",\"contentUrl\":\"https:\/\/soledaddurazo.com\/storage\/2021\/11\/nllp-720x375-1-2.png\",\"width\":720,\"height\":375,\"caption\":\"Soledad Durazo\"},\"image\":{\"@id\":\"https:\/\/soledaddurazo.com\/#logo\"}},{\"@type\":\"WebSite\",\"@id\":\"https:\/\/soledaddurazo.com\/#website\",\"url\":\"https:\/\/soledaddurazo.com\/\",\"name\":\"Periodista SoledadDurazo.com\",\"description\":\"Periodista sonorense. Directora de www.SoledadDurazo.com Columnista, conductora de radio y Tv. Catedr\\u00e1tica en la UNISON\",\"publisher\":{\"@id\":\"https:\/\/soledaddurazo.com\/#organization\"},\"potentialAction\":[{\"@type\":\"SearchAction\",\"target\":{\"@type\":\"EntryPoint\",\"urlTemplate\":\"https:\/\/soledaddurazo.com\/?s={search_term_string}\"},\"query-input\":\"required name=search_term_string\"}],\"inLanguage\":\"es\"},{\"@type\":\"ImageObject\",\"@id\":\"https:\/\/soledaddurazo.com\/blog\/2021\/01\/20\/hermosillo-epicentro-del-coronavirus-2\/#primaryimage\",\"inLanguage\":\"es\",\"url\":\"https:\/\/soledaddurazo.com\/storage\/2021\/01\/FOTO-FERNANDO-OROPEZA.jpg\",\"contentUrl\":\"https:\/\/soledaddurazo.com\/storage\/2021\/01\/FOTO-FERNANDO-OROPEZA.jpg\",\"width\":1732,\"height\":1154},{\"@type\":\"WebPage\",\"@id\":\"https:\/\/soledaddurazo.com\/blog\/2021\/01\/20\/hermosillo-epicentro-del-coronavirus-2\/#webpage\",\"url\":\"https:\/\/soledaddurazo.com\/blog\/2021\/01\/20\/hermosillo-epicentro-del-coronavirus-2\/\",\"name\":\"Hermosillo epicentro del coronavirus - Periodista SoledadDurazo.com\",\"isPartOf\":{\"@id\":\"https:\/\/soledaddurazo.com\/#website\"},\"primaryImageOfPage\":{\"@id\":\"https:\/\/soledaddurazo.com\/blog\/2021\/01\/20\/hermosillo-epicentro-del-coronavirus-2\/#primaryimage\"},\"datePublished\":\"2021-01-20T20:25:17+00:00\",\"dateModified\":\"2021-01-20T20:25:17+00:00\",\"breadcrumb\":{\"@id\":\"https:\/\/soledaddurazo.com\/blog\/2021\/01\/20\/hermosillo-epicentro-del-coronavirus-2\/#breadcrumb\"},\"inLanguage\":\"es\",\"potentialAction\":[{\"@type\":\"ReadAction\",\"target\":[\"https:\/\/soledaddurazo.com\/blog\/2021\/01\/20\/hermosillo-epicentro-del-coronavirus-2\/\"]}]},{\"@type\":\"BreadcrumbList\",\"@id\":\"https:\/\/soledaddurazo.com\/blog\/2021\/01\/20\/hermosillo-epicentro-del-coronavirus-2\/#breadcrumb\",\"itemListElement\":[{\"@type\":\"ListItem\",\"position\":1,\"name\":\"Home\",\"item\":\"https:\/\/soledaddurazo.com\/\"},{\"@type\":\"ListItem\",\"position\":2,\"name\":\"Hermosillo epicentro del coronavirus\"}]},{\"@type\":\"Article\",\"@id\":\"https:\/\/soledaddurazo.com\/blog\/2021\/01\/20\/hermosillo-epicentro-del-coronavirus-2\/#article\",\"isPartOf\":{\"@id\":\"https:\/\/soledaddurazo.com\/blog\/2021\/01\/20\/hermosillo-epicentro-del-coronavirus-2\/#webpage\"},\"author\":{\"@id\":\"https:\/\/soledaddurazo.com\/#\/schema\/person\/822d8e13aa288585e6546f179853758b\"},\"headline\":\"Hermosillo epicentro del coronavirus\",\"datePublished\":\"2021-01-20T20:25:17+00:00\",\"dateModified\":\"2021-01-20T20:25:17+00:00\",\"mainEntityOfPage\":{\"@id\":\"https:\/\/soledaddurazo.com\/blog\/2021\/01\/20\/hermosillo-epicentro-del-coronavirus-2\/#webpage\"},\"wordCount\":1069,\"commentCount\":0,\"publisher\":{\"@id\":\"https:\/\/soledaddurazo.com\/#organization\"},\"image\":{\"@id\":\"https:\/\/soledaddurazo.com\/blog\/2021\/01\/20\/hermosillo-epicentro-del-coronavirus-2\/#primaryimage\"},\"thumbnailUrl\":\"https:\/\/soledaddurazo.com\/storage\/2021\/01\/FOTO-FERNANDO-OROPEZA.jpg\",\"articleSection\":[\"Fernando Oropeza\"],\"inLanguage\":\"es\",\"potentialAction\":[{\"@type\":\"CommentAction\",\"name\":\"Comment\",\"target\":[\"https:\/\/soledaddurazo.com\/blog\/2021\/01\/20\/hermosillo-epicentro-del-coronavirus-2\/#respond\"]}]},{\"@type\":\"Person\",\"@id\":\"https:\/\/soledaddurazo.com\/#\/schema\/person\/822d8e13aa288585e6546f179853758b\",\"name\":\"Redacci\\u00f3n\",\"image\":{\"@type\":\"ImageObject\",\"@id\":\"https:\/\/soledaddurazo.com\/#personlogo\",\"inLanguage\":\"es\",\"url\":\"https:\/\/secure.gravatar.com\/avatar\/c4e193752f756fd61f04deebed3a3a20dc188d37edb53682d313ac57f2725d54?s=96&d=mm&r=g\",\"contentUrl\":\"https:\/\/secure.gravatar.com\/avatar\/c4e193752f756fd61f04deebed3a3a20dc188d37edb53682d313ac57f2725d54?s=96&d=mm&r=g\",\"caption\":\"Redacci\\u00f3n\"},\"sameAs\":[\"https:\/\/soledaddurazo.com\"]}]}<\/script>\n ","yoast_head_json":{"title":"Hermosillo epicentro del coronavirus - Periodista SoledadDurazo.com","robots":{"index":"index","follow":"follow","max-snippet":"max-snippet:-1","max-image-preview":"max-image-preview:large","max-video-preview":"max-video-preview:-1"},"canonical":"https:\/\/soledaddurazo.com\/blog\/2021\/01\/20\/hermosillo-epicentro-del-coronavirus-2\/","og_locale":"es_MX","og_type":"article","og_title":"Hermosillo epicentro del coronavirus","og_description":"Estamos viviendo momentos dif\u00edciles, un microsc\u00f3pico virus ha puesto de cabeza al mundo, alter\u00f3 nuestra forma de vivir, de relacionarnos, de trabajar. Hace solo un a\u00f1o que arrib\u00e1bamos al 2020 con proyectos por emprender y metas por alcanzar, nunca nos imaginamos las pruebas que deber\u00edamos de sortear. Hemos pasado por aflicciones, p\u00e9rdidas materiales y muchos [&hellip;]","og_url":"https:\/\/soledaddurazo.com\/blog\/2021\/01\/20\/hermosillo-epicentro-del-coronavirus-2\/","og_site_name":"Periodista SoledadDurazo.com","article_publisher":"https:\/\/www.facebook.com\/soledad.durazo.9\/","article_published_time":"2021-01-20T20:25:17+00:00","og_image":[{"width":1732,"height":1154,"url":"https:\/\/soledaddurazo.com\/storage\/2021\/01\/FOTO-FERNANDO-OROPEZA.jpg","type":"image\/jpeg"}],"twitter_card":"summary_large_image","twitter_creator":"@SoledadDurazo","twitter_site":"@SoledadDurazo","twitter_misc":{"Escrito por":"Redacci\u00f3n","Tiempo de lectura":"5 minutos"},"schema":{"@context":"https:\/\/schema.org","@graph":[{"@type":"Organization","@id":"https:\/\/soledaddurazo.com\/#organization","name":"Soledad Durazo","url":"https:\/\/soledaddurazo.com\/","sameAs":["https:\/\/www.facebook.com\/soledad.durazo.9\/","https:\/\/www.instagram.com\/soledaddurazo","https:\/\/www.youtube.com\/channel\/UC9yGPw8-Vbl_B2XNkRwPS-w","https:\/\/twitter.com\/SoledadDurazo"],"logo":{"@type":"ImageObject","@id":"https:\/\/soledaddurazo.com\/#logo","inLanguage":"es","url":"https:\/\/soledaddurazo.com\/storage\/2021\/11\/nllp-720x375-1-2.png","contentUrl":"https:\/\/soledaddurazo.com\/storage\/2021\/11\/nllp-720x375-1-2.png","width":720,"height":375,"caption":"Soledad Durazo"},"image":{"@id":"https:\/\/soledaddurazo.com\/#logo"}},{"@type":"WebSite","@id":"https:\/\/soledaddurazo.com\/#website","url":"https:\/\/soledaddurazo.com\/","name":"Periodista SoledadDurazo.com","description":"Periodista sonorense. Directora de www.SoledadDurazo.com Columnista, conductora de radio y Tv. Catedr\u00e1tica en la UNISON","publisher":{"@id":"https:\/\/soledaddurazo.com\/#organization"},"potentialAction":[{"@type":"SearchAction","target":{"@type":"EntryPoint","urlTemplate":"https:\/\/soledaddurazo.com\/?s={search_term_string}"},"query-input":"required name=search_term_string"}],"inLanguage":"es"},{"@type":"ImageObject","@id":"https:\/\/soledaddurazo.com\/blog\/2021\/01\/20\/hermosillo-epicentro-del-coronavirus-2\/#primaryimage","inLanguage":"es","url":"https:\/\/soledaddurazo.com\/storage\/2021\/01\/FOTO-FERNANDO-OROPEZA.jpg","contentUrl":"https:\/\/soledaddurazo.com\/storage\/2021\/01\/FOTO-FERNANDO-OROPEZA.jpg","width":1732,"height":1154},{"@type":"WebPage","@id":"https:\/\/soledaddurazo.com\/blog\/2021\/01\/20\/hermosillo-epicentro-del-coronavirus-2\/#webpage","url":"https:\/\/soledaddurazo.com\/blog\/2021\/01\/20\/hermosillo-epicentro-del-coronavirus-2\/","name":"Hermosillo epicentro del coronavirus - Periodista SoledadDurazo.com","isPartOf":{"@id":"https:\/\/soledaddurazo.com\/#website"},"primaryImageOfPage":{"@id":"https:\/\/soledaddurazo.com\/blog\/2021\/01\/20\/hermosillo-epicentro-del-coronavirus-2\/#primaryimage"},"datePublished":"2021-01-20T20:25:17+00:00","dateModified":"2021-01-20T20:25:17+00:00","breadcrumb":{"@id":"https:\/\/soledaddurazo.com\/blog\/2021\/01\/20\/hermosillo-epicentro-del-coronavirus-2\/#breadcrumb"},"inLanguage":"es","potentialAction":[{"@type":"ReadAction","target":["https:\/\/soledaddurazo.com\/blog\/2021\/01\/20\/hermosillo-epicentro-del-coronavirus-2\/"]}]},{"@type":"BreadcrumbList","@id":"https:\/\/soledaddurazo.com\/blog\/2021\/01\/20\/hermosillo-epicentro-del-coronavirus-2\/#breadcrumb","itemListElement":[{"@type":"ListItem","position":1,"name":"Home","item":"https:\/\/soledaddurazo.com\/"},{"@type":"ListItem","position":2,"name":"Hermosillo epicentro del coronavirus"}]},{"@type":"Article","@id":"https:\/\/soledaddurazo.com\/blog\/2021\/01\/20\/hermosillo-epicentro-del-coronavirus-2\/#article","isPartOf":{"@id":"https:\/\/soledaddurazo.com\/blog\/2021\/01\/20\/hermosillo-epicentro-del-coronavirus-2\/#webpage"},"author":{"@id":"https:\/\/soledaddurazo.com\/#\/schema\/person\/822d8e13aa288585e6546f179853758b"},"headline":"Hermosillo epicentro del coronavirus","datePublished":"2021-01-20T20:25:17+00:00","dateModified":"2021-01-20T20:25:17+00:00","mainEntityOfPage":{"@id":"https:\/\/soledaddurazo.com\/blog\/2021\/01\/20\/hermosillo-epicentro-del-coronavirus-2\/#webpage"},"wordCount":1069,"commentCount":0,"publisher":{"@id":"https:\/\/soledaddurazo.com\/#organization"},"image":{"@id":"https:\/\/soledaddurazo.com\/blog\/2021\/01\/20\/hermosillo-epicentro-del-coronavirus-2\/#primaryimage"},"thumbnailUrl":"https:\/\/soledaddurazo.com\/storage\/2021\/01\/FOTO-FERNANDO-OROPEZA.jpg","articleSection":["Fernando Oropeza"],"inLanguage":"es","potentialAction":[{"@type":"CommentAction","name":"Comment","target":["https:\/\/soledaddurazo.com\/blog\/2021\/01\/20\/hermosillo-epicentro-del-coronavirus-2\/#respond"]}]},{"@type":"Person","@id":"https:\/\/soledaddurazo.com\/#\/schema\/person\/822d8e13aa288585e6546f179853758b","name":"Redacci\u00f3n","image":{"@type":"ImageObject","@id":"https:\/\/soledaddurazo.com\/#personlogo","inLanguage":"es","url":"https:\/\/secure.gravatar.com\/avatar\/c4e193752f756fd61f04deebed3a3a20dc188d37edb53682d313ac57f2725d54?s=96&d=mm&r=g","contentUrl":"https:\/\/secure.gravatar.com\/avatar\/c4e193752f756fd61f04deebed3a3a20dc188d37edb53682d313ac57f2725d54?s=96&d=mm&r=g","caption":"Redacci\u00f3n"},"sameAs":["https:\/\/soledaddurazo.com"]}]}},"_links":{"self":[{"href":"https:\/\/soledaddurazo.com\/api\/wp\/v2\/posts\/5623","targetHints":{"allow":["GET"]}}],"collection":[{"href":"https:\/\/soledaddurazo.com\/api\/wp\/v2\/posts"}],"about":[{"href":"https:\/\/soledaddurazo.com\/api\/wp\/v2\/types\/post"}],"author":[{"embeddable":true,"href":"https:\/\/soledaddurazo.com\/api\/wp\/v2\/users\/1"}],"replies":[{"embeddable":true,"href":"https:\/\/soledaddurazo.com\/api\/wp\/v2\/comments?post=5623"}],"version-history":[{"count":1,"href":"https:\/\/soledaddurazo.com\/api\/wp\/v2\/posts\/5623\/revisions"}],"predecessor-version":[{"id":5624,"href":"https:\/\/soledaddurazo.com\/api\/wp\/v2\/posts\/5623\/revisions\/5624"}],"wp:featuredmedia":[{"embeddable":true,"href":"https:\/\/soledaddurazo.com\/api\/wp\/v2\/media\/5530"}],"wp:attachment":[{"href":"https:\/\/soledaddurazo.com\/api\/wp\/v2\/media?parent=5623"}],"wp:term":[{"taxonomy":"category","embeddable":true,"href":"https:\/\/soledaddurazo.com\/api\/wp\/v2\/categories?post=5623"},{"taxonomy":"post_tag","embeddable":true,"href":"https:\/\/soledaddurazo.com\/api\/wp\/v2\/tags?post=5623"}],"curies":[{"name":"wp","href":"https:\/\/api.w.org\/{rel}","templated":true}]}}