{"id":5275,"date":"2021-01-03T23:34:45","date_gmt":"2021-01-04T06:34:45","guid":{"rendered":"https:\/\/soledaddurazo.com\/?p=5275"},"modified":"2021-01-03T23:34:45","modified_gmt":"2021-01-04T06:34:45","slug":"con-la-mano-en-el-corazon","status":"publish","type":"post","link":"https:\/\/soledaddurazo.com\/blog\/2021\/01\/03\/con-la-mano-en-el-corazon\/","title":{"rendered":"Con la mano en el coraz\u00f3n"},"content":{"rendered":"<p>El brazo derecho cruza el pecho y colocan su mano sobre el coraz\u00f3n.<\/p>\n<p>No se quien lo hizo primero pero los dos aspirantes m\u00e1s posicionados por la gubernatura de Sonora, utilizan el mismo gesto para cerrar los mensajes que con motivo del a\u00f1o nuevo colgaron en sus redes sociales.<\/p>\n<p>\u00bfQu\u00e9 dicen en esta comunicaci\u00f3n de apenas unos segundos?<\/p>\n<p>No son muy diferentes en esencia una de la otra.<\/p>\n<p>En orden alfab\u00e9tico:<\/p>\n<p>Durazo habla de las reflexiones que nos trajo 2020 y la necesidad de cuidarnos y cuidar de nuestros seres queridos.<\/p>\n<p>Se muestra seguro de que vamos a salir adelante como lo hemos hecho en otras ocasiones, porque estamos formados en la cultura del esfuerzo, un concepto con el que por cierto mucho se recuerda el discurso de Luis Donaldo Colosio figura que sin duda y sabi\u00e9ndose que muchos sonorenses lo ubican como de las personas m\u00e1s allegadas al extinto aspirante presidencial, estar\u00e1 siendo referida por Durazo pues recordemos que fue precisamente desde Magdalena y con la estatua de Colosio de fondo, que arranca su precampa\u00f1a.<\/p>\n<p>Pide tengamos esperanza porque este a\u00f1o se va a escribir una nueva historia para Sonora y 2021 significar\u00e1 un parteaguas para la entidad.<\/p>\n<p>G\u00e1ndara por su parte env\u00eda un abrazo con cari\u00f1o, respeto y solidaridad a las familias que perdieron a sus seres queridos en esta pandemia; un reconocimiento a quienes integran el sector salud y destaca que las lecciones del 2020 nos har\u00e1n m\u00e1s fuertes como seres humanos.<\/p>\n<p>Dice que no hay tiempo para divisiones sino para unirnos en el trabajo conjunto que es como lograremos vencer la adversidad. Es una alusi\u00f3n directa, sin duda, a la cr\u00edtica que frecuentemente recibe el presidente L\u00f3pez Obrador de propiciar la polarizaci\u00f3n de la sociedad.<\/p>\n<p>Invita a valorar lo que tenemos para superar la adversidad y luchar por lo que m\u00e1s queremos. Se despide deseando salud, bienestar y bendiciones.<\/p>\n<p>De acuerdo a la reciente encuesta telef\u00f3nica publicada por Massive Caller al cierre del a\u00f1o, si hoy fueran las elecciones para elegir gobernador 38% va por la alianza de Morena, PT y Verde y 25.1% por la otra alianza formada por PRI, PAN y PRD. En el mismo ejercicio m\u00e1s de una cuarta parte de los encuestados, el 26.8% a\u00fan no tiene decidido su voto.<\/p>\n<p>Pero cuando se da el careo entre Durazo y G\u00e1ndara hay un empate que ubica al primero con 33.8% y al segundo\u00a0\u00a0en 31.4% y la muestra considera un margen de error +\/- 3.4<\/p>\n<p>El pasado 15 de diciembre arrancaron las precampa\u00f1as por la gubernatura, hoy 4 de enero lo hacen por las diputaciones locales y ayuntamientos; ambas alianzas deber\u00e1n cuidar muy bien a quienes impulsan desde lo local porque eso sumar\u00e1 o restar\u00e1 definitivamente a la causa.<\/p>\n<p>&nbsp;<\/p>\n<p>Ojal\u00e1 sigamos coincidiendo\u00a0en\u00a0<a href=\"https:\/\/www.soledaddurazo.com\/\">www.SoledadDurazo.com<\/a>\u00a0@SoledadDurazo\u00a0FB\/SoledadDurazo IG: soledaddurazo YT: SoledadDurazo<\/p>\n<p>&nbsp;<\/p>\n<p>&nbsp;<\/p>\n<p>&nbsp;<\/p>\n<p>&nbsp;<\/p>\n<p>&nbsp;<\/p>\n<p>&nbsp;<\/p>\n<p>&nbsp;<\/p>\n<p>&nbsp;<\/p>\n<p>&nbsp;<\/p>\n<p>&nbsp;<\/p>\n<p>&nbsp;<\/p>\n<p>&nbsp;<\/p>\n","protected":false},"excerpt":{"rendered":"<p>El brazo derecho cruza el pecho y colocan su mano sobre el coraz\u00f3n. No se quien lo hizo primero pero los dos aspirantes m\u00e1s posicionados por la gubernatura de Sonora, utilizan el mismo gesto para cerrar los mensajes que con motivo del a\u00f1o nuevo colgaron en sus redes sociales. \u00bfQu\u00e9 dicen en esta comunicaci\u00f3n de [&hellip;]<\/p>\n","protected":false},"author":1,"featured_media":5276,"comment_status":"open","ping_status":"open","sticky":false,"template":"","format":"standard","meta":{"footnotes":""},"categories":[162],"tags":[],"class_list":["post"],"yoast_head":" \n<title>Con la mano en el coraz\u00f3n - Periodista SoledadDurazo.com<\/title>\n<meta name=\"robots\" content=\"index, follow, max-snippet:-1, max-image-preview:large, max-video-preview:-1\" \/>\n<link rel=\"canonical\" href=\"https:\/\/soledaddurazo.com\/blog\/2021\/01\/03\/con-la-mano-en-el-corazon\/\" \/>\n<meta property=\"og:locale\" content=\"es_MX\" \/>\n<meta property=\"og:type\" content=\"article\" \/>\n<meta property=\"og:title\" content=\"Con la mano en el coraz\u00f3n\" \/>\n<meta property=\"og:description\" content=\"El brazo derecho cruza el pecho y colocan su mano sobre el coraz\u00f3n. No se quien lo hizo primero pero los dos aspirantes m\u00e1s posicionados por la gubernatura de Sonora, utilizan el mismo gesto para cerrar los mensajes que con motivo del a\u00f1o nuevo colgaron en sus redes sociales. \u00bfQu\u00e9 dicen en esta comunicaci\u00f3n de [&hellip;]\" \/>\n<meta property=\"og:url\" content=\"https:\/\/soledaddurazo.com\/blog\/2021\/01\/03\/con-la-mano-en-el-corazon\/\" \/>\n<meta property=\"og:site_name\" content=\"Periodista SoledadDurazo.com\" \/>\n<meta property=\"article:publisher\" content=\"https:\/\/www.facebook.com\/soledad.durazo.9\/\" \/>\n<meta property=\"article:published_time\" content=\"2021-01-04T06:34:45+00:00\" \/>\n<meta property=\"og:image\" content=\"https:\/\/soledaddurazo.com\/storage\/2021\/01\/nllp-720x375-1.png\" \/>\n\t<meta property=\"og:image:width\" content=\"720\" \/>\n\t<meta property=\"og:image:height\" content=\"375\" \/>\n<meta name=\"twitter:card\" content=\"summary_large_image\" \/>\n<meta name=\"twitter:creator\" content=\"@SoledadDurazo\" \/>\n<meta name=\"twitter:site\" content=\"@SoledadDurazo\" \/>\n<meta name=\"twitter:label1\" content=\"Escrito por\" \/>\n\t<meta name=\"twitter:data1\" content=\"Redacci\u00f3n\" \/>\n\t<meta name=\"twitter:label2\" content=\"Tiempo de lectura\" \/>\n\t<meta name=\"twitter:data2\" content=\"2 minutos\" \/>\n<script type=\"application\/ld+json\" class=\"yoast-schema-graph\">{\"@context\":\"https:\/\/schema.org\",\"@graph\":[{\"@type\":\"Organization\",\"@id\":\"https:\/\/soledaddurazo.com\/#organization\",\"name\":\"Soledad Durazo\",\"url\":\"https:\/\/soledaddurazo.com\/\",\"sameAs\":[\"https:\/\/www.facebook.com\/soledad.durazo.9\/\",\"https:\/\/www.instagram.com\/soledaddurazo\",\"https:\/\/www.youtube.com\/channel\/UC9yGPw8-Vbl_B2XNkRwPS-w\",\"https:\/\/twitter.com\/SoledadDurazo\"],\"logo\":{\"@type\":\"ImageObject\",\"@id\":\"https:\/\/soledaddurazo.com\/#logo\",\"inLanguage\":\"es\",\"url\":\"https:\/\/soledaddurazo.com\/storage\/2021\/11\/nllp-720x375-1-2.png\",\"contentUrl\":\"https:\/\/soledaddurazo.com\/storage\/2021\/11\/nllp-720x375-1-2.png\",\"width\":720,\"height\":375,\"caption\":\"Soledad Durazo\"},\"image\":{\"@id\":\"https:\/\/soledaddurazo.com\/#logo\"}},{\"@type\":\"WebSite\",\"@id\":\"https:\/\/soledaddurazo.com\/#website\",\"url\":\"https:\/\/soledaddurazo.com\/\",\"name\":\"Periodista SoledadDurazo.com\",\"description\":\"Periodista sonorense. Directora de www.SoledadDurazo.com Columnista, conductora de radio y Tv. Catedr\\u00e1tica en la UNISON\",\"publisher\":{\"@id\":\"https:\/\/soledaddurazo.com\/#organization\"},\"potentialAction\":[{\"@type\":\"SearchAction\",\"target\":{\"@type\":\"EntryPoint\",\"urlTemplate\":\"https:\/\/soledaddurazo.com\/?s={search_term_string}\"},\"query-input\":\"required name=search_term_string\"}],\"inLanguage\":\"es\"},{\"@type\":\"ImageObject\",\"@id\":\"https:\/\/soledaddurazo.com\/blog\/2021\/01\/03\/con-la-mano-en-el-corazon\/#primaryimage\",\"inLanguage\":\"es\",\"url\":\"https:\/\/soledaddurazo.com\/storage\/2021\/01\/nllp-720x375-1.png\",\"contentUrl\":\"https:\/\/soledaddurazo.com\/storage\/2021\/01\/nllp-720x375-1.png\",\"width\":720,\"height\":375},{\"@type\":\"WebPage\",\"@id\":\"https:\/\/soledaddurazo.com\/blog\/2021\/01\/03\/con-la-mano-en-el-corazon\/#webpage\",\"url\":\"https:\/\/soledaddurazo.com\/blog\/2021\/01\/03\/con-la-mano-en-el-corazon\/\",\"name\":\"Con la mano en el coraz\\u00f3n - Periodista SoledadDurazo.com\",\"isPartOf\":{\"@id\":\"https:\/\/soledaddurazo.com\/#website\"},\"primaryImageOfPage\":{\"@id\":\"https:\/\/soledaddurazo.com\/blog\/2021\/01\/03\/con-la-mano-en-el-corazon\/#primaryimage\"},\"datePublished\":\"2021-01-04T06:34:45+00:00\",\"dateModified\":\"2021-01-04T06:34:45+00:00\",\"breadcrumb\":{\"@id\":\"https:\/\/soledaddurazo.com\/blog\/2021\/01\/03\/con-la-mano-en-el-corazon\/#breadcrumb\"},\"inLanguage\":\"es\",\"potentialAction\":[{\"@type\":\"ReadAction\",\"target\":[\"https:\/\/soledaddurazo.com\/blog\/2021\/01\/03\/con-la-mano-en-el-corazon\/\"]}]},{\"@type\":\"BreadcrumbList\",\"@id\":\"https:\/\/soledaddurazo.com\/blog\/2021\/01\/03\/con-la-mano-en-el-corazon\/#breadcrumb\",\"itemListElement\":[{\"@type\":\"ListItem\",\"position\":1,\"name\":\"Home\",\"item\":\"https:\/\/soledaddurazo.com\/\"},{\"@type\":\"ListItem\",\"position\":2,\"name\":\"Con la mano en el coraz\\u00f3n\"}]},{\"@type\":\"Article\",\"@id\":\"https:\/\/soledaddurazo.com\/blog\/2021\/01\/03\/con-la-mano-en-el-corazon\/#article\",\"isPartOf\":{\"@id\":\"https:\/\/soledaddurazo.com\/blog\/2021\/01\/03\/con-la-mano-en-el-corazon\/#webpage\"},\"author\":{\"@id\":\"https:\/\/soledaddurazo.com\/#\/schema\/person\/822d8e13aa288585e6546f179853758b\"},\"headline\":\"Con la mano en el coraz\\u00f3n\",\"datePublished\":\"2021-01-04T06:34:45+00:00\",\"dateModified\":\"2021-01-04T06:34:45+00:00\",\"mainEntityOfPage\":{\"@id\":\"https:\/\/soledaddurazo.com\/blog\/2021\/01\/03\/con-la-mano-en-el-corazon\/#webpage\"},\"wordCount\":505,\"commentCount\":0,\"publisher\":{\"@id\":\"https:\/\/soledaddurazo.com\/#organization\"},\"image\":{\"@id\":\"https:\/\/soledaddurazo.com\/blog\/2021\/01\/03\/con-la-mano-en-el-corazon\/#primaryimage\"},\"thumbnailUrl\":\"https:\/\/soledaddurazo.com\/storage\/2021\/01\/nllp-720x375-1.png\",\"articleSection\":[\"Lo digo como es\"],\"inLanguage\":\"es\",\"potentialAction\":[{\"@type\":\"CommentAction\",\"name\":\"Comment\",\"target\":[\"https:\/\/soledaddurazo.com\/blog\/2021\/01\/03\/con-la-mano-en-el-corazon\/#respond\"]}]},{\"@type\":\"Person\",\"@id\":\"https:\/\/soledaddurazo.com\/#\/schema\/person\/822d8e13aa288585e6546f179853758b\",\"name\":\"Redacci\\u00f3n\",\"image\":{\"@type\":\"ImageObject\",\"@id\":\"https:\/\/soledaddurazo.com\/#personlogo\",\"inLanguage\":\"es\",\"url\":\"https:\/\/secure.gravatar.com\/avatar\/c4e193752f756fd61f04deebed3a3a20dc188d37edb53682d313ac57f2725d54?s=96&d=mm&r=g\",\"contentUrl\":\"https:\/\/secure.gravatar.com\/avatar\/c4e193752f756fd61f04deebed3a3a20dc188d37edb53682d313ac57f2725d54?s=96&d=mm&r=g\",\"caption\":\"Redacci\\u00f3n\"},\"sameAs\":[\"https:\/\/soledaddurazo.com\"]}]}<\/script>\n ","yoast_head_json":{"title":"Con la mano en el coraz\u00f3n - Periodista SoledadDurazo.com","robots":{"index":"index","follow":"follow","max-snippet":"max-snippet:-1","max-image-preview":"max-image-preview:large","max-video-preview":"max-video-preview:-1"},"canonical":"https:\/\/soledaddurazo.com\/blog\/2021\/01\/03\/con-la-mano-en-el-corazon\/","og_locale":"es_MX","og_type":"article","og_title":"Con la mano en el coraz\u00f3n","og_description":"El brazo derecho cruza el pecho y colocan su mano sobre el coraz\u00f3n. No se quien lo hizo primero pero los dos aspirantes m\u00e1s posicionados por la gubernatura de Sonora, utilizan el mismo gesto para cerrar los mensajes que con motivo del a\u00f1o nuevo colgaron en sus redes sociales. \u00bfQu\u00e9 dicen en esta comunicaci\u00f3n de [&hellip;]","og_url":"https:\/\/soledaddurazo.com\/blog\/2021\/01\/03\/con-la-mano-en-el-corazon\/","og_site_name":"Periodista SoledadDurazo.com","article_publisher":"https:\/\/www.facebook.com\/soledad.durazo.9\/","article_published_time":"2021-01-04T06:34:45+00:00","og_image":[{"width":720,"height":375,"url":"https:\/\/soledaddurazo.com\/storage\/2021\/01\/nllp-720x375-1.png","type":"image\/png"}],"twitter_card":"summary_large_image","twitter_creator":"@SoledadDurazo","twitter_site":"@SoledadDurazo","twitter_misc":{"Escrito por":"Redacci\u00f3n","Tiempo de lectura":"2 minutos"},"schema":{"@context":"https:\/\/schema.org","@graph":[{"@type":"Organization","@id":"https:\/\/soledaddurazo.com\/#organization","name":"Soledad Durazo","url":"https:\/\/soledaddurazo.com\/","sameAs":["https:\/\/www.facebook.com\/soledad.durazo.9\/","https:\/\/www.instagram.com\/soledaddurazo","https:\/\/www.youtube.com\/channel\/UC9yGPw8-Vbl_B2XNkRwPS-w","https:\/\/twitter.com\/SoledadDurazo"],"logo":{"@type":"ImageObject","@id":"https:\/\/soledaddurazo.com\/#logo","inLanguage":"es","url":"https:\/\/soledaddurazo.com\/storage\/2021\/11\/nllp-720x375-1-2.png","contentUrl":"https:\/\/soledaddurazo.com\/storage\/2021\/11\/nllp-720x375-1-2.png","width":720,"height":375,"caption":"Soledad Durazo"},"image":{"@id":"https:\/\/soledaddurazo.com\/#logo"}},{"@type":"WebSite","@id":"https:\/\/soledaddurazo.com\/#website","url":"https:\/\/soledaddurazo.com\/","name":"Periodista SoledadDurazo.com","description":"Periodista sonorense. Directora de www.SoledadDurazo.com Columnista, conductora de radio y Tv. Catedr\u00e1tica en la UNISON","publisher":{"@id":"https:\/\/soledaddurazo.com\/#organization"},"potentialAction":[{"@type":"SearchAction","target":{"@type":"EntryPoint","urlTemplate":"https:\/\/soledaddurazo.com\/?s={search_term_string}"},"query-input":"required name=search_term_string"}],"inLanguage":"es"},{"@type":"ImageObject","@id":"https:\/\/soledaddurazo.com\/blog\/2021\/01\/03\/con-la-mano-en-el-corazon\/#primaryimage","inLanguage":"es","url":"https:\/\/soledaddurazo.com\/storage\/2021\/01\/nllp-720x375-1.png","contentUrl":"https:\/\/soledaddurazo.com\/storage\/2021\/01\/nllp-720x375-1.png","width":720,"height":375},{"@type":"WebPage","@id":"https:\/\/soledaddurazo.com\/blog\/2021\/01\/03\/con-la-mano-en-el-corazon\/#webpage","url":"https:\/\/soledaddurazo.com\/blog\/2021\/01\/03\/con-la-mano-en-el-corazon\/","name":"Con la mano en el coraz\u00f3n - Periodista SoledadDurazo.com","isPartOf":{"@id":"https:\/\/soledaddurazo.com\/#website"},"primaryImageOfPage":{"@id":"https:\/\/soledaddurazo.com\/blog\/2021\/01\/03\/con-la-mano-en-el-corazon\/#primaryimage"},"datePublished":"2021-01-04T06:34:45+00:00","dateModified":"2021-01-04T06:34:45+00:00","breadcrumb":{"@id":"https:\/\/soledaddurazo.com\/blog\/2021\/01\/03\/con-la-mano-en-el-corazon\/#breadcrumb"},"inLanguage":"es","potentialAction":[{"@type":"ReadAction","target":["https:\/\/soledaddurazo.com\/blog\/2021\/01\/03\/con-la-mano-en-el-corazon\/"]}]},{"@type":"BreadcrumbList","@id":"https:\/\/soledaddurazo.com\/blog\/2021\/01\/03\/con-la-mano-en-el-corazon\/#breadcrumb","itemListElement":[{"@type":"ListItem","position":1,"name":"Home","item":"https:\/\/soledaddurazo.com\/"},{"@type":"ListItem","position":2,"name":"Con la mano en el coraz\u00f3n"}]},{"@type":"Article","@id":"https:\/\/soledaddurazo.com\/blog\/2021\/01\/03\/con-la-mano-en-el-corazon\/#article","isPartOf":{"@id":"https:\/\/soledaddurazo.com\/blog\/2021\/01\/03\/con-la-mano-en-el-corazon\/#webpage"},"author":{"@id":"https:\/\/soledaddurazo.com\/#\/schema\/person\/822d8e13aa288585e6546f179853758b"},"headline":"Con la mano en el coraz\u00f3n","datePublished":"2021-01-04T06:34:45+00:00","dateModified":"2021-01-04T06:34:45+00:00","mainEntityOfPage":{"@id":"https:\/\/soledaddurazo.com\/blog\/2021\/01\/03\/con-la-mano-en-el-corazon\/#webpage"},"wordCount":505,"commentCount":0,"publisher":{"@id":"https:\/\/soledaddurazo.com\/#organization"},"image":{"@id":"https:\/\/soledaddurazo.com\/blog\/2021\/01\/03\/con-la-mano-en-el-corazon\/#primaryimage"},"thumbnailUrl":"https:\/\/soledaddurazo.com\/storage\/2021\/01\/nllp-720x375-1.png","articleSection":["Lo digo como es"],"inLanguage":"es","potentialAction":[{"@type":"CommentAction","name":"Comment","target":["https:\/\/soledaddurazo.com\/blog\/2021\/01\/03\/con-la-mano-en-el-corazon\/#respond"]}]},{"@type":"Person","@id":"https:\/\/soledaddurazo.com\/#\/schema\/person\/822d8e13aa288585e6546f179853758b","name":"Redacci\u00f3n","image":{"@type":"ImageObject","@id":"https:\/\/soledaddurazo.com\/#personlogo","inLanguage":"es","url":"https:\/\/secure.gravatar.com\/avatar\/c4e193752f756fd61f04deebed3a3a20dc188d37edb53682d313ac57f2725d54?s=96&d=mm&r=g","contentUrl":"https:\/\/secure.gravatar.com\/avatar\/c4e193752f756fd61f04deebed3a3a20dc188d37edb53682d313ac57f2725d54?s=96&d=mm&r=g","caption":"Redacci\u00f3n"},"sameAs":["https:\/\/soledaddurazo.com"]}]}},"_links":{"self":[{"href":"https:\/\/soledaddurazo.com\/api\/wp\/v2\/posts\/5275","targetHints":{"allow":["GET"]}}],"collection":[{"href":"https:\/\/soledaddurazo.com\/api\/wp\/v2\/posts"}],"about":[{"href":"https:\/\/soledaddurazo.com\/api\/wp\/v2\/types\/post"}],"author":[{"embeddable":true,"href":"https:\/\/soledaddurazo.com\/api\/wp\/v2\/users\/1"}],"replies":[{"embeddable":true,"href":"https:\/\/soledaddurazo.com\/api\/wp\/v2\/comments?post=5275"}],"version-history":[{"count":1,"href":"https:\/\/soledaddurazo.com\/api\/wp\/v2\/posts\/5275\/revisions"}],"predecessor-version":[{"id":5277,"href":"https:\/\/soledaddurazo.com\/api\/wp\/v2\/posts\/5275\/revisions\/5277"}],"wp:featuredmedia":[{"embeddable":true,"href":"https:\/\/soledaddurazo.com\/api\/wp\/v2\/media\/5276"}],"wp:attachment":[{"href":"https:\/\/soledaddurazo.com\/api\/wp\/v2\/media?parent=5275"}],"wp:term":[{"taxonomy":"category","embeddable":true,"href":"https:\/\/soledaddurazo.com\/api\/wp\/v2\/categories?post=5275"},{"taxonomy":"post_tag","embeddable":true,"href":"https:\/\/soledaddurazo.com\/api\/wp\/v2\/tags?post=5275"}],"curies":[{"name":"wp","href":"https:\/\/api.w.org\/{rel}","templated":true}]}}