{"id":5057,"date":"2020-12-14T18:07:09","date_gmt":"2020-12-15T01:07:09","guid":{"rendered":"https:\/\/soledaddurazo.com\/?p=5057"},"modified":"2020-12-22T02:28:43","modified_gmt":"2020-12-22T09:28:43","slug":"el-ano-del-coronavirus-2","status":"publish","type":"post","link":"https:\/\/soledaddurazo.com\/blog\/2020\/12\/14\/el-ano-del-coronavirus-2\/","title":{"rendered":"EL A\u00d1O DEL CORONAVIRUS"},"content":{"rendered":"<p><strong><em>Por Ana L. Coll (@yanak61)<\/em><\/strong><\/p>\n<p>&nbsp;<\/p>\n<p>El domingo 3 de mayo de este a\u00f1o del Coronavirus, Pedro S\u00e1nchez, presidente del gobierno de Espa\u00f1a, compareci\u00f3 ante las c\u00e1maras en una de sus interminables ch\u00e1charas semanales para informar a los espa\u00f1oles que el confinamiento dom\u00e9stico, el m\u00e1s duro y largo decretado en todo el mundo, estaba a punto de llegar a su fin y, que un plan de desescalada iba a comenzar en los d\u00edas siguientes hasta que toda la poblaci\u00f3n fuera depositada en la orilla de lo que llam\u00f3 \u201cla nueva normalidad\u201d. La nueva normalidad es una expresi\u00f3n con las que nos hab\u00edan bombardeado con harta frecuencia tanto desde p\u00falpitos pol\u00edticos como desde los medios de comunicaci\u00f3n. En resumen, se tratar\u00eda de un tiempo de duraci\u00f3n a\u00fan desconocida, en la que la Humanidad convivir\u00eda con la Covid-19 hasta que apareciera la vacuna capaz de protegernos y los antivirales efectivos para proteger a las personas que, pese a todo, resultaran infectadas. No se trataba, en consecuencia, de un concepto novedoso para los espa\u00f1oles, sin embargo, el presidente del gobierno quiso darle tal relevancia a la inminente llegada de este nuevo periodo, que en una alocuci\u00f3n de hora y media de duraci\u00f3n, repiti\u00f3 la expresi\u00f3n, al menos en treinta ocasiones.<\/p>\n<p>La primavera, el verano y este oto\u00f1o que est\u00e1 pr\u00f3ximo a finalizar, ha sido todo menos normal en todos los pa\u00edses, cada uno con sus particularidades. En el caso de Espa\u00f1a, el llamado oficialmente Plan de Transici\u00f3n, y de manera coloquial \u201cla desescalada\u201d, fue un verdadero fiasco al encontrarse un gobierno d\u00e9bil, por su ayuna mayor\u00eda parlamentaria y desbordado por la gravedad de la situaci\u00f3n, acorralado por la oposici\u00f3n de los partidos de derechas quienes, tras negarse a seguir aprobando en sede parlamentaria nuevas pr\u00f3rrogas de medidas de movilizaci\u00f3n m\u00e1s restringida, alentaron a sus partidarios a organizar inc\u00edvicos actos de protesta y acusaron al ejecutivo de delirantes planes totalitarios. Adem\u00e1s de la tan brutal como irresponsable conducta de la oposici\u00f3n, las exigencias del empresariado, en especial la del sector tur\u00edstico, convirti\u00f3 el periodo de Transici\u00f3n en un enorme rosario de equivocaciones y sinsentidos que llev\u00f3 al pa\u00eds a ser el m\u00e1s castigado de toda Europa durante buena parte del mes de octubre y noviembre. La desescalada acab\u00f3 siendo un puzle de mil pedazos donde cada territorio, incluso descendiendo a la escala de ciudades, pueblos, barrios y calles ha ido viviendo una realidad diferente, en muchas ocasiones, cambiando con frecuencia quincenal. Y como m\u00fasica de fondo, las mismas sirenas, es decir, los pol\u00edticos y los medios de comunicaci\u00f3n, coreando, casi siempre a gritos, que esta pesadilla est\u00e1 a punto de finalizar porque una bater\u00eda de vacunas est\u00e1n a punto de llegar para rescatarnos y, con ellas, todo volver\u00e1 a ser como era la vida de cada cual antes de la primera quincena del mes de marzo. Causa una mezcla de sorpresa y de ternura que sean millones los seres humanos dispuestos a dejarse mecer por una nana infantil. La nueva normalidad, no ha sido m\u00e1s que un caos que ha propiciado m\u00e1s saturaci\u00f3n de las infraestructuras sanitarias, mayor n\u00famero de fallecidos, m\u00e1s destrucci\u00f3n de empresas y de empleos y, sobre todo ha profundizado mucho m\u00e1s que cualquier otra crisis conocida, en la desigualdad social. As\u00ed que lo que viene, no va a ser nuevo y, si lo consideramos normal, ser\u00e1 porque, de una u otra manera, hemos aceptado que el bienestar, la libertad y la felicidad son categor\u00edas a las que no pueden aspirar gran parte de los hombres y mujeres que pueblan el planeta.<\/p>\n<p>&nbsp;<\/p>\n<p>Lo primero anormal de la nueva normalidad es la universalidad de la expresi\u00f3n: nouvelle normalit\u00e9; new normality, nuovo normale, novo normal, neue normalit\u00e4t, y as\u00ed en cada una de las lenguas vivas. En un mundo de una diversidad tan deseable como asombrosa, el pr\u00f3ximo periodo de la Humanidad va a llamarse igual. La ling\u00fc\u00edstica ha sido el arma perfecta para el primer triunfo del Imperio Global al que \u00edbamos encaminados antes del Coronavirus pero cuya llegada ha adelantado, al menos una d\u00e9cada, esta pandemia. Ni la ciencia, ni la tecnolog\u00eda, ni la pol\u00edtica, ni la econom\u00eda, ni la guerra. Una disciplina tan minusvalorada como lo es en la actualidad la ling\u00fc\u00edstica se ha convertido en la certera punta de lanza de la definici\u00f3n de la vida humana en un futuro inmediato.<\/p>\n<p>Nueva normalidad no significa m\u00e1s que lo que hab\u00eda alcanzado un consenso suficiente para darse por supuesto, a partir de cierto momento, va a convertirse en an\u00f3malo y como tal perder su condici\u00f3n de categor\u00eda. Esto deber\u00eda haber hecho saltar las alarmas en las c\u00e1tedras y cen\u00e1culos de los fil\u00f3sofos, soci\u00f3logos, periodistas y escritores. Al igual que los ling\u00fcistas, profesionales cuyos conocimientos han venido siendo devaluados de manera inmisericorde en aras de una tecnocracia, en muchas ocasiones, desprovista de conocimientos human\u00edsticos. El cambio de la primac\u00eda del saber por la comodidad del automatismo ha despojado a los seres humanos de sus principales posibilidades para entender sus ecosistemas pol\u00edticos y sociales, posicionarse con argumentos ideol\u00f3gicos s\u00f3lidos, tomar partido con sensatez y defenderse del abuso de los poderes o instituciones cr\u00e1pulas.<\/p>\n<p>La nueva normalidad est\u00e1 a punto de ser la estructura que arrolle a los habitantes de los pa\u00edses con \u00edndices de desarrollo bajos, a la vez que arrolle a los pobladores de las zonas con mayores avances pero que, desde hace dos generaciones, han renunciado a su madurez intelectual y moral arrastrados por la tecnofila y el consumo. Una especie humana compuesta por pobres, que tienen ni\u00f1os, y seres infantilizados que no los tienen. Y unos y otros van a estar m\u00e1s separados que nunca.<\/p>\n<p>Parece ser que, entre lo nuevo y lo normal que se nos avecina, algo a destacar es lo siguiente: seg\u00fan nos cuentan, los movimientos de las personas no volver\u00e1n al grado que conocimos hasta el pasado mes de marzo hasta que el 70% de los habitantes de un territorio est\u00e1n vacunados. Los gobierno de los pa\u00edses m\u00e1s ricos o, en su defecto poderosos, han adquirido dosis de vacunas que doblan, y en algunos casos triplican, el n\u00famero de sus poblaciones. As\u00ed lo ha hecho la Uni\u00f3n Europea, los Estados Unidos de Am\u00e9rica, Canad\u00e1, Jap\u00f3n, Rusia, China o los Emiratos \u00c1rabes. En el otro fiel de la balanza se encuentra \u00c1frica, el sudeste asi\u00e1tico y Latinoam\u00e9rica donde millones de personas viven en zonas de dif\u00edcil acceso, con climas de altas temperaturas, deficiente y desigual desarrollo. Lo nuevo y lo normal va a ser que los humanos protegidos ampl\u00eden sus m\u00e1rgenes de confianza a los gobiernos para que estos aumenten sus niveles de control tanto entre sus propios ciudadanos que no quieran ser inoculados, ya que las vacunas est\u00e1 universalmente garantizadas y ser\u00e1n gratuitas, como a todos aquellos que procedan de lugares menos favorecidos y garantistas. Si 2020 ha sido un a\u00f1o de confusi\u00f3n, no tengan dudas de que 2021 va a ser un a\u00f1o de asombro. El verdadero escenario temporal en el que vamos empezar a visualizar lo que va a ser nuestra vida y la de las j\u00f3venes generaciones hasta que, Dios sabe cu\u00e1ndo, salte una nueva tormenta perfecta que desencadene otro in\u00e9dito paradigma.<\/p>\n<p>El jueves ocho de octubre de este a\u00f1o del Coronavirus, en la prensa apareci\u00f3 una noticia a la que no se le dio la repercusi\u00f3n que merec\u00eda: La escuela de pilotos de la compa\u00f1\u00eda a\u00e9rea alemana, Lufthansa, recomend\u00f3 a sus alumnos de la escuela de pilotos que posee en Bremen y en la que se hab\u00edan matriculado 700 j\u00f3venes, que abandonaran sus estudios y de manera inmediata comenzaran a buscar otros empleos. Adem\u00e1s, la empresa se ofrec\u00eda a devolver todo el dinero que los estudiantes hab\u00edan invertido hasta ese momento as\u00ed como a suprimir sus cr\u00e9ditos bancarios contratados con tal fin. \u201cLas aerol\u00edneas de todo el mundo no van a necesitar pilotos, con o sin formaci\u00f3n, en muchos a\u00f1os\u201d, a\u00f1ad\u00eda la aerol\u00ednea en su nota p\u00fablica. Lo nuevo y lo normal es un inminente mundo de m\u00e1xima conectividad virtual mucho m\u00e1s f\u00e1cil de hipercontrolar que mareas de humanos, yendo y viniendo de all\u00e1 para ac\u00e1, como si el mundo entero fuera el sal\u00f3n de una casa.<\/p>\n<p><strong><em>\u00a0<\/em><\/strong><\/p>\n<p><strong><em>\u00a0<\/em><\/strong><\/p>\n<p>&nbsp;<\/p>\n","protected":false},"excerpt":{"rendered":"<p>Por Ana L. Coll (@yanak61) &nbsp; El domingo 3 de mayo de este a\u00f1o del Coronavirus, Pedro S\u00e1nchez, presidente del gobierno de Espa\u00f1a, compareci\u00f3 ante las c\u00e1maras en una de sus interminables ch\u00e1charas semanales para informar a los espa\u00f1oles que el confinamiento dom\u00e9stico, el m\u00e1s duro y largo decretado en todo el mundo, estaba a [&hellip;]<\/p>\n","protected":false},"author":1,"featured_media":5058,"comment_status":"open","ping_status":"open","sticky":false,"template":"","format":"standard","meta":{"footnotes":""},"categories":[160],"tags":[],"class_list":["post"],"yoast_head":" \n<title>EL A\u00d1O DEL CORONAVIRUS - Periodista SoledadDurazo.com<\/title>\n<meta name=\"robots\" content=\"index, follow, max-snippet:-1, max-image-preview:large, max-video-preview:-1\" \/>\n<link rel=\"canonical\" href=\"https:\/\/soledaddurazo.com\/blog\/2020\/12\/14\/el-ano-del-coronavirus-2\/\" \/>\n<meta property=\"og:locale\" content=\"es_MX\" \/>\n<meta property=\"og:type\" content=\"article\" \/>\n<meta property=\"og:title\" content=\"EL A\u00d1O DEL CORONAVIRUS\" \/>\n<meta property=\"og:description\" content=\"Por Ana L. Coll (@yanak61) &nbsp; El domingo 3 de mayo de este a\u00f1o del Coronavirus, Pedro S\u00e1nchez, presidente del gobierno de Espa\u00f1a, compareci\u00f3 ante las c\u00e1maras en una de sus interminables ch\u00e1charas semanales para informar a los espa\u00f1oles que el confinamiento dom\u00e9stico, el m\u00e1s duro y largo decretado en todo el mundo, estaba a [&hellip;]\" \/>\n<meta property=\"og:url\" content=\"https:\/\/soledaddurazo.com\/blog\/2020\/12\/14\/el-ano-del-coronavirus-2\/\" \/>\n<meta property=\"og:site_name\" content=\"Periodista SoledadDurazo.com\" \/>\n<meta property=\"article:publisher\" content=\"https:\/\/www.facebook.com\/soledad.durazo.9\/\" \/>\n<meta property=\"article:published_time\" content=\"2020-12-15T01:07:09+00:00\" \/>\n<meta property=\"article:modified_time\" content=\"2020-12-22T09:28:43+00:00\" \/>\n<meta property=\"og:image\" content=\"https:\/\/soledaddurazo.com\/storage\/2020\/12\/Covid-19-coronavirus-3.jpg\" \/>\n\t<meta property=\"og:image:width\" content=\"400\" \/>\n\t<meta property=\"og:image:height\" content=\"250\" \/>\n<meta name=\"twitter:card\" content=\"summary_large_image\" \/>\n<meta name=\"twitter:creator\" content=\"@SoledadDurazo\" \/>\n<meta name=\"twitter:site\" content=\"@SoledadDurazo\" \/>\n<meta name=\"twitter:label1\" content=\"Escrito por\" \/>\n\t<meta name=\"twitter:data1\" content=\"Redacci\u00f3n\" \/>\n\t<meta name=\"twitter:label2\" content=\"Tiempo de lectura\" \/>\n\t<meta name=\"twitter:data2\" content=\"7 minutos\" \/>\n<script type=\"application\/ld+json\" class=\"yoast-schema-graph\">{\"@context\":\"https:\/\/schema.org\",\"@graph\":[{\"@type\":\"Organization\",\"@id\":\"https:\/\/soledaddurazo.com\/#organization\",\"name\":\"Soledad Durazo\",\"url\":\"https:\/\/soledaddurazo.com\/\",\"sameAs\":[\"https:\/\/www.facebook.com\/soledad.durazo.9\/\",\"https:\/\/www.instagram.com\/soledaddurazo\",\"https:\/\/www.youtube.com\/channel\/UC9yGPw8-Vbl_B2XNkRwPS-w\",\"https:\/\/twitter.com\/SoledadDurazo\"],\"logo\":{\"@type\":\"ImageObject\",\"@id\":\"https:\/\/soledaddurazo.com\/#logo\",\"inLanguage\":\"es\",\"url\":\"https:\/\/soledaddurazo.com\/storage\/2021\/11\/nllp-720x375-1-2.png\",\"contentUrl\":\"https:\/\/soledaddurazo.com\/storage\/2021\/11\/nllp-720x375-1-2.png\",\"width\":720,\"height\":375,\"caption\":\"Soledad Durazo\"},\"image\":{\"@id\":\"https:\/\/soledaddurazo.com\/#logo\"}},{\"@type\":\"WebSite\",\"@id\":\"https:\/\/soledaddurazo.com\/#website\",\"url\":\"https:\/\/soledaddurazo.com\/\",\"name\":\"Periodista SoledadDurazo.com\",\"description\":\"Periodista sonorense. Directora de www.SoledadDurazo.com Columnista, conductora de radio y Tv. Catedr\\u00e1tica en la UNISON\",\"publisher\":{\"@id\":\"https:\/\/soledaddurazo.com\/#organization\"},\"potentialAction\":[{\"@type\":\"SearchAction\",\"target\":{\"@type\":\"EntryPoint\",\"urlTemplate\":\"https:\/\/soledaddurazo.com\/?s={search_term_string}\"},\"query-input\":\"required name=search_term_string\"}],\"inLanguage\":\"es\"},{\"@type\":\"ImageObject\",\"@id\":\"https:\/\/soledaddurazo.com\/blog\/2020\/12\/14\/el-ano-del-coronavirus-2\/#primaryimage\",\"inLanguage\":\"es\",\"url\":\"https:\/\/soledaddurazo.com\/storage\/2020\/12\/Covid-19-coronavirus-3.jpg\",\"contentUrl\":\"https:\/\/soledaddurazo.com\/storage\/2020\/12\/Covid-19-coronavirus-3.jpg\",\"width\":400,\"height\":250},{\"@type\":\"WebPage\",\"@id\":\"https:\/\/soledaddurazo.com\/blog\/2020\/12\/14\/el-ano-del-coronavirus-2\/#webpage\",\"url\":\"https:\/\/soledaddurazo.com\/blog\/2020\/12\/14\/el-ano-del-coronavirus-2\/\",\"name\":\"EL A\\u00d1O DEL CORONAVIRUS - Periodista SoledadDurazo.com\",\"isPartOf\":{\"@id\":\"https:\/\/soledaddurazo.com\/#website\"},\"primaryImageOfPage\":{\"@id\":\"https:\/\/soledaddurazo.com\/blog\/2020\/12\/14\/el-ano-del-coronavirus-2\/#primaryimage\"},\"datePublished\":\"2020-12-15T01:07:09+00:00\",\"dateModified\":\"2020-12-22T09:28:43+00:00\",\"breadcrumb\":{\"@id\":\"https:\/\/soledaddurazo.com\/blog\/2020\/12\/14\/el-ano-del-coronavirus-2\/#breadcrumb\"},\"inLanguage\":\"es\",\"potentialAction\":[{\"@type\":\"ReadAction\",\"target\":[\"https:\/\/soledaddurazo.com\/blog\/2020\/12\/14\/el-ano-del-coronavirus-2\/\"]}]},{\"@type\":\"BreadcrumbList\",\"@id\":\"https:\/\/soledaddurazo.com\/blog\/2020\/12\/14\/el-ano-del-coronavirus-2\/#breadcrumb\",\"itemListElement\":[{\"@type\":\"ListItem\",\"position\":1,\"name\":\"Home\",\"item\":\"https:\/\/soledaddurazo.com\/\"},{\"@type\":\"ListItem\",\"position\":2,\"name\":\"EL A\\u00d1O DEL CORONAVIRUS\"}]},{\"@type\":\"Article\",\"@id\":\"https:\/\/soledaddurazo.com\/blog\/2020\/12\/14\/el-ano-del-coronavirus-2\/#article\",\"isPartOf\":{\"@id\":\"https:\/\/soledaddurazo.com\/blog\/2020\/12\/14\/el-ano-del-coronavirus-2\/#webpage\"},\"author\":{\"@id\":\"https:\/\/soledaddurazo.com\/#\/schema\/person\/822d8e13aa288585e6546f179853758b\"},\"headline\":\"EL A\\u00d1O DEL CORONAVIRUS\",\"datePublished\":\"2020-12-15T01:07:09+00:00\",\"dateModified\":\"2020-12-22T09:28:43+00:00\",\"mainEntityOfPage\":{\"@id\":\"https:\/\/soledaddurazo.com\/blog\/2020\/12\/14\/el-ano-del-coronavirus-2\/#webpage\"},\"wordCount\":1486,\"commentCount\":0,\"publisher\":{\"@id\":\"https:\/\/soledaddurazo.com\/#organization\"},\"image\":{\"@id\":\"https:\/\/soledaddurazo.com\/blog\/2020\/12\/14\/el-ano-del-coronavirus-2\/#primaryimage\"},\"thumbnailUrl\":\"https:\/\/soledaddurazo.com\/storage\/2020\/12\/Covid-19-coronavirus-3.jpg\",\"articleSection\":[\"Mas noticias\"],\"inLanguage\":\"es\",\"potentialAction\":[{\"@type\":\"CommentAction\",\"name\":\"Comment\",\"target\":[\"https:\/\/soledaddurazo.com\/blog\/2020\/12\/14\/el-ano-del-coronavirus-2\/#respond\"]}]},{\"@type\":\"Person\",\"@id\":\"https:\/\/soledaddurazo.com\/#\/schema\/person\/822d8e13aa288585e6546f179853758b\",\"name\":\"Redacci\\u00f3n\",\"image\":{\"@type\":\"ImageObject\",\"@id\":\"https:\/\/soledaddurazo.com\/#personlogo\",\"inLanguage\":\"es\",\"url\":\"https:\/\/secure.gravatar.com\/avatar\/c4e193752f756fd61f04deebed3a3a20dc188d37edb53682d313ac57f2725d54?s=96&d=mm&r=g\",\"contentUrl\":\"https:\/\/secure.gravatar.com\/avatar\/c4e193752f756fd61f04deebed3a3a20dc188d37edb53682d313ac57f2725d54?s=96&d=mm&r=g\",\"caption\":\"Redacci\\u00f3n\"},\"sameAs\":[\"https:\/\/soledaddurazo.com\"]}]}<\/script>\n ","yoast_head_json":{"title":"EL A\u00d1O DEL CORONAVIRUS - Periodista SoledadDurazo.com","robots":{"index":"index","follow":"follow","max-snippet":"max-snippet:-1","max-image-preview":"max-image-preview:large","max-video-preview":"max-video-preview:-1"},"canonical":"https:\/\/soledaddurazo.com\/blog\/2020\/12\/14\/el-ano-del-coronavirus-2\/","og_locale":"es_MX","og_type":"article","og_title":"EL A\u00d1O DEL CORONAVIRUS","og_description":"Por Ana L. Coll (@yanak61) &nbsp; El domingo 3 de mayo de este a\u00f1o del Coronavirus, Pedro S\u00e1nchez, presidente del gobierno de Espa\u00f1a, compareci\u00f3 ante las c\u00e1maras en una de sus interminables ch\u00e1charas semanales para informar a los espa\u00f1oles que el confinamiento dom\u00e9stico, el m\u00e1s duro y largo decretado en todo el mundo, estaba a [&hellip;]","og_url":"https:\/\/soledaddurazo.com\/blog\/2020\/12\/14\/el-ano-del-coronavirus-2\/","og_site_name":"Periodista SoledadDurazo.com","article_publisher":"https:\/\/www.facebook.com\/soledad.durazo.9\/","article_published_time":"2020-12-15T01:07:09+00:00","article_modified_time":"2020-12-22T09:28:43+00:00","og_image":[{"width":400,"height":250,"url":"https:\/\/soledaddurazo.com\/storage\/2020\/12\/Covid-19-coronavirus-3.jpg","type":"image\/jpeg"}],"twitter_card":"summary_large_image","twitter_creator":"@SoledadDurazo","twitter_site":"@SoledadDurazo","twitter_misc":{"Escrito por":"Redacci\u00f3n","Tiempo de lectura":"7 minutos"},"schema":{"@context":"https:\/\/schema.org","@graph":[{"@type":"Organization","@id":"https:\/\/soledaddurazo.com\/#organization","name":"Soledad Durazo","url":"https:\/\/soledaddurazo.com\/","sameAs":["https:\/\/www.facebook.com\/soledad.durazo.9\/","https:\/\/www.instagram.com\/soledaddurazo","https:\/\/www.youtube.com\/channel\/UC9yGPw8-Vbl_B2XNkRwPS-w","https:\/\/twitter.com\/SoledadDurazo"],"logo":{"@type":"ImageObject","@id":"https:\/\/soledaddurazo.com\/#logo","inLanguage":"es","url":"https:\/\/soledaddurazo.com\/storage\/2021\/11\/nllp-720x375-1-2.png","contentUrl":"https:\/\/soledaddurazo.com\/storage\/2021\/11\/nllp-720x375-1-2.png","width":720,"height":375,"caption":"Soledad Durazo"},"image":{"@id":"https:\/\/soledaddurazo.com\/#logo"}},{"@type":"WebSite","@id":"https:\/\/soledaddurazo.com\/#website","url":"https:\/\/soledaddurazo.com\/","name":"Periodista SoledadDurazo.com","description":"Periodista sonorense. Directora de www.SoledadDurazo.com Columnista, conductora de radio y Tv. Catedr\u00e1tica en la UNISON","publisher":{"@id":"https:\/\/soledaddurazo.com\/#organization"},"potentialAction":[{"@type":"SearchAction","target":{"@type":"EntryPoint","urlTemplate":"https:\/\/soledaddurazo.com\/?s={search_term_string}"},"query-input":"required name=search_term_string"}],"inLanguage":"es"},{"@type":"ImageObject","@id":"https:\/\/soledaddurazo.com\/blog\/2020\/12\/14\/el-ano-del-coronavirus-2\/#primaryimage","inLanguage":"es","url":"https:\/\/soledaddurazo.com\/storage\/2020\/12\/Covid-19-coronavirus-3.jpg","contentUrl":"https:\/\/soledaddurazo.com\/storage\/2020\/12\/Covid-19-coronavirus-3.jpg","width":400,"height":250},{"@type":"WebPage","@id":"https:\/\/soledaddurazo.com\/blog\/2020\/12\/14\/el-ano-del-coronavirus-2\/#webpage","url":"https:\/\/soledaddurazo.com\/blog\/2020\/12\/14\/el-ano-del-coronavirus-2\/","name":"EL A\u00d1O DEL CORONAVIRUS - Periodista SoledadDurazo.com","isPartOf":{"@id":"https:\/\/soledaddurazo.com\/#website"},"primaryImageOfPage":{"@id":"https:\/\/soledaddurazo.com\/blog\/2020\/12\/14\/el-ano-del-coronavirus-2\/#primaryimage"},"datePublished":"2020-12-15T01:07:09+00:00","dateModified":"2020-12-22T09:28:43+00:00","breadcrumb":{"@id":"https:\/\/soledaddurazo.com\/blog\/2020\/12\/14\/el-ano-del-coronavirus-2\/#breadcrumb"},"inLanguage":"es","potentialAction":[{"@type":"ReadAction","target":["https:\/\/soledaddurazo.com\/blog\/2020\/12\/14\/el-ano-del-coronavirus-2\/"]}]},{"@type":"BreadcrumbList","@id":"https:\/\/soledaddurazo.com\/blog\/2020\/12\/14\/el-ano-del-coronavirus-2\/#breadcrumb","itemListElement":[{"@type":"ListItem","position":1,"name":"Home","item":"https:\/\/soledaddurazo.com\/"},{"@type":"ListItem","position":2,"name":"EL A\u00d1O DEL CORONAVIRUS"}]},{"@type":"Article","@id":"https:\/\/soledaddurazo.com\/blog\/2020\/12\/14\/el-ano-del-coronavirus-2\/#article","isPartOf":{"@id":"https:\/\/soledaddurazo.com\/blog\/2020\/12\/14\/el-ano-del-coronavirus-2\/#webpage"},"author":{"@id":"https:\/\/soledaddurazo.com\/#\/schema\/person\/822d8e13aa288585e6546f179853758b"},"headline":"EL A\u00d1O DEL CORONAVIRUS","datePublished":"2020-12-15T01:07:09+00:00","dateModified":"2020-12-22T09:28:43+00:00","mainEntityOfPage":{"@id":"https:\/\/soledaddurazo.com\/blog\/2020\/12\/14\/el-ano-del-coronavirus-2\/#webpage"},"wordCount":1486,"commentCount":0,"publisher":{"@id":"https:\/\/soledaddurazo.com\/#organization"},"image":{"@id":"https:\/\/soledaddurazo.com\/blog\/2020\/12\/14\/el-ano-del-coronavirus-2\/#primaryimage"},"thumbnailUrl":"https:\/\/soledaddurazo.com\/storage\/2020\/12\/Covid-19-coronavirus-3.jpg","articleSection":["Mas noticias"],"inLanguage":"es","potentialAction":[{"@type":"CommentAction","name":"Comment","target":["https:\/\/soledaddurazo.com\/blog\/2020\/12\/14\/el-ano-del-coronavirus-2\/#respond"]}]},{"@type":"Person","@id":"https:\/\/soledaddurazo.com\/#\/schema\/person\/822d8e13aa288585e6546f179853758b","name":"Redacci\u00f3n","image":{"@type":"ImageObject","@id":"https:\/\/soledaddurazo.com\/#personlogo","inLanguage":"es","url":"https:\/\/secure.gravatar.com\/avatar\/c4e193752f756fd61f04deebed3a3a20dc188d37edb53682d313ac57f2725d54?s=96&d=mm&r=g","contentUrl":"https:\/\/secure.gravatar.com\/avatar\/c4e193752f756fd61f04deebed3a3a20dc188d37edb53682d313ac57f2725d54?s=96&d=mm&r=g","caption":"Redacci\u00f3n"},"sameAs":["https:\/\/soledaddurazo.com"]}]}},"_links":{"self":[{"href":"https:\/\/soledaddurazo.com\/api\/wp\/v2\/posts\/5057","targetHints":{"allow":["GET"]}}],"collection":[{"href":"https:\/\/soledaddurazo.com\/api\/wp\/v2\/posts"}],"about":[{"href":"https:\/\/soledaddurazo.com\/api\/wp\/v2\/types\/post"}],"author":[{"embeddable":true,"href":"https:\/\/soledaddurazo.com\/api\/wp\/v2\/users\/1"}],"replies":[{"embeddable":true,"href":"https:\/\/soledaddurazo.com\/api\/wp\/v2\/comments?post=5057"}],"version-history":[{"count":1,"href":"https:\/\/soledaddurazo.com\/api\/wp\/v2\/posts\/5057\/revisions"}],"predecessor-version":[{"id":5059,"href":"https:\/\/soledaddurazo.com\/api\/wp\/v2\/posts\/5057\/revisions\/5059"}],"wp:featuredmedia":[{"embeddable":true,"href":"https:\/\/soledaddurazo.com\/api\/wp\/v2\/media\/5058"}],"wp:attachment":[{"href":"https:\/\/soledaddurazo.com\/api\/wp\/v2\/media?parent=5057"}],"wp:term":[{"taxonomy":"category","embeddable":true,"href":"https:\/\/soledaddurazo.com\/api\/wp\/v2\/categories?post=5057"},{"taxonomy":"post_tag","embeddable":true,"href":"https:\/\/soledaddurazo.com\/api\/wp\/v2\/tags?post=5057"}],"curies":[{"name":"wp","href":"https:\/\/api.w.org\/{rel}","templated":true}]}}