{"id":4934,"date":"2020-12-13T23:51:57","date_gmt":"2020-12-14T06:51:57","guid":{"rendered":"https:\/\/soledaddurazo.com\/?p=4934"},"modified":"2020-12-15T20:49:16","modified_gmt":"2020-12-16T03:49:16","slug":"9","status":"publish","type":"post","link":"https:\/\/soledaddurazo.com\/blog\/2020\/12\/13\/9\/","title":{"rendered":"Personal de salud, el rostro de &#8220;Guerreros del Sol&#8221;"},"content":{"rendered":"<p dir=\"ltr\">\n<p>&nbsp;<\/p>\n<ul>\n<li dir=\"ltr\">\n<p dir=\"ltr\"><em><strong>SOMOS NORO<\/strong>\u00a0presenta una campa\u00f1a fotogr\u00e1fica en reconocimiento a trabajadores de la salud.<\/em><\/p>\n<\/li>\n<li dir=\"ltr\">\n<p dir=\"ltr\"><em>Los retratos de la fot\u00f3grafa mexicana,\u00a0<strong>Ana Hop\u00a0<\/strong>se colocar\u00e1n en puntos estrat\u00e9gicos de la ciudad.<\/em><\/p>\n<\/li>\n<\/ul>\n<p dir=\"ltr\">\n<p dir=\"ltr\">Con el objetivo de dar a conocer el rostro humano del personal de salud que ha enfrentado, desde la primera l\u00ednea de batalla el Covid-19, se inici\u00f3 con la campa\u00f1a\u00a0<strong>\u201cGuerreros del Sol\u201d<\/strong>.<\/p>\n<p dir=\"ltr\">Esta iniciativa naci\u00f3 para reconocer esas historias de entrega y valent\u00eda de personas que todos los d\u00edas trabajan incansablemente para salvar vidas, incluso arriesgando su propio bienestar.<\/p>\n<p dir=\"ltr\">Este proyecto presenta una serie de fotograf\u00edas que revelan la vida de estas personas desde la intimidad de sus hogares y sus familias, dejando ver su lado m\u00e1s personal. El verdadero rostro de los h\u00e9roes de esta pandemia.<\/p>\n<p dir=\"ltr\">El objetivo de &#8220;<strong>Guerreros del Sol&#8221;<\/strong>\u00a0es el de sensibilizar a la sociedad sobre la valiosa labor que realizan mujeres y hombres de nuestra comunidad, que al enfrentar uno de los m\u00e1s grandes desaf\u00edos de los \u00faltimos tiempos, nos dan un ejemplo de compromiso y responsabilidad para afrontar la pandemia.<\/p>\n<p dir=\"ltr\">Para ello, y como parte de esta campa\u00f1a, la reconocida fot\u00f3grafa mexicana\u00a0<strong>Ana Hop<\/strong>\u00a0(Ciudad de M\u00e9xico,1984) captura el contexto cotidiano del personal de salud.\u00a0<strong>Hop\u00a0<\/strong>retrata a m\u00e9dicos, doctoras, enfermeros, enfermeras, camilleros y param\u00e9dicos vistiendo el uniforme y su equipo de protecci\u00f3n personal conviviendo con sus familias.<\/p>\n<p dir=\"ltr\">Estas im\u00e1genes est\u00e1n alojadas en nuestra p\u00e1gina web\u00a0<a href=\"https:\/\/somosnoro.us2.list-manage.com\/track\/click?u=b015bf975c8425e0656acfac1&amp;id=f3beefe148&amp;e=21c3478a3e\" target=\"_blank\" rel=\"nofollow noopener noreferrer\">www.somosnoro.com<\/a>, donde se podr\u00e1 encontrar una galer\u00eda con los retratos y las historias de cada perfil. Adem\u00e1s, las fotograf\u00edas ser\u00e1n expuestas en p\u00f3sters y espectaculares que ser\u00e1n colocados en puntos estrat\u00e9gicos de la ciudad.<\/p>\n<p dir=\"ltr\"><strong>&#8220;Guerreros del Sol&#8221;<\/strong>\u00a0es una iniciativa emprendida por\u00a0<strong>SOMOS NORO<\/strong>, una plataforma digital dedicada a investigar, interpretar y dar a conocer cifras, datos e informaci\u00f3n sobre el Covid-19, con el objetivo brindar a la gente informaci\u00f3n verificada.<\/p>\n<div><\/div>\n<p dir=\"ltr\"><strong>Juan Pablo Espinosa De Los Monteros Tatto<br \/>\nDirecci\u00f3n General<br \/>\nSOMOS NORO<\/strong><\/p>\n","protected":false},"excerpt":{"rendered":"<p>&nbsp; SOMOS NORO\u00a0presenta una campa\u00f1a fotogr\u00e1fica en reconocimiento a trabajadores de la salud. Los retratos de la fot\u00f3grafa mexicana,\u00a0Ana Hop\u00a0se colocar\u00e1n en puntos estrat\u00e9gicos de la ciudad. Con el objetivo de dar a conocer el rostro humano del personal de salud que ha enfrentado, desde la primera l\u00ednea de batalla el Covid-19, se inici\u00f3 con [&hellip;]<\/p>\n","protected":false},"author":1,"featured_media":5093,"comment_status":"open","ping_status":"open","sticky":false,"template":"","format":"standard","meta":{"footnotes":""},"categories":[153,1],"tags":[],"class_list":["post"],"yoast_head":" \n<title>Personal de salud, el rostro de &quot;Guerreros del Sol&quot; - Periodista SoledadDurazo.com<\/title>\n<meta name=\"robots\" content=\"index, follow, max-snippet:-1, max-image-preview:large, max-video-preview:-1\" \/>\n<link rel=\"canonical\" href=\"https:\/\/soledaddurazo.com\/blog\/2020\/12\/13\/9\/\" \/>\n<meta property=\"og:locale\" content=\"es_MX\" \/>\n<meta property=\"og:type\" content=\"article\" \/>\n<meta property=\"og:title\" content=\"Personal de salud, el rostro de &quot;Guerreros del Sol&quot;\" \/>\n<meta property=\"og:description\" content=\"&nbsp; SOMOS NORO\u00a0presenta una campa\u00f1a fotogr\u00e1fica en reconocimiento a trabajadores de la salud. Los retratos de la fot\u00f3grafa mexicana,\u00a0Ana Hop\u00a0se colocar\u00e1n en puntos estrat\u00e9gicos de la ciudad. Con el objetivo de dar a conocer el rostro humano del personal de salud que ha enfrentado, desde la primera l\u00ednea de batalla el Covid-19, se inici\u00f3 con [&hellip;]\" \/>\n<meta property=\"og:url\" content=\"https:\/\/soledaddurazo.com\/blog\/2020\/12\/13\/9\/\" \/>\n<meta property=\"og:site_name\" content=\"Periodista SoledadDurazo.com\" \/>\n<meta property=\"article:publisher\" content=\"https:\/\/www.facebook.com\/soledad.durazo.9\/\" \/>\n<meta property=\"article:published_time\" content=\"2020-12-14T06:51:57+00:00\" \/>\n<meta property=\"article:modified_time\" content=\"2020-12-16T03:49:16+00:00\" \/>\n<meta property=\"og:image\" content=\"https:\/\/soledaddurazo.com\/storage\/2020\/12\/mail-1.png\" \/>\n\t<meta property=\"og:image:width\" content=\"668\" \/>\n\t<meta property=\"og:image:height\" content=\"446\" \/>\n<meta name=\"twitter:card\" content=\"summary_large_image\" \/>\n<meta name=\"twitter:creator\" content=\"@SoledadDurazo\" \/>\n<meta name=\"twitter:site\" content=\"@SoledadDurazo\" \/>\n<meta name=\"twitter:label1\" content=\"Escrito por\" \/>\n\t<meta name=\"twitter:data1\" content=\"Redacci\u00f3n\" \/>\n\t<meta name=\"twitter:label2\" content=\"Tiempo de lectura\" \/>\n\t<meta name=\"twitter:data2\" content=\"2 minutos\" \/>\n<script type=\"application\/ld+json\" class=\"yoast-schema-graph\">{\"@context\":\"https:\/\/schema.org\",\"@graph\":[{\"@type\":\"Organization\",\"@id\":\"https:\/\/soledaddurazo.com\/#organization\",\"name\":\"Soledad Durazo\",\"url\":\"https:\/\/soledaddurazo.com\/\",\"sameAs\":[\"https:\/\/www.facebook.com\/soledad.durazo.9\/\",\"https:\/\/www.instagram.com\/soledaddurazo\",\"https:\/\/www.youtube.com\/channel\/UC9yGPw8-Vbl_B2XNkRwPS-w\",\"https:\/\/twitter.com\/SoledadDurazo\"],\"logo\":{\"@type\":\"ImageObject\",\"@id\":\"https:\/\/soledaddurazo.com\/#logo\",\"inLanguage\":\"es\",\"url\":\"https:\/\/soledaddurazo.com\/storage\/2021\/11\/nllp-720x375-1-2.png\",\"contentUrl\":\"https:\/\/soledaddurazo.com\/storage\/2021\/11\/nllp-720x375-1-2.png\",\"width\":720,\"height\":375,\"caption\":\"Soledad Durazo\"},\"image\":{\"@id\":\"https:\/\/soledaddurazo.com\/#logo\"}},{\"@type\":\"WebSite\",\"@id\":\"https:\/\/soledaddurazo.com\/#website\",\"url\":\"https:\/\/soledaddurazo.com\/\",\"name\":\"Periodista SoledadDurazo.com\",\"description\":\"Periodista sonorense. Directora de www.SoledadDurazo.com Columnista, conductora de radio y Tv. Catedr\\u00e1tica en la UNISON\",\"publisher\":{\"@id\":\"https:\/\/soledaddurazo.com\/#organization\"},\"potentialAction\":[{\"@type\":\"SearchAction\",\"target\":{\"@type\":\"EntryPoint\",\"urlTemplate\":\"https:\/\/soledaddurazo.com\/?s={search_term_string}\"},\"query-input\":\"required name=search_term_string\"}],\"inLanguage\":\"es\"},{\"@type\":\"ImageObject\",\"@id\":\"https:\/\/soledaddurazo.com\/blog\/2020\/12\/13\/9\/#primaryimage\",\"inLanguage\":\"es\",\"url\":\"https:\/\/soledaddurazo.com\/storage\/2020\/12\/mail-1.png\",\"contentUrl\":\"https:\/\/soledaddurazo.com\/storage\/2020\/12\/mail-1.png\",\"width\":668,\"height\":446},{\"@type\":\"WebPage\",\"@id\":\"https:\/\/soledaddurazo.com\/blog\/2020\/12\/13\/9\/#webpage\",\"url\":\"https:\/\/soledaddurazo.com\/blog\/2020\/12\/13\/9\/\",\"name\":\"Personal de salud, el rostro de \\\"Guerreros del Sol\\\" - Periodista SoledadDurazo.com\",\"isPartOf\":{\"@id\":\"https:\/\/soledaddurazo.com\/#website\"},\"primaryImageOfPage\":{\"@id\":\"https:\/\/soledaddurazo.com\/blog\/2020\/12\/13\/9\/#primaryimage\"},\"datePublished\":\"2020-12-14T06:51:57+00:00\",\"dateModified\":\"2020-12-16T03:49:16+00:00\",\"breadcrumb\":{\"@id\":\"https:\/\/soledaddurazo.com\/blog\/2020\/12\/13\/9\/#breadcrumb\"},\"inLanguage\":\"es\",\"potentialAction\":[{\"@type\":\"ReadAction\",\"target\":[\"https:\/\/soledaddurazo.com\/blog\/2020\/12\/13\/9\/\"]}]},{\"@type\":\"BreadcrumbList\",\"@id\":\"https:\/\/soledaddurazo.com\/blog\/2020\/12\/13\/9\/#breadcrumb\",\"itemListElement\":[{\"@type\":\"ListItem\",\"position\":1,\"name\":\"Home\",\"item\":\"https:\/\/soledaddurazo.com\/\"},{\"@type\":\"ListItem\",\"position\":2,\"name\":\"Personal de salud, el rostro de &#8220;Guerreros del Sol&#8221;\"}]},{\"@type\":\"Article\",\"@id\":\"https:\/\/soledaddurazo.com\/blog\/2020\/12\/13\/9\/#article\",\"isPartOf\":{\"@id\":\"https:\/\/soledaddurazo.com\/blog\/2020\/12\/13\/9\/#webpage\"},\"author\":{\"@id\":\"https:\/\/soledaddurazo.com\/#\/schema\/person\/822d8e13aa288585e6546f179853758b\"},\"headline\":\"Personal de salud, el rostro de &#8220;Guerreros del Sol&#8221;\",\"datePublished\":\"2020-12-14T06:51:57+00:00\",\"dateModified\":\"2020-12-16T03:49:16+00:00\",\"mainEntityOfPage\":{\"@id\":\"https:\/\/soledaddurazo.com\/blog\/2020\/12\/13\/9\/#webpage\"},\"wordCount\":360,\"commentCount\":0,\"publisher\":{\"@id\":\"https:\/\/soledaddurazo.com\/#organization\"},\"image\":{\"@id\":\"https:\/\/soledaddurazo.com\/blog\/2020\/12\/13\/9\/#primaryimage\"},\"thumbnailUrl\":\"https:\/\/soledaddurazo.com\/storage\/2020\/12\/mail-1.png\",\"articleSection\":[\"principal\"],\"inLanguage\":\"es\",\"potentialAction\":[{\"@type\":\"CommentAction\",\"name\":\"Comment\",\"target\":[\"https:\/\/soledaddurazo.com\/blog\/2020\/12\/13\/9\/#respond\"]}]},{\"@type\":\"Person\",\"@id\":\"https:\/\/soledaddurazo.com\/#\/schema\/person\/822d8e13aa288585e6546f179853758b\",\"name\":\"Redacci\\u00f3n\",\"image\":{\"@type\":\"ImageObject\",\"@id\":\"https:\/\/soledaddurazo.com\/#personlogo\",\"inLanguage\":\"es\",\"url\":\"https:\/\/secure.gravatar.com\/avatar\/c4e193752f756fd61f04deebed3a3a20dc188d37edb53682d313ac57f2725d54?s=96&d=mm&r=g\",\"contentUrl\":\"https:\/\/secure.gravatar.com\/avatar\/c4e193752f756fd61f04deebed3a3a20dc188d37edb53682d313ac57f2725d54?s=96&d=mm&r=g\",\"caption\":\"Redacci\\u00f3n\"},\"sameAs\":[\"https:\/\/soledaddurazo.com\"]}]}<\/script>\n ","yoast_head_json":{"title":"Personal de salud, el rostro de \"Guerreros del Sol\" - Periodista SoledadDurazo.com","robots":{"index":"index","follow":"follow","max-snippet":"max-snippet:-1","max-image-preview":"max-image-preview:large","max-video-preview":"max-video-preview:-1"},"canonical":"https:\/\/soledaddurazo.com\/blog\/2020\/12\/13\/9\/","og_locale":"es_MX","og_type":"article","og_title":"Personal de salud, el rostro de \"Guerreros del Sol\"","og_description":"&nbsp; SOMOS NORO\u00a0presenta una campa\u00f1a fotogr\u00e1fica en reconocimiento a trabajadores de la salud. Los retratos de la fot\u00f3grafa mexicana,\u00a0Ana Hop\u00a0se colocar\u00e1n en puntos estrat\u00e9gicos de la ciudad. Con el objetivo de dar a conocer el rostro humano del personal de salud que ha enfrentado, desde la primera l\u00ednea de batalla el Covid-19, se inici\u00f3 con [&hellip;]","og_url":"https:\/\/soledaddurazo.com\/blog\/2020\/12\/13\/9\/","og_site_name":"Periodista SoledadDurazo.com","article_publisher":"https:\/\/www.facebook.com\/soledad.durazo.9\/","article_published_time":"2020-12-14T06:51:57+00:00","article_modified_time":"2020-12-16T03:49:16+00:00","og_image":[{"width":668,"height":446,"url":"https:\/\/soledaddurazo.com\/storage\/2020\/12\/mail-1.png","type":"image\/png"}],"twitter_card":"summary_large_image","twitter_creator":"@SoledadDurazo","twitter_site":"@SoledadDurazo","twitter_misc":{"Escrito por":"Redacci\u00f3n","Tiempo de lectura":"2 minutos"},"schema":{"@context":"https:\/\/schema.org","@graph":[{"@type":"Organization","@id":"https:\/\/soledaddurazo.com\/#organization","name":"Soledad Durazo","url":"https:\/\/soledaddurazo.com\/","sameAs":["https:\/\/www.facebook.com\/soledad.durazo.9\/","https:\/\/www.instagram.com\/soledaddurazo","https:\/\/www.youtube.com\/channel\/UC9yGPw8-Vbl_B2XNkRwPS-w","https:\/\/twitter.com\/SoledadDurazo"],"logo":{"@type":"ImageObject","@id":"https:\/\/soledaddurazo.com\/#logo","inLanguage":"es","url":"https:\/\/soledaddurazo.com\/storage\/2021\/11\/nllp-720x375-1-2.png","contentUrl":"https:\/\/soledaddurazo.com\/storage\/2021\/11\/nllp-720x375-1-2.png","width":720,"height":375,"caption":"Soledad Durazo"},"image":{"@id":"https:\/\/soledaddurazo.com\/#logo"}},{"@type":"WebSite","@id":"https:\/\/soledaddurazo.com\/#website","url":"https:\/\/soledaddurazo.com\/","name":"Periodista SoledadDurazo.com","description":"Periodista sonorense. Directora de www.SoledadDurazo.com Columnista, conductora de radio y Tv. Catedr\u00e1tica en la UNISON","publisher":{"@id":"https:\/\/soledaddurazo.com\/#organization"},"potentialAction":[{"@type":"SearchAction","target":{"@type":"EntryPoint","urlTemplate":"https:\/\/soledaddurazo.com\/?s={search_term_string}"},"query-input":"required name=search_term_string"}],"inLanguage":"es"},{"@type":"ImageObject","@id":"https:\/\/soledaddurazo.com\/blog\/2020\/12\/13\/9\/#primaryimage","inLanguage":"es","url":"https:\/\/soledaddurazo.com\/storage\/2020\/12\/mail-1.png","contentUrl":"https:\/\/soledaddurazo.com\/storage\/2020\/12\/mail-1.png","width":668,"height":446},{"@type":"WebPage","@id":"https:\/\/soledaddurazo.com\/blog\/2020\/12\/13\/9\/#webpage","url":"https:\/\/soledaddurazo.com\/blog\/2020\/12\/13\/9\/","name":"Personal de salud, el rostro de \"Guerreros del Sol\" - Periodista SoledadDurazo.com","isPartOf":{"@id":"https:\/\/soledaddurazo.com\/#website"},"primaryImageOfPage":{"@id":"https:\/\/soledaddurazo.com\/blog\/2020\/12\/13\/9\/#primaryimage"},"datePublished":"2020-12-14T06:51:57+00:00","dateModified":"2020-12-16T03:49:16+00:00","breadcrumb":{"@id":"https:\/\/soledaddurazo.com\/blog\/2020\/12\/13\/9\/#breadcrumb"},"inLanguage":"es","potentialAction":[{"@type":"ReadAction","target":["https:\/\/soledaddurazo.com\/blog\/2020\/12\/13\/9\/"]}]},{"@type":"BreadcrumbList","@id":"https:\/\/soledaddurazo.com\/blog\/2020\/12\/13\/9\/#breadcrumb","itemListElement":[{"@type":"ListItem","position":1,"name":"Home","item":"https:\/\/soledaddurazo.com\/"},{"@type":"ListItem","position":2,"name":"Personal de salud, el rostro de &#8220;Guerreros del Sol&#8221;"}]},{"@type":"Article","@id":"https:\/\/soledaddurazo.com\/blog\/2020\/12\/13\/9\/#article","isPartOf":{"@id":"https:\/\/soledaddurazo.com\/blog\/2020\/12\/13\/9\/#webpage"},"author":{"@id":"https:\/\/soledaddurazo.com\/#\/schema\/person\/822d8e13aa288585e6546f179853758b"},"headline":"Personal de salud, el rostro de &#8220;Guerreros del Sol&#8221;","datePublished":"2020-12-14T06:51:57+00:00","dateModified":"2020-12-16T03:49:16+00:00","mainEntityOfPage":{"@id":"https:\/\/soledaddurazo.com\/blog\/2020\/12\/13\/9\/#webpage"},"wordCount":360,"commentCount":0,"publisher":{"@id":"https:\/\/soledaddurazo.com\/#organization"},"image":{"@id":"https:\/\/soledaddurazo.com\/blog\/2020\/12\/13\/9\/#primaryimage"},"thumbnailUrl":"https:\/\/soledaddurazo.com\/storage\/2020\/12\/mail-1.png","articleSection":["principal"],"inLanguage":"es","potentialAction":[{"@type":"CommentAction","name":"Comment","target":["https:\/\/soledaddurazo.com\/blog\/2020\/12\/13\/9\/#respond"]}]},{"@type":"Person","@id":"https:\/\/soledaddurazo.com\/#\/schema\/person\/822d8e13aa288585e6546f179853758b","name":"Redacci\u00f3n","image":{"@type":"ImageObject","@id":"https:\/\/soledaddurazo.com\/#personlogo","inLanguage":"es","url":"https:\/\/secure.gravatar.com\/avatar\/c4e193752f756fd61f04deebed3a3a20dc188d37edb53682d313ac57f2725d54?s=96&d=mm&r=g","contentUrl":"https:\/\/secure.gravatar.com\/avatar\/c4e193752f756fd61f04deebed3a3a20dc188d37edb53682d313ac57f2725d54?s=96&d=mm&r=g","caption":"Redacci\u00f3n"},"sameAs":["https:\/\/soledaddurazo.com"]}]}},"_links":{"self":[{"href":"https:\/\/soledaddurazo.com\/api\/wp\/v2\/posts\/4934","targetHints":{"allow":["GET"]}}],"collection":[{"href":"https:\/\/soledaddurazo.com\/api\/wp\/v2\/posts"}],"about":[{"href":"https:\/\/soledaddurazo.com\/api\/wp\/v2\/types\/post"}],"author":[{"embeddable":true,"href":"https:\/\/soledaddurazo.com\/api\/wp\/v2\/users\/1"}],"replies":[{"embeddable":true,"href":"https:\/\/soledaddurazo.com\/api\/wp\/v2\/comments?post=4934"}],"version-history":[{"count":3,"href":"https:\/\/soledaddurazo.com\/api\/wp\/v2\/posts\/4934\/revisions"}],"predecessor-version":[{"id":5094,"href":"https:\/\/soledaddurazo.com\/api\/wp\/v2\/posts\/4934\/revisions\/5094"}],"wp:featuredmedia":[{"embeddable":true,"href":"https:\/\/soledaddurazo.com\/api\/wp\/v2\/media\/5093"}],"wp:attachment":[{"href":"https:\/\/soledaddurazo.com\/api\/wp\/v2\/media?parent=4934"}],"wp:term":[{"taxonomy":"category","embeddable":true,"href":"https:\/\/soledaddurazo.com\/api\/wp\/v2\/categories?post=4934"},{"taxonomy":"post_tag","embeddable":true,"href":"https:\/\/soledaddurazo.com\/api\/wp\/v2\/tags?post=4934"}],"curies":[{"name":"wp","href":"https:\/\/api.w.org\/{rel}","templated":true}]}}