{"id":4885,"date":"2020-12-10T20:48:56","date_gmt":"2020-12-11T03:48:56","guid":{"rendered":"https:\/\/soledaddurazo.com\/?p=4885"},"modified":"2020-12-13T21:30:01","modified_gmt":"2020-12-14T04:30:01","slug":"celebra-a-la-virgen-de-guadalupe-desde-casa-y-hazle-un-altar","status":"publish","type":"post","link":"https:\/\/soledaddurazo.com\/blog\/2020\/12\/10\/celebra-a-la-virgen-de-guadalupe-desde-casa-y-hazle-un-altar\/","title":{"rendered":"Celebra a la Virgen de Guadalupe desde casa y hazle un altar"},"content":{"rendered":"<p>A trav\u00e9s de sus distintos medios de difusi\u00f3n,\u00a0<strong>la Arquidi\u00f3cesis Primada de M\u00e9xico ha llamado a los fieles cat\u00f3licos a participar desde la comodidad y seguridad de sus respectivos domicilios<\/strong>\u00a0a honrar a la\u00a0<strong>Virgen de Guadalupe.<\/strong><\/p>\n<h2>\u00bfC\u00f3mo poner un altar para la Virgen de Guadalupe?<\/h2>\n<p>Una alternativa a esta contingencia es\u00a0<strong>preparar un altar para<\/strong>\u00a0<strong>conmemorar a la Virgen de Guadalupe<\/strong>, el cual puede estar constituido por:<\/p>\n<ul>\n<li>Una imagen de la Virgen de Guadalupe<\/li>\n<li>Flores<\/li>\n<li>Veladoras<\/li>\n<li>La \u201cpalabra de Dios\u201d; es decir, una Biblia<\/li>\n<li>Tambi\u00e9n puedes colocar una bandera de M\u00e9xico o del pa\u00eds de origen<\/li>\n<\/ul>\n<p>Originalmente,\u00a0<strong>la Bas\u00edlica de Guadalupe ten\u00eda previsto acoger a los peregrinos solamente para que pudieran contemplar la imagen sin celebrar misas los d\u00edas 11 y 12,\u00a0<\/strong>pero la idea tuvo que ser rechazada para evitar contagios de COVID-19, por lo que el recinto mariano permanecer\u00e1\u00a0<strong>cerrado del 10 al 13 de diciembre.<\/strong><\/p>\n<h2>\u00bfC\u00f3mo conmemorar a la virgen de Guadalupe este 12 de diciembre?<\/h2>\n<figure class=\"wp-block-image size-large\"><figcaption>La Bas\u00edlica de Guadalupe anunci\u00f3 una serie de actividades virtuales para conmemorar esta fecha. Los devotos que deseen hacerlo, podr\u00e1n seguirlas a trav\u00e9s de su sitio web oficial. | Foto: Cuartoscuro \u2013 Archivo<\/figcaption><\/figure>\n<p>La\u00a0<strong><a href=\"https:\/\/www.unotv.com\/estados\/ciudad-de-mexico\/presenciales-y-virtuales-asi-seran-festejos-a-la-virgen-de-guadalupe\/\" target=\"_blank\" rel=\"noreferrer noopener\" aria-label=\"undefined (abre en una nueva pesta\u00f1a)\">Bas\u00edlica de Guadalupe anunci\u00f3 una serie de actividades virtuales<\/a><\/strong>\u00a0para conmemorar esta fecha. Los devotos que deseen hacerlo, podr\u00e1n seguirlas a trav\u00e9s de: https:\/\/festejos.virgendeguadalupe.org.mx\/<\/p>\n<p>Adem\u00e1s de estas actividades puedes hacer lo siguiente y celebrar\u00a0<strong>a la Virgen de Guadalupe desde casa y de manera segura:<\/strong><\/p>\n<h2>Intenciones por escrito<\/h2>\n<p><strong>La Bas\u00edlica de Guadalupe recibir\u00e1 intenciones de los fieles por escrito<\/strong>, las cuales se colocar\u00e1n en este recinto mariano.<\/p>\n<p>Del 19 de noviembre al 10 de diciembre,\u00a0<strong>la p\u00e1gina de internet de la Bas\u00edlica recibir\u00e1 intenciones<\/strong>, que\u00a0<strong>ser\u00e1n colocadas en el altar mayor durante la misa solemne de media noche\u00a0<\/strong>y la de las rosas el 12 de diciembre.<\/p>\n<p>Puedes escribir tu intenci\u00f3n a trav\u00e9s de este enlace: https:\/\/intenciones.virgendeguadalupe.org.mx\/<\/p>\n<h2>Celebraciones virtuales a la Virgen de Guadalupe<\/h2>\n<figure class=\"wp-block-image size-large\"><figcaption>Durante la Peregrinaci\u00f3n a la Bas\u00edlica de Guadalupe 2020, podr\u00e1 aparecer en pantalla tu fotograf\u00eda, la de tu familiar, amigo o empresa, as\u00ed como un breve mensaje o plegaria. | Foto: Cuartoscuro \u2013 Archivo<\/figcaption><\/figure>\n<p><strong>A trav\u00e9s de la p\u00e1gina de internet de la Bas\u00edlica se podr\u00e1 encender una veladora virtual<\/strong>, la cual permanecer\u00e1 encendida por 48 horas.<\/p>\n<p>La veladora podr\u00e1 ser compartida a trav\u00e9s de redes sociales como Facebook, Twitter y WhatsApp.<\/p>\n<p>Fuente: unotv.com<\/p>\n","protected":false},"excerpt":{"rendered":"<p>A trav\u00e9s de sus distintos medios de difusi\u00f3n,\u00a0la Arquidi\u00f3cesis Primada de M\u00e9xico ha llamado a los fieles cat\u00f3licos a participar desde la comodidad y seguridad de sus respectivos domicilios\u00a0a honrar a la\u00a0Virgen de Guadalupe. \u00bfC\u00f3mo poner un altar para la Virgen de Guadalupe? Una alternativa a esta contingencia es\u00a0preparar un altar para\u00a0conmemorar a la Virgen [&hellip;]<\/p>\n","protected":false},"author":1,"featured_media":4886,"comment_status":"open","ping_status":"open","sticky":false,"template":"","format":"standard","meta":{"footnotes":""},"categories":[160],"tags":[],"class_list":["post"],"yoast_head":" \n<title>Celebra a la Virgen de Guadalupe desde casa y hazle un altar - Periodista SoledadDurazo.com<\/title>\n<meta name=\"robots\" content=\"index, follow, max-snippet:-1, max-image-preview:large, max-video-preview:-1\" \/>\n<link rel=\"canonical\" href=\"https:\/\/soledaddurazo.com\/blog\/2020\/12\/10\/celebra-a-la-virgen-de-guadalupe-desde-casa-y-hazle-un-altar\/\" \/>\n<meta property=\"og:locale\" content=\"es_MX\" \/>\n<meta property=\"og:type\" content=\"article\" \/>\n<meta property=\"og:title\" content=\"Celebra a la Virgen de Guadalupe desde casa y hazle un altar\" \/>\n<meta property=\"og:description\" content=\"A trav\u00e9s de sus distintos medios de difusi\u00f3n,\u00a0la Arquidi\u00f3cesis Primada de M\u00e9xico ha llamado a los fieles cat\u00f3licos a participar desde la comodidad y seguridad de sus respectivos domicilios\u00a0a honrar a la\u00a0Virgen de Guadalupe. \u00bfC\u00f3mo poner un altar para la Virgen de Guadalupe? Una alternativa a esta contingencia es\u00a0preparar un altar para\u00a0conmemorar a la Virgen [&hellip;]\" \/>\n<meta property=\"og:url\" content=\"https:\/\/soledaddurazo.com\/blog\/2020\/12\/10\/celebra-a-la-virgen-de-guadalupe-desde-casa-y-hazle-un-altar\/\" \/>\n<meta property=\"og:site_name\" content=\"Periodista SoledadDurazo.com\" \/>\n<meta property=\"article:publisher\" content=\"https:\/\/www.facebook.com\/soledad.durazo.9\/\" \/>\n<meta property=\"article:published_time\" content=\"2020-12-11T03:48:56+00:00\" \/>\n<meta property=\"article:modified_time\" content=\"2020-12-14T04:30:01+00:00\" \/>\n<meta property=\"og:image\" content=\"https:\/\/soledaddurazo.com\/storage\/2020\/12\/depositphotos_60230875-stock-photo-altar-to-the-virgin.jpg\" \/>\n\t<meta property=\"og:image:width\" content=\"1024\" \/>\n\t<meta property=\"og:image:height\" content=\"990\" \/>\n<meta name=\"twitter:card\" content=\"summary_large_image\" \/>\n<meta name=\"twitter:creator\" content=\"@SoledadDurazo\" \/>\n<meta name=\"twitter:site\" content=\"@SoledadDurazo\" \/>\n<meta name=\"twitter:label1\" content=\"Escrito por\" \/>\n\t<meta name=\"twitter:data1\" content=\"Redacci\u00f3n\" \/>\n\t<meta name=\"twitter:label2\" content=\"Tiempo de lectura\" \/>\n\t<meta name=\"twitter:data2\" content=\"2 minutos\" \/>\n<script type=\"application\/ld+json\" class=\"yoast-schema-graph\">{\"@context\":\"https:\/\/schema.org\",\"@graph\":[{\"@type\":\"Organization\",\"@id\":\"https:\/\/soledaddurazo.com\/#organization\",\"name\":\"Soledad Durazo\",\"url\":\"https:\/\/soledaddurazo.com\/\",\"sameAs\":[\"https:\/\/www.facebook.com\/soledad.durazo.9\/\",\"https:\/\/www.instagram.com\/soledaddurazo\",\"https:\/\/www.youtube.com\/channel\/UC9yGPw8-Vbl_B2XNkRwPS-w\",\"https:\/\/twitter.com\/SoledadDurazo\"],\"logo\":{\"@type\":\"ImageObject\",\"@id\":\"https:\/\/soledaddurazo.com\/#logo\",\"inLanguage\":\"es\",\"url\":\"https:\/\/soledaddurazo.com\/storage\/2021\/11\/nllp-720x375-1-2.png\",\"contentUrl\":\"https:\/\/soledaddurazo.com\/storage\/2021\/11\/nllp-720x375-1-2.png\",\"width\":720,\"height\":375,\"caption\":\"Soledad Durazo\"},\"image\":{\"@id\":\"https:\/\/soledaddurazo.com\/#logo\"}},{\"@type\":\"WebSite\",\"@id\":\"https:\/\/soledaddurazo.com\/#website\",\"url\":\"https:\/\/soledaddurazo.com\/\",\"name\":\"Periodista SoledadDurazo.com\",\"description\":\"Periodista sonorense. Directora de www.SoledadDurazo.com Columnista, conductora de radio y Tv. Catedr\\u00e1tica en la UNISON\",\"publisher\":{\"@id\":\"https:\/\/soledaddurazo.com\/#organization\"},\"potentialAction\":[{\"@type\":\"SearchAction\",\"target\":{\"@type\":\"EntryPoint\",\"urlTemplate\":\"https:\/\/soledaddurazo.com\/?s={search_term_string}\"},\"query-input\":\"required name=search_term_string\"}],\"inLanguage\":\"es\"},{\"@type\":\"ImageObject\",\"@id\":\"https:\/\/soledaddurazo.com\/blog\/2020\/12\/10\/celebra-a-la-virgen-de-guadalupe-desde-casa-y-hazle-un-altar\/#primaryimage\",\"inLanguage\":\"es\",\"url\":\"https:\/\/soledaddurazo.com\/storage\/2020\/12\/depositphotos_60230875-stock-photo-altar-to-the-virgin.jpg\",\"contentUrl\":\"https:\/\/soledaddurazo.com\/storage\/2020\/12\/depositphotos_60230875-stock-photo-altar-to-the-virgin.jpg\",\"width\":1024,\"height\":990},{\"@type\":\"WebPage\",\"@id\":\"https:\/\/soledaddurazo.com\/blog\/2020\/12\/10\/celebra-a-la-virgen-de-guadalupe-desde-casa-y-hazle-un-altar\/#webpage\",\"url\":\"https:\/\/soledaddurazo.com\/blog\/2020\/12\/10\/celebra-a-la-virgen-de-guadalupe-desde-casa-y-hazle-un-altar\/\",\"name\":\"Celebra a la Virgen de Guadalupe desde casa y hazle un altar - Periodista SoledadDurazo.com\",\"isPartOf\":{\"@id\":\"https:\/\/soledaddurazo.com\/#website\"},\"primaryImageOfPage\":{\"@id\":\"https:\/\/soledaddurazo.com\/blog\/2020\/12\/10\/celebra-a-la-virgen-de-guadalupe-desde-casa-y-hazle-un-altar\/#primaryimage\"},\"datePublished\":\"2020-12-11T03:48:56+00:00\",\"dateModified\":\"2020-12-14T04:30:01+00:00\",\"breadcrumb\":{\"@id\":\"https:\/\/soledaddurazo.com\/blog\/2020\/12\/10\/celebra-a-la-virgen-de-guadalupe-desde-casa-y-hazle-un-altar\/#breadcrumb\"},\"inLanguage\":\"es\",\"potentialAction\":[{\"@type\":\"ReadAction\",\"target\":[\"https:\/\/soledaddurazo.com\/blog\/2020\/12\/10\/celebra-a-la-virgen-de-guadalupe-desde-casa-y-hazle-un-altar\/\"]}]},{\"@type\":\"BreadcrumbList\",\"@id\":\"https:\/\/soledaddurazo.com\/blog\/2020\/12\/10\/celebra-a-la-virgen-de-guadalupe-desde-casa-y-hazle-un-altar\/#breadcrumb\",\"itemListElement\":[{\"@type\":\"ListItem\",\"position\":1,\"name\":\"Home\",\"item\":\"https:\/\/soledaddurazo.com\/\"},{\"@type\":\"ListItem\",\"position\":2,\"name\":\"Celebra a la Virgen de Guadalupe desde casa y hazle un altar\"}]},{\"@type\":\"Article\",\"@id\":\"https:\/\/soledaddurazo.com\/blog\/2020\/12\/10\/celebra-a-la-virgen-de-guadalupe-desde-casa-y-hazle-un-altar\/#article\",\"isPartOf\":{\"@id\":\"https:\/\/soledaddurazo.com\/blog\/2020\/12\/10\/celebra-a-la-virgen-de-guadalupe-desde-casa-y-hazle-un-altar\/#webpage\"},\"author\":{\"@id\":\"https:\/\/soledaddurazo.com\/#\/schema\/person\/822d8e13aa288585e6546f179853758b\"},\"headline\":\"Celebra a la Virgen de Guadalupe desde casa y hazle un altar\",\"datePublished\":\"2020-12-11T03:48:56+00:00\",\"dateModified\":\"2020-12-14T04:30:01+00:00\",\"mainEntityOfPage\":{\"@id\":\"https:\/\/soledaddurazo.com\/blog\/2020\/12\/10\/celebra-a-la-virgen-de-guadalupe-desde-casa-y-hazle-un-altar\/#webpage\"},\"wordCount\":433,\"commentCount\":0,\"publisher\":{\"@id\":\"https:\/\/soledaddurazo.com\/#organization\"},\"image\":{\"@id\":\"https:\/\/soledaddurazo.com\/blog\/2020\/12\/10\/celebra-a-la-virgen-de-guadalupe-desde-casa-y-hazle-un-altar\/#primaryimage\"},\"thumbnailUrl\":\"https:\/\/soledaddurazo.com\/storage\/2020\/12\/depositphotos_60230875-stock-photo-altar-to-the-virgin.jpg\",\"articleSection\":[\"Mas noticias\"],\"inLanguage\":\"es\",\"potentialAction\":[{\"@type\":\"CommentAction\",\"name\":\"Comment\",\"target\":[\"https:\/\/soledaddurazo.com\/blog\/2020\/12\/10\/celebra-a-la-virgen-de-guadalupe-desde-casa-y-hazle-un-altar\/#respond\"]}]},{\"@type\":\"Person\",\"@id\":\"https:\/\/soledaddurazo.com\/#\/schema\/person\/822d8e13aa288585e6546f179853758b\",\"name\":\"Redacci\\u00f3n\",\"image\":{\"@type\":\"ImageObject\",\"@id\":\"https:\/\/soledaddurazo.com\/#personlogo\",\"inLanguage\":\"es\",\"url\":\"https:\/\/secure.gravatar.com\/avatar\/c4e193752f756fd61f04deebed3a3a20dc188d37edb53682d313ac57f2725d54?s=96&d=mm&r=g\",\"contentUrl\":\"https:\/\/secure.gravatar.com\/avatar\/c4e193752f756fd61f04deebed3a3a20dc188d37edb53682d313ac57f2725d54?s=96&d=mm&r=g\",\"caption\":\"Redacci\\u00f3n\"},\"sameAs\":[\"https:\/\/soledaddurazo.com\"]}]}<\/script>\n ","yoast_head_json":{"title":"Celebra a la Virgen de Guadalupe desde casa y hazle un altar - Periodista SoledadDurazo.com","robots":{"index":"index","follow":"follow","max-snippet":"max-snippet:-1","max-image-preview":"max-image-preview:large","max-video-preview":"max-video-preview:-1"},"canonical":"https:\/\/soledaddurazo.com\/blog\/2020\/12\/10\/celebra-a-la-virgen-de-guadalupe-desde-casa-y-hazle-un-altar\/","og_locale":"es_MX","og_type":"article","og_title":"Celebra a la Virgen de Guadalupe desde casa y hazle un altar","og_description":"A trav\u00e9s de sus distintos medios de difusi\u00f3n,\u00a0la Arquidi\u00f3cesis Primada de M\u00e9xico ha llamado a los fieles cat\u00f3licos a participar desde la comodidad y seguridad de sus respectivos domicilios\u00a0a honrar a la\u00a0Virgen de Guadalupe. \u00bfC\u00f3mo poner un altar para la Virgen de Guadalupe? Una alternativa a esta contingencia es\u00a0preparar un altar para\u00a0conmemorar a la Virgen [&hellip;]","og_url":"https:\/\/soledaddurazo.com\/blog\/2020\/12\/10\/celebra-a-la-virgen-de-guadalupe-desde-casa-y-hazle-un-altar\/","og_site_name":"Periodista SoledadDurazo.com","article_publisher":"https:\/\/www.facebook.com\/soledad.durazo.9\/","article_published_time":"2020-12-11T03:48:56+00:00","article_modified_time":"2020-12-14T04:30:01+00:00","og_image":[{"width":1024,"height":990,"url":"https:\/\/soledaddurazo.com\/storage\/2020\/12\/depositphotos_60230875-stock-photo-altar-to-the-virgin.jpg","type":"image\/jpeg"}],"twitter_card":"summary_large_image","twitter_creator":"@SoledadDurazo","twitter_site":"@SoledadDurazo","twitter_misc":{"Escrito por":"Redacci\u00f3n","Tiempo de lectura":"2 minutos"},"schema":{"@context":"https:\/\/schema.org","@graph":[{"@type":"Organization","@id":"https:\/\/soledaddurazo.com\/#organization","name":"Soledad Durazo","url":"https:\/\/soledaddurazo.com\/","sameAs":["https:\/\/www.facebook.com\/soledad.durazo.9\/","https:\/\/www.instagram.com\/soledaddurazo","https:\/\/www.youtube.com\/channel\/UC9yGPw8-Vbl_B2XNkRwPS-w","https:\/\/twitter.com\/SoledadDurazo"],"logo":{"@type":"ImageObject","@id":"https:\/\/soledaddurazo.com\/#logo","inLanguage":"es","url":"https:\/\/soledaddurazo.com\/storage\/2021\/11\/nllp-720x375-1-2.png","contentUrl":"https:\/\/soledaddurazo.com\/storage\/2021\/11\/nllp-720x375-1-2.png","width":720,"height":375,"caption":"Soledad Durazo"},"image":{"@id":"https:\/\/soledaddurazo.com\/#logo"}},{"@type":"WebSite","@id":"https:\/\/soledaddurazo.com\/#website","url":"https:\/\/soledaddurazo.com\/","name":"Periodista SoledadDurazo.com","description":"Periodista sonorense. Directora de www.SoledadDurazo.com Columnista, conductora de radio y Tv. Catedr\u00e1tica en la UNISON","publisher":{"@id":"https:\/\/soledaddurazo.com\/#organization"},"potentialAction":[{"@type":"SearchAction","target":{"@type":"EntryPoint","urlTemplate":"https:\/\/soledaddurazo.com\/?s={search_term_string}"},"query-input":"required name=search_term_string"}],"inLanguage":"es"},{"@type":"ImageObject","@id":"https:\/\/soledaddurazo.com\/blog\/2020\/12\/10\/celebra-a-la-virgen-de-guadalupe-desde-casa-y-hazle-un-altar\/#primaryimage","inLanguage":"es","url":"https:\/\/soledaddurazo.com\/storage\/2020\/12\/depositphotos_60230875-stock-photo-altar-to-the-virgin.jpg","contentUrl":"https:\/\/soledaddurazo.com\/storage\/2020\/12\/depositphotos_60230875-stock-photo-altar-to-the-virgin.jpg","width":1024,"height":990},{"@type":"WebPage","@id":"https:\/\/soledaddurazo.com\/blog\/2020\/12\/10\/celebra-a-la-virgen-de-guadalupe-desde-casa-y-hazle-un-altar\/#webpage","url":"https:\/\/soledaddurazo.com\/blog\/2020\/12\/10\/celebra-a-la-virgen-de-guadalupe-desde-casa-y-hazle-un-altar\/","name":"Celebra a la Virgen de Guadalupe desde casa y hazle un altar - Periodista SoledadDurazo.com","isPartOf":{"@id":"https:\/\/soledaddurazo.com\/#website"},"primaryImageOfPage":{"@id":"https:\/\/soledaddurazo.com\/blog\/2020\/12\/10\/celebra-a-la-virgen-de-guadalupe-desde-casa-y-hazle-un-altar\/#primaryimage"},"datePublished":"2020-12-11T03:48:56+00:00","dateModified":"2020-12-14T04:30:01+00:00","breadcrumb":{"@id":"https:\/\/soledaddurazo.com\/blog\/2020\/12\/10\/celebra-a-la-virgen-de-guadalupe-desde-casa-y-hazle-un-altar\/#breadcrumb"},"inLanguage":"es","potentialAction":[{"@type":"ReadAction","target":["https:\/\/soledaddurazo.com\/blog\/2020\/12\/10\/celebra-a-la-virgen-de-guadalupe-desde-casa-y-hazle-un-altar\/"]}]},{"@type":"BreadcrumbList","@id":"https:\/\/soledaddurazo.com\/blog\/2020\/12\/10\/celebra-a-la-virgen-de-guadalupe-desde-casa-y-hazle-un-altar\/#breadcrumb","itemListElement":[{"@type":"ListItem","position":1,"name":"Home","item":"https:\/\/soledaddurazo.com\/"},{"@type":"ListItem","position":2,"name":"Celebra a la Virgen de Guadalupe desde casa y hazle un altar"}]},{"@type":"Article","@id":"https:\/\/soledaddurazo.com\/blog\/2020\/12\/10\/celebra-a-la-virgen-de-guadalupe-desde-casa-y-hazle-un-altar\/#article","isPartOf":{"@id":"https:\/\/soledaddurazo.com\/blog\/2020\/12\/10\/celebra-a-la-virgen-de-guadalupe-desde-casa-y-hazle-un-altar\/#webpage"},"author":{"@id":"https:\/\/soledaddurazo.com\/#\/schema\/person\/822d8e13aa288585e6546f179853758b"},"headline":"Celebra a la Virgen de Guadalupe desde casa y hazle un altar","datePublished":"2020-12-11T03:48:56+00:00","dateModified":"2020-12-14T04:30:01+00:00","mainEntityOfPage":{"@id":"https:\/\/soledaddurazo.com\/blog\/2020\/12\/10\/celebra-a-la-virgen-de-guadalupe-desde-casa-y-hazle-un-altar\/#webpage"},"wordCount":433,"commentCount":0,"publisher":{"@id":"https:\/\/soledaddurazo.com\/#organization"},"image":{"@id":"https:\/\/soledaddurazo.com\/blog\/2020\/12\/10\/celebra-a-la-virgen-de-guadalupe-desde-casa-y-hazle-un-altar\/#primaryimage"},"thumbnailUrl":"https:\/\/soledaddurazo.com\/storage\/2020\/12\/depositphotos_60230875-stock-photo-altar-to-the-virgin.jpg","articleSection":["Mas noticias"],"inLanguage":"es","potentialAction":[{"@type":"CommentAction","name":"Comment","target":["https:\/\/soledaddurazo.com\/blog\/2020\/12\/10\/celebra-a-la-virgen-de-guadalupe-desde-casa-y-hazle-un-altar\/#respond"]}]},{"@type":"Person","@id":"https:\/\/soledaddurazo.com\/#\/schema\/person\/822d8e13aa288585e6546f179853758b","name":"Redacci\u00f3n","image":{"@type":"ImageObject","@id":"https:\/\/soledaddurazo.com\/#personlogo","inLanguage":"es","url":"https:\/\/secure.gravatar.com\/avatar\/c4e193752f756fd61f04deebed3a3a20dc188d37edb53682d313ac57f2725d54?s=96&d=mm&r=g","contentUrl":"https:\/\/secure.gravatar.com\/avatar\/c4e193752f756fd61f04deebed3a3a20dc188d37edb53682d313ac57f2725d54?s=96&d=mm&r=g","caption":"Redacci\u00f3n"},"sameAs":["https:\/\/soledaddurazo.com"]}]}},"_links":{"self":[{"href":"https:\/\/soledaddurazo.com\/api\/wp\/v2\/posts\/4885","targetHints":{"allow":["GET"]}}],"collection":[{"href":"https:\/\/soledaddurazo.com\/api\/wp\/v2\/posts"}],"about":[{"href":"https:\/\/soledaddurazo.com\/api\/wp\/v2\/types\/post"}],"author":[{"embeddable":true,"href":"https:\/\/soledaddurazo.com\/api\/wp\/v2\/users\/1"}],"replies":[{"embeddable":true,"href":"https:\/\/soledaddurazo.com\/api\/wp\/v2\/comments?post=4885"}],"version-history":[{"count":1,"href":"https:\/\/soledaddurazo.com\/api\/wp\/v2\/posts\/4885\/revisions"}],"predecessor-version":[{"id":4887,"href":"https:\/\/soledaddurazo.com\/api\/wp\/v2\/posts\/4885\/revisions\/4887"}],"wp:featuredmedia":[{"embeddable":true,"href":"https:\/\/soledaddurazo.com\/api\/wp\/v2\/media\/4886"}],"wp:attachment":[{"href":"https:\/\/soledaddurazo.com\/api\/wp\/v2\/media?parent=4885"}],"wp:term":[{"taxonomy":"category","embeddable":true,"href":"https:\/\/soledaddurazo.com\/api\/wp\/v2\/categories?post=4885"},{"taxonomy":"post_tag","embeddable":true,"href":"https:\/\/soledaddurazo.com\/api\/wp\/v2\/tags?post=4885"}],"curies":[{"name":"wp","href":"https:\/\/api.w.org\/{rel}","templated":true}]}}