{"id":4555,"date":"2020-11-30T22:29:32","date_gmt":"2020-12-01T05:29:32","guid":{"rendered":"https:\/\/soledaddurazo.com\/?p=4555"},"modified":"2020-12-22T01:12:54","modified_gmt":"2020-12-22T08:12:54","slug":"contar-los-dias","status":"publish","type":"post","link":"https:\/\/soledaddurazo.com\/blog\/2020\/11\/30\/contar-los-dias\/","title":{"rendered":"Contar los d\u00edas\u00a0"},"content":{"rendered":"<p>Considerar periodos de tiempo, responde a la idea de dar orden a las cosas pero especialmente evaluar acciones.<\/p>\n<p>En trat\u00e1ndose de gobiernos estas mediciones son t\u00edpicas para los primeros cien d\u00edas, cada 12 meses o el plazo que la Constituci\u00f3n se\u00f1ala para que los gobernantes rindan cuentas ante sus gobernados.<\/p>\n<p>El presidente L\u00f3pez Obrador cumple hoy dos a\u00f1os al frente del poder Ejecutivo en nuestro pa\u00eds.<\/p>\n<p>En su caso los informes que ha presentado son varios de forma tal que el de hoy es uno m\u00e1s aunque constitucionalmente el m\u00e1s importante del a\u00f1o.<\/p>\n<p>Pero sin necesidad de fecha precisa la verdad es que todos los d\u00edas a trav\u00e9s de sus exposiciones en las conferencias que encabeza por las ma\u00f1anas, el presidente difunde su quehacer y especialmente dicta sus ideas.<\/p>\n<p>Es un ejercicio que sin duda le ha resultado a juzgar por los \u00edndices de popularidad que mantiene. Aqu\u00ed no han importado las 40 mil 502 afirmaciones no verdaderas que de acuerdo al monitoreo que hace la firma SPIN, el presidente ha pronunciado entre el 3 de diciembre de 2018 y el 30 de nov de 2020&#8230;un promedio de 79 expresiones imprecisas o mentirosas por conferencia ma\u00f1anera.<\/p>\n<p>Un informe dec\u00eda al principio de esta columna, es un ejercicio que permite evaluar,\u00a0\u00a0algo a lo que el Se\u00f1or presidente, no le gusta someterse pero del que no puede sustraerse.<\/p>\n<p>2020 para todo el planeta ha sido un mal a\u00f1o desde el punto de vista econ\u00f3mico, de salud y de vida.<\/p>\n<p>Llegamos a enfrentar la pandemia con una econom\u00eda ya en valores negativos y con una sociedad cada vez m\u00e1s encaminada a la polarizaci\u00f3n, a la divisi\u00f3n; con \u00edndices de inseguridad y desempleo, en aumento y con aplicaci\u00f3n de pol\u00edticas que lejos de alentar la inversi\u00f3n y generar certidumbre, ahuyentan capitales e infunden desconfianza.<\/p>\n<p>Las evaluaciones que Organismos internacionales hacen sobre el desempe\u00f1o de M\u00e9xico para contener la crisis del COVID 19, nos ubican en los \u00faltimos lugares. El d\u00eda de ayer, fue el propio Director de la Organizaci\u00f3n Mundial de la Salud, Tedros Adhanom, quien calific\u00f3 de preocupante la situaci\u00f3n que tenemos aqu\u00ed con la pandemia y ante el n\u00famero de contagios a la alza, le pidi\u00f3 a M\u00e9xico \u201ctomar en serio\u201d la situaci\u00f3n del coronavirus.<\/p>\n<p>Hoy es el d\u00eda 732 del gobierno del presidente L\u00f3pez Obrador; con este arranca el segundo tercio de su periodo, tiene\u00a0\u00a0hacia enfrente 1462 d\u00edas; cada uno de ellos con un sin fin de oportunidades\u00a0\u00a0para gobernar&#8230;con todo lo que ello pueda significar.<\/p>\n<p>&nbsp;<\/p>\n<p>&#8212;<\/p>\n<p><a href=\"http:\/\/www.soledaddurazo.com\/\">www.soledaddurazo.com<\/a><\/p>\n<p>@SoledadDurazo<\/p>\n<p>&nbsp;<\/p>\n","protected":false},"excerpt":{"rendered":"<p>Considerar periodos de tiempo, responde a la idea de dar orden a las cosas pero especialmente evaluar acciones. En trat\u00e1ndose de gobiernos estas mediciones son t\u00edpicas para los primeros cien d\u00edas, cada 12 meses o el plazo que la Constituci\u00f3n se\u00f1ala para que los gobernantes rindan cuentas ante sus gobernados. El presidente L\u00f3pez Obrador cumple [&hellip;]<\/p>\n","protected":false},"author":1,"featured_media":5182,"comment_status":"open","ping_status":"open","sticky":false,"template":"","format":"standard","meta":{"footnotes":""},"categories":[162],"tags":[],"class_list":["post"],"yoast_head":" \n<title>Contar los d\u00edas\u00a0 - Periodista SoledadDurazo.com<\/title>\n<meta name=\"robots\" content=\"index, follow, max-snippet:-1, max-image-preview:large, max-video-preview:-1\" \/>\n<link rel=\"canonical\" href=\"https:\/\/soledaddurazo.com\/blog\/2020\/11\/30\/contar-los-dias\/\" \/>\n<meta property=\"og:locale\" content=\"es_MX\" \/>\n<meta property=\"og:type\" content=\"article\" \/>\n<meta property=\"og:title\" content=\"Contar los d\u00edas\u00a0\" \/>\n<meta property=\"og:description\" content=\"Considerar periodos de tiempo, responde a la idea de dar orden a las cosas pero especialmente evaluar acciones. En trat\u00e1ndose de gobiernos estas mediciones son t\u00edpicas para los primeros cien d\u00edas, cada 12 meses o el plazo que la Constituci\u00f3n se\u00f1ala para que los gobernantes rindan cuentas ante sus gobernados. El presidente L\u00f3pez Obrador cumple [&hellip;]\" \/>\n<meta property=\"og:url\" content=\"https:\/\/soledaddurazo.com\/blog\/2020\/11\/30\/contar-los-dias\/\" \/>\n<meta property=\"og:site_name\" content=\"Periodista SoledadDurazo.com\" \/>\n<meta property=\"article:publisher\" content=\"https:\/\/www.facebook.com\/soledad.durazo.9\/\" \/>\n<meta property=\"article:published_time\" content=\"2020-12-01T05:29:32+00:00\" \/>\n<meta property=\"article:modified_time\" content=\"2020-12-22T08:12:54+00:00\" \/>\n<meta property=\"og:image\" content=\"https:\/\/soledaddurazo.com\/storage\/2020\/12\/nllp.png\" \/>\n\t<meta property=\"og:image:width\" content=\"720\" \/>\n\t<meta property=\"og:image:height\" content=\"558\" \/>\n<meta name=\"twitter:card\" content=\"summary_large_image\" \/>\n<meta name=\"twitter:creator\" content=\"@SoledadDurazo\" \/>\n<meta name=\"twitter:site\" content=\"@SoledadDurazo\" \/>\n<meta name=\"twitter:label1\" content=\"Escrito por\" \/>\n\t<meta name=\"twitter:data1\" content=\"Redacci\u00f3n\" \/>\n\t<meta name=\"twitter:label2\" content=\"Tiempo de lectura\" \/>\n\t<meta name=\"twitter:data2\" content=\"2 minutos\" \/>\n<script type=\"application\/ld+json\" class=\"yoast-schema-graph\">{\"@context\":\"https:\/\/schema.org\",\"@graph\":[{\"@type\":\"Organization\",\"@id\":\"https:\/\/soledaddurazo.com\/#organization\",\"name\":\"Soledad Durazo\",\"url\":\"https:\/\/soledaddurazo.com\/\",\"sameAs\":[\"https:\/\/www.facebook.com\/soledad.durazo.9\/\",\"https:\/\/www.instagram.com\/soledaddurazo\",\"https:\/\/www.youtube.com\/channel\/UC9yGPw8-Vbl_B2XNkRwPS-w\",\"https:\/\/twitter.com\/SoledadDurazo\"],\"logo\":{\"@type\":\"ImageObject\",\"@id\":\"https:\/\/soledaddurazo.com\/#logo\",\"inLanguage\":\"es\",\"url\":\"https:\/\/soledaddurazo.com\/storage\/2021\/11\/nllp-720x375-1-2.png\",\"contentUrl\":\"https:\/\/soledaddurazo.com\/storage\/2021\/11\/nllp-720x375-1-2.png\",\"width\":720,\"height\":375,\"caption\":\"Soledad Durazo\"},\"image\":{\"@id\":\"https:\/\/soledaddurazo.com\/#logo\"}},{\"@type\":\"WebSite\",\"@id\":\"https:\/\/soledaddurazo.com\/#website\",\"url\":\"https:\/\/soledaddurazo.com\/\",\"name\":\"Periodista SoledadDurazo.com\",\"description\":\"Periodista sonorense. Directora de www.SoledadDurazo.com Columnista, conductora de radio y Tv. Catedr\\u00e1tica en la UNISON\",\"publisher\":{\"@id\":\"https:\/\/soledaddurazo.com\/#organization\"},\"potentialAction\":[{\"@type\":\"SearchAction\",\"target\":{\"@type\":\"EntryPoint\",\"urlTemplate\":\"https:\/\/soledaddurazo.com\/?s={search_term_string}\"},\"query-input\":\"required name=search_term_string\"}],\"inLanguage\":\"es\"},{\"@type\":\"ImageObject\",\"@id\":\"https:\/\/soledaddurazo.com\/blog\/2020\/11\/30\/contar-los-dias\/#primaryimage\",\"inLanguage\":\"es\",\"url\":\"https:\/\/soledaddurazo.com\/storage\/2020\/12\/nllp.png\",\"contentUrl\":\"https:\/\/soledaddurazo.com\/storage\/2020\/12\/nllp.png\",\"width\":720,\"height\":558},{\"@type\":\"WebPage\",\"@id\":\"https:\/\/soledaddurazo.com\/blog\/2020\/11\/30\/contar-los-dias\/#webpage\",\"url\":\"https:\/\/soledaddurazo.com\/blog\/2020\/11\/30\/contar-los-dias\/\",\"name\":\"Contar los d\\u00edas\\u00a0 - Periodista SoledadDurazo.com\",\"isPartOf\":{\"@id\":\"https:\/\/soledaddurazo.com\/#website\"},\"primaryImageOfPage\":{\"@id\":\"https:\/\/soledaddurazo.com\/blog\/2020\/11\/30\/contar-los-dias\/#primaryimage\"},\"datePublished\":\"2020-12-01T05:29:32+00:00\",\"dateModified\":\"2020-12-22T08:12:54+00:00\",\"breadcrumb\":{\"@id\":\"https:\/\/soledaddurazo.com\/blog\/2020\/11\/30\/contar-los-dias\/#breadcrumb\"},\"inLanguage\":\"es\",\"potentialAction\":[{\"@type\":\"ReadAction\",\"target\":[\"https:\/\/soledaddurazo.com\/blog\/2020\/11\/30\/contar-los-dias\/\"]}]},{\"@type\":\"BreadcrumbList\",\"@id\":\"https:\/\/soledaddurazo.com\/blog\/2020\/11\/30\/contar-los-dias\/#breadcrumb\",\"itemListElement\":[{\"@type\":\"ListItem\",\"position\":1,\"name\":\"Home\",\"item\":\"https:\/\/soledaddurazo.com\/\"},{\"@type\":\"ListItem\",\"position\":2,\"name\":\"Contar los d\\u00edas\\u00a0\"}]},{\"@type\":\"Article\",\"@id\":\"https:\/\/soledaddurazo.com\/blog\/2020\/11\/30\/contar-los-dias\/#article\",\"isPartOf\":{\"@id\":\"https:\/\/soledaddurazo.com\/blog\/2020\/11\/30\/contar-los-dias\/#webpage\"},\"author\":{\"@id\":\"https:\/\/soledaddurazo.com\/#\/schema\/person\/822d8e13aa288585e6546f179853758b\"},\"headline\":\"Contar los d\\u00edas\\u00a0\",\"datePublished\":\"2020-12-01T05:29:32+00:00\",\"dateModified\":\"2020-12-22T08:12:54+00:00\",\"mainEntityOfPage\":{\"@id\":\"https:\/\/soledaddurazo.com\/blog\/2020\/11\/30\/contar-los-dias\/#webpage\"},\"wordCount\":455,\"commentCount\":0,\"publisher\":{\"@id\":\"https:\/\/soledaddurazo.com\/#organization\"},\"image\":{\"@id\":\"https:\/\/soledaddurazo.com\/blog\/2020\/11\/30\/contar-los-dias\/#primaryimage\"},\"thumbnailUrl\":\"https:\/\/soledaddurazo.com\/storage\/2020\/12\/nllp.png\",\"articleSection\":[\"Lo digo como es\"],\"inLanguage\":\"es\",\"potentialAction\":[{\"@type\":\"CommentAction\",\"name\":\"Comment\",\"target\":[\"https:\/\/soledaddurazo.com\/blog\/2020\/11\/30\/contar-los-dias\/#respond\"]}]},{\"@type\":\"Person\",\"@id\":\"https:\/\/soledaddurazo.com\/#\/schema\/person\/822d8e13aa288585e6546f179853758b\",\"name\":\"Redacci\\u00f3n\",\"image\":{\"@type\":\"ImageObject\",\"@id\":\"https:\/\/soledaddurazo.com\/#personlogo\",\"inLanguage\":\"es\",\"url\":\"https:\/\/secure.gravatar.com\/avatar\/c4e193752f756fd61f04deebed3a3a20dc188d37edb53682d313ac57f2725d54?s=96&d=mm&r=g\",\"contentUrl\":\"https:\/\/secure.gravatar.com\/avatar\/c4e193752f756fd61f04deebed3a3a20dc188d37edb53682d313ac57f2725d54?s=96&d=mm&r=g\",\"caption\":\"Redacci\\u00f3n\"},\"sameAs\":[\"https:\/\/soledaddurazo.com\"]}]}<\/script>\n ","yoast_head_json":{"title":"Contar los d\u00edas\u00a0 - Periodista SoledadDurazo.com","robots":{"index":"index","follow":"follow","max-snippet":"max-snippet:-1","max-image-preview":"max-image-preview:large","max-video-preview":"max-video-preview:-1"},"canonical":"https:\/\/soledaddurazo.com\/blog\/2020\/11\/30\/contar-los-dias\/","og_locale":"es_MX","og_type":"article","og_title":"Contar los d\u00edas\u00a0","og_description":"Considerar periodos de tiempo, responde a la idea de dar orden a las cosas pero especialmente evaluar acciones. En trat\u00e1ndose de gobiernos estas mediciones son t\u00edpicas para los primeros cien d\u00edas, cada 12 meses o el plazo que la Constituci\u00f3n se\u00f1ala para que los gobernantes rindan cuentas ante sus gobernados. El presidente L\u00f3pez Obrador cumple [&hellip;]","og_url":"https:\/\/soledaddurazo.com\/blog\/2020\/11\/30\/contar-los-dias\/","og_site_name":"Periodista SoledadDurazo.com","article_publisher":"https:\/\/www.facebook.com\/soledad.durazo.9\/","article_published_time":"2020-12-01T05:29:32+00:00","article_modified_time":"2020-12-22T08:12:54+00:00","og_image":[{"width":720,"height":558,"url":"https:\/\/soledaddurazo.com\/storage\/2020\/12\/nllp.png","type":"image\/png"}],"twitter_card":"summary_large_image","twitter_creator":"@SoledadDurazo","twitter_site":"@SoledadDurazo","twitter_misc":{"Escrito por":"Redacci\u00f3n","Tiempo de lectura":"2 minutos"},"schema":{"@context":"https:\/\/schema.org","@graph":[{"@type":"Organization","@id":"https:\/\/soledaddurazo.com\/#organization","name":"Soledad Durazo","url":"https:\/\/soledaddurazo.com\/","sameAs":["https:\/\/www.facebook.com\/soledad.durazo.9\/","https:\/\/www.instagram.com\/soledaddurazo","https:\/\/www.youtube.com\/channel\/UC9yGPw8-Vbl_B2XNkRwPS-w","https:\/\/twitter.com\/SoledadDurazo"],"logo":{"@type":"ImageObject","@id":"https:\/\/soledaddurazo.com\/#logo","inLanguage":"es","url":"https:\/\/soledaddurazo.com\/storage\/2021\/11\/nllp-720x375-1-2.png","contentUrl":"https:\/\/soledaddurazo.com\/storage\/2021\/11\/nllp-720x375-1-2.png","width":720,"height":375,"caption":"Soledad Durazo"},"image":{"@id":"https:\/\/soledaddurazo.com\/#logo"}},{"@type":"WebSite","@id":"https:\/\/soledaddurazo.com\/#website","url":"https:\/\/soledaddurazo.com\/","name":"Periodista SoledadDurazo.com","description":"Periodista sonorense. Directora de www.SoledadDurazo.com Columnista, conductora de radio y Tv. Catedr\u00e1tica en la UNISON","publisher":{"@id":"https:\/\/soledaddurazo.com\/#organization"},"potentialAction":[{"@type":"SearchAction","target":{"@type":"EntryPoint","urlTemplate":"https:\/\/soledaddurazo.com\/?s={search_term_string}"},"query-input":"required name=search_term_string"}],"inLanguage":"es"},{"@type":"ImageObject","@id":"https:\/\/soledaddurazo.com\/blog\/2020\/11\/30\/contar-los-dias\/#primaryimage","inLanguage":"es","url":"https:\/\/soledaddurazo.com\/storage\/2020\/12\/nllp.png","contentUrl":"https:\/\/soledaddurazo.com\/storage\/2020\/12\/nllp.png","width":720,"height":558},{"@type":"WebPage","@id":"https:\/\/soledaddurazo.com\/blog\/2020\/11\/30\/contar-los-dias\/#webpage","url":"https:\/\/soledaddurazo.com\/blog\/2020\/11\/30\/contar-los-dias\/","name":"Contar los d\u00edas\u00a0 - Periodista SoledadDurazo.com","isPartOf":{"@id":"https:\/\/soledaddurazo.com\/#website"},"primaryImageOfPage":{"@id":"https:\/\/soledaddurazo.com\/blog\/2020\/11\/30\/contar-los-dias\/#primaryimage"},"datePublished":"2020-12-01T05:29:32+00:00","dateModified":"2020-12-22T08:12:54+00:00","breadcrumb":{"@id":"https:\/\/soledaddurazo.com\/blog\/2020\/11\/30\/contar-los-dias\/#breadcrumb"},"inLanguage":"es","potentialAction":[{"@type":"ReadAction","target":["https:\/\/soledaddurazo.com\/blog\/2020\/11\/30\/contar-los-dias\/"]}]},{"@type":"BreadcrumbList","@id":"https:\/\/soledaddurazo.com\/blog\/2020\/11\/30\/contar-los-dias\/#breadcrumb","itemListElement":[{"@type":"ListItem","position":1,"name":"Home","item":"https:\/\/soledaddurazo.com\/"},{"@type":"ListItem","position":2,"name":"Contar los d\u00edas\u00a0"}]},{"@type":"Article","@id":"https:\/\/soledaddurazo.com\/blog\/2020\/11\/30\/contar-los-dias\/#article","isPartOf":{"@id":"https:\/\/soledaddurazo.com\/blog\/2020\/11\/30\/contar-los-dias\/#webpage"},"author":{"@id":"https:\/\/soledaddurazo.com\/#\/schema\/person\/822d8e13aa288585e6546f179853758b"},"headline":"Contar los d\u00edas\u00a0","datePublished":"2020-12-01T05:29:32+00:00","dateModified":"2020-12-22T08:12:54+00:00","mainEntityOfPage":{"@id":"https:\/\/soledaddurazo.com\/blog\/2020\/11\/30\/contar-los-dias\/#webpage"},"wordCount":455,"commentCount":0,"publisher":{"@id":"https:\/\/soledaddurazo.com\/#organization"},"image":{"@id":"https:\/\/soledaddurazo.com\/blog\/2020\/11\/30\/contar-los-dias\/#primaryimage"},"thumbnailUrl":"https:\/\/soledaddurazo.com\/storage\/2020\/12\/nllp.png","articleSection":["Lo digo como es"],"inLanguage":"es","potentialAction":[{"@type":"CommentAction","name":"Comment","target":["https:\/\/soledaddurazo.com\/blog\/2020\/11\/30\/contar-los-dias\/#respond"]}]},{"@type":"Person","@id":"https:\/\/soledaddurazo.com\/#\/schema\/person\/822d8e13aa288585e6546f179853758b","name":"Redacci\u00f3n","image":{"@type":"ImageObject","@id":"https:\/\/soledaddurazo.com\/#personlogo","inLanguage":"es","url":"https:\/\/secure.gravatar.com\/avatar\/c4e193752f756fd61f04deebed3a3a20dc188d37edb53682d313ac57f2725d54?s=96&d=mm&r=g","contentUrl":"https:\/\/secure.gravatar.com\/avatar\/c4e193752f756fd61f04deebed3a3a20dc188d37edb53682d313ac57f2725d54?s=96&d=mm&r=g","caption":"Redacci\u00f3n"},"sameAs":["https:\/\/soledaddurazo.com"]}]}},"_links":{"self":[{"href":"https:\/\/soledaddurazo.com\/api\/wp\/v2\/posts\/4555","targetHints":{"allow":["GET"]}}],"collection":[{"href":"https:\/\/soledaddurazo.com\/api\/wp\/v2\/posts"}],"about":[{"href":"https:\/\/soledaddurazo.com\/api\/wp\/v2\/types\/post"}],"author":[{"embeddable":true,"href":"https:\/\/soledaddurazo.com\/api\/wp\/v2\/users\/1"}],"replies":[{"embeddable":true,"href":"https:\/\/soledaddurazo.com\/api\/wp\/v2\/comments?post=4555"}],"version-history":[{"count":1,"href":"https:\/\/soledaddurazo.com\/api\/wp\/v2\/posts\/4555\/revisions"}],"predecessor-version":[{"id":4556,"href":"https:\/\/soledaddurazo.com\/api\/wp\/v2\/posts\/4555\/revisions\/4556"}],"wp:featuredmedia":[{"embeddable":true,"href":"https:\/\/soledaddurazo.com\/api\/wp\/v2\/media\/5182"}],"wp:attachment":[{"href":"https:\/\/soledaddurazo.com\/api\/wp\/v2\/media?parent=4555"}],"wp:term":[{"taxonomy":"category","embeddable":true,"href":"https:\/\/soledaddurazo.com\/api\/wp\/v2\/categories?post=4555"},{"taxonomy":"post_tag","embeddable":true,"href":"https:\/\/soledaddurazo.com\/api\/wp\/v2\/tags?post=4555"}],"curies":[{"name":"wp","href":"https:\/\/api.w.org\/{rel}","templated":true}]}}