{"id":4498,"date":"2020-11-29T22:46:49","date_gmt":"2020-11-30T05:46:49","guid":{"rendered":"https:\/\/soledaddurazo.com\/?p=4498"},"modified":"2020-11-29T22:46:49","modified_gmt":"2020-11-30T05:46:49","slug":"el-pasmo-de-la-humanidad","status":"publish","type":"post","link":"https:\/\/soledaddurazo.com\/blog\/2020\/11\/29\/el-pasmo-de-la-humanidad\/","title":{"rendered":"El pasmo de la humanidad."},"content":{"rendered":"<div>\n<p dir=\"ltr\">S\u00ed, continuamos con la infecci\u00f3n del virus y para estas alturas cada humano que est\u00e1 enterado de ello ha cursado varias crisis. Su presente est\u00e1 alterado, su futuro incierto y su pasado, m\u00e1s que nunca, es recordado con nostalgia. Viv\u00edamos, sin saberlo, una \u00e9poca que no supimos tasar en su valor. Y estamos en un punto en el cual la natural elaboraci\u00f3n de la esperanza est\u00e1 cuestionada. Pero no, este no es el pasmo del que quiero comentar, sino el de la humanidad. El pasmo de la humanidad en su experiencia civilizatoria.<\/p>\n<p dir=\"ltr\">Cierto, el pasado puede verse como a\u00f1oranza. He escuchado a las personas decir: \u201cCuando \u00e9ramos felices y no lo sab\u00edamos\u201d. Millones pueden decir lo mismo. Pero esa felicidad era precisamente el efecto de una causa equivocada. S\u00ed, la civilizaci\u00f3n viv\u00eda flotando sobre un error. Y cuando me refiero a ello es por el conjunto de decisiones que se tomaron para crear muchas de las condiciones que propiciaron que no pudiera, la civilizaci\u00f3n, confrontar de otra manera la crisis de salud que propici\u00f3 tambi\u00e9n la crisis econ\u00f3mica. Ahora vemos muchas prisas, con los pasos err\u00e1ticos que provocan las prisas, para enderezar el destino a algo m\u00e1s favorable para la humanidad.<\/p>\n<p dir=\"ltr\">Y ese fue uno de los errores sobre los que flot\u00e1bamos: la mec\u00e1nica pol\u00edtica, social que permite que pocos tomen las decisiones del total de las personas. Y no critico que pocos tomen las decisiones, sino las personas que las toman. La historia de la civilizaci\u00f3n ha tenido muchos puntos de inflexi\u00f3n en\u00a0 los cuales se puede sentar a pensar eso de tomar decisiones. Decisiones que, por ejemplo, nos llevaron a una explosi\u00f3n demogr\u00e1fica que demanda del planeta una dosis inmensa de energ\u00eda para consumir y aliviar sus necesidades. S\u00ed, los c\u00e1lculos ya existen desde hace muchos a\u00f1os, los suficientes para reconducir a la civilizaci\u00f3n a un comportamiento en su regeneraci\u00f3n generacional.<\/p>\n<p dir=\"ltr\">Y eso hay que asumirlo, las condiciones de conducir a la humanidad estaban dadas, el c\u00e1lculo la construcci\u00f3n de escenarios sociales, las proyecciones matem\u00e1ticas y computables para prever crisis, el dise\u00f1o que se logr\u00f3 para observar las crisis c\u00edclicas, la suma de las necesidades, la forma de conglomerarse en h\u00e1bitats residenciales, el dise\u00f1o muy espectacular pero terriblemente mal de las ciudades que ahora son el nicho perfecto de la expansi\u00f3n del virus, por su hacinamiento, por propiciar la convivencia demasiado estrecha de masas enormes de personas. Todo, todo se pudo prever, en materia de la organizaci\u00f3n de la humanidad. Si los tomadores de las decisiones, -que nosotros permitimos, hay que repartir culpas- decidieron que muchos procesos tomaran su camino por su propio peso, por sus inercias, entonces, esa fue una forma de que la civilizaci\u00f3n tomara la forma que hoy tiene. La inercia, sumada a otras inercias y a decisiones no del todo reflexionadas, nos llev\u00f3 a esto. Veamos esa \u00e9poca que comentamos, la \u00e9poca anterior al virus que nos tiene\u00a0 as\u00ed. Ya estaba en una deriva incontrolable el cambio clim\u00e1tico y sus consecuencias. Cierto, hay quienes dicen que no es del todo humano, pero si es humano el no crear el sistema de control para que la humanidad no tomara el camino m\u00e1s f\u00e1cil, el m\u00e1s c\u00f3modo, el m\u00e1s hecho por hombres que prefirieron sus pugnas con otros hombres, pugnas por territorios, por zonas comerciales, por zonas de protecci\u00f3n de los intereses nacionales, por zonas de expansi\u00f3n de empresas transnacionales, por zonas de explotaci\u00f3n de recursos ambientales, por zonas de explotaci\u00f3n de recursos humanos de otros pa\u00edses, por permitir que el sistema de creaci\u00f3n de desigualdades sociales se agudizara de tal manera que existe una brecha inmensa y e irracional entre pobres y ricos, por permitir que todas las formas de corrupci\u00f3n fueran tomando, s\u00ed, los espacios de decisi\u00f3n pol\u00edtica. S\u00ed, se permitieron muchas inmoralidades, muchas suciedades, muchas inercias. La civilizaci\u00f3n s\u00ed, estaba pasmada en otro sentido de vida y no el del cuidado de su propia y delicada organizaci\u00f3n civilizatoria.<\/p>\n<p dir=\"ltr\">Y ahora vemos m\u00e1s que nunca las desnudeces crudas de grupos pol\u00edticos que se resisten a tener la conciencia de su da\u00f1o. Prefieren las desigualdades, prefieren la desintegraci\u00f3n social, la discriminaci\u00f3n, prefieren el consumo desbordado y las maneras mon\u00e1rquicas. Y s\u00ed aqu\u00ed est\u00e1 el resultado del pasmo de la humanidad.<\/p>\n<p dir=\"ltr\">Y es cierto que hubieron mentes que avisaron de ello, que mostraban desde hace siglos el camino equivocado de las sociedades, de los valores err\u00e1ticos a seguir, de las individualidades, de las legislaciones permisivas, de la falta de humanidad \u2026.de la propia humanidad que asiste por hoy a una crisis que no puede controlarse.<\/p>\n<p dir=\"ltr\">Disculpen por esta reflexi\u00f3n. Todo ello es para convocarnos a nosotros mismos a salir del pasmo. \u00bfC\u00f3mo? Ah\u00ed est\u00e1n los elementos, simplemente no hay que permitir decisiones de intereses privados o sectoriales. O somos todos o no seremos ninguno. Estamos a tiempo? Espero que s\u00ed\u2026Hay muchos que quieren la sobrevivencia no s\u00f3lo de s\u00ed mismos, sino de las generaciones posteriores, incluso de la especie humana. Eso se nota en las decisiones que se est\u00e1n tomando, no s\u00f3lo para un futuro mejor, sino para un presente que est\u00e1 muy da\u00f1ado por siglos de decisiones err\u00e1ticas.<\/p>\n<p>&#8220;Desiciones, el miedo es\u00a0 c\u00e1ncer del mundo&#8221; Octavio Almada<\/p><\/div>\n<div><\/div>\n<div>@octavioalmada1<\/div>\n<div>@ElCobanaro<\/div>\n<div><\/div>\n","protected":false},"excerpt":{"rendered":"<p>S\u00ed, continuamos con la infecci\u00f3n del virus y para estas alturas cada humano que est\u00e1 enterado de ello ha cursado varias crisis. Su presente est\u00e1 alterado, su futuro incierto y su pasado, m\u00e1s que nunca, es recordado con nostalgia. Viv\u00edamos, sin saberlo, una \u00e9poca que no supimos tasar en su valor. Y estamos en un [&hellip;]<\/p>\n","protected":false},"author":1,"featured_media":4297,"comment_status":"open","ping_status":"open","sticky":false,"template":"","format":"standard","meta":{"footnotes":""},"categories":[167],"tags":[],"class_list":["post"],"yoast_head":" \n<title>El pasmo de la humanidad. - Periodista SoledadDurazo.com<\/title>\n<meta name=\"robots\" content=\"index, follow, max-snippet:-1, max-image-preview:large, max-video-preview:-1\" \/>\n<link rel=\"canonical\" href=\"https:\/\/soledaddurazo.com\/blog\/2020\/11\/29\/el-pasmo-de-la-humanidad\/\" \/>\n<meta property=\"og:locale\" content=\"es_MX\" \/>\n<meta property=\"og:type\" content=\"article\" \/>\n<meta property=\"og:title\" content=\"El pasmo de la humanidad.\" \/>\n<meta property=\"og:description\" content=\"S\u00ed, continuamos con la infecci\u00f3n del virus y para estas alturas cada humano que est\u00e1 enterado de ello ha cursado varias crisis. Su presente est\u00e1 alterado, su futuro incierto y su pasado, m\u00e1s que nunca, es recordado con nostalgia. Viv\u00edamos, sin saberlo, una \u00e9poca que no supimos tasar en su valor. Y estamos en un [&hellip;]\" \/>\n<meta property=\"og:url\" content=\"https:\/\/soledaddurazo.com\/blog\/2020\/11\/29\/el-pasmo-de-la-humanidad\/\" \/>\n<meta property=\"og:site_name\" content=\"Periodista SoledadDurazo.com\" \/>\n<meta property=\"article:publisher\" content=\"https:\/\/www.facebook.com\/soledad.durazo.9\/\" \/>\n<meta property=\"article:published_time\" content=\"2020-11-30T05:46:49+00:00\" \/>\n<meta property=\"og:image\" content=\"https:\/\/soledaddurazo.com\/storage\/2020\/11\/FOTO-OCTAVIO-ALMADA.jpg\" \/>\n\t<meta property=\"og:image:width\" content=\"1000\" \/>\n\t<meta property=\"og:image:height\" content=\"1000\" \/>\n<meta name=\"twitter:card\" content=\"summary_large_image\" \/>\n<meta name=\"twitter:creator\" content=\"@SoledadDurazo\" \/>\n<meta name=\"twitter:site\" content=\"@SoledadDurazo\" \/>\n<meta name=\"twitter:label1\" content=\"Escrito por\" \/>\n\t<meta name=\"twitter:data1\" content=\"Redacci\u00f3n\" \/>\n\t<meta name=\"twitter:label2\" content=\"Tiempo de lectura\" \/>\n\t<meta name=\"twitter:data2\" content=\"5 minutos\" \/>\n<script type=\"application\/ld+json\" class=\"yoast-schema-graph\">{\"@context\":\"https:\/\/schema.org\",\"@graph\":[{\"@type\":\"Organization\",\"@id\":\"https:\/\/soledaddurazo.com\/#organization\",\"name\":\"Soledad Durazo\",\"url\":\"https:\/\/soledaddurazo.com\/\",\"sameAs\":[\"https:\/\/www.facebook.com\/soledad.durazo.9\/\",\"https:\/\/www.instagram.com\/soledaddurazo\",\"https:\/\/www.youtube.com\/channel\/UC9yGPw8-Vbl_B2XNkRwPS-w\",\"https:\/\/twitter.com\/SoledadDurazo\"],\"logo\":{\"@type\":\"ImageObject\",\"@id\":\"https:\/\/soledaddurazo.com\/#logo\",\"inLanguage\":\"es\",\"url\":\"https:\/\/soledaddurazo.com\/storage\/2021\/11\/nllp-720x375-1-2.png\",\"contentUrl\":\"https:\/\/soledaddurazo.com\/storage\/2021\/11\/nllp-720x375-1-2.png\",\"width\":720,\"height\":375,\"caption\":\"Soledad Durazo\"},\"image\":{\"@id\":\"https:\/\/soledaddurazo.com\/#logo\"}},{\"@type\":\"WebSite\",\"@id\":\"https:\/\/soledaddurazo.com\/#website\",\"url\":\"https:\/\/soledaddurazo.com\/\",\"name\":\"Periodista SoledadDurazo.com\",\"description\":\"Periodista sonorense. Directora de www.SoledadDurazo.com Columnista, conductora de radio y Tv. Catedr\\u00e1tica en la UNISON\",\"publisher\":{\"@id\":\"https:\/\/soledaddurazo.com\/#organization\"},\"potentialAction\":[{\"@type\":\"SearchAction\",\"target\":{\"@type\":\"EntryPoint\",\"urlTemplate\":\"https:\/\/soledaddurazo.com\/?s={search_term_string}\"},\"query-input\":\"required name=search_term_string\"}],\"inLanguage\":\"es\"},{\"@type\":\"ImageObject\",\"@id\":\"https:\/\/soledaddurazo.com\/blog\/2020\/11\/29\/el-pasmo-de-la-humanidad\/#primaryimage\",\"inLanguage\":\"es\",\"url\":\"https:\/\/soledaddurazo.com\/storage\/2020\/11\/FOTO-OCTAVIO-ALMADA.jpg\",\"contentUrl\":\"https:\/\/soledaddurazo.com\/storage\/2020\/11\/FOTO-OCTAVIO-ALMADA.jpg\",\"width\":1000,\"height\":1000},{\"@type\":\"WebPage\",\"@id\":\"https:\/\/soledaddurazo.com\/blog\/2020\/11\/29\/el-pasmo-de-la-humanidad\/#webpage\",\"url\":\"https:\/\/soledaddurazo.com\/blog\/2020\/11\/29\/el-pasmo-de-la-humanidad\/\",\"name\":\"El pasmo de la humanidad. - Periodista SoledadDurazo.com\",\"isPartOf\":{\"@id\":\"https:\/\/soledaddurazo.com\/#website\"},\"primaryImageOfPage\":{\"@id\":\"https:\/\/soledaddurazo.com\/blog\/2020\/11\/29\/el-pasmo-de-la-humanidad\/#primaryimage\"},\"datePublished\":\"2020-11-30T05:46:49+00:00\",\"dateModified\":\"2020-11-30T05:46:49+00:00\",\"breadcrumb\":{\"@id\":\"https:\/\/soledaddurazo.com\/blog\/2020\/11\/29\/el-pasmo-de-la-humanidad\/#breadcrumb\"},\"inLanguage\":\"es\",\"potentialAction\":[{\"@type\":\"ReadAction\",\"target\":[\"https:\/\/soledaddurazo.com\/blog\/2020\/11\/29\/el-pasmo-de-la-humanidad\/\"]}]},{\"@type\":\"BreadcrumbList\",\"@id\":\"https:\/\/soledaddurazo.com\/blog\/2020\/11\/29\/el-pasmo-de-la-humanidad\/#breadcrumb\",\"itemListElement\":[{\"@type\":\"ListItem\",\"position\":1,\"name\":\"Home\",\"item\":\"https:\/\/soledaddurazo.com\/\"},{\"@type\":\"ListItem\",\"position\":2,\"name\":\"El pasmo de la humanidad.\"}]},{\"@type\":\"Article\",\"@id\":\"https:\/\/soledaddurazo.com\/blog\/2020\/11\/29\/el-pasmo-de-la-humanidad\/#article\",\"isPartOf\":{\"@id\":\"https:\/\/soledaddurazo.com\/blog\/2020\/11\/29\/el-pasmo-de-la-humanidad\/#webpage\"},\"author\":{\"@id\":\"https:\/\/soledaddurazo.com\/#\/schema\/person\/822d8e13aa288585e6546f179853758b\"},\"headline\":\"El pasmo de la humanidad.\",\"datePublished\":\"2020-11-30T05:46:49+00:00\",\"dateModified\":\"2020-11-30T05:46:49+00:00\",\"mainEntityOfPage\":{\"@id\":\"https:\/\/soledaddurazo.com\/blog\/2020\/11\/29\/el-pasmo-de-la-humanidad\/#webpage\"},\"wordCount\":938,\"commentCount\":0,\"publisher\":{\"@id\":\"https:\/\/soledaddurazo.com\/#organization\"},\"image\":{\"@id\":\"https:\/\/soledaddurazo.com\/blog\/2020\/11\/29\/el-pasmo-de-la-humanidad\/#primaryimage\"},\"thumbnailUrl\":\"https:\/\/soledaddurazo.com\/storage\/2020\/11\/FOTO-OCTAVIO-ALMADA.jpg\",\"articleSection\":[\"El Cobanaro\"],\"inLanguage\":\"es\",\"potentialAction\":[{\"@type\":\"CommentAction\",\"name\":\"Comment\",\"target\":[\"https:\/\/soledaddurazo.com\/blog\/2020\/11\/29\/el-pasmo-de-la-humanidad\/#respond\"]}]},{\"@type\":\"Person\",\"@id\":\"https:\/\/soledaddurazo.com\/#\/schema\/person\/822d8e13aa288585e6546f179853758b\",\"name\":\"Redacci\\u00f3n\",\"image\":{\"@type\":\"ImageObject\",\"@id\":\"https:\/\/soledaddurazo.com\/#personlogo\",\"inLanguage\":\"es\",\"url\":\"https:\/\/secure.gravatar.com\/avatar\/c4e193752f756fd61f04deebed3a3a20dc188d37edb53682d313ac57f2725d54?s=96&d=mm&r=g\",\"contentUrl\":\"https:\/\/secure.gravatar.com\/avatar\/c4e193752f756fd61f04deebed3a3a20dc188d37edb53682d313ac57f2725d54?s=96&d=mm&r=g\",\"caption\":\"Redacci\\u00f3n\"},\"sameAs\":[\"https:\/\/soledaddurazo.com\"]}]}<\/script>\n ","yoast_head_json":{"title":"El pasmo de la humanidad. - Periodista SoledadDurazo.com","robots":{"index":"index","follow":"follow","max-snippet":"max-snippet:-1","max-image-preview":"max-image-preview:large","max-video-preview":"max-video-preview:-1"},"canonical":"https:\/\/soledaddurazo.com\/blog\/2020\/11\/29\/el-pasmo-de-la-humanidad\/","og_locale":"es_MX","og_type":"article","og_title":"El pasmo de la humanidad.","og_description":"S\u00ed, continuamos con la infecci\u00f3n del virus y para estas alturas cada humano que est\u00e1 enterado de ello ha cursado varias crisis. Su presente est\u00e1 alterado, su futuro incierto y su pasado, m\u00e1s que nunca, es recordado con nostalgia. Viv\u00edamos, sin saberlo, una \u00e9poca que no supimos tasar en su valor. Y estamos en un [&hellip;]","og_url":"https:\/\/soledaddurazo.com\/blog\/2020\/11\/29\/el-pasmo-de-la-humanidad\/","og_site_name":"Periodista SoledadDurazo.com","article_publisher":"https:\/\/www.facebook.com\/soledad.durazo.9\/","article_published_time":"2020-11-30T05:46:49+00:00","og_image":[{"width":1000,"height":1000,"url":"https:\/\/soledaddurazo.com\/storage\/2020\/11\/FOTO-OCTAVIO-ALMADA.jpg","type":"image\/jpeg"}],"twitter_card":"summary_large_image","twitter_creator":"@SoledadDurazo","twitter_site":"@SoledadDurazo","twitter_misc":{"Escrito por":"Redacci\u00f3n","Tiempo de lectura":"5 minutos"},"schema":{"@context":"https:\/\/schema.org","@graph":[{"@type":"Organization","@id":"https:\/\/soledaddurazo.com\/#organization","name":"Soledad Durazo","url":"https:\/\/soledaddurazo.com\/","sameAs":["https:\/\/www.facebook.com\/soledad.durazo.9\/","https:\/\/www.instagram.com\/soledaddurazo","https:\/\/www.youtube.com\/channel\/UC9yGPw8-Vbl_B2XNkRwPS-w","https:\/\/twitter.com\/SoledadDurazo"],"logo":{"@type":"ImageObject","@id":"https:\/\/soledaddurazo.com\/#logo","inLanguage":"es","url":"https:\/\/soledaddurazo.com\/storage\/2021\/11\/nllp-720x375-1-2.png","contentUrl":"https:\/\/soledaddurazo.com\/storage\/2021\/11\/nllp-720x375-1-2.png","width":720,"height":375,"caption":"Soledad Durazo"},"image":{"@id":"https:\/\/soledaddurazo.com\/#logo"}},{"@type":"WebSite","@id":"https:\/\/soledaddurazo.com\/#website","url":"https:\/\/soledaddurazo.com\/","name":"Periodista SoledadDurazo.com","description":"Periodista sonorense. Directora de www.SoledadDurazo.com Columnista, conductora de radio y Tv. Catedr\u00e1tica en la UNISON","publisher":{"@id":"https:\/\/soledaddurazo.com\/#organization"},"potentialAction":[{"@type":"SearchAction","target":{"@type":"EntryPoint","urlTemplate":"https:\/\/soledaddurazo.com\/?s={search_term_string}"},"query-input":"required name=search_term_string"}],"inLanguage":"es"},{"@type":"ImageObject","@id":"https:\/\/soledaddurazo.com\/blog\/2020\/11\/29\/el-pasmo-de-la-humanidad\/#primaryimage","inLanguage":"es","url":"https:\/\/soledaddurazo.com\/storage\/2020\/11\/FOTO-OCTAVIO-ALMADA.jpg","contentUrl":"https:\/\/soledaddurazo.com\/storage\/2020\/11\/FOTO-OCTAVIO-ALMADA.jpg","width":1000,"height":1000},{"@type":"WebPage","@id":"https:\/\/soledaddurazo.com\/blog\/2020\/11\/29\/el-pasmo-de-la-humanidad\/#webpage","url":"https:\/\/soledaddurazo.com\/blog\/2020\/11\/29\/el-pasmo-de-la-humanidad\/","name":"El pasmo de la humanidad. - Periodista SoledadDurazo.com","isPartOf":{"@id":"https:\/\/soledaddurazo.com\/#website"},"primaryImageOfPage":{"@id":"https:\/\/soledaddurazo.com\/blog\/2020\/11\/29\/el-pasmo-de-la-humanidad\/#primaryimage"},"datePublished":"2020-11-30T05:46:49+00:00","dateModified":"2020-11-30T05:46:49+00:00","breadcrumb":{"@id":"https:\/\/soledaddurazo.com\/blog\/2020\/11\/29\/el-pasmo-de-la-humanidad\/#breadcrumb"},"inLanguage":"es","potentialAction":[{"@type":"ReadAction","target":["https:\/\/soledaddurazo.com\/blog\/2020\/11\/29\/el-pasmo-de-la-humanidad\/"]}]},{"@type":"BreadcrumbList","@id":"https:\/\/soledaddurazo.com\/blog\/2020\/11\/29\/el-pasmo-de-la-humanidad\/#breadcrumb","itemListElement":[{"@type":"ListItem","position":1,"name":"Home","item":"https:\/\/soledaddurazo.com\/"},{"@type":"ListItem","position":2,"name":"El pasmo de la humanidad."}]},{"@type":"Article","@id":"https:\/\/soledaddurazo.com\/blog\/2020\/11\/29\/el-pasmo-de-la-humanidad\/#article","isPartOf":{"@id":"https:\/\/soledaddurazo.com\/blog\/2020\/11\/29\/el-pasmo-de-la-humanidad\/#webpage"},"author":{"@id":"https:\/\/soledaddurazo.com\/#\/schema\/person\/822d8e13aa288585e6546f179853758b"},"headline":"El pasmo de la humanidad.","datePublished":"2020-11-30T05:46:49+00:00","dateModified":"2020-11-30T05:46:49+00:00","mainEntityOfPage":{"@id":"https:\/\/soledaddurazo.com\/blog\/2020\/11\/29\/el-pasmo-de-la-humanidad\/#webpage"},"wordCount":938,"commentCount":0,"publisher":{"@id":"https:\/\/soledaddurazo.com\/#organization"},"image":{"@id":"https:\/\/soledaddurazo.com\/blog\/2020\/11\/29\/el-pasmo-de-la-humanidad\/#primaryimage"},"thumbnailUrl":"https:\/\/soledaddurazo.com\/storage\/2020\/11\/FOTO-OCTAVIO-ALMADA.jpg","articleSection":["El Cobanaro"],"inLanguage":"es","potentialAction":[{"@type":"CommentAction","name":"Comment","target":["https:\/\/soledaddurazo.com\/blog\/2020\/11\/29\/el-pasmo-de-la-humanidad\/#respond"]}]},{"@type":"Person","@id":"https:\/\/soledaddurazo.com\/#\/schema\/person\/822d8e13aa288585e6546f179853758b","name":"Redacci\u00f3n","image":{"@type":"ImageObject","@id":"https:\/\/soledaddurazo.com\/#personlogo","inLanguage":"es","url":"https:\/\/secure.gravatar.com\/avatar\/c4e193752f756fd61f04deebed3a3a20dc188d37edb53682d313ac57f2725d54?s=96&d=mm&r=g","contentUrl":"https:\/\/secure.gravatar.com\/avatar\/c4e193752f756fd61f04deebed3a3a20dc188d37edb53682d313ac57f2725d54?s=96&d=mm&r=g","caption":"Redacci\u00f3n"},"sameAs":["https:\/\/soledaddurazo.com"]}]}},"_links":{"self":[{"href":"https:\/\/soledaddurazo.com\/api\/wp\/v2\/posts\/4498","targetHints":{"allow":["GET"]}}],"collection":[{"href":"https:\/\/soledaddurazo.com\/api\/wp\/v2\/posts"}],"about":[{"href":"https:\/\/soledaddurazo.com\/api\/wp\/v2\/types\/post"}],"author":[{"embeddable":true,"href":"https:\/\/soledaddurazo.com\/api\/wp\/v2\/users\/1"}],"replies":[{"embeddable":true,"href":"https:\/\/soledaddurazo.com\/api\/wp\/v2\/comments?post=4498"}],"version-history":[{"count":1,"href":"https:\/\/soledaddurazo.com\/api\/wp\/v2\/posts\/4498\/revisions"}],"predecessor-version":[{"id":4499,"href":"https:\/\/soledaddurazo.com\/api\/wp\/v2\/posts\/4498\/revisions\/4499"}],"wp:featuredmedia":[{"embeddable":true,"href":"https:\/\/soledaddurazo.com\/api\/wp\/v2\/media\/4297"}],"wp:attachment":[{"href":"https:\/\/soledaddurazo.com\/api\/wp\/v2\/media?parent=4498"}],"wp:term":[{"taxonomy":"category","embeddable":true,"href":"https:\/\/soledaddurazo.com\/api\/wp\/v2\/categories?post=4498"},{"taxonomy":"post_tag","embeddable":true,"href":"https:\/\/soledaddurazo.com\/api\/wp\/v2\/tags?post=4498"}],"curies":[{"name":"wp","href":"https:\/\/api.w.org\/{rel}","templated":true}]}}