{"id":4448,"date":"2020-11-26T16:11:12","date_gmt":"2020-11-26T23:11:12","guid":{"rendered":"https:\/\/soledaddurazo.com\/?p=4448"},"modified":"2020-11-26T16:11:12","modified_gmt":"2020-11-26T23:11:12","slug":"inaugura-secretario-de-economia-foro-minnovacion-2020","status":"publish","type":"post","link":"https:\/\/soledaddurazo.com\/blog\/2020\/11\/26\/inaugura-secretario-de-economia-foro-minnovacion-2020\/","title":{"rendered":"Inaugura Secretario de Econom\u00eda Foro Minnovaci\u00f3n 2020"},"content":{"rendered":"<p>Ante los retos que ha tra\u00eddo consigo la pandemia por el COVID-19, el sector minero sonorense ha respondido con una gran responsabilidad y compromiso para trabajar de la mano con el Gobierno del Estado para salir adelante en beneficio de la reactivaci\u00f3n econ\u00f3mica y desarrollo en la entidad, enfatiz\u00f3 Jorge Vidal Ahumada, al inaugurar el panel \u201cJalando juntos por Sonora\u201d, del Foro Minnovaci\u00f3n 2020, desarrollado por el Cl\u00faster Minero de Sonora.<\/p>\n<p>El secretario de Econom\u00eda se\u00f1al\u00f3 que este tipo de paneles son de gran importancia para mantener la comunicaci\u00f3n y coordinaci\u00f3n entre el sector minero y el Gobierno del Estado, para mantener el buen rumbo de la reactivaci\u00f3n econ\u00f3mica y seguir con las medidas sanitarias rigurosas como fue el compromiso hecho en el Pacto Para Que Siga Sonora, impulsado por la gobernadora Claudia Pavlovich Arellano.<\/p>\n<p>\u201cLa industria minera y la proveedur\u00eda se convirtieron en un brazo de apoyo, sin duda, durante el pacto que se firm\u00f3 hace algunos meses promovido e impulsado por la gobernadora Pavlovich y la verdad con mucha responsabilidad se atendieron en su momento las declaratorias de emergencia\u201d, afirm\u00f3.<\/p>\n<p>La reapertura de las empresas mineras ha sido de las m\u00e1s ordenadas, destac\u00f3 Vidal Ahumada, retornando en forma cauta y gradual, previo cumplimiento de los protocolos y medidas de sanidad para proteger la salud de sus trabajadores, de esta forma, el sector minero ha podido recuperar poco a poco el ritmo de sus actividades, que permite mantener el liderazgo a nivel nacional.<\/p>\n<p>Por su parte, Irma Potes, directora de Desarrollo Comunitario de Grupo M\u00e9xico, resalt\u00f3 el apoyo que han tenido por parte del Gobierno del Estado, para hacer frente de manera coordinada a la pandemia por el COVID-19, y as\u00ed reactivarse de manera ordenada con un plan de prevenci\u00f3n.<\/p>\n<p>\u201cEs por eso que de la mano del Gobierno del Estado de Sonora, principalmente, claro obviamente de los dem\u00e1s gobiernos en Chihuahua, San Luis Potos\u00ed, los m\u00e1s de 20 sitios donde tiene operaciones Grupo M\u00e9xico en miner\u00eda e infraestructura en el pa\u00eds, de la mano con ellos, pero tengo que decirlo, muy especialmente con el secretario de Salud, la gobernadora de Sonora y el secretario de Econom\u00eda, hicimos una mancuerna para poder prevenir el comportamiento en las casas y dentro de la comunidad\u201d, resalt\u00f3.<\/p>\n<p>Para la atenci\u00f3n de sus trabajadores y de las comunidades en general en Cananea y Nacozari de Garc\u00eda, se instalaron centros de atenci\u00f3n COVID, detall\u00f3 Irma Potes, se han realizado programas y acciones para beneficio del sector salud y sectores vulnerables, as\u00ed como asilos y lugares con personas discapacitadas, y a\u00f1adi\u00f3 que de los m\u00e1s de 9 millones de pesos dirigidos a nivel nacional para la pandemia, m\u00e1s de la mitad se han destinado a Sonora, invirtiendo en suministros, ventiladores, kits de protecci\u00f3n personal, de limpieza y lavamanos port\u00e1tiles, entre otros.<\/p>\n<p>Presentes: Gildardo Montenegro, Alberto Orozco, presidente del Cl\u00faster Minero de Sonora; Margarita Bejarano Celaya, directora general del Cl\u00faster Minero de Sonora; Arturo Arredondo, gerente de la Mina La Herradura, Minera Penmont; y presidente de la Comisi\u00f3n de Sustentabilidad, gerente administrativo de Mina La India.<\/p>\n","protected":false},"excerpt":{"rendered":"<p>Ante los retos que ha tra\u00eddo consigo la pandemia por el COVID-19, el sector minero sonorense ha respondido con una gran responsabilidad y compromiso para trabajar de la mano con el Gobierno del Estado para salir adelante en beneficio de la reactivaci\u00f3n econ\u00f3mica y desarrollo en la entidad, enfatiz\u00f3 Jorge Vidal Ahumada, al inaugurar el [&hellip;]<\/p>\n","protected":false},"author":1,"featured_media":4449,"comment_status":"open","ping_status":"open","sticky":false,"template":"","format":"standard","meta":{"footnotes":""},"categories":[159],"tags":[],"class_list":["post"],"yoast_head":" \n<title>Inaugura Secretario de Econom\u00eda Foro Minnovaci\u00f3n 2020 - Periodista SoledadDurazo.com<\/title>\n<meta name=\"robots\" content=\"index, follow, max-snippet:-1, max-image-preview:large, max-video-preview:-1\" \/>\n<link rel=\"canonical\" href=\"https:\/\/soledaddurazo.com\/blog\/2020\/11\/26\/inaugura-secretario-de-economia-foro-minnovacion-2020\/\" \/>\n<meta property=\"og:locale\" content=\"es_MX\" \/>\n<meta property=\"og:type\" content=\"article\" \/>\n<meta property=\"og:title\" content=\"Inaugura Secretario de Econom\u00eda Foro Minnovaci\u00f3n 2020\" \/>\n<meta property=\"og:description\" content=\"Ante los retos que ha tra\u00eddo consigo la pandemia por el COVID-19, el sector minero sonorense ha respondido con una gran responsabilidad y compromiso para trabajar de la mano con el Gobierno del Estado para salir adelante en beneficio de la reactivaci\u00f3n econ\u00f3mica y desarrollo en la entidad, enfatiz\u00f3 Jorge Vidal Ahumada, al inaugurar el [&hellip;]\" \/>\n<meta property=\"og:url\" content=\"https:\/\/soledaddurazo.com\/blog\/2020\/11\/26\/inaugura-secretario-de-economia-foro-minnovacion-2020\/\" \/>\n<meta property=\"og:site_name\" content=\"Periodista SoledadDurazo.com\" \/>\n<meta property=\"article:publisher\" content=\"https:\/\/www.facebook.com\/soledad.durazo.9\/\" \/>\n<meta property=\"article:published_time\" content=\"2020-11-26T23:11:12+00:00\" \/>\n<meta property=\"og:image\" content=\"https:\/\/soledaddurazo.com\/storage\/2020\/11\/1120182b.jpg\" \/>\n\t<meta property=\"og:image:width\" content=\"800\" \/>\n\t<meta property=\"og:image:height\" content=\"418\" \/>\n<meta name=\"twitter:card\" content=\"summary_large_image\" \/>\n<meta name=\"twitter:creator\" content=\"@SoledadDurazo\" \/>\n<meta name=\"twitter:site\" content=\"@SoledadDurazo\" \/>\n<meta name=\"twitter:label1\" content=\"Escrito por\" \/>\n\t<meta name=\"twitter:data1\" content=\"Redacci\u00f3n\" \/>\n\t<meta name=\"twitter:label2\" content=\"Tiempo de lectura\" \/>\n\t<meta name=\"twitter:data2\" content=\"3 minutos\" \/>\n<script type=\"application\/ld+json\" class=\"yoast-schema-graph\">{\"@context\":\"https:\/\/schema.org\",\"@graph\":[{\"@type\":\"Organization\",\"@id\":\"https:\/\/soledaddurazo.com\/#organization\",\"name\":\"Soledad Durazo\",\"url\":\"https:\/\/soledaddurazo.com\/\",\"sameAs\":[\"https:\/\/www.facebook.com\/soledad.durazo.9\/\",\"https:\/\/www.instagram.com\/soledaddurazo\",\"https:\/\/www.youtube.com\/channel\/UC9yGPw8-Vbl_B2XNkRwPS-w\",\"https:\/\/twitter.com\/SoledadDurazo\"],\"logo\":{\"@type\":\"ImageObject\",\"@id\":\"https:\/\/soledaddurazo.com\/#logo\",\"inLanguage\":\"es\",\"url\":\"https:\/\/soledaddurazo.com\/storage\/2021\/11\/nllp-720x375-1-2.png\",\"contentUrl\":\"https:\/\/soledaddurazo.com\/storage\/2021\/11\/nllp-720x375-1-2.png\",\"width\":720,\"height\":375,\"caption\":\"Soledad Durazo\"},\"image\":{\"@id\":\"https:\/\/soledaddurazo.com\/#logo\"}},{\"@type\":\"WebSite\",\"@id\":\"https:\/\/soledaddurazo.com\/#website\",\"url\":\"https:\/\/soledaddurazo.com\/\",\"name\":\"Periodista SoledadDurazo.com\",\"description\":\"Periodista sonorense. Directora de www.SoledadDurazo.com Columnista, conductora de radio y Tv. Catedr\\u00e1tica en la UNISON\",\"publisher\":{\"@id\":\"https:\/\/soledaddurazo.com\/#organization\"},\"potentialAction\":[{\"@type\":\"SearchAction\",\"target\":{\"@type\":\"EntryPoint\",\"urlTemplate\":\"https:\/\/soledaddurazo.com\/?s={search_term_string}\"},\"query-input\":\"required name=search_term_string\"}],\"inLanguage\":\"es\"},{\"@type\":\"ImageObject\",\"@id\":\"https:\/\/soledaddurazo.com\/blog\/2020\/11\/26\/inaugura-secretario-de-economia-foro-minnovacion-2020\/#primaryimage\",\"inLanguage\":\"es\",\"url\":\"https:\/\/soledaddurazo.com\/storage\/2020\/11\/1120182b.jpg\",\"contentUrl\":\"https:\/\/soledaddurazo.com\/storage\/2020\/11\/1120182b.jpg\",\"width\":800,\"height\":418},{\"@type\":\"WebPage\",\"@id\":\"https:\/\/soledaddurazo.com\/blog\/2020\/11\/26\/inaugura-secretario-de-economia-foro-minnovacion-2020\/#webpage\",\"url\":\"https:\/\/soledaddurazo.com\/blog\/2020\/11\/26\/inaugura-secretario-de-economia-foro-minnovacion-2020\/\",\"name\":\"Inaugura Secretario de Econom\\u00eda Foro Minnovaci\\u00f3n 2020 - Periodista SoledadDurazo.com\",\"isPartOf\":{\"@id\":\"https:\/\/soledaddurazo.com\/#website\"},\"primaryImageOfPage\":{\"@id\":\"https:\/\/soledaddurazo.com\/blog\/2020\/11\/26\/inaugura-secretario-de-economia-foro-minnovacion-2020\/#primaryimage\"},\"datePublished\":\"2020-11-26T23:11:12+00:00\",\"dateModified\":\"2020-11-26T23:11:12+00:00\",\"breadcrumb\":{\"@id\":\"https:\/\/soledaddurazo.com\/blog\/2020\/11\/26\/inaugura-secretario-de-economia-foro-minnovacion-2020\/#breadcrumb\"},\"inLanguage\":\"es\",\"potentialAction\":[{\"@type\":\"ReadAction\",\"target\":[\"https:\/\/soledaddurazo.com\/blog\/2020\/11\/26\/inaugura-secretario-de-economia-foro-minnovacion-2020\/\"]}]},{\"@type\":\"BreadcrumbList\",\"@id\":\"https:\/\/soledaddurazo.com\/blog\/2020\/11\/26\/inaugura-secretario-de-economia-foro-minnovacion-2020\/#breadcrumb\",\"itemListElement\":[{\"@type\":\"ListItem\",\"position\":1,\"name\":\"Home\",\"item\":\"https:\/\/soledaddurazo.com\/\"},{\"@type\":\"ListItem\",\"position\":2,\"name\":\"Inaugura Secretario de Econom\\u00eda Foro Minnovaci\\u00f3n 2020\"}]},{\"@type\":\"Article\",\"@id\":\"https:\/\/soledaddurazo.com\/blog\/2020\/11\/26\/inaugura-secretario-de-economia-foro-minnovacion-2020\/#article\",\"isPartOf\":{\"@id\":\"https:\/\/soledaddurazo.com\/blog\/2020\/11\/26\/inaugura-secretario-de-economia-foro-minnovacion-2020\/#webpage\"},\"author\":{\"@id\":\"https:\/\/soledaddurazo.com\/#\/schema\/person\/822d8e13aa288585e6546f179853758b\"},\"headline\":\"Inaugura Secretario de Econom\\u00eda Foro Minnovaci\\u00f3n 2020\",\"datePublished\":\"2020-11-26T23:11:12+00:00\",\"dateModified\":\"2020-11-26T23:11:12+00:00\",\"mainEntityOfPage\":{\"@id\":\"https:\/\/soledaddurazo.com\/blog\/2020\/11\/26\/inaugura-secretario-de-economia-foro-minnovacion-2020\/#webpage\"},\"wordCount\":547,\"commentCount\":0,\"publisher\":{\"@id\":\"https:\/\/soledaddurazo.com\/#organization\"},\"image\":{\"@id\":\"https:\/\/soledaddurazo.com\/blog\/2020\/11\/26\/inaugura-secretario-de-economia-foro-minnovacion-2020\/#primaryimage\"},\"thumbnailUrl\":\"https:\/\/soledaddurazo.com\/storage\/2020\/11\/1120182b.jpg\",\"articleSection\":[\"Mi Sonora\"],\"inLanguage\":\"es\",\"potentialAction\":[{\"@type\":\"CommentAction\",\"name\":\"Comment\",\"target\":[\"https:\/\/soledaddurazo.com\/blog\/2020\/11\/26\/inaugura-secretario-de-economia-foro-minnovacion-2020\/#respond\"]}]},{\"@type\":\"Person\",\"@id\":\"https:\/\/soledaddurazo.com\/#\/schema\/person\/822d8e13aa288585e6546f179853758b\",\"name\":\"Redacci\\u00f3n\",\"image\":{\"@type\":\"ImageObject\",\"@id\":\"https:\/\/soledaddurazo.com\/#personlogo\",\"inLanguage\":\"es\",\"url\":\"https:\/\/secure.gravatar.com\/avatar\/c4e193752f756fd61f04deebed3a3a20dc188d37edb53682d313ac57f2725d54?s=96&d=mm&r=g\",\"contentUrl\":\"https:\/\/secure.gravatar.com\/avatar\/c4e193752f756fd61f04deebed3a3a20dc188d37edb53682d313ac57f2725d54?s=96&d=mm&r=g\",\"caption\":\"Redacci\\u00f3n\"},\"sameAs\":[\"https:\/\/soledaddurazo.com\"]}]}<\/script>\n ","yoast_head_json":{"title":"Inaugura Secretario de Econom\u00eda Foro Minnovaci\u00f3n 2020 - Periodista SoledadDurazo.com","robots":{"index":"index","follow":"follow","max-snippet":"max-snippet:-1","max-image-preview":"max-image-preview:large","max-video-preview":"max-video-preview:-1"},"canonical":"https:\/\/soledaddurazo.com\/blog\/2020\/11\/26\/inaugura-secretario-de-economia-foro-minnovacion-2020\/","og_locale":"es_MX","og_type":"article","og_title":"Inaugura Secretario de Econom\u00eda Foro Minnovaci\u00f3n 2020","og_description":"Ante los retos que ha tra\u00eddo consigo la pandemia por el COVID-19, el sector minero sonorense ha respondido con una gran responsabilidad y compromiso para trabajar de la mano con el Gobierno del Estado para salir adelante en beneficio de la reactivaci\u00f3n econ\u00f3mica y desarrollo en la entidad, enfatiz\u00f3 Jorge Vidal Ahumada, al inaugurar el [&hellip;]","og_url":"https:\/\/soledaddurazo.com\/blog\/2020\/11\/26\/inaugura-secretario-de-economia-foro-minnovacion-2020\/","og_site_name":"Periodista SoledadDurazo.com","article_publisher":"https:\/\/www.facebook.com\/soledad.durazo.9\/","article_published_time":"2020-11-26T23:11:12+00:00","og_image":[{"width":800,"height":418,"url":"https:\/\/soledaddurazo.com\/storage\/2020\/11\/1120182b.jpg","type":"image\/jpeg"}],"twitter_card":"summary_large_image","twitter_creator":"@SoledadDurazo","twitter_site":"@SoledadDurazo","twitter_misc":{"Escrito por":"Redacci\u00f3n","Tiempo de lectura":"3 minutos"},"schema":{"@context":"https:\/\/schema.org","@graph":[{"@type":"Organization","@id":"https:\/\/soledaddurazo.com\/#organization","name":"Soledad Durazo","url":"https:\/\/soledaddurazo.com\/","sameAs":["https:\/\/www.facebook.com\/soledad.durazo.9\/","https:\/\/www.instagram.com\/soledaddurazo","https:\/\/www.youtube.com\/channel\/UC9yGPw8-Vbl_B2XNkRwPS-w","https:\/\/twitter.com\/SoledadDurazo"],"logo":{"@type":"ImageObject","@id":"https:\/\/soledaddurazo.com\/#logo","inLanguage":"es","url":"https:\/\/soledaddurazo.com\/storage\/2021\/11\/nllp-720x375-1-2.png","contentUrl":"https:\/\/soledaddurazo.com\/storage\/2021\/11\/nllp-720x375-1-2.png","width":720,"height":375,"caption":"Soledad Durazo"},"image":{"@id":"https:\/\/soledaddurazo.com\/#logo"}},{"@type":"WebSite","@id":"https:\/\/soledaddurazo.com\/#website","url":"https:\/\/soledaddurazo.com\/","name":"Periodista SoledadDurazo.com","description":"Periodista sonorense. Directora de www.SoledadDurazo.com Columnista, conductora de radio y Tv. Catedr\u00e1tica en la UNISON","publisher":{"@id":"https:\/\/soledaddurazo.com\/#organization"},"potentialAction":[{"@type":"SearchAction","target":{"@type":"EntryPoint","urlTemplate":"https:\/\/soledaddurazo.com\/?s={search_term_string}"},"query-input":"required name=search_term_string"}],"inLanguage":"es"},{"@type":"ImageObject","@id":"https:\/\/soledaddurazo.com\/blog\/2020\/11\/26\/inaugura-secretario-de-economia-foro-minnovacion-2020\/#primaryimage","inLanguage":"es","url":"https:\/\/soledaddurazo.com\/storage\/2020\/11\/1120182b.jpg","contentUrl":"https:\/\/soledaddurazo.com\/storage\/2020\/11\/1120182b.jpg","width":800,"height":418},{"@type":"WebPage","@id":"https:\/\/soledaddurazo.com\/blog\/2020\/11\/26\/inaugura-secretario-de-economia-foro-minnovacion-2020\/#webpage","url":"https:\/\/soledaddurazo.com\/blog\/2020\/11\/26\/inaugura-secretario-de-economia-foro-minnovacion-2020\/","name":"Inaugura Secretario de Econom\u00eda Foro Minnovaci\u00f3n 2020 - Periodista SoledadDurazo.com","isPartOf":{"@id":"https:\/\/soledaddurazo.com\/#website"},"primaryImageOfPage":{"@id":"https:\/\/soledaddurazo.com\/blog\/2020\/11\/26\/inaugura-secretario-de-economia-foro-minnovacion-2020\/#primaryimage"},"datePublished":"2020-11-26T23:11:12+00:00","dateModified":"2020-11-26T23:11:12+00:00","breadcrumb":{"@id":"https:\/\/soledaddurazo.com\/blog\/2020\/11\/26\/inaugura-secretario-de-economia-foro-minnovacion-2020\/#breadcrumb"},"inLanguage":"es","potentialAction":[{"@type":"ReadAction","target":["https:\/\/soledaddurazo.com\/blog\/2020\/11\/26\/inaugura-secretario-de-economia-foro-minnovacion-2020\/"]}]},{"@type":"BreadcrumbList","@id":"https:\/\/soledaddurazo.com\/blog\/2020\/11\/26\/inaugura-secretario-de-economia-foro-minnovacion-2020\/#breadcrumb","itemListElement":[{"@type":"ListItem","position":1,"name":"Home","item":"https:\/\/soledaddurazo.com\/"},{"@type":"ListItem","position":2,"name":"Inaugura Secretario de Econom\u00eda Foro Minnovaci\u00f3n 2020"}]},{"@type":"Article","@id":"https:\/\/soledaddurazo.com\/blog\/2020\/11\/26\/inaugura-secretario-de-economia-foro-minnovacion-2020\/#article","isPartOf":{"@id":"https:\/\/soledaddurazo.com\/blog\/2020\/11\/26\/inaugura-secretario-de-economia-foro-minnovacion-2020\/#webpage"},"author":{"@id":"https:\/\/soledaddurazo.com\/#\/schema\/person\/822d8e13aa288585e6546f179853758b"},"headline":"Inaugura Secretario de Econom\u00eda Foro Minnovaci\u00f3n 2020","datePublished":"2020-11-26T23:11:12+00:00","dateModified":"2020-11-26T23:11:12+00:00","mainEntityOfPage":{"@id":"https:\/\/soledaddurazo.com\/blog\/2020\/11\/26\/inaugura-secretario-de-economia-foro-minnovacion-2020\/#webpage"},"wordCount":547,"commentCount":0,"publisher":{"@id":"https:\/\/soledaddurazo.com\/#organization"},"image":{"@id":"https:\/\/soledaddurazo.com\/blog\/2020\/11\/26\/inaugura-secretario-de-economia-foro-minnovacion-2020\/#primaryimage"},"thumbnailUrl":"https:\/\/soledaddurazo.com\/storage\/2020\/11\/1120182b.jpg","articleSection":["Mi Sonora"],"inLanguage":"es","potentialAction":[{"@type":"CommentAction","name":"Comment","target":["https:\/\/soledaddurazo.com\/blog\/2020\/11\/26\/inaugura-secretario-de-economia-foro-minnovacion-2020\/#respond"]}]},{"@type":"Person","@id":"https:\/\/soledaddurazo.com\/#\/schema\/person\/822d8e13aa288585e6546f179853758b","name":"Redacci\u00f3n","image":{"@type":"ImageObject","@id":"https:\/\/soledaddurazo.com\/#personlogo","inLanguage":"es","url":"https:\/\/secure.gravatar.com\/avatar\/c4e193752f756fd61f04deebed3a3a20dc188d37edb53682d313ac57f2725d54?s=96&d=mm&r=g","contentUrl":"https:\/\/secure.gravatar.com\/avatar\/c4e193752f756fd61f04deebed3a3a20dc188d37edb53682d313ac57f2725d54?s=96&d=mm&r=g","caption":"Redacci\u00f3n"},"sameAs":["https:\/\/soledaddurazo.com"]}]}},"_links":{"self":[{"href":"https:\/\/soledaddurazo.com\/api\/wp\/v2\/posts\/4448","targetHints":{"allow":["GET"]}}],"collection":[{"href":"https:\/\/soledaddurazo.com\/api\/wp\/v2\/posts"}],"about":[{"href":"https:\/\/soledaddurazo.com\/api\/wp\/v2\/types\/post"}],"author":[{"embeddable":true,"href":"https:\/\/soledaddurazo.com\/api\/wp\/v2\/users\/1"}],"replies":[{"embeddable":true,"href":"https:\/\/soledaddurazo.com\/api\/wp\/v2\/comments?post=4448"}],"version-history":[{"count":1,"href":"https:\/\/soledaddurazo.com\/api\/wp\/v2\/posts\/4448\/revisions"}],"predecessor-version":[{"id":4450,"href":"https:\/\/soledaddurazo.com\/api\/wp\/v2\/posts\/4448\/revisions\/4450"}],"wp:featuredmedia":[{"embeddable":true,"href":"https:\/\/soledaddurazo.com\/api\/wp\/v2\/media\/4449"}],"wp:attachment":[{"href":"https:\/\/soledaddurazo.com\/api\/wp\/v2\/media?parent=4448"}],"wp:term":[{"taxonomy":"category","embeddable":true,"href":"https:\/\/soledaddurazo.com\/api\/wp\/v2\/categories?post=4448"},{"taxonomy":"post_tag","embeddable":true,"href":"https:\/\/soledaddurazo.com\/api\/wp\/v2\/tags?post=4448"}],"curies":[{"name":"wp","href":"https:\/\/api.w.org\/{rel}","templated":true}]}}